{"id":3706,"date":"2021-09-15T20:45:42","date_gmt":"2021-09-15T19:45:42","guid":{"rendered":"https:\/\/www.altimara.eu\/blog\/?p=3706"},"modified":"2021-09-15T20:45:42","modified_gmt":"2021-09-15T19:45:42","slug":"chaufferettes-cevenoles","status":"publish","type":"post","link":"https:\/\/www.altimara.eu\/blog\/2021\/09\/15\/chaufferettes-cevenoles\/","title":{"rendered":"Chaufferettes c\u00e9venoles"},"content":{"rendered":"\n<p>Lors de la visite du nouveau et tout beau mus\u00e9e des arts et traditions c\u00e9venoles \u00e0 St Jean du Gard, j&rsquo;ai pu admirer une vitrine bien remplie de chaufferettes. Elles servaient \u00e0 r\u00e9chauffer les pieds que l&rsquo;on pos\u00e9 sur le r\u00e9servoir de charbons incandescents. Sur l&rsquo;\u00e9tag\u00e8re du haut, une chaufferette en terre cuite, c&rsquo;est assez rare. Les soir\u00e9es devaient \u00eatre bien froides dans ces montagnes.<\/p>\n\n\n\n<div class=\"wp-block-image\"><figure class=\"aligncenter size-full is-resized\"><img data-recalc-dims=\"1\" loading=\"lazy\" decoding=\"async\" data-attachment-id=\"3707\" data-permalink=\"https:\/\/www.altimara.eu\/blog\/2021\/09\/15\/chaufferettes-cevenoles\/img_20210914_114605\/\" data-orig-file=\"https:\/\/i0.wp.com\/www.altimara.eu\/blog\/wp-content\/uploads\/2021\/09\/IMG_20210914_114605.jpg?fit=709%2C530&amp;ssl=1\" data-orig-size=\"709,530\" data-comments-opened=\"1\" data-image-meta=\"{&quot;aperture&quot;:&quot;1.79&quot;,&quot;credit&quot;:&quot;&quot;,&quot;camera&quot;:&quot;M2003J15SC&quot;,&quot;caption&quot;:&quot;&quot;,&quot;created_timestamp&quot;:&quot;1631619966&quot;,&quot;copyright&quot;:&quot;&quot;,&quot;focal_length&quot;:&quot;4.74&quot;,&quot;iso&quot;:&quot;365&quot;,&quot;shutter_speed&quot;:&quot;0.029997999995876&quot;,&quot;title&quot;:&quot;&quot;,&quot;orientation&quot;:&quot;1&quot;}\" data-image-title=\"IMG_20210914_114605\" data-image-description=\"\" data-image-caption=\"\" data-large-file=\"https:\/\/i0.wp.com\/www.altimara.eu\/blog\/wp-content\/uploads\/2021\/09\/IMG_20210914_114605.jpg?fit=627%2C469&amp;ssl=1\" src=\"https:\/\/i0.wp.com\/www.altimara.eu\/blog\/wp-content\/uploads\/2021\/09\/IMG_20210914_114605.jpg?resize=627%2C469&#038;ssl=1\" alt=\"\" class=\"wp-image-3707\" width=\"627\" height=\"469\" srcset=\"https:\/\/i0.wp.com\/www.altimara.eu\/blog\/wp-content\/uploads\/2021\/09\/IMG_20210914_114605.jpg?w=709&amp;ssl=1 709w, https:\/\/i0.wp.com\/www.altimara.eu\/blog\/wp-content\/uploads\/2021\/09\/IMG_20210914_114605.jpg?resize=300%2C224&amp;ssl=1 300w\" sizes=\"auto, (max-width: 627px) 100vw, 627px\" \/><\/figure><\/div>\n\n\n\n<p>Mus\u00e9e La Maison Rouge : <a rel=\"noreferrer noopener\" href=\"https:\/\/www.maisonrouge-musee.fr\/\" target=\"_blank\">https:\/\/www.maisonrouge-musee.fr\/<\/a><\/p>\n","protected":false},"excerpt":{"rendered":"<p>Lors de la visite du nouveau et tout beau mus\u00e9e des arts et traditions c\u00e9venoles \u00e0 St Jean du Gard, j&rsquo;ai pu admirer une vitrine bien remplie de chaufferettes. Elles servaient \u00e0 r\u00e9chauffer les pieds que l&rsquo;on pos\u00e9 sur le r\u00e9servoir de charbons incandescents. Sur l&rsquo;\u00e9tag\u00e8re du haut, une chaufferette en terre cuite, c&rsquo;est assez [&hellip;]<\/p>\n","protected":false},"author":3,"featured_media":0,"comment_status":"open","ping_status":"open","sticky":false,"template":"","format":"standard","meta":{"ngg_post_thumbnail":0,"jetpack_post_was_ever_published":false,"_jetpack_newsletter_access":"","_jetpack_dont_email_post_to_subs":false,"_jetpack_newsletter_tier_id":0,"_jetpack_memberships_contains_paywalled_content":false,"_jetpack_memberships_contains_paid_content":false,"footnotes":"","jetpack_publicize_message":"","jetpack_publicize_feature_enabled":true,"jetpack_social_post_already_shared":true,"jetpack_social_options":{"image_generator_settings":{"template":"highway","default_image_id":0,"font":"","enabled":false},"version":2}},"categories":[6],"tags":[34,192],"class_list":["post-3706","post","type-post","status-publish","format-standard","hentry","category-charbon-de-bois-carbon-art","tag-charbon-de-bois-carbon-art","tag-chaufferette"],"jetpack_publicize_connections":[],"jetpack_featured_media_url":"","jetpack_shortlink":"https:\/\/wp.me\/p4r91c-XM","jetpack_sharing_enabled":true,"jetpack-related-posts":[{"id":2193,"url":"https:\/\/www.altimara.eu\/blog\/2017\/01\/26\/minot-a-charbon\/","url_meta":{"origin":3706,"position":0},"title":"Minot \u00e0 charbon","author":"Martiou","date":"26 janvier 2017","format":false,"excerpt":"Ah le Mus\u00e9e des arts et m\u00e9tiers de Paris est un des lieux \u00e0 ne surtout pas rater dans la capitale. \u00c7a fait pas tr\u00e8s branch\u00e9 et c'est pourtant formidable. Qui n'a pas vu \"Eole\", l'avion chauve souris de Cl\u00e9ment Ader, se doit d'aller admirer cette machine extravagante. Ce mus\u00e9e\u2026","rel":"","context":"Dans &quot;Autre&quot;","block_context":{"text":"Autre","link":"https:\/\/www.altimara.eu\/blog\/category\/autre\/"},"img":{"alt_text":"","src":"https:\/\/i0.wp.com\/www.altimara.eu\/blog\/wp-content\/uploads\/2017\/01\/IMG_20170120_160149284_HDR-copie.jpg?resize=350%2C200","width":350,"height":200,"srcset":"https:\/\/i0.wp.com\/www.altimara.eu\/blog\/wp-content\/uploads\/2017\/01\/IMG_20170120_160149284_HDR-copie.jpg?resize=350%2C200 1x, https:\/\/i0.wp.com\/www.altimara.eu\/blog\/wp-content\/uploads\/2017\/01\/IMG_20170120_160149284_HDR-copie.jpg?resize=525%2C300 1.5x"},"classes":[]},{"id":3939,"url":"https:\/\/www.altimara.eu\/blog\/2022\/09\/28\/bibracte\/","url_meta":{"origin":3706,"position":1},"title":"Bibracte","author":"Martiou","date":"28 septembre 2022","format":false,"excerpt":"L'oppidum de Bibracte, village perch\u00e9 de l'\u00e9poque gauloise, est aujourd'hui le plus vaste chantier de fouille de France et peut-\u00eatre d'Europe. 200 hectares, dans lesquels se r\u00e9partit une ancienne ville, avec diff\u00e9rents quartiers. Les fouilles prospectent dans plusieurs emplacements. Le reste de la colline est recouvert essentiellement d'une grande for\u00eat\u2026","rel":"","context":"Dans &quot;Charbon de bois&quot;","block_context":{"text":"Charbon de bois","link":"https:\/\/www.altimara.eu\/blog\/category\/charbon-de-bois-carbon-art\/"},"img":{"alt_text":"","src":"https:\/\/i0.wp.com\/www.altimara.eu\/blog\/wp-content\/uploads\/2022\/08\/IMG_20220801_122343-copie.jpg?resize=350%2C200&ssl=1","width":350,"height":200},"classes":[]},{"id":2605,"url":"https:\/\/www.altimara.eu\/blog\/2018\/01\/14\/voyons-voir-chez-les-grecs\/","url_meta":{"origin":3706,"position":2},"title":"Voyons voir chez les Grecs","author":"Martiou","date":"14 janvier 2018","format":false,"excerpt":"Nous sommes all\u00e9s voir l'exposition \"Rituel grecs\" au mus\u00e9e St Raymond de Toulouse. Bien sur le charbon de bois est pr\u00e9sent. Un Thymiaterion Apulien du IVe Si\u00e8cle avant notre \u00e8re, c'est \u00e0 dire un br\u00fble-encens. Dans divers rituels cet objet \u00e9tait utilis\u00e9 pour br\u00fbler des r\u00e9sines. Dans la coupelle du\u2026","rel":"","context":"Dans &quot;\u00e9v\u00e9nementiel&quot;","block_context":{"text":"\u00e9v\u00e9nementiel","link":"https:\/\/www.altimara.eu\/blog\/category\/evenementiel\/"},"img":{"alt_text":"","src":"https:\/\/i0.wp.com\/www.altimara.eu\/blog\/wp-content\/uploads\/2018\/01\/Capture-d%E2%80%99e%CC%81cran-2018-01-14-a%CC%80-21.03.44-300x152.jpg?resize=350%2C200","width":350,"height":200},"classes":[]},{"id":1390,"url":"https:\/\/www.altimara.eu\/blog\/2015\/07\/01\/bois-dislande-10\/","url_meta":{"origin":3706,"position":3},"title":"Charbon de bois Islande","author":"Martiou","date":"1 juillet 2015","format":false,"excerpt":"Dans la ferme mus\u00e9e de Glamb\u00e6r, une forge est pr\u00e9sent\u00e9e avec du charbon de bois. La cuisson a l'air locale comme l'indique les deux bouts de bois sur le cot\u00e9. Le charbon est l\u00e9ger. L'Islande fournissant peu de mati\u00e8re v\u00e9g\u00e9tale \u00e0 carboniser (cf post 2013), le charbon a \u00e9t\u00e9 supplant\u00e9\u2026","rel":"","context":"Dans &quot;3 Charbon de bois Islande&quot;","block_context":{"text":"3 Charbon de bois Islande","link":"https:\/\/www.altimara.eu\/blog\/category\/charbon-de-bois-islande\/"},"img":{"alt_text":"_MAR7225","src":"https:\/\/i0.wp.com\/www.altimara.eu\/blog\/wp-content\/uploads\/2015\/07\/MAR7225.jpg?resize=350%2C200","width":350,"height":200,"srcset":"https:\/\/i0.wp.com\/www.altimara.eu\/blog\/wp-content\/uploads\/2015\/07\/MAR7225.jpg?resize=350%2C200 1x, https:\/\/i0.wp.com\/www.altimara.eu\/blog\/wp-content\/uploads\/2015\/07\/MAR7225.jpg?resize=525%2C300 1.5x, https:\/\/i0.wp.com\/www.altimara.eu\/blog\/wp-content\/uploads\/2015\/07\/MAR7225.jpg?resize=700%2C400 2x"},"classes":[]},{"id":2747,"url":"https:\/\/www.altimara.eu\/blog\/2018\/04\/16\/fusain-au-musee\/","url_meta":{"origin":3706,"position":4},"title":"Fusain au mus\u00e9e","author":"Martiou","date":"16 avril 2018","format":false,"excerpt":"Marseille et son extraordinaire mus\u00e9e du MUCEM. Une \u0153uvre qui abrite des \u0153uvres diverses au gr\u00e9 des expositions qui y passent. L'exposition \"Voyages imaginaires : Picasso et les ballets russes\" est visible dans le fort St Jean attenant au MUCEM. Cette \u00e9pop\u00e9e th\u00e9\u00e2trale de Picasso est associ\u00e9e \u00e0 d'autres artistes\u2026","rel":"","context":"Dans &quot;Carbon-art&quot;","block_context":{"text":"Carbon-art","link":"https:\/\/www.altimara.eu\/blog\/category\/carbon-art\/"},"img":{"alt_text":"","src":"https:\/\/i0.wp.com\/www.altimara.eu\/blog\/wp-content\/uploads\/2018\/04\/IMG_20180411_153132190-300x287.jpg?resize=350%2C200","width":350,"height":200},"classes":[]},{"id":2521,"url":"https:\/\/www.altimara.eu\/blog\/2017\/11\/17\/fusain-art\/","url_meta":{"origin":3706,"position":5},"title":"Fusain art","author":"Martiou","date":"17 novembre 2017","format":false,"excerpt":"Visite de la tr\u00e8s belle cit\u00e9 d'Albi, dans le Tarn, avec sa merveilleuse cath\u00e9drale. Nous avons \"rencontr\u00e9\" le grand peintre de la ville, Toulouse-Lautrec, dans le mus\u00e9e qui lui est d\u00e9di\u00e9. Un certain nombre de ses \u0153uvres sont r\u00e9alis\u00e9es au fusain. Le fusain, charbon de bois utilis\u00e9 depuis la pr\u00e9histoire\u2026","rel":"","context":"Dans &quot;Autre&quot;","block_context":{"text":"Autre","link":"https:\/\/www.altimara.eu\/blog\/category\/autre\/"},"img":{"alt_text":"","src":"https:\/\/i0.wp.com\/www.altimara.eu\/blog\/wp-content\/uploads\/2017\/11\/IMG_20171113_150435442-169x300.jpg?resize=350%2C200","width":350,"height":200},"classes":[]}],"_links":{"self":[{"href":"https:\/\/www.altimara.eu\/blog\/wp-json\/wp\/v2\/posts\/3706","targetHints":{"allow":["GET"]}}],"collection":[{"href":"https:\/\/www.altimara.eu\/blog\/wp-json\/wp\/v2\/posts"}],"about":[{"href":"https:\/\/www.altimara.eu\/blog\/wp-json\/wp\/v2\/types\/post"}],"author":[{"embeddable":true,"href":"https:\/\/www.altimara.eu\/blog\/wp-json\/wp\/v2\/users\/3"}],"replies":[{"embeddable":true,"href":"https:\/\/www.altimara.eu\/blog\/wp-json\/wp\/v2\/comments?post=3706"}],"version-history":[{"count":0,"href":"https:\/\/www.altimara.eu\/blog\/wp-json\/wp\/v2\/posts\/3706\/revisions"}],"wp:attachment":[{"href":"https:\/\/www.altimara.eu\/blog\/wp-json\/wp\/v2\/media?parent=3706"}],"wp:term":[{"taxonomy":"category","embeddable":true,"href":"https:\/\/www.altimara.eu\/blog\/wp-json\/wp\/v2\/categories?post=3706"},{"taxonomy":"post_tag","embeddable":true,"href":"https:\/\/www.altimara.eu\/blog\/wp-json\/wp\/v2\/tags?post=3706"}],"curies":[{"name":"wp","href":"https:\/\/api.w.org\/{rel}","templated":true}]}}