{"id":3676,"date":"2021-07-19T14:27:20","date_gmt":"2021-07-19T13:27:20","guid":{"rendered":"https:\/\/www.altimara.eu\/blog\/?p=3676"},"modified":"2021-07-19T14:27:20","modified_gmt":"2021-07-19T13:27:20","slug":"ceci-nest-pas-du-charbon","status":"publish","type":"post","link":"https:\/\/www.altimara.eu\/blog\/2021\/07\/19\/ceci-nest-pas-du-charbon\/","title":{"rendered":"Ceci n&rsquo;est pas du charbon !"},"content":{"rendered":"\n<div class=\"wp-block-image\"><figure class=\"aligncenter size-large is-resized\"><img data-recalc-dims=\"1\" loading=\"lazy\" decoding=\"async\" data-attachment-id=\"3677\" data-permalink=\"https:\/\/www.altimara.eu\/blog\/2021\/07\/19\/ceci-nest-pas-du-charbon\/mar7321\/\" data-orig-file=\"https:\/\/i0.wp.com\/www.altimara.eu\/blog\/wp-content\/uploads\/2021\/07\/MAR7321-scaled.jpg?fit=2560%2C1709&amp;ssl=1\" data-orig-size=\"2560,1709\" data-comments-opened=\"1\" data-image-meta=\"{&quot;aperture&quot;:&quot;11&quot;,&quot;credit&quot;:&quot;Martial Acquarone&quot;,&quot;camera&quot;:&quot;NIKON D800&quot;,&quot;caption&quot;:&quot;&quot;,&quot;created_timestamp&quot;:&quot;1620876989&quot;,&quot;copyright&quot;:&quot;CC BY-SA 4.0&quot;,&quot;focal_length&quot;:&quot;70&quot;,&quot;iso&quot;:&quot;500&quot;,&quot;shutter_speed&quot;:&quot;0.00625&quot;,&quot;title&quot;:&quot;&quot;,&quot;orientation&quot;:&quot;0&quot;}\" data-image-title=\"MAR7321\" data-image-description=\"\" data-image-caption=\"\" data-large-file=\"https:\/\/i0.wp.com\/www.altimara.eu\/blog\/wp-content\/uploads\/2021\/07\/MAR7321-scaled.jpg?fit=627%2C419&amp;ssl=1\" src=\"https:\/\/i0.wp.com\/www.altimara.eu\/blog\/wp-content\/uploads\/2021\/07\/MAR7321.jpg?resize=627%2C419&#038;ssl=1\" alt=\"\" class=\"wp-image-3677\" width=\"627\" height=\"419\" srcset=\"https:\/\/i0.wp.com\/www.altimara.eu\/blog\/wp-content\/uploads\/2021\/07\/MAR7321-scaled.jpg?resize=1024%2C684&amp;ssl=1 1024w, https:\/\/i0.wp.com\/www.altimara.eu\/blog\/wp-content\/uploads\/2021\/07\/MAR7321-scaled.jpg?resize=300%2C200&amp;ssl=1 300w, https:\/\/i0.wp.com\/www.altimara.eu\/blog\/wp-content\/uploads\/2021\/07\/MAR7321-scaled.jpg?resize=768%2C513&amp;ssl=1 768w, https:\/\/i0.wp.com\/www.altimara.eu\/blog\/wp-content\/uploads\/2021\/07\/MAR7321-scaled.jpg?resize=1536%2C1025&amp;ssl=1 1536w, https:\/\/i0.wp.com\/www.altimara.eu\/blog\/wp-content\/uploads\/2021\/07\/MAR7321-scaled.jpg?resize=2048%2C1367&amp;ssl=1 2048w, https:\/\/i0.wp.com\/www.altimara.eu\/blog\/wp-content\/uploads\/2021\/07\/MAR7321-scaled.jpg?w=1254&amp;ssl=1 1254w, https:\/\/i0.wp.com\/www.altimara.eu\/blog\/wp-content\/uploads\/2021\/07\/MAR7321-scaled.jpg?w=1881&amp;ssl=1 1881w\" sizes=\"auto, (max-width: 627px) 100vw, 627px\" \/><\/figure><\/div>\n\n\n\n<div class=\"wp-block-image\"><figure class=\"aligncenter size-large is-resized\"><img data-recalc-dims=\"1\" loading=\"lazy\" decoding=\"async\" data-attachment-id=\"3678\" data-permalink=\"https:\/\/www.altimara.eu\/blog\/2021\/07\/19\/ceci-nest-pas-du-charbon\/mar7349\/\" data-orig-file=\"https:\/\/i0.wp.com\/www.altimara.eu\/blog\/wp-content\/uploads\/2021\/07\/MAR7349-scaled.jpg?fit=2560%2C1709&amp;ssl=1\" data-orig-size=\"2560,1709\" data-comments-opened=\"1\" data-image-meta=\"{&quot;aperture&quot;:&quot;14&quot;,&quot;credit&quot;:&quot;Martial Acquarone&quot;,&quot;camera&quot;:&quot;NIKON D800&quot;,&quot;caption&quot;:&quot;&quot;,&quot;created_timestamp&quot;:&quot;1620876989&quot;,&quot;copyright&quot;:&quot;CC BY-SA 4.0&quot;,&quot;focal_length&quot;:&quot;70&quot;,&quot;iso&quot;:&quot;500&quot;,&quot;shutter_speed&quot;:&quot;0.003125&quot;,&quot;title&quot;:&quot;&quot;,&quot;orientation&quot;:&quot;0&quot;}\" data-image-title=\"MAR7349\" data-image-description=\"\" data-image-caption=\"\" data-large-file=\"https:\/\/i0.wp.com\/www.altimara.eu\/blog\/wp-content\/uploads\/2021\/07\/MAR7349-scaled.jpg?fit=627%2C419&amp;ssl=1\" src=\"https:\/\/i0.wp.com\/www.altimara.eu\/blog\/wp-content\/uploads\/2021\/07\/MAR7349.jpg?resize=627%2C419&#038;ssl=1\" alt=\"\" class=\"wp-image-3678\" width=\"627\" height=\"419\" srcset=\"https:\/\/i0.wp.com\/www.altimara.eu\/blog\/wp-content\/uploads\/2021\/07\/MAR7349-scaled.jpg?resize=1024%2C684&amp;ssl=1 1024w, https:\/\/i0.wp.com\/www.altimara.eu\/blog\/wp-content\/uploads\/2021\/07\/MAR7349-scaled.jpg?resize=300%2C200&amp;ssl=1 300w, https:\/\/i0.wp.com\/www.altimara.eu\/blog\/wp-content\/uploads\/2021\/07\/MAR7349-scaled.jpg?resize=768%2C513&amp;ssl=1 768w, https:\/\/i0.wp.com\/www.altimara.eu\/blog\/wp-content\/uploads\/2021\/07\/MAR7349-scaled.jpg?resize=1536%2C1025&amp;ssl=1 1536w, https:\/\/i0.wp.com\/www.altimara.eu\/blog\/wp-content\/uploads\/2021\/07\/MAR7349-scaled.jpg?resize=2048%2C1367&amp;ssl=1 2048w, https:\/\/i0.wp.com\/www.altimara.eu\/blog\/wp-content\/uploads\/2021\/07\/MAR7349-scaled.jpg?w=1254&amp;ssl=1 1254w, https:\/\/i0.wp.com\/www.altimara.eu\/blog\/wp-content\/uploads\/2021\/07\/MAR7349-scaled.jpg?w=1881&amp;ssl=1 1881w\" sizes=\"auto, (max-width: 627px) 100vw, 627px\" \/><\/figure><\/div>\n\n\n\n<div class=\"wp-block-image\"><figure class=\"aligncenter size-large is-resized\"><img data-recalc-dims=\"1\" loading=\"lazy\" decoding=\"async\" data-attachment-id=\"3679\" data-permalink=\"https:\/\/www.altimara.eu\/blog\/2021\/07\/19\/ceci-nest-pas-du-charbon\/mar7380\/\" data-orig-file=\"https:\/\/i0.wp.com\/www.altimara.eu\/blog\/wp-content\/uploads\/2021\/07\/MAR7380-scaled.jpg?fit=2560%2C1709&amp;ssl=1\" data-orig-size=\"2560,1709\" data-comments-opened=\"1\" data-image-meta=\"{&quot;aperture&quot;:&quot;14&quot;,&quot;credit&quot;:&quot;Martial Acquarone&quot;,&quot;camera&quot;:&quot;NIKON D800&quot;,&quot;caption&quot;:&quot;&quot;,&quot;created_timestamp&quot;:&quot;1620876989&quot;,&quot;copyright&quot;:&quot;CC BY-SA 4.0&quot;,&quot;focal_length&quot;:&quot;70&quot;,&quot;iso&quot;:&quot;500&quot;,&quot;shutter_speed&quot;:&quot;0.008&quot;,&quot;title&quot;:&quot;&quot;,&quot;orientation&quot;:&quot;0&quot;}\" data-image-title=\"MAR7380\" data-image-description=\"\" data-image-caption=\"\" data-large-file=\"https:\/\/i0.wp.com\/www.altimara.eu\/blog\/wp-content\/uploads\/2021\/07\/MAR7380-scaled.jpg?fit=627%2C419&amp;ssl=1\" src=\"https:\/\/i0.wp.com\/www.altimara.eu\/blog\/wp-content\/uploads\/2021\/07\/MAR7380.jpg?resize=627%2C419&#038;ssl=1\" alt=\"\" class=\"wp-image-3679\" width=\"627\" height=\"419\" srcset=\"https:\/\/i0.wp.com\/www.altimara.eu\/blog\/wp-content\/uploads\/2021\/07\/MAR7380-scaled.jpg?resize=1024%2C684&amp;ssl=1 1024w, https:\/\/i0.wp.com\/www.altimara.eu\/blog\/wp-content\/uploads\/2021\/07\/MAR7380-scaled.jpg?resize=300%2C200&amp;ssl=1 300w, https:\/\/i0.wp.com\/www.altimara.eu\/blog\/wp-content\/uploads\/2021\/07\/MAR7380-scaled.jpg?resize=768%2C513&amp;ssl=1 768w, https:\/\/i0.wp.com\/www.altimara.eu\/blog\/wp-content\/uploads\/2021\/07\/MAR7380-scaled.jpg?resize=1536%2C1025&amp;ssl=1 1536w, https:\/\/i0.wp.com\/www.altimara.eu\/blog\/wp-content\/uploads\/2021\/07\/MAR7380-scaled.jpg?resize=2048%2C1367&amp;ssl=1 2048w, https:\/\/i0.wp.com\/www.altimara.eu\/blog\/wp-content\/uploads\/2021\/07\/MAR7380-scaled.jpg?w=1254&amp;ssl=1 1254w, https:\/\/i0.wp.com\/www.altimara.eu\/blog\/wp-content\/uploads\/2021\/07\/MAR7380-scaled.jpg?w=1881&amp;ssl=1 1881w\" sizes=\"auto, (max-width: 627px) 100vw, 627px\" \/><\/figure><\/div>\n\n\n\n<div class=\"wp-block-image\"><figure class=\"aligncenter size-large is-resized\"><img data-recalc-dims=\"1\" loading=\"lazy\" decoding=\"async\" data-attachment-id=\"3680\" data-permalink=\"https:\/\/www.altimara.eu\/blog\/2021\/07\/19\/ceci-nest-pas-du-charbon\/mar7445\/\" data-orig-file=\"https:\/\/i0.wp.com\/www.altimara.eu\/blog\/wp-content\/uploads\/2021\/07\/MAR7445-scaled.jpg?fit=2560%2C1709&amp;ssl=1\" data-orig-size=\"2560,1709\" data-comments-opened=\"1\" data-image-meta=\"{&quot;aperture&quot;:&quot;16&quot;,&quot;credit&quot;:&quot;Martial Acquarone&quot;,&quot;camera&quot;:&quot;NIKON D800&quot;,&quot;caption&quot;:&quot;&quot;,&quot;created_timestamp&quot;:&quot;1620876989&quot;,&quot;copyright&quot;:&quot;CC BY-SA 4.0&quot;,&quot;focal_length&quot;:&quot;70&quot;,&quot;iso&quot;:&quot;500&quot;,&quot;shutter_speed&quot;:&quot;0.003125&quot;,&quot;title&quot;:&quot;&quot;,&quot;orientation&quot;:&quot;0&quot;}\" data-image-title=\"MAR7445\" data-image-description=\"\" data-image-caption=\"\" data-large-file=\"https:\/\/i0.wp.com\/www.altimara.eu\/blog\/wp-content\/uploads\/2021\/07\/MAR7445-scaled.jpg?fit=627%2C419&amp;ssl=1\" src=\"https:\/\/i0.wp.com\/www.altimara.eu\/blog\/wp-content\/uploads\/2021\/07\/MAR7445.jpg?resize=627%2C419&#038;ssl=1\" alt=\"\" class=\"wp-image-3680\" width=\"627\" height=\"419\" srcset=\"https:\/\/i0.wp.com\/www.altimara.eu\/blog\/wp-content\/uploads\/2021\/07\/MAR7445-scaled.jpg?resize=1024%2C684&amp;ssl=1 1024w, https:\/\/i0.wp.com\/www.altimara.eu\/blog\/wp-content\/uploads\/2021\/07\/MAR7445-scaled.jpg?resize=300%2C200&amp;ssl=1 300w, https:\/\/i0.wp.com\/www.altimara.eu\/blog\/wp-content\/uploads\/2021\/07\/MAR7445-scaled.jpg?resize=768%2C513&amp;ssl=1 768w, https:\/\/i0.wp.com\/www.altimara.eu\/blog\/wp-content\/uploads\/2021\/07\/MAR7445-scaled.jpg?resize=1536%2C1025&amp;ssl=1 1536w, https:\/\/i0.wp.com\/www.altimara.eu\/blog\/wp-content\/uploads\/2021\/07\/MAR7445-scaled.jpg?resize=2048%2C1367&amp;ssl=1 2048w, https:\/\/i0.wp.com\/www.altimara.eu\/blog\/wp-content\/uploads\/2021\/07\/MAR7445-scaled.jpg?w=1254&amp;ssl=1 1254w, https:\/\/i0.wp.com\/www.altimara.eu\/blog\/wp-content\/uploads\/2021\/07\/MAR7445-scaled.jpg?w=1881&amp;ssl=1 1881w\" sizes=\"auto, (max-width: 627px) 100vw, 627px\" \/><\/figure><\/div>\n\n\n\n<p>C&rsquo;est bien noir, \u00e7a fume, \u00e7a tinte&#8230;volcan Fagradalsfjall, Islande.<\/p>\n","protected":false},"excerpt":{"rendered":"<p>C&rsquo;est bien noir, \u00e7a fume, \u00e7a tinte&#8230;volcan Fagradalsfjall, Islande.<\/p>\n","protected":false},"author":3,"featured_media":0,"comment_status":"open","ping_status":"open","sticky":false,"template":"","format":"standard","meta":{"ngg_post_thumbnail":0,"jetpack_post_was_ever_published":false,"_jetpack_newsletter_access":"","_jetpack_dont_email_post_to_subs":false,"_jetpack_newsletter_tier_id":0,"_jetpack_memberships_contains_paywalled_content":false,"_jetpack_memberships_contains_paid_content":false,"footnotes":"","jetpack_publicize_message":"","jetpack_publicize_feature_enabled":true,"jetpack_social_post_already_shared":true,"jetpack_social_options":{"image_generator_settings":{"template":"highway","default_image_id":0,"font":"","enabled":false},"version":2}},"categories":[5,1],"tags":[188,189,190],"class_list":["post-3676","post","type-post","status-publish","format-standard","hentry","category-autre","category-non-classe","tag-fagradalsfjall","tag-geldingadalur","tag-meradalir"],"jetpack_publicize_connections":[],"jetpack_featured_media_url":"","jetpack_shortlink":"https:\/\/wp.me\/p4r91c-Xi","jetpack_sharing_enabled":true,"jetpack-related-posts":[{"id":4039,"url":"https:\/\/www.altimara.eu\/blog\/2023\/06\/30\/ca-fume-et-cest-noir\/","url_meta":{"origin":3676,"position":0},"title":"\u00c7a fume et c&rsquo;est noir","author":"Martiou","date":"30 juin 2023","format":false,"excerpt":"Retour au volcan islandais Fagradalsfjall. Les \u00e9tendues de lave exhalent encore de nombreux panaches de fum\u00e9e. La sensation charbonni\u00e8re est puissante. Le paysage est toujours de toute beaut\u00e9 !","rel":"","context":"Dans &quot;Autre&quot;","block_context":{"text":"Autre","link":"https:\/\/www.altimara.eu\/blog\/category\/autre\/"},"img":{"alt_text":"","src":"https:\/\/i0.wp.com\/www.altimara.eu\/blog\/wp-content\/uploads\/2023\/06\/MA5_1277.jpg?resize=350%2C200&ssl=1","width":350,"height":200,"srcset":"https:\/\/i0.wp.com\/www.altimara.eu\/blog\/wp-content\/uploads\/2023\/06\/MA5_1277.jpg?resize=350%2C200&ssl=1 1x, https:\/\/i0.wp.com\/www.altimara.eu\/blog\/wp-content\/uploads\/2023\/06\/MA5_1277.jpg?resize=525%2C300&ssl=1 1.5x, https:\/\/i0.wp.com\/www.altimara.eu\/blog\/wp-content\/uploads\/2023\/06\/MA5_1277.jpg?resize=700%2C400&ssl=1 2x, https:\/\/i0.wp.com\/www.altimara.eu\/blog\/wp-content\/uploads\/2023\/06\/MA5_1277.jpg?resize=1050%2C600&ssl=1 3x, https:\/\/i0.wp.com\/www.altimara.eu\/blog\/wp-content\/uploads\/2023\/06\/MA5_1277.jpg?resize=1400%2C800&ssl=1 4x"},"classes":[]},{"id":2174,"url":"https:\/\/www.altimara.eu\/blog\/2017\/01\/05\/charbon-de-noel\/","url_meta":{"origin":3676,"position":1},"title":"Charbon de No\u00ebl","author":"Martiou","date":"5 janvier 2017","format":false,"excerpt":"Le P\u00e8re No\u00ebl a apport\u00e9 un petit objet assez particulier. Venu du Japon, ce pays o\u00f9 la tradition est fondamentale, o\u00f9 le travail du charbon de bois est toujours important et o\u00f9 la carbonisation est pouss\u00e9e aux extr\u00eames. Les charbonniers de la r\u00e9gion de Kishu, zone montagneuse pas tr\u00e8s loin\u2026","rel":"","context":"Dans &quot;Charbon de bois&quot;","block_context":{"text":"Charbon de bois","link":"https:\/\/www.altimara.eu\/blog\/category\/charbon-de-bois-carbon-art\/"},"img":{"alt_text":"","src":"https:\/\/i0.wp.com\/www.altimara.eu\/blog\/wp-content\/uploads\/2017\/01\/IMG_20170105_082211858_HDR-169x300.jpg?resize=350%2C200","width":350,"height":200},"classes":[]},{"id":1295,"url":"https:\/\/www.altimara.eu\/blog\/2015\/03\/26\/saga-charbon\/","url_meta":{"origin":3676,"position":2},"title":"Saga Charbon","author":"Martiou","date":"26 mars 2015","format":false,"excerpt":"Mes activit\u00e9s de charbonnier ne se r\u00e9sume pas qu'\u00e0 \"faire du charbon de bois\". J'ai la chance aussi de pouvoir en parler \u00e0 un auditoire, d'exposer des photos ou de participer \u00e0 des r\u00e9alisations de m\u00e9dias. C'est avec la section patrimoine du foyer rural Les Quintillades que j'ai d\u00e9couvert puis\u2026","rel":"","context":"Dans &quot;Autre&quot;","block_context":{"text":"Autre","link":"https:\/\/www.altimara.eu\/blog\/category\/autre\/"},"img":{"alt_text":"Pages de expow","src":"https:\/\/i0.wp.com\/www.altimara.eu\/blog\/wp-content\/uploads\/2015\/03\/Pages-de-expow.jpg?resize=350%2C200","width":350,"height":200,"srcset":"https:\/\/i0.wp.com\/www.altimara.eu\/blog\/wp-content\/uploads\/2015\/03\/Pages-de-expow.jpg?resize=350%2C200 1x, https:\/\/i0.wp.com\/www.altimara.eu\/blog\/wp-content\/uploads\/2015\/03\/Pages-de-expow.jpg?resize=525%2C300 1.5x, https:\/\/i0.wp.com\/www.altimara.eu\/blog\/wp-content\/uploads\/2015\/03\/Pages-de-expow.jpg?resize=700%2C400 2x"},"classes":[]},{"id":2995,"url":"https:\/\/www.altimara.eu\/blog\/2019\/03\/25\/le-divin-nectar-charbonne\/","url_meta":{"origin":3676,"position":3},"title":"Le divin nectar charbonn\u00e9","author":"Martiou","date":"25 mars 2019","format":false,"excerpt":"Bonne surprise et un chouette cadeau d'anniversaire que j'ai eu le plaisir d'avoir et de d\u00e9guster, un vin du sud au doux nom de \"Charbonni\u00e8re\". La volont\u00e9 des producteurs a \u00e9t\u00e9 de d\u00e9nommer ce vin du nom de la parcelle d'o\u00f9 il est issu. C'est donc un ancien emplacement d'une\u2026","rel":"","context":"Dans &quot;Autre&quot;","block_context":{"text":"Autre","link":"https:\/\/www.altimara.eu\/blog\/category\/autre\/"},"img":{"alt_text":"","src":"https:\/\/i0.wp.com\/www.altimara.eu\/blog\/wp-content\/uploads\/2019\/03\/IMG_20190312_162317403.jpg?resize=350%2C200&ssl=1","width":350,"height":200},"classes":[]},{"id":1895,"url":"https:\/\/www.altimara.eu\/blog\/2016\/06\/13\/meteorite-charbonneuse-dorgueil\/","url_meta":{"origin":3676,"position":4},"title":"M\u00e9t\u00e9orite charbonneuse d&rsquo;Orgueil","author":"Martiou","date":"13 juin 2016","format":false,"excerpt":"En visitant l'exposition des \"Savanturiers\" actuellement pr\u00e9sent\u00e9e au mus\u00e9e d'histoires naturelles de Toulouse, j'ai vu un objet insolite en relation avec le charbon. En fait c'est un simple bocal dans lequel il y a une sorte de poussi\u00e8re noire. L'\u00e9tiquette indique: \"m\u00e9t\u00e9orite charbonneuse Orgueil\". Le 14 mai 1864, une m\u00e9t\u00e9orite\u2026","rel":"","context":"Dans &quot;Autre&quot;","block_context":{"text":"Autre","link":"https:\/\/www.altimara.eu\/blog\/category\/autre\/"},"img":{"alt_text":"me\u0301te\u0301orite charb","src":"https:\/\/i0.wp.com\/www.altimara.eu\/blog\/wp-content\/uploads\/2016\/06\/me%CC%81te%CC%81orite-charb.jpg?resize=350%2C200","width":350,"height":200},"classes":[]},{"id":1966,"url":"https:\/\/www.altimara.eu\/blog\/2016\/08\/15\/sel-noir-dislande\/","url_meta":{"origin":3676,"position":5},"title":"Sel noir d&rsquo;Islande","author":"Martiou","date":"15 ao\u00fbt 2016","format":false,"excerpt":"Le sel noir fait recette en Islande. Le sel islandais est issu de l'oc\u00e9an Atlantique, par traitement g\u00e9othermique, c'est \u00e0 dire par \u00e9vaporation forc\u00e9e de l'eau de mer au contact de la chaleur de l'eau chaude naturelle. Le sel noir est inspir\u00e9 du fameux sel d'Hawa\u00ef. Un sel m\u00e9lang\u00e9 de\u2026","rel":"","context":"Dans &quot;Autre&quot;","block_context":{"text":"Autre","link":"https:\/\/www.altimara.eu\/blog\/category\/autre\/"},"img":{"alt_text":"IMG_20160705_101429104_HDR-2","src":"https:\/\/i0.wp.com\/www.altimara.eu\/blog\/wp-content\/uploads\/2016\/08\/IMG_20160705_101429104_HDR-2-261x300.jpg?resize=350%2C200","width":350,"height":200},"classes":[]}],"_links":{"self":[{"href":"https:\/\/www.altimara.eu\/blog\/wp-json\/wp\/v2\/posts\/3676","targetHints":{"allow":["GET"]}}],"collection":[{"href":"https:\/\/www.altimara.eu\/blog\/wp-json\/wp\/v2\/posts"}],"about":[{"href":"https:\/\/www.altimara.eu\/blog\/wp-json\/wp\/v2\/types\/post"}],"author":[{"embeddable":true,"href":"https:\/\/www.altimara.eu\/blog\/wp-json\/wp\/v2\/users\/3"}],"replies":[{"embeddable":true,"href":"https:\/\/www.altimara.eu\/blog\/wp-json\/wp\/v2\/comments?post=3676"}],"version-history":[{"count":0,"href":"https:\/\/www.altimara.eu\/blog\/wp-json\/wp\/v2\/posts\/3676\/revisions"}],"wp:attachment":[{"href":"https:\/\/www.altimara.eu\/blog\/wp-json\/wp\/v2\/media?parent=3676"}],"wp:term":[{"taxonomy":"category","embeddable":true,"href":"https:\/\/www.altimara.eu\/blog\/wp-json\/wp\/v2\/categories?post=3676"},{"taxonomy":"post_tag","embeddable":true,"href":"https:\/\/www.altimara.eu\/blog\/wp-json\/wp\/v2\/tags?post=3676"}],"curies":[{"name":"wp","href":"https:\/\/api.w.org\/{rel}","templated":true}]}}