{"id":3652,"date":"2021-05-31T19:06:06","date_gmt":"2021-05-31T18:06:06","guid":{"rendered":"https:\/\/www.altimara.eu\/blog\/?p=3652"},"modified":"2021-06-08T21:06:10","modified_gmt":"2021-06-08T20:06:10","slug":"kjarval-et-les-fusains","status":"publish","type":"post","link":"https:\/\/www.altimara.eu\/blog\/2021\/05\/31\/kjarval-et-les-fusains\/","title":{"rendered":"Kjarval et les fusains"},"content":{"rendered":"\n<p>Dans la grande agence de la banque Landsbankin du centre historique, il y a une exposition des \u0153uvres de Kjarval.<\/p>\n\n\n\n<p>J\u00f3hannes Sveinsson Kjarval est certainement le premier peintre islandais ayant connu une reconnaissance internationale.<a rel=\"noreferrer noopener\" href=\"https:\/\/www.wikiart.org\/fr\/johannes-sveinsson-kjarval\" target=\"_blank\"> https:\/\/www.wikiart.org\/fr\/johannes-sveinsson-kjarval<\/a><\/p>\n\n\n\n<p>Parmi toutes ses \u0153uvres expos\u00e9es, j&rsquo;en ai bien sur rep\u00e9r\u00e9 deux qui sont ex\u00e9cut\u00e9es au fusain, kol. Savoir si le peintre a utilis\u00e9 un charbon carbonis\u00e9 localement, du boulot, du sorbier ou du bois flott\u00e9 ???<\/p>\n\n\n\n<p>Ses dessins s&rsquo;inspirent des paysages islandais, notamment ici de la plaine du parlement, lieu historique \u00e0 la fois g\u00e9ologiquement et surtout humain puisque le pays a vu le jour entre ces basaltes. \u00deingvellir, la chambre a ciel ouvert des repr\u00e9sentants de la nouvelle nation.<\/p>\n\n\n\n<div class=\"wp-block-image\"><figure class=\"aligncenter size-large\"><img data-recalc-dims=\"1\" loading=\"lazy\" decoding=\"async\" width=\"627\" height=\"361\" data-attachment-id=\"3653\" data-permalink=\"https:\/\/www.altimara.eu\/blog\/2021\/05\/31\/kjarval-et-les-fusains\/kjarval-1-fusain\/\" data-orig-file=\"https:\/\/i0.wp.com\/www.altimara.eu\/blog\/wp-content\/uploads\/2021\/05\/kjarval-1-fusain.png?fit=709%2C408&amp;ssl=1\" data-orig-size=\"709,408\" data-comments-opened=\"1\" data-image-meta=\"{&quot;aperture&quot;:&quot;0&quot;,&quot;credit&quot;:&quot;&quot;,&quot;camera&quot;:&quot;&quot;,&quot;caption&quot;:&quot;&quot;,&quot;created_timestamp&quot;:&quot;0&quot;,&quot;copyright&quot;:&quot;&quot;,&quot;focal_length&quot;:&quot;0&quot;,&quot;iso&quot;:&quot;0&quot;,&quot;shutter_speed&quot;:&quot;0&quot;,&quot;title&quot;:&quot;&quot;,&quot;orientation&quot;:&quot;0&quot;}\" data-image-title=\"kjarval-1-fusain\" data-image-description=\"\" data-image-caption=\"\" data-large-file=\"https:\/\/i0.wp.com\/www.altimara.eu\/blog\/wp-content\/uploads\/2021\/05\/kjarval-1-fusain.png?fit=627%2C361&amp;ssl=1\" src=\"https:\/\/i0.wp.com\/www.altimara.eu\/blog\/wp-content\/uploads\/2021\/05\/kjarval-1-fusain.png?resize=627%2C361&#038;ssl=1\" alt=\"\" class=\"wp-image-3653\" srcset=\"https:\/\/i0.wp.com\/www.altimara.eu\/blog\/wp-content\/uploads\/2021\/05\/kjarval-1-fusain.png?w=709&amp;ssl=1 709w, https:\/\/i0.wp.com\/www.altimara.eu\/blog\/wp-content\/uploads\/2021\/05\/kjarval-1-fusain.png?resize=300%2C173&amp;ssl=1 300w\" sizes=\"auto, (max-width: 627px) 100vw, 627px\" \/><\/figure><\/div>\n\n\n\n<div class=\"wp-block-image\"><figure class=\"aligncenter size-large\"><img data-recalc-dims=\"1\" loading=\"lazy\" decoding=\"async\" width=\"627\" height=\"367\" data-attachment-id=\"3654\" data-permalink=\"https:\/\/www.altimara.eu\/blog\/2021\/05\/31\/kjarval-et-les-fusains\/kjarval-2\/\" data-orig-file=\"https:\/\/i0.wp.com\/www.altimara.eu\/blog\/wp-content\/uploads\/2021\/05\/kjarval-2.png?fit=709%2C415&amp;ssl=1\" data-orig-size=\"709,415\" data-comments-opened=\"1\" data-image-meta=\"{&quot;aperture&quot;:&quot;0&quot;,&quot;credit&quot;:&quot;&quot;,&quot;camera&quot;:&quot;&quot;,&quot;caption&quot;:&quot;&quot;,&quot;created_timestamp&quot;:&quot;0&quot;,&quot;copyright&quot;:&quot;&quot;,&quot;focal_length&quot;:&quot;0&quot;,&quot;iso&quot;:&quot;0&quot;,&quot;shutter_speed&quot;:&quot;0&quot;,&quot;title&quot;:&quot;&quot;,&quot;orientation&quot;:&quot;0&quot;}\" data-image-title=\"kjarval-2\" data-image-description=\"\" data-image-caption=\"\" data-large-file=\"https:\/\/i0.wp.com\/www.altimara.eu\/blog\/wp-content\/uploads\/2021\/05\/kjarval-2.png?fit=627%2C367&amp;ssl=1\" src=\"https:\/\/i0.wp.com\/www.altimara.eu\/blog\/wp-content\/uploads\/2021\/05\/kjarval-2.png?resize=627%2C367&#038;ssl=1\" alt=\"\" class=\"wp-image-3654\" srcset=\"https:\/\/i0.wp.com\/www.altimara.eu\/blog\/wp-content\/uploads\/2021\/05\/kjarval-2.png?w=709&amp;ssl=1 709w, https:\/\/i0.wp.com\/www.altimara.eu\/blog\/wp-content\/uploads\/2021\/05\/kjarval-2.png?resize=300%2C176&amp;ssl=1 300w\" sizes=\"auto, (max-width: 627px) 100vw, 627px\" \/><\/figure><\/div>\n","protected":false},"excerpt":{"rendered":"<p>Dans la grande agence de la banque Landsbankin du centre historique, il y a une exposition des \u0153uvres de Kjarval. J\u00f3hannes Sveinsson Kjarval est certainement le premier peintre islandais ayant connu une reconnaissance internationale. https:\/\/www.wikiart.org\/fr\/johannes-sveinsson-kjarval Parmi toutes ses \u0153uvres expos\u00e9es, j&rsquo;en ai bien sur rep\u00e9r\u00e9 deux qui sont ex\u00e9cut\u00e9es au fusain, kol. Savoir si le [&hellip;]<\/p>\n","protected":false},"author":3,"featured_media":0,"comment_status":"open","ping_status":"open","sticky":false,"template":"","format":"standard","meta":{"ngg_post_thumbnail":0,"jetpack_post_was_ever_published":false,"_jetpack_newsletter_access":"","_jetpack_dont_email_post_to_subs":false,"_jetpack_newsletter_tier_id":0,"_jetpack_memberships_contains_paywalled_content":false,"_jetpack_memberships_contains_paid_content":false,"footnotes":"","jetpack_publicize_message":"","jetpack_publicize_feature_enabled":true,"jetpack_social_post_already_shared":true,"jetpack_social_options":{"image_generator_settings":{"template":"highway","default_image_id":0,"font":"","enabled":false},"version":2}},"categories":[30,37],"tags":[],"class_list":["post-3652","post","type-post","status-publish","format-standard","hentry","category-carbon-art","category-evenementiel"],"jetpack_publicize_connections":[],"jetpack_featured_media_url":"","jetpack_shortlink":"https:\/\/wp.me\/p4r91c-WU","jetpack_sharing_enabled":true,"jetpack-related-posts":[{"id":2521,"url":"https:\/\/www.altimara.eu\/blog\/2017\/11\/17\/fusain-art\/","url_meta":{"origin":3652,"position":0},"title":"Fusain art","author":"Martiou","date":"17 novembre 2017","format":false,"excerpt":"Visite de la tr\u00e8s belle cit\u00e9 d'Albi, dans le Tarn, avec sa merveilleuse cath\u00e9drale. Nous avons \"rencontr\u00e9\" le grand peintre de la ville, Toulouse-Lautrec, dans le mus\u00e9e qui lui est d\u00e9di\u00e9. Un certain nombre de ses \u0153uvres sont r\u00e9alis\u00e9es au fusain. Le fusain, charbon de bois utilis\u00e9 depuis la pr\u00e9histoire\u2026","rel":"","context":"Dans &quot;Autre&quot;","block_context":{"text":"Autre","link":"https:\/\/www.altimara.eu\/blog\/category\/autre\/"},"img":{"alt_text":"","src":"https:\/\/i0.wp.com\/www.altimara.eu\/blog\/wp-content\/uploads\/2017\/11\/IMG_20171113_150435442-169x300.jpg?resize=350%2C200","width":350,"height":200},"classes":[]},{"id":3800,"url":"https:\/\/www.altimara.eu\/blog\/2022\/01\/13\/noir-soulages\/","url_meta":{"origin":3652,"position":1},"title":"Noir Soulages","author":"Martiou","date":"13 janvier 2022","format":false,"excerpt":"L'artiste Pierre Soulages est connu pour ses \u0153uvres \u00e0 dominance noire. Il rejoint en \u00e7a les charbonniers, diables noirs, alchimistes de l'absence de couleurs. Rodez accueille son enfant peintre dans un magnifique mus\u00e9e aux fa\u00e7ades rouill\u00e9es. \u00c9videmment le fusain est \u00e0 l'honneur, nul vrai artiste ne peut pas l'employer. Trois\u2026","rel":"","context":"Dans &quot;Autre&quot;","block_context":{"text":"Autre","link":"https:\/\/www.altimara.eu\/blog\/category\/autre\/"},"img":{"alt_text":"","src":"https:\/\/i0.wp.com\/www.altimara.eu\/blog\/wp-content\/uploads\/2022\/01\/IMG_20211111_160847.jpg?resize=350%2C200&ssl=1","width":350,"height":200,"srcset":"https:\/\/i0.wp.com\/www.altimara.eu\/blog\/wp-content\/uploads\/2022\/01\/IMG_20211111_160847.jpg?resize=350%2C200&ssl=1 1x, https:\/\/i0.wp.com\/www.altimara.eu\/blog\/wp-content\/uploads\/2022\/01\/IMG_20211111_160847.jpg?resize=525%2C300&ssl=1 1.5x, https:\/\/i0.wp.com\/www.altimara.eu\/blog\/wp-content\/uploads\/2022\/01\/IMG_20211111_160847.jpg?resize=700%2C400&ssl=1 2x, https:\/\/i0.wp.com\/www.altimara.eu\/blog\/wp-content\/uploads\/2022\/01\/IMG_20211111_160847.jpg?resize=1050%2C600&ssl=1 3x"},"classes":[]},{"id":3412,"url":"https:\/\/www.altimara.eu\/blog\/2020\/08\/18\/balade-islandaise\/","url_meta":{"origin":3652,"position":2},"title":"Balade islandaise","author":"Martiou","date":"18 ao\u00fbt 2020","format":false,"excerpt":"Deux semaines en terres lointaine dans ma ch\u00e8re Islande. Lors d'une rencontre tr\u00e8s passionnante avec Mar\u00eda \u00d3skarsd\u00f3ttir (https:\/\/ile-denfer.eu\/balade-2020\/) qui est historienne des p\u00eacheurs fran\u00e7ais \u00e0 Islande, j'ai vu dans son int\u00e9ressant mus\u00e9e un dessin au fusain. Du charbon de bois \u00e0 Patreksfjo\u0308r\u00f0ur, un fjord du bout du Monde.","rel":"","context":"Dans &quot;Bois d'Islande, bois flott\u00e9, bois plant\u00e9&quot;","block_context":{"text":"Bois d'Islande, bois flott\u00e9, bois plant\u00e9","link":"https:\/\/www.altimara.eu\/blog\/category\/charbon-de-bois-islande\/bois-dislande-bois-flotte-bois-plante\/"},"img":{"alt_text":"","src":"https:\/\/i0.wp.com\/www.altimara.eu\/blog\/wp-content\/uploads\/2020\/08\/dessin-patreksfjordur.png?resize=350%2C200&ssl=1","width":350,"height":200},"classes":[]},{"id":2747,"url":"https:\/\/www.altimara.eu\/blog\/2018\/04\/16\/fusain-au-musee\/","url_meta":{"origin":3652,"position":3},"title":"Fusain au mus\u00e9e","author":"Martiou","date":"16 avril 2018","format":false,"excerpt":"Marseille et son extraordinaire mus\u00e9e du MUCEM. Une \u0153uvre qui abrite des \u0153uvres diverses au gr\u00e9 des expositions qui y passent. L'exposition \"Voyages imaginaires : Picasso et les ballets russes\" est visible dans le fort St Jean attenant au MUCEM. Cette \u00e9pop\u00e9e th\u00e9\u00e2trale de Picasso est associ\u00e9e \u00e0 d'autres artistes\u2026","rel":"","context":"Dans &quot;Carbon-art&quot;","block_context":{"text":"Carbon-art","link":"https:\/\/www.altimara.eu\/blog\/category\/carbon-art\/"},"img":{"alt_text":"","src":"https:\/\/i0.wp.com\/www.altimara.eu\/blog\/wp-content\/uploads\/2018\/04\/IMG_20180411_153132190-300x287.jpg?resize=350%2C200","width":350,"height":200},"classes":[]},{"id":3248,"url":"https:\/\/www.altimara.eu\/blog\/2019\/12\/20\/leonard-de-carbonari\/","url_meta":{"origin":3652,"position":4},"title":"L\u00e9onard de Carbonari","author":"Martiou","date":"20 d\u00e9cembre 2019","format":false,"excerpt":"Visite \u00e0 l'exceptionnelle exposition des \u0153uvres de L\u00e9onard de Vinci au Louvre. L'immense L\u00e9onard a dessin\u00e9 ses fameux croquis de machines dans un style patte de mouche et m\u00eame que ses \u00e9crit sont \u00e0 l'envers en miroir. Entre le magnifique tableau parfaitement restaur\u00e9 La Vierge, l'Enfant J\u00e9sus et sainte Anne,\u2026","rel":"","context":"Dans &quot;Non class\u00e9&quot;","block_context":{"text":"Non class\u00e9","link":"https:\/\/www.altimara.eu\/blog\/category\/non-classe\/"},"img":{"alt_text":"","src":"https:\/\/i0.wp.com\/www.altimara.eu\/blog\/wp-content\/uploads\/2019\/12\/IMG_20191119_162943548.jpg?resize=350%2C200&ssl=1","width":350,"height":200,"srcset":"https:\/\/i0.wp.com\/www.altimara.eu\/blog\/wp-content\/uploads\/2019\/12\/IMG_20191119_162943548.jpg?resize=350%2C200&ssl=1 1x, https:\/\/i0.wp.com\/www.altimara.eu\/blog\/wp-content\/uploads\/2019\/12\/IMG_20191119_162943548.jpg?resize=525%2C300&ssl=1 1.5x"},"classes":[]},{"id":1540,"url":"https:\/\/www.altimara.eu\/blog\/2015\/12\/01\/la-grotte-au-fusain-chauvet\/","url_meta":{"origin":3652,"position":5},"title":"La grotte au fusain: Chauvet","author":"Martiou","date":"1 d\u00e9cembre 2015","format":false,"excerpt":"Les gorges de l'Ard\u00e8che sont farouches, tortueuses et profondes. La rivi\u00e8re a creus\u00e9 un magnifique canyon dans les masses calcaires. L'eau a dissout dans des parties plus intimes de nombreuses grottes.\u00a0 Si ces gorges sont tr\u00e8s connues et sur fr\u00e9quent\u00e9es avec comme point d'orgue l'arche du Pont d'Arc, un \u00e9l\u00e9ment\u2026","rel":"","context":"Dans &quot;Carbon-art&quot;","block_context":{"text":"Carbon-art","link":"https:\/\/www.altimara.eu\/blog\/category\/carbon-art\/"},"img":{"alt_text":"_MAR8820","src":"https:\/\/i0.wp.com\/www.altimara.eu\/blog\/wp-content\/uploads\/2015\/12\/MAR8820-300x200.jpg?resize=350%2C200","width":350,"height":200},"classes":[]}],"_links":{"self":[{"href":"https:\/\/www.altimara.eu\/blog\/wp-json\/wp\/v2\/posts\/3652","targetHints":{"allow":["GET"]}}],"collection":[{"href":"https:\/\/www.altimara.eu\/blog\/wp-json\/wp\/v2\/posts"}],"about":[{"href":"https:\/\/www.altimara.eu\/blog\/wp-json\/wp\/v2\/types\/post"}],"author":[{"embeddable":true,"href":"https:\/\/www.altimara.eu\/blog\/wp-json\/wp\/v2\/users\/3"}],"replies":[{"embeddable":true,"href":"https:\/\/www.altimara.eu\/blog\/wp-json\/wp\/v2\/comments?post=3652"}],"version-history":[{"count":0,"href":"https:\/\/www.altimara.eu\/blog\/wp-json\/wp\/v2\/posts\/3652\/revisions"}],"wp:attachment":[{"href":"https:\/\/www.altimara.eu\/blog\/wp-json\/wp\/v2\/media?parent=3652"}],"wp:term":[{"taxonomy":"category","embeddable":true,"href":"https:\/\/www.altimara.eu\/blog\/wp-json\/wp\/v2\/categories?post=3652"},{"taxonomy":"post_tag","embeddable":true,"href":"https:\/\/www.altimara.eu\/blog\/wp-json\/wp\/v2\/tags?post=3652"}],"curies":[{"name":"wp","href":"https:\/\/api.w.org\/{rel}","templated":true}]}}