{"id":3639,"date":"2021-05-14T23:24:54","date_gmt":"2021-05-14T22:24:54","guid":{"rendered":"https:\/\/www.altimara.eu\/blog\/?p=3639"},"modified":"2021-05-17T16:03:06","modified_gmt":"2021-05-17T15:03:06","slug":"charbon-effusif","status":"publish","type":"post","link":"https:\/\/www.altimara.eu\/blog\/2021\/05\/14\/charbon-effusif\/","title":{"rendered":"Charbon effusif"},"content":{"rendered":"\n<p>Spectacle sur-r\u00e9aliste de l&rsquo;\u00e9ruption \u00e0 Fagradasfjall en Islande. Nous y sommes depuis trois jours avec une belle nuit en face du crat\u00e8re \u00e9ruptif. Ce d\u00e9cor charbonn\u00e9, noir comme un tas de charbon en vrac, est illumin\u00e9 p\u00e9riodiquement par le jaillissement de la lave en fontaines de plusieurs dizaines de m\u00e8tres de haut. L&rsquo;activit\u00e9 fissurale s&rsquo;est concentr\u00e9e sur une seule sortie. Fantastique !<\/p>\n\n\n\n<div class=\"wp-block-image\"><figure class=\"aligncenter size-large\"><img data-recalc-dims=\"1\" loading=\"lazy\" decoding=\"async\" width=\"627\" height=\"419\" data-attachment-id=\"3645\" data-permalink=\"https:\/\/www.altimara.eu\/blog\/2021\/05\/14\/charbon-effusif\/eruption-geldingadalur-2\/\" data-orig-file=\"https:\/\/i0.wp.com\/www.altimara.eu\/blog\/wp-content\/uploads\/2021\/05\/MAR5534-2-copie.jpg?fit=984%2C657&amp;ssl=1\" data-orig-size=\"984,657\" data-comments-opened=\"1\" data-image-meta=\"{&quot;aperture&quot;:&quot;13&quot;,&quot;credit&quot;:&quot;Martial Acquarone&quot;,&quot;camera&quot;:&quot;NIKON D800&quot;,&quot;caption&quot;:&quot;&quot;,&quot;created_timestamp&quot;:&quot;1620868529&quot;,&quot;copyright&quot;:&quot;CC Commun Licence&quot;,&quot;focal_length&quot;:&quot;230&quot;,&quot;iso&quot;:&quot;800&quot;,&quot;shutter_speed&quot;:&quot;0.0025&quot;,&quot;title&quot;:&quot;eruption Geldingadalur&quot;,&quot;orientation&quot;:&quot;1&quot;}\" data-image-title=\"eruption Geldingadalur\" data-image-description=\"\" data-image-caption=\"\" data-large-file=\"https:\/\/i0.wp.com\/www.altimara.eu\/blog\/wp-content\/uploads\/2021\/05\/MAR5534-2-copie.jpg?fit=627%2C419&amp;ssl=1\" src=\"https:\/\/i0.wp.com\/www.altimara.eu\/blog\/wp-content\/uploads\/2021\/05\/MAR5534-2-copie.jpg?resize=627%2C419&#038;ssl=1\" alt=\"\" class=\"wp-image-3645\" srcset=\"https:\/\/i0.wp.com\/www.altimara.eu\/blog\/wp-content\/uploads\/2021\/05\/MAR5534-2-copie.jpg?w=984&amp;ssl=1 984w, https:\/\/i0.wp.com\/www.altimara.eu\/blog\/wp-content\/uploads\/2021\/05\/MAR5534-2-copie.jpg?resize=300%2C200&amp;ssl=1 300w, https:\/\/i0.wp.com\/www.altimara.eu\/blog\/wp-content\/uploads\/2021\/05\/MAR5534-2-copie.jpg?resize=768%2C513&amp;ssl=1 768w\" sizes=\"auto, (max-width: 627px) 100vw, 627px\" \/><\/figure><\/div>\n\n\n\n<div class=\"wp-block-image\"><figure class=\"aligncenter size-large\"><img data-recalc-dims=\"1\" loading=\"lazy\" decoding=\"async\" width=\"627\" height=\"419\" data-attachment-id=\"3646\" data-permalink=\"https:\/\/www.altimara.eu\/blog\/2021\/05\/14\/charbon-effusif\/eruption-3\/\" data-orig-file=\"https:\/\/i0.wp.com\/www.altimara.eu\/blog\/wp-content\/uploads\/2021\/05\/MAR5613-2.jpg?fit=2400%2C1602&amp;ssl=1\" data-orig-size=\"2400,1602\" data-comments-opened=\"1\" data-image-meta=\"{&quot;aperture&quot;:&quot;6.3&quot;,&quot;credit&quot;:&quot;Martial Acquarone&quot;,&quot;camera&quot;:&quot;NIKON D800&quot;,&quot;caption&quot;:&quot;&quot;,&quot;created_timestamp&quot;:&quot;1620777600&quot;,&quot;copyright&quot;:&quot;M.Acquarone&quot;,&quot;focal_length&quot;:&quot;200&quot;,&quot;iso&quot;:&quot;400&quot;,&quot;shutter_speed&quot;:&quot;0.25&quot;,&quot;title&quot;:&quot;eruption&quot;,&quot;orientation&quot;:&quot;0&quot;}\" data-image-title=\"eruption\" data-image-description=\"\" data-image-caption=\"\" data-large-file=\"https:\/\/i0.wp.com\/www.altimara.eu\/blog\/wp-content\/uploads\/2021\/05\/MAR5613-2.jpg?fit=627%2C419&amp;ssl=1\" src=\"https:\/\/i0.wp.com\/www.altimara.eu\/blog\/wp-content\/uploads\/2021\/05\/MAR5613-2.jpg?resize=627%2C419&#038;ssl=1\" alt=\"\" class=\"wp-image-3646\" srcset=\"https:\/\/i0.wp.com\/www.altimara.eu\/blog\/wp-content\/uploads\/2021\/05\/MAR5613-2.jpg?resize=1024%2C684&amp;ssl=1 1024w, https:\/\/i0.wp.com\/www.altimara.eu\/blog\/wp-content\/uploads\/2021\/05\/MAR5613-2.jpg?resize=300%2C200&amp;ssl=1 300w, https:\/\/i0.wp.com\/www.altimara.eu\/blog\/wp-content\/uploads\/2021\/05\/MAR5613-2.jpg?resize=768%2C513&amp;ssl=1 768w, https:\/\/i0.wp.com\/www.altimara.eu\/blog\/wp-content\/uploads\/2021\/05\/MAR5613-2.jpg?resize=1536%2C1025&amp;ssl=1 1536w, https:\/\/i0.wp.com\/www.altimara.eu\/blog\/wp-content\/uploads\/2021\/05\/MAR5613-2.jpg?resize=2048%2C1367&amp;ssl=1 2048w, https:\/\/i0.wp.com\/www.altimara.eu\/blog\/wp-content\/uploads\/2021\/05\/MAR5613-2.jpg?w=1254&amp;ssl=1 1254w, https:\/\/i0.wp.com\/www.altimara.eu\/blog\/wp-content\/uploads\/2021\/05\/MAR5613-2.jpg?w=1881&amp;ssl=1 1881w\" sizes=\"auto, (max-width: 627px) 100vw, 627px\" \/><\/figure><\/div>\n\n\n\n<div class=\"wp-block-image\"><figure class=\"aligncenter size-large\"><img data-recalc-dims=\"1\" loading=\"lazy\" decoding=\"async\" width=\"627\" height=\"419\" data-attachment-id=\"3648\" data-permalink=\"https:\/\/www.altimara.eu\/blog\/2021\/05\/14\/charbon-effusif\/eruption-4\/\" data-orig-file=\"https:\/\/i0.wp.com\/www.altimara.eu\/blog\/wp-content\/uploads\/2021\/05\/MAR5842-2.jpg?fit=2400%2C1602&amp;ssl=1\" data-orig-size=\"2400,1602\" data-comments-opened=\"1\" data-image-meta=\"{&quot;aperture&quot;:&quot;8&quot;,&quot;credit&quot;:&quot;Martial Acquarone&quot;,&quot;camera&quot;:&quot;NIKON D800&quot;,&quot;caption&quot;:&quot;&quot;,&quot;created_timestamp&quot;:&quot;1620777600&quot;,&quot;copyright&quot;:&quot;M.Acquarone&quot;,&quot;focal_length&quot;:&quot;55&quot;,&quot;iso&quot;:&quot;800&quot;,&quot;shutter_speed&quot;:&quot;0.01&quot;,&quot;title&quot;:&quot;eruption&quot;,&quot;orientation&quot;:&quot;0&quot;}\" data-image-title=\"eruption\" data-image-description=\"\" data-image-caption=\"\" data-large-file=\"https:\/\/i0.wp.com\/www.altimara.eu\/blog\/wp-content\/uploads\/2021\/05\/MAR5842-2.jpg?fit=627%2C419&amp;ssl=1\" src=\"https:\/\/i0.wp.com\/www.altimara.eu\/blog\/wp-content\/uploads\/2021\/05\/MAR5842-2.jpg?resize=627%2C419&#038;ssl=1\" alt=\"\" class=\"wp-image-3648\" srcset=\"https:\/\/i0.wp.com\/www.altimara.eu\/blog\/wp-content\/uploads\/2021\/05\/MAR5842-2.jpg?resize=1024%2C684&amp;ssl=1 1024w, https:\/\/i0.wp.com\/www.altimara.eu\/blog\/wp-content\/uploads\/2021\/05\/MAR5842-2.jpg?resize=300%2C200&amp;ssl=1 300w, https:\/\/i0.wp.com\/www.altimara.eu\/blog\/wp-content\/uploads\/2021\/05\/MAR5842-2.jpg?resize=768%2C513&amp;ssl=1 768w, https:\/\/i0.wp.com\/www.altimara.eu\/blog\/wp-content\/uploads\/2021\/05\/MAR5842-2.jpg?resize=1536%2C1025&amp;ssl=1 1536w, https:\/\/i0.wp.com\/www.altimara.eu\/blog\/wp-content\/uploads\/2021\/05\/MAR5842-2.jpg?resize=2048%2C1367&amp;ssl=1 2048w, https:\/\/i0.wp.com\/www.altimara.eu\/blog\/wp-content\/uploads\/2021\/05\/MAR5842-2.jpg?w=1254&amp;ssl=1 1254w, https:\/\/i0.wp.com\/www.altimara.eu\/blog\/wp-content\/uploads\/2021\/05\/MAR5842-2.jpg?w=1881&amp;ssl=1 1881w\" sizes=\"auto, (max-width: 627px) 100vw, 627px\" \/><\/figure><\/div>\n\n\n\n<p>Note : pour venir en Islande en ce moment, il faut \u00eatre vaccin\u00e9 ou avoir eu la covid. Il faut les attestations de la premi\u00e8re injection et de la deuxi\u00e8me. Un test PCR est r\u00e9alis\u00e9 \u00e0 l&rsquo;arriv\u00e9e et on doit attendre son r\u00e9sultat avant d&rsquo;entrer en contact avec d&rsquo;autres personnes. Pour les autres c&rsquo;est quarantaine de 5 jours. <a href=\"https:\/\/www.covid.is\/fr\">https:\/\/www.covid.is\/fr<\/a><\/p>\n","protected":false},"excerpt":{"rendered":"<p>Spectacle sur-r\u00e9aliste de l&rsquo;\u00e9ruption \u00e0 Fagradasfjall en Islande. Nous y sommes depuis trois jours avec une belle nuit en face du crat\u00e8re \u00e9ruptif. Ce d\u00e9cor charbonn\u00e9, noir comme un tas de charbon en vrac, est illumin\u00e9 p\u00e9riodiquement par le jaillissement de la lave en fontaines de plusieurs dizaines de m\u00e8tres de haut. L&rsquo;activit\u00e9 fissurale s&rsquo;est [&hellip;]<\/p>\n","protected":false},"author":3,"featured_media":0,"comment_status":"open","ping_status":"open","sticky":false,"template":"","format":"standard","meta":{"ngg_post_thumbnail":0,"jetpack_post_was_ever_published":false,"_jetpack_newsletter_access":"","_jetpack_dont_email_post_to_subs":false,"_jetpack_newsletter_tier_id":0,"_jetpack_memberships_contains_paywalled_content":false,"_jetpack_memberships_contains_paid_content":false,"footnotes":"","jetpack_publicize_message":"","jetpack_publicize_feature_enabled":true,"jetpack_social_post_already_shared":true,"jetpack_social_options":{"image_generator_settings":{"template":"highway","default_image_id":0,"font":"","enabled":false},"version":2}},"categories":[37],"tags":[184,185],"class_list":["post-3639","post","type-post","status-publish","format-standard","hentry","category-evenementiel","tag-fagradasfjall","tag-geldingalur"],"jetpack_publicize_connections":[],"jetpack_featured_media_url":"","jetpack_shortlink":"https:\/\/wp.me\/p4r91c-WH","jetpack_sharing_enabled":true,"jetpack-related-posts":[{"id":3952,"url":"https:\/\/www.altimara.eu\/blog\/2022\/08\/24\/ceci-nest-pas-du-charbon-2\/","url_meta":{"origin":3639,"position":0},"title":"Ceci n&rsquo;est pas du charbon 2","author":"Martiou","date":"24 ao\u00fbt 2022","format":false,"excerpt":"Belle visite au site du nouveau volcan islandais. \u00c9ruption tr\u00e8s rapide qui n'a dur\u00e9 que trois semaines. Le paysage en lui m\u00eame reste superbe et nous avons eu la surprise de voir un lambeau de lave incandescente, isol\u00e9 dans la masse noire.","rel":"","context":"Dans &quot;volcan&quot;","block_context":{"text":"volcan","link":"https:\/\/www.altimara.eu\/blog\/category\/volcan\/"},"img":{"alt_text":"","src":"https:\/\/i0.wp.com\/www.altimara.eu\/blog\/wp-content\/uploads\/2022\/08\/MAR0344-copie.jpg?resize=350%2C200&ssl=1","width":350,"height":200,"srcset":"https:\/\/i0.wp.com\/www.altimara.eu\/blog\/wp-content\/uploads\/2022\/08\/MAR0344-copie.jpg?resize=350%2C200&ssl=1 1x, https:\/\/i0.wp.com\/www.altimara.eu\/blog\/wp-content\/uploads\/2022\/08\/MAR0344-copie.jpg?resize=525%2C300&ssl=1 1.5x, https:\/\/i0.wp.com\/www.altimara.eu\/blog\/wp-content\/uploads\/2022\/08\/MAR0344-copie.jpg?resize=700%2C400&ssl=1 2x"},"classes":[]},{"id":4432,"url":"https:\/\/www.altimara.eu\/blog\/2024\/08\/22\/lupin-is-3\/","url_meta":{"origin":3639,"position":1},"title":"Lupin.is-3","author":"Martiou","date":"22 ao\u00fbt 2024","format":false,"excerpt":"La construction du four est quasi termin\u00e9e. Pose du support de la chemin\u00e9e. Malheureusement nous aurons le tube que samedi, bah ! Pose du tuyau gazog\u00e8ne, pour la r\u00e9cup\u00e9ration des gaz. Du costaud ! Ouverture du bidon de 60 L. La difficult\u00e9 provient du fait que nous n'avons pas de\u2026","rel":"","context":"Dans &quot;0- MES CHARBONNI\u00c8RES&quot;","block_context":{"text":"0- MES CHARBONNI\u00c8RES","link":"https:\/\/www.altimara.eu\/blog\/category\/mes-charbonnieres\/"},"img":{"alt_text":"","src":"https:\/\/i0.wp.com\/www.altimara.eu\/blog\/wp-content\/uploads\/2024\/08\/IMG_20240822_152733-copie.jpg?resize=350%2C200&ssl=1","width":350,"height":200,"srcset":"https:\/\/i0.wp.com\/www.altimara.eu\/blog\/wp-content\/uploads\/2024\/08\/IMG_20240822_152733-copie.jpg?resize=350%2C200&ssl=1 1x, https:\/\/i0.wp.com\/www.altimara.eu\/blog\/wp-content\/uploads\/2024\/08\/IMG_20240822_152733-copie.jpg?resize=525%2C300&ssl=1 1.5x, https:\/\/i0.wp.com\/www.altimara.eu\/blog\/wp-content\/uploads\/2024\/08\/IMG_20240822_152733-copie.jpg?resize=700%2C400&ssl=1 2x, https:\/\/i0.wp.com\/www.altimara.eu\/blog\/wp-content\/uploads\/2024\/08\/IMG_20240822_152733-copie.jpg?resize=1050%2C600&ssl=1 3x"},"classes":[]},{"id":3115,"url":"https:\/\/www.altimara.eu\/blog\/2019\/06\/19\/village-carbone\/","url_meta":{"origin":3639,"position":2},"title":"Village carbon\u00e9","author":"Martiou","date":"19 juin 2019","format":false,"excerpt":"Comment ne pas passer quelques temps dans un village qui s'appelle \"Charbonni\u00e8res-Les-Vieilles\". A l'occasion d'un s\u00e9jour dans les volcans d'Auvergne, je n'ai pas r\u00e9sist\u00e9 \u00e0 m\u2019arr\u00eater dans ce joli village. Bien sur plusieurs questions cherchaient des r\u00e9ponses, quel est le nom des habitants et pourquoi ce nom de charbonni\u00e8res (Vieilles\u2026","rel":"","context":"Dans &quot;Non class\u00e9&quot;","block_context":{"text":"Non class\u00e9","link":"https:\/\/www.altimara.eu\/blog\/category\/non-classe\/"},"img":{"alt_text":"","src":"https:\/\/i0.wp.com\/www.altimara.eu\/blog\/wp-content\/uploads\/2019\/06\/MAR9964.jpg?resize=350%2C200&ssl=1","width":350,"height":200,"srcset":"https:\/\/i0.wp.com\/www.altimara.eu\/blog\/wp-content\/uploads\/2019\/06\/MAR9964.jpg?resize=350%2C200&ssl=1 1x, https:\/\/i0.wp.com\/www.altimara.eu\/blog\/wp-content\/uploads\/2019\/06\/MAR9964.jpg?resize=525%2C300&ssl=1 1.5x, https:\/\/i0.wp.com\/www.altimara.eu\/blog\/wp-content\/uploads\/2019\/06\/MAR9964.jpg?resize=700%2C400&ssl=1 2x"},"classes":[]},{"id":4223,"url":"https:\/\/www.altimara.eu\/blog\/2023\/11\/17\/montagne-meule\/","url_meta":{"origin":3639,"position":3},"title":"Montagne meule","author":"Martiou","date":"17 novembre 2023","format":false,"excerpt":"Si j'\u00e9prouve des int\u00e9r\u00eats pour le volcanisme islandais, qui \u00e0 ce jour du 16 novembre 2023, est en pleine activit\u00e9, c'est lors d'une promenade en Auvergne que j'ai rencontr\u00e9 un volcan ami. J'ai \u00e9t\u00e9 saisi par la ressemblance forte de la structure des orgues basaltiques avec nos meules de charbonni\u00e8res.\u2026","rel":"","context":"Dans &quot;Non class\u00e9&quot;","block_context":{"text":"Non class\u00e9","link":"https:\/\/www.altimara.eu\/blog\/category\/non-classe\/"},"img":{"alt_text":"","src":"https:\/\/i0.wp.com\/www.altimara.eu\/blog\/wp-content\/uploads\/2024\/01\/4.png?resize=350%2C200&ssl=1","width":350,"height":200,"srcset":"https:\/\/i0.wp.com\/www.altimara.eu\/blog\/wp-content\/uploads\/2024\/01\/4.png?resize=350%2C200&ssl=1 1x, https:\/\/i0.wp.com\/www.altimara.eu\/blog\/wp-content\/uploads\/2024\/01\/4.png?resize=525%2C300&ssl=1 1.5x, https:\/\/i0.wp.com\/www.altimara.eu\/blog\/wp-content\/uploads\/2024\/01\/4.png?resize=700%2C400&ssl=1 2x"},"classes":[]},{"id":4446,"url":"https:\/\/www.altimara.eu\/blog\/2024\/09\/16\/la-ferme-de-thykkvabaejarklautur\/","url_meta":{"origin":3639,"position":4},"title":"La ferme de \u00deykkvab\u00e6jarklautur","author":"Martiou","date":"16 septembre 2024","format":false,"excerpt":"Et comment les lupins sont au centre de cette histoire. Nous sommes dans le sud de l'Islande, le long de cette c\u00f4te lin\u00e9aire et courbe, aux vastes \u00e9tendues. Tout le long les grandes masses de glace surplombent les sandar, immenses plats \u00e0 perte de vue, entrecoup\u00e9s de coul\u00e9es de laves\u2026","rel":"","context":"Dans &quot;Charbonnier du Monde&quot;","block_context":{"text":"Charbonnier du Monde","link":"https:\/\/www.altimara.eu\/blog\/category\/charbonnier-du-monde\/"},"img":{"alt_text":"","src":"https:\/\/i0.wp.com\/www.altimara.eu\/blog\/wp-content\/uploads\/2024\/09\/IMG_20240826_135605.jpg?resize=350%2C200&ssl=1","width":350,"height":200,"srcset":"https:\/\/i0.wp.com\/www.altimara.eu\/blog\/wp-content\/uploads\/2024\/09\/IMG_20240826_135605.jpg?resize=350%2C200&ssl=1 1x, https:\/\/i0.wp.com\/www.altimara.eu\/blog\/wp-content\/uploads\/2024\/09\/IMG_20240826_135605.jpg?resize=525%2C300&ssl=1 1.5x, https:\/\/i0.wp.com\/www.altimara.eu\/blog\/wp-content\/uploads\/2024\/09\/IMG_20240826_135605.jpg?resize=700%2C400&ssl=1 2x, https:\/\/i0.wp.com\/www.altimara.eu\/blog\/wp-content\/uploads\/2024\/09\/IMG_20240826_135605.jpg?resize=1050%2C600&ssl=1 3x"},"classes":[]},{"id":2906,"url":"https:\/\/www.altimara.eu\/blog\/2018\/12\/21\/charbon-et-cosmetique\/","url_meta":{"origin":3639,"position":5},"title":"Charbon et cosm\u00e9tiques","author":"Martiou","date":"21 d\u00e9cembre 2018","format":false,"excerpt":"Une certaine mode envahit le monde parfum\u00e9 des cosm\u00e9tiques. Du charbon dans tous les produits, g\u00e9lules, cr\u00e8mes et autres onguents. J'ai achet\u00e9 un dentifrice qui sent bon la menthe et qui est noir. Il est \u00e9crit sur la boite que ce produit noir me rendra les dents plus blanches. Le\u2026","rel":"","context":"Dans &quot;Charbon v\u00e9g\u00e9tal&quot;","block_context":{"text":"Charbon v\u00e9g\u00e9tal","link":"https:\/\/www.altimara.eu\/blog\/category\/charbon-vegetal\/"},"img":{"alt_text":"","src":"https:\/\/i0.wp.com\/www.altimara.eu\/blog\/wp-content\/uploads\/2018\/12\/IMG_20181116_154746693.jpg?resize=350%2C200&ssl=1","width":350,"height":200,"srcset":"https:\/\/i0.wp.com\/www.altimara.eu\/blog\/wp-content\/uploads\/2018\/12\/IMG_20181116_154746693.jpg?resize=350%2C200&ssl=1 1x, https:\/\/i0.wp.com\/www.altimara.eu\/blog\/wp-content\/uploads\/2018\/12\/IMG_20181116_154746693.jpg?resize=525%2C300&ssl=1 1.5x, https:\/\/i0.wp.com\/www.altimara.eu\/blog\/wp-content\/uploads\/2018\/12\/IMG_20181116_154746693.jpg?resize=700%2C400&ssl=1 2x, https:\/\/i0.wp.com\/www.altimara.eu\/blog\/wp-content\/uploads\/2018\/12\/IMG_20181116_154746693.jpg?resize=1050%2C600&ssl=1 3x"},"classes":[]}],"_links":{"self":[{"href":"https:\/\/www.altimara.eu\/blog\/wp-json\/wp\/v2\/posts\/3639","targetHints":{"allow":["GET"]}}],"collection":[{"href":"https:\/\/www.altimara.eu\/blog\/wp-json\/wp\/v2\/posts"}],"about":[{"href":"https:\/\/www.altimara.eu\/blog\/wp-json\/wp\/v2\/types\/post"}],"author":[{"embeddable":true,"href":"https:\/\/www.altimara.eu\/blog\/wp-json\/wp\/v2\/users\/3"}],"replies":[{"embeddable":true,"href":"https:\/\/www.altimara.eu\/blog\/wp-json\/wp\/v2\/comments?post=3639"}],"version-history":[{"count":0,"href":"https:\/\/www.altimara.eu\/blog\/wp-json\/wp\/v2\/posts\/3639\/revisions"}],"wp:attachment":[{"href":"https:\/\/www.altimara.eu\/blog\/wp-json\/wp\/v2\/media?parent=3639"}],"wp:term":[{"taxonomy":"category","embeddable":true,"href":"https:\/\/www.altimara.eu\/blog\/wp-json\/wp\/v2\/categories?post=3639"},{"taxonomy":"post_tag","embeddable":true,"href":"https:\/\/www.altimara.eu\/blog\/wp-json\/wp\/v2\/tags?post=3639"}],"curies":[{"name":"wp","href":"https:\/\/api.w.org\/{rel}","templated":true}]}}