{"id":3633,"date":"2021-04-28T13:03:21","date_gmt":"2021-04-28T12:03:21","guid":{"rendered":"https:\/\/www.altimara.eu\/blog\/?p=3633"},"modified":"2021-04-28T13:03:21","modified_gmt":"2021-04-28T12:03:21","slug":"gros-four","status":"publish","type":"post","link":"https:\/\/www.altimara.eu\/blog\/2021\/04\/28\/gros-four\/","title":{"rendered":"Gros four"},"content":{"rendered":"\n<p><img data-recalc-dims=\"1\" loading=\"lazy\" decoding=\"async\" width=\"100\" height=\"100\" data-attachment-id=\"3204\" data-permalink=\"https:\/\/www.altimara.eu\/blog\/2019\/10\/28\/ca-fume-xxl\/sigle-c1\/\" data-orig-file=\"https:\/\/i0.wp.com\/www.altimara.eu\/blog\/wp-content\/uploads\/2019\/10\/sigle-C1-e1592488750446.jpg?fit=200%2C200&amp;ssl=1\" data-orig-size=\"200,200\" data-comments-opened=\"1\" data-image-meta=\"{&quot;aperture&quot;:&quot;0&quot;,&quot;credit&quot;:&quot;&quot;,&quot;camera&quot;:&quot;&quot;,&quot;caption&quot;:&quot;&quot;,&quot;created_timestamp&quot;:&quot;0&quot;,&quot;copyright&quot;:&quot;&quot;,&quot;focal_length&quot;:&quot;0&quot;,&quot;iso&quot;:&quot;0&quot;,&quot;shutter_speed&quot;:&quot;0&quot;,&quot;title&quot;:&quot;&quot;,&quot;orientation&quot;:&quot;0&quot;}\" data-image-title=\"sigle C1\" data-image-description=\"\" data-image-caption=\"\" data-large-file=\"https:\/\/i0.wp.com\/www.altimara.eu\/blog\/wp-content\/uploads\/2019\/10\/sigle-C1-e1592488750446.jpg?fit=200%2C200&amp;ssl=1\" class=\"wp-image-3204\" style=\"width: 100px;\" src=\"https:\/\/i0.wp.com\/www.altimara.eu\/blog\/wp-content\/uploads\/2019\/10\/sigle-C1-e1592488750446.jpg?resize=100%2C100&#038;ssl=1\" alt=\"\">  Le four de 220 L est op\u00e9rationnel. La prise des gaz sur le dessus fonctionne parfaitement et le diam\u00e8tre de 22 du tube permet une bonne conduite vers le foyer.<\/p>\n\n\n\n<div class=\"wp-block-image\"><figure class=\"aligncenter size-large is-resized\"><img data-recalc-dims=\"1\" loading=\"lazy\" decoding=\"async\" data-attachment-id=\"3634\" data-permalink=\"https:\/\/www.altimara.eu\/blog\/2021\/04\/28\/gros-four\/img_20210427_152918\/\" data-orig-file=\"https:\/\/i0.wp.com\/www.altimara.eu\/blog\/wp-content\/uploads\/2021\/04\/IMG_20210427_152918-scaled.jpg?fit=2560%2C1915&amp;ssl=1\" data-orig-size=\"2560,1915\" data-comments-opened=\"1\" data-image-meta=\"{&quot;aperture&quot;:&quot;1.8&quot;,&quot;credit&quot;:&quot;Martial Acquarone&quot;,&quot;camera&quot;:&quot;M2003J15SC&quot;,&quot;caption&quot;:&quot;&quot;,&quot;created_timestamp&quot;:&quot;1599563809&quot;,&quot;copyright&quot;:&quot;CC BY-SA 4.0&quot;,&quot;focal_length&quot;:&quot;4.74&quot;,&quot;iso&quot;:&quot;101&quot;,&quot;shutter_speed&quot;:&quot;0.0043478260869565&quot;,&quot;title&quot;:&quot;&quot;,&quot;orientation&quot;:&quot;0&quot;}\" data-image-title=\"IMG_20210427_152918\" data-image-description=\"\" data-image-caption=\"\" data-large-file=\"https:\/\/i0.wp.com\/www.altimara.eu\/blog\/wp-content\/uploads\/2021\/04\/IMG_20210427_152918-scaled.jpg?fit=627%2C469&amp;ssl=1\" src=\"https:\/\/i0.wp.com\/www.altimara.eu\/blog\/wp-content\/uploads\/2021\/04\/IMG_20210427_152918.jpg?resize=627%2C469&#038;ssl=1\" alt=\"\" class=\"wp-image-3634\" width=\"627\" height=\"469\" srcset=\"https:\/\/i0.wp.com\/www.altimara.eu\/blog\/wp-content\/uploads\/2021\/04\/IMG_20210427_152918-scaled.jpg?resize=1024%2C766&amp;ssl=1 1024w, https:\/\/i0.wp.com\/www.altimara.eu\/blog\/wp-content\/uploads\/2021\/04\/IMG_20210427_152918-scaled.jpg?resize=300%2C224&amp;ssl=1 300w, https:\/\/i0.wp.com\/www.altimara.eu\/blog\/wp-content\/uploads\/2021\/04\/IMG_20210427_152918-scaled.jpg?resize=768%2C575&amp;ssl=1 768w, https:\/\/i0.wp.com\/www.altimara.eu\/blog\/wp-content\/uploads\/2021\/04\/IMG_20210427_152918-scaled.jpg?resize=1536%2C1149&amp;ssl=1 1536w, https:\/\/i0.wp.com\/www.altimara.eu\/blog\/wp-content\/uploads\/2021\/04\/IMG_20210427_152918-scaled.jpg?resize=2048%2C1532&amp;ssl=1 2048w, https:\/\/i0.wp.com\/www.altimara.eu\/blog\/wp-content\/uploads\/2021\/04\/IMG_20210427_152918-scaled.jpg?w=1254&amp;ssl=1 1254w, https:\/\/i0.wp.com\/www.altimara.eu\/blog\/wp-content\/uploads\/2021\/04\/IMG_20210427_152918-scaled.jpg?w=1881&amp;ssl=1 1881w\" sizes=\"auto, (max-width: 627px) 100vw, 627px\" \/><\/figure><\/div>\n\n\n\n<div class=\"wp-block-image\"><figure class=\"aligncenter size-large is-resized\"><img data-recalc-dims=\"1\" loading=\"lazy\" decoding=\"async\" data-attachment-id=\"3635\" data-permalink=\"https:\/\/www.altimara.eu\/blog\/2021\/04\/28\/gros-four\/img_20210427_152929\/\" data-orig-file=\"https:\/\/i0.wp.com\/www.altimara.eu\/blog\/wp-content\/uploads\/2021\/04\/IMG_20210427_152929-scaled.jpg?fit=2560%2C1915&amp;ssl=1\" data-orig-size=\"2560,1915\" data-comments-opened=\"1\" data-image-meta=\"{&quot;aperture&quot;:&quot;1.8&quot;,&quot;credit&quot;:&quot;Martial Acquarone&quot;,&quot;camera&quot;:&quot;M2003J15SC&quot;,&quot;caption&quot;:&quot;&quot;,&quot;created_timestamp&quot;:&quot;1599563809&quot;,&quot;copyright&quot;:&quot;CC BY-SA 4.0&quot;,&quot;focal_length&quot;:&quot;4.74&quot;,&quot;iso&quot;:&quot;112&quot;,&quot;shutter_speed&quot;:&quot;0.001&quot;,&quot;title&quot;:&quot;&quot;,&quot;orientation&quot;:&quot;0&quot;}\" data-image-title=\"IMG_20210427_152929\" data-image-description=\"\" data-image-caption=\"\" data-large-file=\"https:\/\/i0.wp.com\/www.altimara.eu\/blog\/wp-content\/uploads\/2021\/04\/IMG_20210427_152929-scaled.jpg?fit=627%2C469&amp;ssl=1\" src=\"https:\/\/i0.wp.com\/www.altimara.eu\/blog\/wp-content\/uploads\/2021\/04\/IMG_20210427_152929.jpg?resize=627%2C469&#038;ssl=1\" alt=\"\" class=\"wp-image-3635\" width=\"627\" height=\"469\" srcset=\"https:\/\/i0.wp.com\/www.altimara.eu\/blog\/wp-content\/uploads\/2021\/04\/IMG_20210427_152929-scaled.jpg?resize=1024%2C766&amp;ssl=1 1024w, https:\/\/i0.wp.com\/www.altimara.eu\/blog\/wp-content\/uploads\/2021\/04\/IMG_20210427_152929-scaled.jpg?resize=300%2C224&amp;ssl=1 300w, https:\/\/i0.wp.com\/www.altimara.eu\/blog\/wp-content\/uploads\/2021\/04\/IMG_20210427_152929-scaled.jpg?resize=768%2C575&amp;ssl=1 768w, https:\/\/i0.wp.com\/www.altimara.eu\/blog\/wp-content\/uploads\/2021\/04\/IMG_20210427_152929-scaled.jpg?resize=1536%2C1149&amp;ssl=1 1536w, https:\/\/i0.wp.com\/www.altimara.eu\/blog\/wp-content\/uploads\/2021\/04\/IMG_20210427_152929-scaled.jpg?resize=2048%2C1532&amp;ssl=1 2048w, https:\/\/i0.wp.com\/www.altimara.eu\/blog\/wp-content\/uploads\/2021\/04\/IMG_20210427_152929-scaled.jpg?w=1254&amp;ssl=1 1254w, https:\/\/i0.wp.com\/www.altimara.eu\/blog\/wp-content\/uploads\/2021\/04\/IMG_20210427_152929-scaled.jpg?w=1881&amp;ssl=1 1881w\" sizes=\"auto, (max-width: 627px) 100vw, 627px\" \/><\/figure><\/div>\n\n\n\n<div class=\"wp-block-image\"><figure class=\"aligncenter size-large is-resized\"><img data-recalc-dims=\"1\" loading=\"lazy\" decoding=\"async\" data-attachment-id=\"3636\" data-permalink=\"https:\/\/www.altimara.eu\/blog\/2021\/04\/28\/gros-four\/img_20210427_153410\/\" data-orig-file=\"https:\/\/i0.wp.com\/www.altimara.eu\/blog\/wp-content\/uploads\/2021\/04\/IMG_20210427_153410-scaled.jpg?fit=2560%2C1915&amp;ssl=1\" data-orig-size=\"2560,1915\" data-comments-opened=\"1\" data-image-meta=\"{&quot;aperture&quot;:&quot;1.8&quot;,&quot;credit&quot;:&quot;Martial Acquarone&quot;,&quot;camera&quot;:&quot;M2003J15SC&quot;,&quot;caption&quot;:&quot;&quot;,&quot;created_timestamp&quot;:&quot;1599563809&quot;,&quot;copyright&quot;:&quot;CC BY-SA 4.0&quot;,&quot;focal_length&quot;:&quot;4.74&quot;,&quot;iso&quot;:&quot;112&quot;,&quot;shutter_speed&quot;:&quot;0.001&quot;,&quot;title&quot;:&quot;&quot;,&quot;orientation&quot;:&quot;0&quot;}\" data-image-title=\"IMG_20210427_153410\" data-image-description=\"\" data-image-caption=\"\" data-large-file=\"https:\/\/i0.wp.com\/www.altimara.eu\/blog\/wp-content\/uploads\/2021\/04\/IMG_20210427_153410-scaled.jpg?fit=627%2C469&amp;ssl=1\" src=\"https:\/\/i0.wp.com\/www.altimara.eu\/blog\/wp-content\/uploads\/2021\/04\/IMG_20210427_153410.jpg?resize=512%2C383&#038;ssl=1\" alt=\"\" class=\"wp-image-3636\" width=\"512\" height=\"383\" srcset=\"https:\/\/i0.wp.com\/www.altimara.eu\/blog\/wp-content\/uploads\/2021\/04\/IMG_20210427_153410-scaled.jpg?resize=1024%2C766&amp;ssl=1 1024w, https:\/\/i0.wp.com\/www.altimara.eu\/blog\/wp-content\/uploads\/2021\/04\/IMG_20210427_153410-scaled.jpg?resize=300%2C224&amp;ssl=1 300w, https:\/\/i0.wp.com\/www.altimara.eu\/blog\/wp-content\/uploads\/2021\/04\/IMG_20210427_153410-scaled.jpg?resize=768%2C575&amp;ssl=1 768w, https:\/\/i0.wp.com\/www.altimara.eu\/blog\/wp-content\/uploads\/2021\/04\/IMG_20210427_153410-scaled.jpg?resize=1536%2C1149&amp;ssl=1 1536w, https:\/\/i0.wp.com\/www.altimara.eu\/blog\/wp-content\/uploads\/2021\/04\/IMG_20210427_153410-scaled.jpg?resize=2048%2C1532&amp;ssl=1 2048w, https:\/\/i0.wp.com\/www.altimara.eu\/blog\/wp-content\/uploads\/2021\/04\/IMG_20210427_153410-scaled.jpg?w=1254&amp;ssl=1 1254w, https:\/\/i0.wp.com\/www.altimara.eu\/blog\/wp-content\/uploads\/2021\/04\/IMG_20210427_153410-scaled.jpg?w=1881&amp;ssl=1 1881w\" sizes=\"auto, (max-width: 512px) 100vw, 512px\" \/><\/figure><\/div>\n\n\n\n<div class=\"wp-block-image\"><figure class=\"aligncenter size-large\"><img data-recalc-dims=\"1\" loading=\"lazy\" decoding=\"async\" width=\"478\" height=\"272\" data-attachment-id=\"3637\" data-permalink=\"https:\/\/www.altimara.eu\/blog\/2021\/04\/28\/gros-four\/capture-decran-2021-04-28-a-13-59-04\/\" data-orig-file=\"https:\/\/i0.wp.com\/www.altimara.eu\/blog\/wp-content\/uploads\/2021\/04\/Capture-de%CC%81cran-2021-04-28-a%CC%80-13.59.04.jpg?fit=478%2C272&amp;ssl=1\" data-orig-size=\"478,272\" data-comments-opened=\"1\" data-image-meta=\"{&quot;aperture&quot;:&quot;0&quot;,&quot;credit&quot;:&quot;&quot;,&quot;camera&quot;:&quot;&quot;,&quot;caption&quot;:&quot;&quot;,&quot;created_timestamp&quot;:&quot;0&quot;,&quot;copyright&quot;:&quot;&quot;,&quot;focal_length&quot;:&quot;0&quot;,&quot;iso&quot;:&quot;0&quot;,&quot;shutter_speed&quot;:&quot;0&quot;,&quot;title&quot;:&quot;&quot;,&quot;orientation&quot;:&quot;0&quot;}\" data-image-title=\"Capture-de\u0301cran-2021-04-28-a\u0300-13.59.04\" data-image-description=\"\" data-image-caption=\"\" data-large-file=\"https:\/\/i0.wp.com\/www.altimara.eu\/blog\/wp-content\/uploads\/2021\/04\/Capture-de%CC%81cran-2021-04-28-a%CC%80-13.59.04.jpg?fit=478%2C272&amp;ssl=1\" src=\"https:\/\/i0.wp.com\/www.altimara.eu\/blog\/wp-content\/uploads\/2021\/04\/Capture-de%CC%81cran-2021-04-28-a%CC%80-13.59.04.jpg?resize=478%2C272&#038;ssl=1\" alt=\"\" class=\"wp-image-3637\" srcset=\"https:\/\/i0.wp.com\/www.altimara.eu\/blog\/wp-content\/uploads\/2021\/04\/Capture-de%CC%81cran-2021-04-28-a%CC%80-13.59.04.jpg?w=478&amp;ssl=1 478w, https:\/\/i0.wp.com\/www.altimara.eu\/blog\/wp-content\/uploads\/2021\/04\/Capture-de%CC%81cran-2021-04-28-a%CC%80-13.59.04.jpg?resize=300%2C171&amp;ssl=1 300w\" sizes=\"auto, (max-width: 478px) 100vw, 478px\" \/><figcaption>Les bio-gaz au recyclage dans le foyer.<\/figcaption><\/figure><\/div>\n","protected":false},"excerpt":{"rendered":"<p>Le four de 220 L est op\u00e9rationnel. La prise des gaz sur le dessus fonctionne parfaitement et le diam\u00e8tre de 22 du tube permet une bonne conduite vers le foyer.<\/p>\n","protected":false},"author":3,"featured_media":0,"comment_status":"open","ping_status":"open","sticky":false,"template":"","format":"standard","meta":{"ngg_post_thumbnail":0,"jetpack_post_was_ever_published":false,"_jetpack_newsletter_access":"","_jetpack_dont_email_post_to_subs":false,"_jetpack_newsletter_tier_id":0,"_jetpack_memberships_contains_paywalled_content":false,"_jetpack_memberships_contains_paid_content":false,"footnotes":"","jetpack_publicize_message":"","jetpack_publicize_feature_enabled":true,"jetpack_social_post_already_shared":true,"jetpack_social_options":{"image_generator_settings":{"template":"highway","default_image_id":0,"font":"","enabled":false},"version":2}},"categories":[176,86,147],"tags":[93,91],"class_list":["post-3633","post","type-post","status-publish","format-standard","hentry","category-biochar","category-charbon-vegetal","category-four-metalliques","tag-biochar","tag-charbon-vegetal"],"jetpack_publicize_connections":[],"jetpack_featured_media_url":"","jetpack_shortlink":"https:\/\/wp.me\/p4r91c-WB","jetpack_sharing_enabled":true,"jetpack-related-posts":[{"id":3818,"url":"https:\/\/www.altimara.eu\/blog\/2022\/02\/21\/four-jardin\/","url_meta":{"origin":3633,"position":0},"title":"Four jardin","author":"Martiou","date":"21 f\u00e9vrier 2022","format":false,"excerpt":"Retour en cette presque fin d'hiver au Jardin de Fontan\u00e8s. Je vais reprendre la carbonisation des v\u00e9g\u00e9taux. Le four en terre est bien mal en point. A priori nous n'allons plus l'utiliser, tout au moins dans cette forme. Le stock est bien sec, biochar en vue. Kevin a taill\u00e9 ses\u2026","rel":"","context":"Dans &quot;biochar&quot;","block_context":{"text":"biochar","link":"https:\/\/www.altimara.eu\/blog\/category\/charbon-vegetal\/biochar\/"},"img":{"alt_text":"","src":"https:\/\/i0.wp.com\/www.altimara.eu\/blog\/wp-content\/uploads\/2022\/02\/IMG_20220218_151012-2-scaled.jpg?resize=350%2C200&ssl=1","width":350,"height":200,"srcset":"https:\/\/i0.wp.com\/www.altimara.eu\/blog\/wp-content\/uploads\/2022\/02\/IMG_20220218_151012-2-scaled.jpg?resize=350%2C200&ssl=1 1x, https:\/\/i0.wp.com\/www.altimara.eu\/blog\/wp-content\/uploads\/2022\/02\/IMG_20220218_151012-2-scaled.jpg?resize=525%2C300&ssl=1 1.5x, https:\/\/i0.wp.com\/www.altimara.eu\/blog\/wp-content\/uploads\/2022\/02\/IMG_20220218_151012-2-scaled.jpg?resize=700%2C400&ssl=1 2x, https:\/\/i0.wp.com\/www.altimara.eu\/blog\/wp-content\/uploads\/2022\/02\/IMG_20220218_151012-2-scaled.jpg?resize=1050%2C600&ssl=1 3x, https:\/\/i0.wp.com\/www.altimara.eu\/blog\/wp-content\/uploads\/2022\/02\/IMG_20220218_151012-2-scaled.jpg?resize=1400%2C800&ssl=1 4x"},"classes":[]},{"id":3594,"url":"https:\/\/www.altimara.eu\/blog\/2021\/03\/19\/fin-dhiver\/","url_meta":{"origin":3633,"position":1},"title":"Fin d&rsquo;hiver","author":"Martiou","date":"19 mars 2021","format":false,"excerpt":"De nombreux travaux au Jardin et \u00e0 l'atelier. La taille des olivier donne un bon volume de v\u00e9g\u00e9tal a carboniser. C'est une piste int\u00e9ressante pour tous les exploitants d'olivettes (oliveraies) pour valoriser leurs d\u00e9chets. Cuissons au Jardin de Fontan\u00e8s avec le four n\u00b01, le plus ancien, retap\u00e9 pour l'occasion. L'autre\u2026","rel":"","context":"Dans &quot;biochar&quot;","block_context":{"text":"biochar","link":"https:\/\/www.altimara.eu\/blog\/category\/charbon-vegetal\/biochar\/"},"img":{"alt_text":"","src":"https:\/\/i0.wp.com\/www.altimara.eu\/blog\/wp-content\/uploads\/2021\/03\/IMG_20210316_154021-scaled.jpg?resize=350%2C200&ssl=1","width":350,"height":200,"srcset":"https:\/\/i0.wp.com\/www.altimara.eu\/blog\/wp-content\/uploads\/2021\/03\/IMG_20210316_154021-scaled.jpg?resize=350%2C200&ssl=1 1x, https:\/\/i0.wp.com\/www.altimara.eu\/blog\/wp-content\/uploads\/2021\/03\/IMG_20210316_154021-scaled.jpg?resize=525%2C300&ssl=1 1.5x, https:\/\/i0.wp.com\/www.altimara.eu\/blog\/wp-content\/uploads\/2021\/03\/IMG_20210316_154021-scaled.jpg?resize=700%2C400&ssl=1 2x, https:\/\/i0.wp.com\/www.altimara.eu\/blog\/wp-content\/uploads\/2021\/03\/IMG_20210316_154021-scaled.jpg?resize=1050%2C600&ssl=1 3x, https:\/\/i0.wp.com\/www.altimara.eu\/blog\/wp-content\/uploads\/2021\/03\/IMG_20210316_154021-scaled.jpg?resize=1400%2C800&ssl=1 4x"},"classes":[]},{"id":3525,"url":"https:\/\/www.altimara.eu\/blog\/2020\/11\/25\/show-chaud\/","url_meta":{"origin":3633,"position":2},"title":"Show\/chaud","author":"Martiou","date":"25 novembre 2020","format":false,"excerpt":"Article dans le site des \u00c9claireurs de Canal +. https:\/\/leseclaireurs.canalplus.com\/ Extraits : Bon, la charbonnerie c'est assez nouveau comme d\u00e9finition !!! Article complet : https:\/\/leseclaireurs.canalplus.com\/articles\/agir\/produire-du-charbon-vegetal-en-tondant-sa-pelouse Cet article oublie de citer notre installation avec fours et s\u00e9choir au Jardin de Fontan\u00e8s. Il permet de faire ressortir le besoin de ressources humaines,\u2026","rel":"","context":"Dans &quot;biochar&quot;","block_context":{"text":"biochar","link":"https:\/\/www.altimara.eu\/blog\/category\/charbon-vegetal\/biochar\/"},"img":{"alt_text":"","src":"https:\/\/i0.wp.com\/www.altimara.eu\/blog\/wp-content\/uploads\/2020\/11\/IMG_20201123_111600.jpg?resize=350%2C200&ssl=1","width":350,"height":200,"srcset":"https:\/\/i0.wp.com\/www.altimara.eu\/blog\/wp-content\/uploads\/2020\/11\/IMG_20201123_111600.jpg?resize=350%2C200&ssl=1 1x, https:\/\/i0.wp.com\/www.altimara.eu\/blog\/wp-content\/uploads\/2020\/11\/IMG_20201123_111600.jpg?resize=525%2C300&ssl=1 1.5x, https:\/\/i0.wp.com\/www.altimara.eu\/blog\/wp-content\/uploads\/2020\/11\/IMG_20201123_111600.jpg?resize=700%2C400&ssl=1 2x"},"classes":[]},{"id":3537,"url":"https:\/\/www.altimara.eu\/blog\/2020\/12\/11\/biochar-au-jardin\/","url_meta":{"origin":3633,"position":3},"title":"Biochar au jardin","author":"Martiou","date":"11 d\u00e9cembre 2020","format":false,"excerpt":"Au Jardin de Fontan\u00e8s, jardin maraicher o\u00f9 nous avons notre four pilote, nous avons pratiqu\u00e9 des tests de culture avec biochar. Le biochar \u00e9tant de la poudre de charbon v\u00e9g\u00e9tal, utilis\u00e9 de plus en plus dans divers endroits du Monde. Cet ajout fortifie les qualit\u00e9s du sol en stockant dans\u2026","rel":"","context":"Dans &quot;biochar&quot;","block_context":{"text":"biochar","link":"https:\/\/www.altimara.eu\/blog\/category\/charbon-vegetal\/biochar\/"},"img":{"alt_text":"","src":"https:\/\/i0.wp.com\/www.altimara.eu\/blog\/wp-content\/uploads\/2020\/12\/IMG_20201106_152053-scaled.jpg?resize=350%2C200&ssl=1","width":350,"height":200,"srcset":"https:\/\/i0.wp.com\/www.altimara.eu\/blog\/wp-content\/uploads\/2020\/12\/IMG_20201106_152053-scaled.jpg?resize=350%2C200&ssl=1 1x, https:\/\/i0.wp.com\/www.altimara.eu\/blog\/wp-content\/uploads\/2020\/12\/IMG_20201106_152053-scaled.jpg?resize=525%2C300&ssl=1 1.5x, https:\/\/i0.wp.com\/www.altimara.eu\/blog\/wp-content\/uploads\/2020\/12\/IMG_20201106_152053-scaled.jpg?resize=700%2C400&ssl=1 2x, https:\/\/i0.wp.com\/www.altimara.eu\/blog\/wp-content\/uploads\/2020\/12\/IMG_20201106_152053-scaled.jpg?resize=1050%2C600&ssl=1 3x, https:\/\/i0.wp.com\/www.altimara.eu\/blog\/wp-content\/uploads\/2020\/12\/IMG_20201106_152053-scaled.jpg?resize=1400%2C800&ssl=1 4x"},"classes":[]},{"id":3445,"url":"https:\/\/www.altimara.eu\/blog\/2020\/09\/08\/biochar-2\/","url_meta":{"origin":3633,"position":4},"title":"Biochar","author":"Martiou","date":"8 septembre 2020","format":false,"excerpt":"Kevin, le maraicher BIO du Jardin de Fontan\u00e8s, est tr\u00e8s int\u00e9ress\u00e9 par l'ajout de biochar pour ses cultures. C'est dans ce jardin que nous avons install\u00e9 nos fours gazog\u00e8nes. Jusqu'\u00e0 maintenant nous transformions notre charbon v\u00e9g\u00e9tal en \u00e9cochar, les galettes pour la cuisson. La production de biochar s'inscrit dans la\u2026","rel":"","context":"Dans &quot;biochar&quot;","block_context":{"text":"biochar","link":"https:\/\/www.altimara.eu\/blog\/category\/charbon-vegetal\/biochar\/"},"img":{"alt_text":"biochar","src":"https:\/\/i0.wp.com\/www.altimara.eu\/blog\/wp-content\/uploads\/2020\/09\/IMG_20200908_111647-2.jpg?resize=350%2C200&ssl=1","width":350,"height":200,"srcset":"https:\/\/i0.wp.com\/www.altimara.eu\/blog\/wp-content\/uploads\/2020\/09\/IMG_20200908_111647-2.jpg?resize=350%2C200&ssl=1 1x, https:\/\/i0.wp.com\/www.altimara.eu\/blog\/wp-content\/uploads\/2020\/09\/IMG_20200908_111647-2.jpg?resize=525%2C300&ssl=1 1.5x, https:\/\/i0.wp.com\/www.altimara.eu\/blog\/wp-content\/uploads\/2020\/09\/IMG_20200908_111647-2.jpg?resize=700%2C400&ssl=1 2x, https:\/\/i0.wp.com\/www.altimara.eu\/blog\/wp-content\/uploads\/2020\/09\/IMG_20200908_111647-2.jpg?resize=1050%2C600&ssl=1 3x, https:\/\/i0.wp.com\/www.altimara.eu\/blog\/wp-content\/uploads\/2020\/09\/IMG_20200908_111647-2.jpg?resize=1400%2C800&ssl=1 4x"},"classes":[]},{"id":3840,"url":"https:\/\/www.altimara.eu\/blog\/2022\/04\/20\/stage-ingenieurs\/","url_meta":{"origin":3633,"position":5},"title":"Stage ing\u00e9nieurs","author":"Martiou","date":"20 avril 2022","format":false,"excerpt":"Depuis plusieurs jours j'ai le plaisir d'accueillir deux stagiaires. Pierre et Thibault, en fin d'\u00e9tudes d'ing\u00e9nieurs \u00e0 l'\u00e9cole EPF, ont choisi l'ONG COOPDEA pour r\u00e9aliser leurs stages en entreprise. Ils vont partir au Togo pour mettre en place des unit\u00e9s de carbonisation de charbon v\u00e9g\u00e9tal. L'op\u00e9ration se d\u00e9roulera avec une\u2026","rel":"","context":"Dans &quot;biochar&quot;","block_context":{"text":"biochar","link":"https:\/\/www.altimara.eu\/blog\/category\/charbon-vegetal\/biochar\/"},"img":{"alt_text":"","src":"https:\/\/i0.wp.com\/www.altimara.eu\/blog\/wp-content\/uploads\/2022\/04\/IMG_20220404_115203.jpg?resize=350%2C200&ssl=1","width":350,"height":200,"srcset":"https:\/\/i0.wp.com\/www.altimara.eu\/blog\/wp-content\/uploads\/2022\/04\/IMG_20220404_115203.jpg?resize=350%2C200&ssl=1 1x, https:\/\/i0.wp.com\/www.altimara.eu\/blog\/wp-content\/uploads\/2022\/04\/IMG_20220404_115203.jpg?resize=525%2C300&ssl=1 1.5x, https:\/\/i0.wp.com\/www.altimara.eu\/blog\/wp-content\/uploads\/2022\/04\/IMG_20220404_115203.jpg?resize=700%2C400&ssl=1 2x, https:\/\/i0.wp.com\/www.altimara.eu\/blog\/wp-content\/uploads\/2022\/04\/IMG_20220404_115203.jpg?resize=1050%2C600&ssl=1 3x, https:\/\/i0.wp.com\/www.altimara.eu\/blog\/wp-content\/uploads\/2022\/04\/IMG_20220404_115203.jpg?resize=1400%2C800&ssl=1 4x"},"classes":[]}],"_links":{"self":[{"href":"https:\/\/www.altimara.eu\/blog\/wp-json\/wp\/v2\/posts\/3633","targetHints":{"allow":["GET"]}}],"collection":[{"href":"https:\/\/www.altimara.eu\/blog\/wp-json\/wp\/v2\/posts"}],"about":[{"href":"https:\/\/www.altimara.eu\/blog\/wp-json\/wp\/v2\/types\/post"}],"author":[{"embeddable":true,"href":"https:\/\/www.altimara.eu\/blog\/wp-json\/wp\/v2\/users\/3"}],"replies":[{"embeddable":true,"href":"https:\/\/www.altimara.eu\/blog\/wp-json\/wp\/v2\/comments?post=3633"}],"version-history":[{"count":0,"href":"https:\/\/www.altimara.eu\/blog\/wp-json\/wp\/v2\/posts\/3633\/revisions"}],"wp:attachment":[{"href":"https:\/\/www.altimara.eu\/blog\/wp-json\/wp\/v2\/media?parent=3633"}],"wp:term":[{"taxonomy":"category","embeddable":true,"href":"https:\/\/www.altimara.eu\/blog\/wp-json\/wp\/v2\/categories?post=3633"},{"taxonomy":"post_tag","embeddable":true,"href":"https:\/\/www.altimara.eu\/blog\/wp-json\/wp\/v2\/tags?post=3633"}],"curies":[{"name":"wp","href":"https:\/\/api.w.org\/{rel}","templated":true}]}}