{"id":3611,"date":"2021-03-30T20:58:42","date_gmt":"2021-03-30T19:58:42","guid":{"rendered":"https:\/\/www.altimara.eu\/blog\/?p=3611"},"modified":"2021-03-30T20:58:42","modified_gmt":"2021-03-30T19:58:42","slug":"charbon-dolivier","status":"publish","type":"post","link":"https:\/\/www.altimara.eu\/blog\/2021\/03\/30\/charbon-dolivier\/","title":{"rendered":"Charbon d&rsquo;olivier"},"content":{"rendered":"\n<p><img data-recalc-dims=\"1\" loading=\"lazy\" decoding=\"async\" width=\"100\" height=\"100\" data-attachment-id=\"3204\" data-permalink=\"https:\/\/www.altimara.eu\/blog\/2019\/10\/28\/ca-fume-xxl\/sigle-c1\/\" data-orig-file=\"https:\/\/i0.wp.com\/www.altimara.eu\/blog\/wp-content\/uploads\/2019\/10\/sigle-C1-e1592488750446.jpg?fit=200%2C200&amp;ssl=1\" data-orig-size=\"200,200\" data-comments-opened=\"1\" data-image-meta=\"{&quot;aperture&quot;:&quot;0&quot;,&quot;credit&quot;:&quot;&quot;,&quot;camera&quot;:&quot;&quot;,&quot;caption&quot;:&quot;&quot;,&quot;created_timestamp&quot;:&quot;0&quot;,&quot;copyright&quot;:&quot;&quot;,&quot;focal_length&quot;:&quot;0&quot;,&quot;iso&quot;:&quot;0&quot;,&quot;shutter_speed&quot;:&quot;0&quot;,&quot;title&quot;:&quot;&quot;,&quot;orientation&quot;:&quot;0&quot;}\" data-image-title=\"sigle C1\" data-image-description=\"\" data-image-caption=\"\" data-large-file=\"https:\/\/i0.wp.com\/www.altimara.eu\/blog\/wp-content\/uploads\/2019\/10\/sigle-C1-e1592488750446.jpg?fit=200%2C200&amp;ssl=1\" class=\"wp-image-3204\" style=\"width: 100px;\" src=\"https:\/\/i0.wp.com\/www.altimara.eu\/blog\/wp-content\/uploads\/2019\/10\/sigle-C1-e1592488750446.jpg?resize=100%2C100&#038;ssl=1\" alt=\"\"> Les tailles des oliviers g\u00e9n\u00e8rent un grand volume de branches dont il faut se d\u00e9barrasser.<\/p>\n\n\n\n<div class=\"wp-block-image\"><figure class=\"aligncenter size-large\"><img data-recalc-dims=\"1\" loading=\"lazy\" decoding=\"async\" width=\"627\" height=\"469\" data-attachment-id=\"3615\" data-permalink=\"https:\/\/www.altimara.eu\/blog\/2021\/03\/30\/charbon-dolivier\/img_20210326_165438\/\" data-orig-file=\"https:\/\/i0.wp.com\/www.altimara.eu\/blog\/wp-content\/uploads\/2021\/03\/IMG_20210326_165438.jpg?fit=709%2C530&amp;ssl=1\" data-orig-size=\"709,530\" data-comments-opened=\"1\" data-image-meta=\"{&quot;aperture&quot;:&quot;1.79&quot;,&quot;credit&quot;:&quot;&quot;,&quot;camera&quot;:&quot;M2003J15SC&quot;,&quot;caption&quot;:&quot;&quot;,&quot;created_timestamp&quot;:&quot;1616777678&quot;,&quot;copyright&quot;:&quot;&quot;,&quot;focal_length&quot;:&quot;4.74&quot;,&quot;iso&quot;:&quot;378&quot;,&quot;shutter_speed&quot;:&quot;0.001&quot;,&quot;title&quot;:&quot;&quot;,&quot;orientation&quot;:&quot;1&quot;}\" data-image-title=\"IMG_20210326_165438\" data-image-description=\"\" data-image-caption=\"\" data-large-file=\"https:\/\/i0.wp.com\/www.altimara.eu\/blog\/wp-content\/uploads\/2021\/03\/IMG_20210326_165438.jpg?fit=627%2C469&amp;ssl=1\" src=\"https:\/\/i0.wp.com\/www.altimara.eu\/blog\/wp-content\/uploads\/2021\/03\/IMG_20210326_165438.jpg?resize=627%2C469&#038;ssl=1\" alt=\"\" class=\"wp-image-3615\" srcset=\"https:\/\/i0.wp.com\/www.altimara.eu\/blog\/wp-content\/uploads\/2021\/03\/IMG_20210326_165438.jpg?w=709&amp;ssl=1 709w, https:\/\/i0.wp.com\/www.altimara.eu\/blog\/wp-content\/uploads\/2021\/03\/IMG_20210326_165438.jpg?resize=300%2C224&amp;ssl=1 300w\" sizes=\"auto, (max-width: 627px) 100vw, 627px\" \/><\/figure><\/div>\n\n\n\n<p>La carbonisation est parfaite pour transformer cette bio-masse en biochar qui la valorise. Les feuilles et les petites branches se carbonisent facilement car elles donnent une grande quantit\u00e9 de bio-gaz inflammable. Les temp\u00e9ratures des fours sont \u00e9lev\u00e9es, jusqu&rsquo;\u00e0 900\u00b0. <\/p>\n\n\n\n<div class=\"wp-block-image\"><figure class=\"aligncenter size-large\"><img data-recalc-dims=\"1\" loading=\"lazy\" decoding=\"async\" width=\"627\" height=\"419\" data-attachment-id=\"3614\" data-permalink=\"https:\/\/www.altimara.eu\/blog\/2021\/03\/30\/charbon-dolivier\/mar5242\/\" data-orig-file=\"https:\/\/i0.wp.com\/www.altimara.eu\/blog\/wp-content\/uploads\/2021\/03\/MAR5242-scaled.jpg?fit=2560%2C1709&amp;ssl=1\" data-orig-size=\"2560,1709\" data-comments-opened=\"1\" data-image-meta=\"{&quot;aperture&quot;:&quot;11&quot;,&quot;credit&quot;:&quot;Martial Acquarone&quot;,&quot;camera&quot;:&quot;NIKON D800&quot;,&quot;caption&quot;:&quot;&quot;,&quot;created_timestamp&quot;:&quot;1599563809&quot;,&quot;copyright&quot;:&quot;CC BY-SA 4.0&quot;,&quot;focal_length&quot;:&quot;70&quot;,&quot;iso&quot;:&quot;500&quot;,&quot;shutter_speed&quot;:&quot;0.04&quot;,&quot;title&quot;:&quot;&quot;,&quot;orientation&quot;:&quot;0&quot;}\" data-image-title=\"MAR5242\" data-image-description=\"\" data-image-caption=\"\" data-large-file=\"https:\/\/i0.wp.com\/www.altimara.eu\/blog\/wp-content\/uploads\/2021\/03\/MAR5242-scaled.jpg?fit=627%2C419&amp;ssl=1\" src=\"https:\/\/i0.wp.com\/www.altimara.eu\/blog\/wp-content\/uploads\/2021\/03\/MAR5242.jpg?resize=627%2C419&#038;ssl=1\" alt=\"\" class=\"wp-image-3614\" srcset=\"https:\/\/i0.wp.com\/www.altimara.eu\/blog\/wp-content\/uploads\/2021\/03\/MAR5242-scaled.jpg?resize=1024%2C684&amp;ssl=1 1024w, https:\/\/i0.wp.com\/www.altimara.eu\/blog\/wp-content\/uploads\/2021\/03\/MAR5242-scaled.jpg?resize=300%2C200&amp;ssl=1 300w, https:\/\/i0.wp.com\/www.altimara.eu\/blog\/wp-content\/uploads\/2021\/03\/MAR5242-scaled.jpg?resize=768%2C513&amp;ssl=1 768w, https:\/\/i0.wp.com\/www.altimara.eu\/blog\/wp-content\/uploads\/2021\/03\/MAR5242-scaled.jpg?resize=1536%2C1025&amp;ssl=1 1536w, https:\/\/i0.wp.com\/www.altimara.eu\/blog\/wp-content\/uploads\/2021\/03\/MAR5242-scaled.jpg?resize=2048%2C1367&amp;ssl=1 2048w, https:\/\/i0.wp.com\/www.altimara.eu\/blog\/wp-content\/uploads\/2021\/03\/MAR5242-scaled.jpg?w=1254&amp;ssl=1 1254w, https:\/\/i0.wp.com\/www.altimara.eu\/blog\/wp-content\/uploads\/2021\/03\/MAR5242-scaled.jpg?w=1881&amp;ssl=1 1881w\" sizes=\"auto, (max-width: 627px) 100vw, 627px\" \/><figcaption>Branches d&rsquo;olivier et F\u00e9tuque.<\/figcaption><\/figure><\/div>\n\n\n\n<div class=\"wp-block-image\"><figure class=\"aligncenter size-large is-resized\"><img data-recalc-dims=\"1\" loading=\"lazy\" decoding=\"async\" data-attachment-id=\"3612\" data-permalink=\"https:\/\/www.altimara.eu\/blog\/2021\/03\/30\/charbon-dolivier\/signal-2021-03-29-163704\/\" data-orig-file=\"https:\/\/i0.wp.com\/www.altimara.eu\/blog\/wp-content\/uploads\/2021\/03\/signal-2021-03-29-163704.jpeg?fit=1197%2C1600&amp;ssl=1\" data-orig-size=\"1197,1600\" data-comments-opened=\"1\" data-image-meta=\"{&quot;aperture&quot;:&quot;0&quot;,&quot;credit&quot;:&quot;&quot;,&quot;camera&quot;:&quot;&quot;,&quot;caption&quot;:&quot;&quot;,&quot;created_timestamp&quot;:&quot;0&quot;,&quot;copyright&quot;:&quot;&quot;,&quot;focal_length&quot;:&quot;0&quot;,&quot;iso&quot;:&quot;0&quot;,&quot;shutter_speed&quot;:&quot;0&quot;,&quot;title&quot;:&quot;&quot;,&quot;orientation&quot;:&quot;0&quot;}\" data-image-title=\"signal-2021-03-29-163704\" data-image-description=\"\" data-image-caption=\"\" data-large-file=\"https:\/\/i0.wp.com\/www.altimara.eu\/blog\/wp-content\/uploads\/2021\/03\/signal-2021-03-29-163704.jpeg?fit=627%2C838&amp;ssl=1\" src=\"https:\/\/i0.wp.com\/www.altimara.eu\/blog\/wp-content\/uploads\/2021\/03\/signal-2021-03-29-163704.jpeg?resize=383%2C512&#038;ssl=1\" alt=\"\" class=\"wp-image-3612\" width=\"383\" height=\"512\" srcset=\"https:\/\/i0.wp.com\/www.altimara.eu\/blog\/wp-content\/uploads\/2021\/03\/signal-2021-03-29-163704.jpeg?resize=766%2C1024&amp;ssl=1 766w, https:\/\/i0.wp.com\/www.altimara.eu\/blog\/wp-content\/uploads\/2021\/03\/signal-2021-03-29-163704.jpeg?resize=224%2C300&amp;ssl=1 224w, https:\/\/i0.wp.com\/www.altimara.eu\/blog\/wp-content\/uploads\/2021\/03\/signal-2021-03-29-163704.jpeg?resize=768%2C1027&amp;ssl=1 768w, https:\/\/i0.wp.com\/www.altimara.eu\/blog\/wp-content\/uploads\/2021\/03\/signal-2021-03-29-163704.jpeg?resize=1149%2C1536&amp;ssl=1 1149w, https:\/\/i0.wp.com\/www.altimara.eu\/blog\/wp-content\/uploads\/2021\/03\/signal-2021-03-29-163704.jpeg?w=1197&amp;ssl=1 1197w\" sizes=\"auto, (max-width: 383px) 100vw, 383px\" \/><figcaption>904\u00b0, chaude l&rsquo;olive.<\/figcaption><\/figure><\/div>\n\n\n\n<p>Ce genre de cuisson produit du charbon actif, du Binchotan (charbon japonais) et donc un biochar super extra (classification hors normes).<\/p>\n\n\n\n<div class=\"wp-block-image\"><figure class=\"aligncenter size-large\"><img data-recalc-dims=\"1\" loading=\"lazy\" decoding=\"async\" width=\"627\" height=\"419\" data-attachment-id=\"3613\" data-permalink=\"https:\/\/www.altimara.eu\/blog\/2021\/03\/30\/charbon-dolivier\/mar5224\/\" data-orig-file=\"https:\/\/i0.wp.com\/www.altimara.eu\/blog\/wp-content\/uploads\/2021\/03\/MAR5224-scaled.jpg?fit=2560%2C1709&amp;ssl=1\" data-orig-size=\"2560,1709\" data-comments-opened=\"1\" data-image-meta=\"{&quot;aperture&quot;:&quot;14&quot;,&quot;credit&quot;:&quot;Martial Acquarone&quot;,&quot;camera&quot;:&quot;NIKON D800&quot;,&quot;caption&quot;:&quot;&quot;,&quot;created_timestamp&quot;:&quot;1599563809&quot;,&quot;copyright&quot;:&quot;CC BY-SA 4.0&quot;,&quot;focal_length&quot;:&quot;70&quot;,&quot;iso&quot;:&quot;500&quot;,&quot;shutter_speed&quot;:&quot;0.025&quot;,&quot;title&quot;:&quot;&quot;,&quot;orientation&quot;:&quot;0&quot;}\" data-image-title=\"MAR5224\" data-image-description=\"\" data-image-caption=\"\" data-large-file=\"https:\/\/i0.wp.com\/www.altimara.eu\/blog\/wp-content\/uploads\/2021\/03\/MAR5224-scaled.jpg?fit=627%2C419&amp;ssl=1\" src=\"https:\/\/i0.wp.com\/www.altimara.eu\/blog\/wp-content\/uploads\/2021\/03\/MAR5224.jpg?resize=627%2C419&#038;ssl=1\" alt=\"\" class=\"wp-image-3613\" srcset=\"https:\/\/i0.wp.com\/www.altimara.eu\/blog\/wp-content\/uploads\/2021\/03\/MAR5224-scaled.jpg?resize=1024%2C684&amp;ssl=1 1024w, https:\/\/i0.wp.com\/www.altimara.eu\/blog\/wp-content\/uploads\/2021\/03\/MAR5224-scaled.jpg?resize=300%2C200&amp;ssl=1 300w, https:\/\/i0.wp.com\/www.altimara.eu\/blog\/wp-content\/uploads\/2021\/03\/MAR5224-scaled.jpg?resize=768%2C513&amp;ssl=1 768w, https:\/\/i0.wp.com\/www.altimara.eu\/blog\/wp-content\/uploads\/2021\/03\/MAR5224-scaled.jpg?resize=1536%2C1025&amp;ssl=1 1536w, https:\/\/i0.wp.com\/www.altimara.eu\/blog\/wp-content\/uploads\/2021\/03\/MAR5224-scaled.jpg?resize=2048%2C1367&amp;ssl=1 2048w, https:\/\/i0.wp.com\/www.altimara.eu\/blog\/wp-content\/uploads\/2021\/03\/MAR5224-scaled.jpg?w=1254&amp;ssl=1 1254w, https:\/\/i0.wp.com\/www.altimara.eu\/blog\/wp-content\/uploads\/2021\/03\/MAR5224-scaled.jpg?w=1881&amp;ssl=1 1881w\" sizes=\"auto, (max-width: 627px) 100vw, 627px\" \/><figcaption>Cuite bleue \u00e0 l&rsquo;huile d&rsquo;olive !!!<\/figcaption><\/figure><\/div>\n","protected":false},"excerpt":{"rendered":"<p>Les tailles des oliviers g\u00e9n\u00e8rent un grand volume de branches dont il faut se d\u00e9barrasser. La carbonisation est parfaite pour transformer cette bio-masse en biochar qui la valorise. Les feuilles et les petites branches se carbonisent facilement car elles donnent une grande quantit\u00e9 de bio-gaz inflammable. Les temp\u00e9ratures des fours sont \u00e9lev\u00e9es, jusqu&rsquo;\u00e0 900\u00b0. Ce [&hellip;]<\/p>\n","protected":false},"author":3,"featured_media":0,"comment_status":"open","ping_status":"open","sticky":false,"template":"","format":"standard","meta":{"ngg_post_thumbnail":0,"jetpack_post_was_ever_published":false,"_jetpack_newsletter_access":"","_jetpack_dont_email_post_to_subs":false,"_jetpack_newsletter_tier_id":0,"_jetpack_memberships_contains_paywalled_content":false,"_jetpack_memberships_contains_paid_content":false,"footnotes":"","jetpack_publicize_message":"","jetpack_publicize_feature_enabled":true,"jetpack_social_post_already_shared":true,"jetpack_social_options":{"image_generator_settings":{"template":"highway","default_image_id":0,"font":"","enabled":false},"version":2}},"categories":[176,6,86],"tags":[93,91,182],"class_list":["post-3611","post","type-post","status-publish","format-standard","hentry","category-biochar","category-charbon-de-bois-carbon-art","category-charbon-vegetal","tag-biochar","tag-charbon-vegetal","tag-olivier"],"jetpack_publicize_connections":[],"jetpack_featured_media_url":"","jetpack_shortlink":"https:\/\/wp.me\/p4r91c-Wf","jetpack_sharing_enabled":true,"jetpack-related-posts":[{"id":3594,"url":"https:\/\/www.altimara.eu\/blog\/2021\/03\/19\/fin-dhiver\/","url_meta":{"origin":3611,"position":0},"title":"Fin d&rsquo;hiver","author":"Martiou","date":"19 mars 2021","format":false,"excerpt":"De nombreux travaux au Jardin et \u00e0 l'atelier. La taille des olivier donne un bon volume de v\u00e9g\u00e9tal a carboniser. C'est une piste int\u00e9ressante pour tous les exploitants d'olivettes (oliveraies) pour valoriser leurs d\u00e9chets. Cuissons au Jardin de Fontan\u00e8s avec le four n\u00b01, le plus ancien, retap\u00e9 pour l'occasion. L'autre\u2026","rel":"","context":"Dans &quot;biochar&quot;","block_context":{"text":"biochar","link":"https:\/\/www.altimara.eu\/blog\/category\/charbon-vegetal\/biochar\/"},"img":{"alt_text":"","src":"https:\/\/i0.wp.com\/www.altimara.eu\/blog\/wp-content\/uploads\/2021\/03\/IMG_20210316_154021-scaled.jpg?resize=350%2C200&ssl=1","width":350,"height":200,"srcset":"https:\/\/i0.wp.com\/www.altimara.eu\/blog\/wp-content\/uploads\/2021\/03\/IMG_20210316_154021-scaled.jpg?resize=350%2C200&ssl=1 1x, https:\/\/i0.wp.com\/www.altimara.eu\/blog\/wp-content\/uploads\/2021\/03\/IMG_20210316_154021-scaled.jpg?resize=525%2C300&ssl=1 1.5x, https:\/\/i0.wp.com\/www.altimara.eu\/blog\/wp-content\/uploads\/2021\/03\/IMG_20210316_154021-scaled.jpg?resize=700%2C400&ssl=1 2x, https:\/\/i0.wp.com\/www.altimara.eu\/blog\/wp-content\/uploads\/2021\/03\/IMG_20210316_154021-scaled.jpg?resize=1050%2C600&ssl=1 3x, https:\/\/i0.wp.com\/www.altimara.eu\/blog\/wp-content\/uploads\/2021\/03\/IMG_20210316_154021-scaled.jpg?resize=1400%2C800&ssl=1 4x"},"classes":[]},{"id":3445,"url":"https:\/\/www.altimara.eu\/blog\/2020\/09\/08\/biochar-2\/","url_meta":{"origin":3611,"position":1},"title":"Biochar","author":"Martiou","date":"8 septembre 2020","format":false,"excerpt":"Kevin, le maraicher BIO du Jardin de Fontan\u00e8s, est tr\u00e8s int\u00e9ress\u00e9 par l'ajout de biochar pour ses cultures. C'est dans ce jardin que nous avons install\u00e9 nos fours gazog\u00e8nes. Jusqu'\u00e0 maintenant nous transformions notre charbon v\u00e9g\u00e9tal en \u00e9cochar, les galettes pour la cuisson. La production de biochar s'inscrit dans la\u2026","rel":"","context":"Dans &quot;biochar&quot;","block_context":{"text":"biochar","link":"https:\/\/www.altimara.eu\/blog\/category\/charbon-vegetal\/biochar\/"},"img":{"alt_text":"biochar","src":"https:\/\/i0.wp.com\/www.altimara.eu\/blog\/wp-content\/uploads\/2020\/09\/IMG_20200908_111647-2.jpg?resize=350%2C200&ssl=1","width":350,"height":200,"srcset":"https:\/\/i0.wp.com\/www.altimara.eu\/blog\/wp-content\/uploads\/2020\/09\/IMG_20200908_111647-2.jpg?resize=350%2C200&ssl=1 1x, https:\/\/i0.wp.com\/www.altimara.eu\/blog\/wp-content\/uploads\/2020\/09\/IMG_20200908_111647-2.jpg?resize=525%2C300&ssl=1 1.5x, https:\/\/i0.wp.com\/www.altimara.eu\/blog\/wp-content\/uploads\/2020\/09\/IMG_20200908_111647-2.jpg?resize=700%2C400&ssl=1 2x, https:\/\/i0.wp.com\/www.altimara.eu\/blog\/wp-content\/uploads\/2020\/09\/IMG_20200908_111647-2.jpg?resize=1050%2C600&ssl=1 3x, https:\/\/i0.wp.com\/www.altimara.eu\/blog\/wp-content\/uploads\/2020\/09\/IMG_20200908_111647-2.jpg?resize=1400%2C800&ssl=1 4x"},"classes":[]},{"id":3818,"url":"https:\/\/www.altimara.eu\/blog\/2022\/02\/21\/four-jardin\/","url_meta":{"origin":3611,"position":2},"title":"Four jardin","author":"Martiou","date":"21 f\u00e9vrier 2022","format":false,"excerpt":"Retour en cette presque fin d'hiver au Jardin de Fontan\u00e8s. Je vais reprendre la carbonisation des v\u00e9g\u00e9taux. Le four en terre est bien mal en point. A priori nous n'allons plus l'utiliser, tout au moins dans cette forme. Le stock est bien sec, biochar en vue. Kevin a taill\u00e9 ses\u2026","rel":"","context":"Dans &quot;biochar&quot;","block_context":{"text":"biochar","link":"https:\/\/www.altimara.eu\/blog\/category\/charbon-vegetal\/biochar\/"},"img":{"alt_text":"","src":"https:\/\/i0.wp.com\/www.altimara.eu\/blog\/wp-content\/uploads\/2022\/02\/IMG_20220218_151012-2-scaled.jpg?resize=350%2C200&ssl=1","width":350,"height":200,"srcset":"https:\/\/i0.wp.com\/www.altimara.eu\/blog\/wp-content\/uploads\/2022\/02\/IMG_20220218_151012-2-scaled.jpg?resize=350%2C200&ssl=1 1x, https:\/\/i0.wp.com\/www.altimara.eu\/blog\/wp-content\/uploads\/2022\/02\/IMG_20220218_151012-2-scaled.jpg?resize=525%2C300&ssl=1 1.5x, https:\/\/i0.wp.com\/www.altimara.eu\/blog\/wp-content\/uploads\/2022\/02\/IMG_20220218_151012-2-scaled.jpg?resize=700%2C400&ssl=1 2x, https:\/\/i0.wp.com\/www.altimara.eu\/blog\/wp-content\/uploads\/2022\/02\/IMG_20220218_151012-2-scaled.jpg?resize=1050%2C600&ssl=1 3x, https:\/\/i0.wp.com\/www.altimara.eu\/blog\/wp-content\/uploads\/2022\/02\/IMG_20220218_151012-2-scaled.jpg?resize=1400%2C800&ssl=1 4x"},"classes":[]},{"id":3633,"url":"https:\/\/www.altimara.eu\/blog\/2021\/04\/28\/gros-four\/","url_meta":{"origin":3611,"position":3},"title":"Gros four","author":"Martiou","date":"28 avril 2021","format":false,"excerpt":"Le four de 220 L est op\u00e9rationnel. La prise des gaz sur le dessus fonctionne parfaitement et le diam\u00e8tre de 22 du tube permet une bonne conduite vers le foyer. Les bio-gaz au recyclage dans le foyer.","rel":"","context":"Dans &quot;biochar&quot;","block_context":{"text":"biochar","link":"https:\/\/www.altimara.eu\/blog\/category\/charbon-vegetal\/biochar\/"},"img":{"alt_text":"","src":"https:\/\/i0.wp.com\/www.altimara.eu\/blog\/wp-content\/uploads\/2021\/04\/Capture-de%CC%81cran-2021-04-28-a%CC%80-13.59.04.jpg?resize=350%2C200&ssl=1","width":350,"height":200},"classes":[]},{"id":3664,"url":"https:\/\/www.altimara.eu\/blog\/2021\/07\/08\/biochar-en-vente\/","url_meta":{"origin":3611,"position":4},"title":"Biochar en vente","author":"Martiou","date":"8 juillet 2021","format":false,"excerpt":"Notre association COOPDEA vend du biochar au kilo. Issu de la carbonisation des d\u00e9chets verts, ce biochar am\u00e9liore la qualit\u00e9 de la terre des plantations. Le biochar est un charbon qui en captant nombres d'\u00e9l\u00e9ments importants pour les plantes tel que l'eau, les min\u00e9raux et les bact\u00e9ries et en les\u2026","rel":"","context":"Dans &quot;biochar&quot;","block_context":{"text":"biochar","link":"https:\/\/www.altimara.eu\/blog\/category\/charbon-vegetal\/biochar\/"},"img":{"alt_text":"","src":"https:\/\/i0.wp.com\/www.altimara.eu\/blog\/wp-content\/uploads\/2021\/07\/signal-2021-07-08-084556.jpeg?resize=350%2C200&ssl=1","width":350,"height":200,"srcset":"https:\/\/i0.wp.com\/www.altimara.eu\/blog\/wp-content\/uploads\/2021\/07\/signal-2021-07-08-084556.jpeg?resize=350%2C200&ssl=1 1x, https:\/\/i0.wp.com\/www.altimara.eu\/blog\/wp-content\/uploads\/2021\/07\/signal-2021-07-08-084556.jpeg?resize=525%2C300&ssl=1 1.5x, https:\/\/i0.wp.com\/www.altimara.eu\/blog\/wp-content\/uploads\/2021\/07\/signal-2021-07-08-084556.jpeg?resize=700%2C400&ssl=1 2x, https:\/\/i0.wp.com\/www.altimara.eu\/blog\/wp-content\/uploads\/2021\/07\/signal-2021-07-08-084556.jpeg?resize=1050%2C600&ssl=1 3x"},"classes":[]},{"id":3537,"url":"https:\/\/www.altimara.eu\/blog\/2020\/12\/11\/biochar-au-jardin\/","url_meta":{"origin":3611,"position":5},"title":"Biochar au jardin","author":"Martiou","date":"11 d\u00e9cembre 2020","format":false,"excerpt":"Au Jardin de Fontan\u00e8s, jardin maraicher o\u00f9 nous avons notre four pilote, nous avons pratiqu\u00e9 des tests de culture avec biochar. Le biochar \u00e9tant de la poudre de charbon v\u00e9g\u00e9tal, utilis\u00e9 de plus en plus dans divers endroits du Monde. Cet ajout fortifie les qualit\u00e9s du sol en stockant dans\u2026","rel":"","context":"Dans &quot;biochar&quot;","block_context":{"text":"biochar","link":"https:\/\/www.altimara.eu\/blog\/category\/charbon-vegetal\/biochar\/"},"img":{"alt_text":"","src":"https:\/\/i0.wp.com\/www.altimara.eu\/blog\/wp-content\/uploads\/2020\/12\/IMG_20201106_152053-scaled.jpg?resize=350%2C200&ssl=1","width":350,"height":200,"srcset":"https:\/\/i0.wp.com\/www.altimara.eu\/blog\/wp-content\/uploads\/2020\/12\/IMG_20201106_152053-scaled.jpg?resize=350%2C200&ssl=1 1x, https:\/\/i0.wp.com\/www.altimara.eu\/blog\/wp-content\/uploads\/2020\/12\/IMG_20201106_152053-scaled.jpg?resize=525%2C300&ssl=1 1.5x, https:\/\/i0.wp.com\/www.altimara.eu\/blog\/wp-content\/uploads\/2020\/12\/IMG_20201106_152053-scaled.jpg?resize=700%2C400&ssl=1 2x, https:\/\/i0.wp.com\/www.altimara.eu\/blog\/wp-content\/uploads\/2020\/12\/IMG_20201106_152053-scaled.jpg?resize=1050%2C600&ssl=1 3x, https:\/\/i0.wp.com\/www.altimara.eu\/blog\/wp-content\/uploads\/2020\/12\/IMG_20201106_152053-scaled.jpg?resize=1400%2C800&ssl=1 4x"},"classes":[]}],"_links":{"self":[{"href":"https:\/\/www.altimara.eu\/blog\/wp-json\/wp\/v2\/posts\/3611","targetHints":{"allow":["GET"]}}],"collection":[{"href":"https:\/\/www.altimara.eu\/blog\/wp-json\/wp\/v2\/posts"}],"about":[{"href":"https:\/\/www.altimara.eu\/blog\/wp-json\/wp\/v2\/types\/post"}],"author":[{"embeddable":true,"href":"https:\/\/www.altimara.eu\/blog\/wp-json\/wp\/v2\/users\/3"}],"replies":[{"embeddable":true,"href":"https:\/\/www.altimara.eu\/blog\/wp-json\/wp\/v2\/comments?post=3611"}],"version-history":[{"count":0,"href":"https:\/\/www.altimara.eu\/blog\/wp-json\/wp\/v2\/posts\/3611\/revisions"}],"wp:attachment":[{"href":"https:\/\/www.altimara.eu\/blog\/wp-json\/wp\/v2\/media?parent=3611"}],"wp:term":[{"taxonomy":"category","embeddable":true,"href":"https:\/\/www.altimara.eu\/blog\/wp-json\/wp\/v2\/categories?post=3611"},{"taxonomy":"post_tag","embeddable":true,"href":"https:\/\/www.altimara.eu\/blog\/wp-json\/wp\/v2\/tags?post=3611"}],"curies":[{"name":"wp","href":"https:\/\/api.w.org\/{rel}","templated":true}]}}