{"id":3568,"date":"2021-02-08T15:46:35","date_gmt":"2021-02-08T14:46:35","guid":{"rendered":"https:\/\/www.altimara.eu\/blog\/?p=3568"},"modified":"2021-02-08T15:46:35","modified_gmt":"2021-02-08T14:46:35","slug":"charbonniere-netflix","status":"publish","type":"post","link":"https:\/\/www.altimara.eu\/blog\/2021\/02\/08\/charbonniere-netflix\/","title":{"rendered":"Charbonni\u00e8re Netflix"},"content":{"rendered":"\n<p>Couvre feu oblige, c&rsquo;est d&rsquo;ailleurs curieux ce terme car une charbonni\u00e8re c&rsquo;est bien un couvre feu ou couve feu&#8230;., on fait dans la s\u00e9rie. Et au surprise v&rsquo;l\u00e0 t&rsquo;y pas qu&rsquo;une sc\u00e8ne met en valeur des charbonni\u00e8res.<\/p>\n\n\n\n<div class=\"wp-block-image\"><figure class=\"aligncenter size-large\"><img data-recalc-dims=\"1\" loading=\"lazy\" decoding=\"async\" width=\"627\" height=\"398\" data-attachment-id=\"3569\" data-permalink=\"https:\/\/www.altimara.eu\/blog\/2021\/02\/08\/charbonniere-netflix\/capture-decran-2021-02-08-a-14-57-41\/\" data-orig-file=\"https:\/\/i0.wp.com\/www.altimara.eu\/blog\/wp-content\/uploads\/2021\/02\/Capture-de%CC%81cran-2021-02-08-a%CC%80-14.57.41.jpg?fit=1470%2C933&amp;ssl=1\" data-orig-size=\"1470,933\" data-comments-opened=\"1\" data-image-meta=\"{&quot;aperture&quot;:&quot;0&quot;,&quot;credit&quot;:&quot;&quot;,&quot;camera&quot;:&quot;&quot;,&quot;caption&quot;:&quot;&quot;,&quot;created_timestamp&quot;:&quot;0&quot;,&quot;copyright&quot;:&quot;&quot;,&quot;focal_length&quot;:&quot;0&quot;,&quot;iso&quot;:&quot;0&quot;,&quot;shutter_speed&quot;:&quot;0&quot;,&quot;title&quot;:&quot;&quot;,&quot;orientation&quot;:&quot;0&quot;}\" data-image-title=\"Capture-de\u0301cran-2021-02-08-a\u0300-14.57.41\" data-image-description=\"\" data-image-caption=\"\" data-large-file=\"https:\/\/i0.wp.com\/www.altimara.eu\/blog\/wp-content\/uploads\/2021\/02\/Capture-de%CC%81cran-2021-02-08-a%CC%80-14.57.41.jpg?fit=627%2C398&amp;ssl=1\" src=\"https:\/\/i0.wp.com\/www.altimara.eu\/blog\/wp-content\/uploads\/2021\/02\/Capture-de%CC%81cran-2021-02-08-a%CC%80-14.57.41.jpg?resize=627%2C398&#038;ssl=1\" alt=\"\" class=\"wp-image-3569\" srcset=\"https:\/\/i0.wp.com\/www.altimara.eu\/blog\/wp-content\/uploads\/2021\/02\/Capture-de%CC%81cran-2021-02-08-a%CC%80-14.57.41.jpg?resize=1024%2C650&amp;ssl=1 1024w, https:\/\/i0.wp.com\/www.altimara.eu\/blog\/wp-content\/uploads\/2021\/02\/Capture-de%CC%81cran-2021-02-08-a%CC%80-14.57.41.jpg?resize=300%2C190&amp;ssl=1 300w, https:\/\/i0.wp.com\/www.altimara.eu\/blog\/wp-content\/uploads\/2021\/02\/Capture-de%CC%81cran-2021-02-08-a%CC%80-14.57.41.jpg?resize=768%2C487&amp;ssl=1 768w, https:\/\/i0.wp.com\/www.altimara.eu\/blog\/wp-content\/uploads\/2021\/02\/Capture-de%CC%81cran-2021-02-08-a%CC%80-14.57.41.jpg?w=1470&amp;ssl=1 1470w, https:\/\/i0.wp.com\/www.altimara.eu\/blog\/wp-content\/uploads\/2021\/02\/Capture-de%CC%81cran-2021-02-08-a%CC%80-14.57.41.jpg?w=1254&amp;ssl=1 1254w\" sizes=\"auto, (max-width: 627px) 100vw, 627px\" \/><figcaption>\u00c7a fume sur le cot\u00e9 ?<\/figcaption><\/figure><\/div>\n\n\n\n<p>C&rsquo;est au moyen-\u00e2ge en Italie et il y a plein de sorci\u00e8res, brrr ! <\/p>\n\n\n\n<div class=\"wp-block-image\"><figure class=\"aligncenter size-large is-resized\"><img data-recalc-dims=\"1\" loading=\"lazy\" decoding=\"async\" data-attachment-id=\"3570\" data-permalink=\"https:\/\/www.altimara.eu\/blog\/2021\/02\/08\/charbonniere-netflix\/capture-decran-2021-02-08-a-15-10-11\/\" data-orig-file=\"https:\/\/i0.wp.com\/www.altimara.eu\/blog\/wp-content\/uploads\/2021\/02\/Capture-de%CC%81cran-2021-02-08-a%CC%80-15.10.11.jpg?fit=1746%2C1034&amp;ssl=1\" data-orig-size=\"1746,1034\" data-comments-opened=\"1\" data-image-meta=\"{&quot;aperture&quot;:&quot;0&quot;,&quot;credit&quot;:&quot;&quot;,&quot;camera&quot;:&quot;&quot;,&quot;caption&quot;:&quot;&quot;,&quot;created_timestamp&quot;:&quot;0&quot;,&quot;copyright&quot;:&quot;&quot;,&quot;focal_length&quot;:&quot;0&quot;,&quot;iso&quot;:&quot;0&quot;,&quot;shutter_speed&quot;:&quot;0&quot;,&quot;title&quot;:&quot;&quot;,&quot;orientation&quot;:&quot;0&quot;}\" data-image-title=\"Capture-de\u0301cran-2021-02-08-a\u0300-15.10.11\" data-image-description=\"\" data-image-caption=\"\" data-large-file=\"https:\/\/i0.wp.com\/www.altimara.eu\/blog\/wp-content\/uploads\/2021\/02\/Capture-de%CC%81cran-2021-02-08-a%CC%80-15.10.11.jpg?fit=627%2C371&amp;ssl=1\" src=\"https:\/\/i0.wp.com\/www.altimara.eu\/blog\/wp-content\/uploads\/2021\/02\/Capture-de%CC%81cran-2021-02-08-a%CC%80-15.10.11.jpg?resize=580%2C343&#038;ssl=1\" alt=\"\" class=\"wp-image-3570\" width=\"580\" height=\"343\" srcset=\"https:\/\/i0.wp.com\/www.altimara.eu\/blog\/wp-content\/uploads\/2021\/02\/Capture-de%CC%81cran-2021-02-08-a%CC%80-15.10.11.jpg?resize=1024%2C606&amp;ssl=1 1024w, https:\/\/i0.wp.com\/www.altimara.eu\/blog\/wp-content\/uploads\/2021\/02\/Capture-de%CC%81cran-2021-02-08-a%CC%80-15.10.11.jpg?resize=300%2C178&amp;ssl=1 300w, https:\/\/i0.wp.com\/www.altimara.eu\/blog\/wp-content\/uploads\/2021\/02\/Capture-de%CC%81cran-2021-02-08-a%CC%80-15.10.11.jpg?resize=768%2C455&amp;ssl=1 768w, https:\/\/i0.wp.com\/www.altimara.eu\/blog\/wp-content\/uploads\/2021\/02\/Capture-de%CC%81cran-2021-02-08-a%CC%80-15.10.11.jpg?resize=1536%2C910&amp;ssl=1 1536w, https:\/\/i0.wp.com\/www.altimara.eu\/blog\/wp-content\/uploads\/2021\/02\/Capture-de%CC%81cran-2021-02-08-a%CC%80-15.10.11.jpg?w=1746&amp;ssl=1 1746w, https:\/\/i0.wp.com\/www.altimara.eu\/blog\/wp-content\/uploads\/2021\/02\/Capture-de%CC%81cran-2021-02-08-a%CC%80-15.10.11.jpg?w=1254&amp;ssl=1 1254w\" sizes=\"auto, (max-width: 580px) 100vw, 580px\" \/><figcaption>L&rsquo;\u00e9chelle c&rsquo;est bon !<\/figcaption><\/figure><\/div>\n\n\n\n<p>J&rsquo;ai compt\u00e9 au moins trois meules en cuisson, bien trop pointues mais bien faites. Elles sont au m\u00eame stade de carbonisation, des meules de 4\/5st\u00e8res, avec une belle terre noire. La fum\u00e9e n&rsquo;est pas trop cr\u00e9dible car je pense qu&rsquo;en fait elles ne sont pas allum\u00e9es, les d\u00e9corateurs ne sont pas charbonniers.<\/p>\n\n\n\n<div class=\"wp-block-image\"><figure class=\"aligncenter size-large\"><img data-recalc-dims=\"1\" loading=\"lazy\" decoding=\"async\" width=\"627\" height=\"319\" data-attachment-id=\"3571\" data-permalink=\"https:\/\/www.altimara.eu\/blog\/2021\/02\/08\/charbonniere-netflix\/capture-decran-2021-02-08-a-15-10-57\/\" data-orig-file=\"https:\/\/i0.wp.com\/www.altimara.eu\/blog\/wp-content\/uploads\/2021\/02\/Capture-de%CC%81cran-2021-02-08-a%CC%80-15.10.57.jpg?fit=1898%2C965&amp;ssl=1\" data-orig-size=\"1898,965\" data-comments-opened=\"1\" data-image-meta=\"{&quot;aperture&quot;:&quot;0&quot;,&quot;credit&quot;:&quot;&quot;,&quot;camera&quot;:&quot;&quot;,&quot;caption&quot;:&quot;&quot;,&quot;created_timestamp&quot;:&quot;0&quot;,&quot;copyright&quot;:&quot;&quot;,&quot;focal_length&quot;:&quot;0&quot;,&quot;iso&quot;:&quot;0&quot;,&quot;shutter_speed&quot;:&quot;0&quot;,&quot;title&quot;:&quot;&quot;,&quot;orientation&quot;:&quot;0&quot;}\" data-image-title=\"Capture-de\u0301cran-2021-02-08-a\u0300-15.10.57\" data-image-description=\"\" data-image-caption=\"\" data-large-file=\"https:\/\/i0.wp.com\/www.altimara.eu\/blog\/wp-content\/uploads\/2021\/02\/Capture-de%CC%81cran-2021-02-08-a%CC%80-15.10.57.jpg?fit=627%2C319&amp;ssl=1\" src=\"https:\/\/i0.wp.com\/www.altimara.eu\/blog\/wp-content\/uploads\/2021\/02\/Capture-de%CC%81cran-2021-02-08-a%CC%80-15.10.57.jpg?resize=627%2C319&#038;ssl=1\" alt=\"\" class=\"wp-image-3571\" srcset=\"https:\/\/i0.wp.com\/www.altimara.eu\/blog\/wp-content\/uploads\/2021\/02\/Capture-de%CC%81cran-2021-02-08-a%CC%80-15.10.57.jpg?resize=1024%2C521&amp;ssl=1 1024w, https:\/\/i0.wp.com\/www.altimara.eu\/blog\/wp-content\/uploads\/2021\/02\/Capture-de%CC%81cran-2021-02-08-a%CC%80-15.10.57.jpg?resize=300%2C153&amp;ssl=1 300w, https:\/\/i0.wp.com\/www.altimara.eu\/blog\/wp-content\/uploads\/2021\/02\/Capture-de%CC%81cran-2021-02-08-a%CC%80-15.10.57.jpg?resize=768%2C390&amp;ssl=1 768w, https:\/\/i0.wp.com\/www.altimara.eu\/blog\/wp-content\/uploads\/2021\/02\/Capture-de%CC%81cran-2021-02-08-a%CC%80-15.10.57.jpg?resize=1536%2C781&amp;ssl=1 1536w, https:\/\/i0.wp.com\/www.altimara.eu\/blog\/wp-content\/uploads\/2021\/02\/Capture-de%CC%81cran-2021-02-08-a%CC%80-15.10.57.jpg?w=1898&amp;ssl=1 1898w, https:\/\/i0.wp.com\/www.altimara.eu\/blog\/wp-content\/uploads\/2021\/02\/Capture-de%CC%81cran-2021-02-08-a%CC%80-15.10.57.jpg?w=1254&amp;ssl=1 1254w\" sizes=\"auto, (max-width: 627px) 100vw, 627px\" \/><figcaption>Charbonni\u00e8re d\u2019\u00c9gypte ??<\/figcaption><\/figure><\/div>\n\n\n\n<p>Charbonniers et sorci\u00e8res, nous retrouvons l\u00e0 le mythe des personnages sulfureux des for\u00eats. Monstres, brigands, surnaturel, la for\u00eat a toujours fait peur. Les charbonniers aussi, d\u00e9vou\u00e9s au feu donc au diable, noir de salet\u00e9, ils transforment le bois en le brulant tout en le rendant plus inflammable au feu tels des alchimistes de l&rsquo;enfer.<\/p>\n\n\n\n<p>S&rsquo;ils veulent un sp\u00e9cialiste pour le d\u00e9cors je suis partant !!!<\/p>\n\n\n\n<p>Netflix: Luna Nera<\/p>\n","protected":false},"excerpt":{"rendered":"<p>Couvre feu oblige, c&rsquo;est d&rsquo;ailleurs curieux ce terme car une charbonni\u00e8re c&rsquo;est bien un couvre feu ou couve feu&#8230;., on fait dans la s\u00e9rie. Et au surprise v&rsquo;l\u00e0 t&rsquo;y pas qu&rsquo;une sc\u00e8ne met en valeur des charbonni\u00e8res. C&rsquo;est au moyen-\u00e2ge en Italie et il y a plein de sorci\u00e8res, brrr ! J&rsquo;ai compt\u00e9 au moins [&hellip;]<\/p>\n","protected":false},"author":3,"featured_media":0,"comment_status":"open","ping_status":"open","sticky":false,"template":"","format":"standard","meta":{"ngg_post_thumbnail":0,"jetpack_post_was_ever_published":false,"_jetpack_newsletter_access":"","_jetpack_dont_email_post_to_subs":false,"_jetpack_newsletter_tier_id":0,"_jetpack_memberships_contains_paywalled_content":false,"_jetpack_memberships_contains_paid_content":false,"footnotes":"","jetpack_publicize_message":"","jetpack_publicize_feature_enabled":true,"jetpack_social_post_already_shared":true,"jetpack_social_options":{"image_generator_settings":{"template":"highway","default_image_id":0,"font":"","enabled":false},"version":2}},"categories":[1],"tags":[12,178],"class_list":["post-3568","post","type-post","status-publish","format-standard","hentry","category-non-classe","tag-charbonniere","tag-netflix"],"jetpack_publicize_connections":[],"jetpack_featured_media_url":"","jetpack_shortlink":"https:\/\/wp.me\/p4r91c-Vy","jetpack_sharing_enabled":true,"jetpack-related-posts":[{"id":3463,"url":"https:\/\/www.altimara.eu\/blog\/2020\/10\/12\/nouvelle-cuisson-en-fosse\/","url_meta":{"origin":3568,"position":0},"title":"Nouvelle cuisson en fosse","author":"Martiou","date":"12 octobre 2020","format":false,"excerpt":"Une cuisson bien men\u00e9e lors de la f\u00eate de la charbonni\u00e8re chez mon ami Jean l'Ard\u00e9chois. La terre \u00e9tait tremp\u00e9e suite \u00e0 de gros orages mais facile a travailler. J'ai utilis\u00e9 la m\u00eame tranch\u00e9e que l'ann\u00e9e derni\u00e8re. La profondeur \u00e9tant limit\u00e9e par une dalle de pierre, j'ai agrandi sur les\u2026","rel":"","context":"Dans &quot;0- MES CHARBONNI\u00c8RES&quot;","block_context":{"text":"0- MES CHARBONNI\u00c8RES","link":"https:\/\/www.altimara.eu\/blog\/category\/mes-charbonnieres\/"},"img":{"alt_text":"","src":"https:\/\/i0.wp.com\/www.altimara.eu\/blog\/wp-content\/uploads\/2020\/10\/MAR4117.jpg?resize=350%2C200&ssl=1","width":350,"height":200,"srcset":"https:\/\/i0.wp.com\/www.altimara.eu\/blog\/wp-content\/uploads\/2020\/10\/MAR4117.jpg?resize=350%2C200&ssl=1 1x, https:\/\/i0.wp.com\/www.altimara.eu\/blog\/wp-content\/uploads\/2020\/10\/MAR4117.jpg?resize=525%2C300&ssl=1 1.5x, https:\/\/i0.wp.com\/www.altimara.eu\/blog\/wp-content\/uploads\/2020\/10\/MAR4117.jpg?resize=700%2C400&ssl=1 2x, https:\/\/i0.wp.com\/www.altimara.eu\/blog\/wp-content\/uploads\/2020\/10\/MAR4117.jpg?resize=1050%2C600&ssl=1 3x, https:\/\/i0.wp.com\/www.altimara.eu\/blog\/wp-content\/uploads\/2020\/10\/MAR4117.jpg?resize=1400%2C800&ssl=1 4x"},"classes":[]},{"id":3002,"url":"https:\/\/www.altimara.eu\/blog\/2019\/04\/02\/charbonniere-caveirac\/","url_meta":{"origin":3568,"position":1},"title":"Charbonni\u00e8re Caveirac","author":"Martiou","date":"2 avril 2019","format":false,"excerpt":"Rendez vous les 27 et 28 avril \u00e0 Caveirac, pas loin de N\u00eemes, dans une garrigue magnifi\u00e9e, pour une nouvelle cuisson de charbonni\u00e8re. J'ai r\u00e9pondu avec plaisir \u00e0 l'invitation du pr\u00e9sident de l'association pierres s\u00e8ches et garrigue de ce village. Divers aspects des m\u00e9tiers et caract\u00e9ristiques des garrigues seront pr\u00e9sent\u00e9s\u2026","rel":"","context":"Dans &quot;0- MES CHARBONNI\u00c8RES&quot;","block_context":{"text":"0- MES CHARBONNI\u00c8RES","link":"https:\/\/www.altimara.eu\/blog\/category\/mes-charbonnieres\/"},"img":{"alt_text":"","src":"https:\/\/i0.wp.com\/www.altimara.eu\/blog\/wp-content\/uploads\/2019\/04\/Essai1_Charbonniere-2019-impression.jpg?resize=350%2C200&ssl=1","width":350,"height":200,"srcset":"https:\/\/i0.wp.com\/www.altimara.eu\/blog\/wp-content\/uploads\/2019\/04\/Essai1_Charbonniere-2019-impression.jpg?resize=350%2C200&ssl=1 1x, https:\/\/i0.wp.com\/www.altimara.eu\/blog\/wp-content\/uploads\/2019\/04\/Essai1_Charbonniere-2019-impression.jpg?resize=525%2C300&ssl=1 1.5x, https:\/\/i0.wp.com\/www.altimara.eu\/blog\/wp-content\/uploads\/2019\/04\/Essai1_Charbonniere-2019-impression.jpg?resize=700%2C400&ssl=1 2x, https:\/\/i0.wp.com\/www.altimara.eu\/blog\/wp-content\/uploads\/2019\/04\/Essai1_Charbonniere-2019-impression.jpg?resize=1050%2C600&ssl=1 3x, https:\/\/i0.wp.com\/www.altimara.eu\/blog\/wp-content\/uploads\/2019\/04\/Essai1_Charbonniere-2019-impression.jpg?resize=1400%2C800&ssl=1 4x"},"classes":[]},{"id":2945,"url":"https:\/\/www.altimara.eu\/blog\/2019\/01\/16\/conference-charbonniere\/","url_meta":{"origin":3568,"position":2},"title":"Conf\u00e9rence charbonni\u00e8re","author":"Martiou","date":"16 janvier 2019","format":false,"excerpt":"Le 24 janvier \u00e0 18h30, j'aurai le plaisir de parler des charbonni\u00e8res \u00e0 l'invitation de l'association Pierre s\u00e8che et Garrigue Caveirac. Mon ami Ren\u00e9 interviendra aussi pour les techniques d'allumage du feu. Caveirac est une petite commune du Gard, entre Sommi\u00e8res et N\u00eemes. L'association est tr\u00e8s active dans la valorisation\u2026","rel":"","context":"Dans &quot;Charbon de bois&quot;","block_context":{"text":"Charbon de bois","link":"https:\/\/www.altimara.eu\/blog\/category\/charbon-de-bois-carbon-art\/"},"img":{"alt_text":"","src":"https:\/\/i0.wp.com\/www.altimara.eu\/blog\/wp-content\/uploads\/2019\/01\/affi-caveirac.jpg?resize=350%2C200&ssl=1","width":350,"height":200,"srcset":"https:\/\/i0.wp.com\/www.altimara.eu\/blog\/wp-content\/uploads\/2019\/01\/affi-caveirac.jpg?resize=350%2C200&ssl=1 1x, https:\/\/i0.wp.com\/www.altimara.eu\/blog\/wp-content\/uploads\/2019\/01\/affi-caveirac.jpg?resize=525%2C300&ssl=1 1.5x, https:\/\/i0.wp.com\/www.altimara.eu\/blog\/wp-content\/uploads\/2019\/01\/affi-caveirac.jpg?resize=700%2C400&ssl=1 2x, https:\/\/i0.wp.com\/www.altimara.eu\/blog\/wp-content\/uploads\/2019\/01\/affi-caveirac.jpg?resize=1050%2C600&ssl=1 3x"},"classes":[]},{"id":2765,"url":"https:\/\/www.altimara.eu\/blog\/2018\/05\/03\/jean-de-la-charbonniere-2018\/","url_meta":{"origin":3568,"position":3},"title":"Jean de la Charbonni\u00e8re&#8230;2018","author":"Martiou","date":"3 mai 2018","format":false,"excerpt":"4 jours de bonheur, bien arros\u00e9s...par la pluie, dans l'Eden de Jean. Nous nous sommes retrouv\u00e9s avec les ami(e)s de Jean, les forgerons et m\u00e9tallurgistes pour \"Charbonni\u00e8re en f\u00eate\". Cette manifestation a lieu pendant plus d'une semaine.\u00a0 La grosse meule a \u00e9t\u00e9 mont\u00e9e par de nombreux volontaires. La terre est\u2026","rel":"","context":"Dans &quot;charbonnier en france&quot;","block_context":{"text":"charbonnier en france","link":"https:\/\/www.altimara.eu\/blog\/category\/charbonnier-en-france\/"},"img":{"alt_text":"","src":"https:\/\/i0.wp.com\/www.altimara.eu\/blog\/wp-content\/uploads\/2018\/05\/MAR6861.jpg?resize=350%2C200","width":350,"height":200,"srcset":"https:\/\/i0.wp.com\/www.altimara.eu\/blog\/wp-content\/uploads\/2018\/05\/MAR6861.jpg?resize=350%2C200 1x, https:\/\/i0.wp.com\/www.altimara.eu\/blog\/wp-content\/uploads\/2018\/05\/MAR6861.jpg?resize=525%2C300 1.5x, https:\/\/i0.wp.com\/www.altimara.eu\/blog\/wp-content\/uploads\/2018\/05\/MAR6861.jpg?resize=700%2C400 2x"},"classes":[]},{"id":3006,"url":"https:\/\/www.altimara.eu\/blog\/2019\/04\/12\/stage-charbonniere\/","url_meta":{"origin":3568,"position":4},"title":"Stage charbonni\u00e8re","author":"Martiou","date":"12 avril 2019","format":false,"excerpt":"J'ai eu le plaisir d'animer un stage charbonni\u00e8re pour quatre jeunes plein d'entrain. C'est Luc, forgeron de l'association ASTRE, qui a organis\u00e9 ce stage. L'animation a eu lieu devant une immense b\u00e2tisse, en pleine for\u00eat de la montagne noire, non loin de Sor\u00e9ze (magnifique village \u00e0 1 h de Toulouse).\u2026","rel":"","context":"Dans &quot;Non class\u00e9&quot;","block_context":{"text":"Non class\u00e9","link":"https:\/\/www.altimara.eu\/blog\/category\/non-classe\/"},"img":{"alt_text":"","src":"https:\/\/i0.wp.com\/www.altimara.eu\/blog\/wp-content\/uploads\/2019\/04\/MAR9252.jpg?resize=350%2C200&ssl=1","width":350,"height":200,"srcset":"https:\/\/i0.wp.com\/www.altimara.eu\/blog\/wp-content\/uploads\/2019\/04\/MAR9252.jpg?resize=350%2C200&ssl=1 1x, https:\/\/i0.wp.com\/www.altimara.eu\/blog\/wp-content\/uploads\/2019\/04\/MAR9252.jpg?resize=525%2C300&ssl=1 1.5x, https:\/\/i0.wp.com\/www.altimara.eu\/blog\/wp-content\/uploads\/2019\/04\/MAR9252.jpg?resize=700%2C400&ssl=1 2x, https:\/\/i0.wp.com\/www.altimara.eu\/blog\/wp-content\/uploads\/2019\/04\/MAR9252.jpg?resize=1050%2C600&ssl=1 3x, https:\/\/i0.wp.com\/www.altimara.eu\/blog\/wp-content\/uploads\/2019\/04\/MAR9252.jpg?resize=1400%2C800&ssl=1 4x"},"classes":[]},{"id":4002,"url":"https:\/\/www.altimara.eu\/blog\/2023\/04\/11\/charbonniere-a-cambous\/","url_meta":{"origin":3568,"position":5},"title":"Charbonni\u00e8re \u00e0 Cambous","author":"Martiou","date":"11 avril 2023","format":false,"excerpt":"Cambous est un un site arch\u00e9ologique, proche du village de Viols-En-Laval dans l'H\u00e9raut. Ce site est remarquable par son village n\u00e9olithique, avec des fonds de cabanes bien conserv\u00e9es. Une maison de cette \u00e9poque a \u00e9t\u00e9 reconstitu\u00e9, avec un toit en chaume, qui sont des roseaux de sagnes. Le lieux sert\u2026","rel":"","context":"Dans &quot;0- MES CHARBONNI\u00c8RES&quot;","block_context":{"text":"0- MES CHARBONNI\u00c8RES","link":"https:\/\/www.altimara.eu\/blog\/category\/mes-charbonnieres\/"},"img":{"alt_text":"","src":"https:\/\/i0.wp.com\/www.altimara.eu\/blog\/wp-content\/uploads\/2023\/04\/Capture-decran-2023-04-11-a-12.46.37.jpg?resize=350%2C200&ssl=1","width":350,"height":200,"srcset":"https:\/\/i0.wp.com\/www.altimara.eu\/blog\/wp-content\/uploads\/2023\/04\/Capture-decran-2023-04-11-a-12.46.37.jpg?resize=350%2C200&ssl=1 1x, https:\/\/i0.wp.com\/www.altimara.eu\/blog\/wp-content\/uploads\/2023\/04\/Capture-decran-2023-04-11-a-12.46.37.jpg?resize=525%2C300&ssl=1 1.5x, https:\/\/i0.wp.com\/www.altimara.eu\/blog\/wp-content\/uploads\/2023\/04\/Capture-decran-2023-04-11-a-12.46.37.jpg?resize=700%2C400&ssl=1 2x, https:\/\/i0.wp.com\/www.altimara.eu\/blog\/wp-content\/uploads\/2023\/04\/Capture-decran-2023-04-11-a-12.46.37.jpg?resize=1050%2C600&ssl=1 3x, https:\/\/i0.wp.com\/www.altimara.eu\/blog\/wp-content\/uploads\/2023\/04\/Capture-decran-2023-04-11-a-12.46.37.jpg?resize=1400%2C800&ssl=1 4x"},"classes":[]}],"_links":{"self":[{"href":"https:\/\/www.altimara.eu\/blog\/wp-json\/wp\/v2\/posts\/3568","targetHints":{"allow":["GET"]}}],"collection":[{"href":"https:\/\/www.altimara.eu\/blog\/wp-json\/wp\/v2\/posts"}],"about":[{"href":"https:\/\/www.altimara.eu\/blog\/wp-json\/wp\/v2\/types\/post"}],"author":[{"embeddable":true,"href":"https:\/\/www.altimara.eu\/blog\/wp-json\/wp\/v2\/users\/3"}],"replies":[{"embeddable":true,"href":"https:\/\/www.altimara.eu\/blog\/wp-json\/wp\/v2\/comments?post=3568"}],"version-history":[{"count":0,"href":"https:\/\/www.altimara.eu\/blog\/wp-json\/wp\/v2\/posts\/3568\/revisions"}],"wp:attachment":[{"href":"https:\/\/www.altimara.eu\/blog\/wp-json\/wp\/v2\/media?parent=3568"}],"wp:term":[{"taxonomy":"category","embeddable":true,"href":"https:\/\/www.altimara.eu\/blog\/wp-json\/wp\/v2\/categories?post=3568"},{"taxonomy":"post_tag","embeddable":true,"href":"https:\/\/www.altimara.eu\/blog\/wp-json\/wp\/v2\/tags?post=3568"}],"curies":[{"name":"wp","href":"https:\/\/api.w.org\/{rel}","templated":true}]}}