{"id":3550,"date":"2021-01-07T21:00:35","date_gmt":"2021-01-07T20:00:35","guid":{"rendered":"https:\/\/www.altimara.eu\/blog\/?p=3550"},"modified":"2021-01-07T21:03:54","modified_gmt":"2021-01-07T20:03:54","slug":"annee-fofolle","status":"publish","type":"post","link":"https:\/\/www.altimara.eu\/blog\/2021\/01\/07\/annee-fofolle\/","title":{"rendered":"Ann\u00e9e fofolle"},"content":{"rendered":"\n<div class=\"wp-block-image\"><figure class=\"aligncenter size-large\"><img data-recalc-dims=\"1\" loading=\"lazy\" decoding=\"async\" width=\"567\" height=\"982\" data-attachment-id=\"3555\" data-permalink=\"https:\/\/www.altimara.eu\/blog\/2021\/01\/07\/annee-fofolle\/voeux-2021-1\/\" data-orig-file=\"https:\/\/i0.wp.com\/www.altimara.eu\/blog\/wp-content\/uploads\/2021\/01\/voeux-2021-1.png?fit=567%2C982&amp;ssl=1\" data-orig-size=\"567,982\" data-comments-opened=\"1\" data-image-meta=\"{&quot;aperture&quot;:&quot;0&quot;,&quot;credit&quot;:&quot;&quot;,&quot;camera&quot;:&quot;&quot;,&quot;caption&quot;:&quot;&quot;,&quot;created_timestamp&quot;:&quot;0&quot;,&quot;copyright&quot;:&quot;&quot;,&quot;focal_length&quot;:&quot;0&quot;,&quot;iso&quot;:&quot;0&quot;,&quot;shutter_speed&quot;:&quot;0&quot;,&quot;title&quot;:&quot;&quot;,&quot;orientation&quot;:&quot;0&quot;}\" data-image-title=\"voeux-2021-1\" data-image-description=\"\" data-image-caption=\"\" data-large-file=\"https:\/\/i0.wp.com\/www.altimara.eu\/blog\/wp-content\/uploads\/2021\/01\/voeux-2021-1.png?fit=567%2C982&amp;ssl=1\" src=\"https:\/\/i0.wp.com\/www.altimara.eu\/blog\/wp-content\/uploads\/2021\/01\/voeux-2021-1.png?resize=567%2C982&#038;ssl=1\" alt=\"\" class=\"wp-image-3555\" srcset=\"https:\/\/i0.wp.com\/www.altimara.eu\/blog\/wp-content\/uploads\/2021\/01\/voeux-2021-1.png?w=567&amp;ssl=1 567w, https:\/\/i0.wp.com\/www.altimara.eu\/blog\/wp-content\/uploads\/2021\/01\/voeux-2021-1.png?resize=173%2C300&amp;ssl=1 173w\" sizes=\"auto, (max-width: 567px) 100vw, 567px\" \/><\/figure><\/div>\n\n\n\n<p>Un rendez vous les 20 et 21 mars 2021, la f\u00eate du feu.<\/p>\n","protected":false},"excerpt":{"rendered":"<p>Un rendez vous les 20 et 21 mars 2021, la f\u00eate du feu.<\/p>\n","protected":false},"author":3,"featured_media":0,"comment_status":"open","ping_status":"open","sticky":false,"template":"","format":"standard","meta":{"ngg_post_thumbnail":0,"jetpack_post_was_ever_published":false,"_jetpack_newsletter_access":"","_jetpack_dont_email_post_to_subs":false,"_jetpack_newsletter_tier_id":0,"_jetpack_memberships_contains_paywalled_content":false,"_jetpack_memberships_contains_paid_content":false,"footnotes":"","jetpack_publicize_message":"","jetpack_publicize_feature_enabled":true,"jetpack_social_post_already_shared":true,"jetpack_social_options":{"image_generator_settings":{"template":"highway","default_image_id":0,"font":"","enabled":false},"version":2}},"categories":[37],"tags":[],"class_list":["post-3550","post","type-post","status-publish","format-standard","hentry","category-evenementiel"],"jetpack_publicize_connections":[],"jetpack_featured_media_url":"","jetpack_shortlink":"https:\/\/wp.me\/p4r91c-Vg","jetpack_sharing_enabled":true,"jetpack-related-posts":[{"id":2006,"url":"https:\/\/www.altimara.eu\/blog\/2016\/09\/21\/festa-del-bosc-2\/","url_meta":{"origin":3550,"position":0},"title":"Festa Del Bosc","author":"Martiou","date":"21 septembre 2016","format":false,"excerpt":"Une manifestation fort sympathique dans les bois de la montagne noire. C'est dans une scierie, celle d'Arno, que la f\u00eate a eu lieu. Une pluie diluvienne avait d\u00e9tremp\u00e9e la terre argileuse et heureusement tous les artisans avait un bon abris dans le hangar. Sauf moi, charbonni\u00e8re oblige. faire du feu\u2026","rel":"","context":"Dans &quot;Charbon de bois&quot;","block_context":{"text":"Charbon de bois","link":"https:\/\/www.altimara.eu\/blog\/category\/charbon-de-bois-carbon-art\/"},"img":{"alt_text":"_mar1409","src":"https:\/\/i0.wp.com\/www.altimara.eu\/blog\/wp-content\/uploads\/2016\/09\/MAR1409.jpg?resize=350%2C200","width":350,"height":200,"srcset":"https:\/\/i0.wp.com\/www.altimara.eu\/blog\/wp-content\/uploads\/2016\/09\/MAR1409.jpg?resize=350%2C200 1x, https:\/\/i0.wp.com\/www.altimara.eu\/blog\/wp-content\/uploads\/2016\/09\/MAR1409.jpg?resize=525%2C300 1.5x, https:\/\/i0.wp.com\/www.altimara.eu\/blog\/wp-content\/uploads\/2016\/09\/MAR1409.jpg?resize=700%2C400 2x"},"classes":[]},{"id":3835,"url":"https:\/\/www.altimara.eu\/blog\/2022\/03\/17\/gorges-du-gardon\/","url_meta":{"origin":3550,"position":1},"title":"Gorges du Gardon","author":"Martiou","date":"17 mars 2022","format":false,"excerpt":"Rendez-vous le 9 avril \u00e0 Sanilhac-Sagrie pour la f\u00eate de la R\u00e9serve Naturelle des gorges du Gardon. Il y a trois ans j'ai restaurer une faulde, emplacement de charbonni\u00e8re, dans un chemin qui descend au Gardon. Cette ann\u00e9e avec la charcoal team, Nathalie, Martine et Ren\u00e9 nous reprenons nos activit\u00e9s\u2026","rel":"","context":"Dans &quot;Charbon de bois&quot;","block_context":{"text":"Charbon de bois","link":"https:\/\/www.altimara.eu\/blog\/category\/charbon-de-bois-carbon-art\/"},"img":{"alt_text":"","src":"https:\/\/i0.wp.com\/www.altimara.eu\/blog\/wp-content\/uploads\/2022\/03\/Flyer_inaug_maison_rnr_VF.jpg?resize=350%2C200&ssl=1","width":350,"height":200,"srcset":"https:\/\/i0.wp.com\/www.altimara.eu\/blog\/wp-content\/uploads\/2022\/03\/Flyer_inaug_maison_rnr_VF.jpg?resize=350%2C200&ssl=1 1x, https:\/\/i0.wp.com\/www.altimara.eu\/blog\/wp-content\/uploads\/2022\/03\/Flyer_inaug_maison_rnr_VF.jpg?resize=525%2C300&ssl=1 1.5x, https:\/\/i0.wp.com\/www.altimara.eu\/blog\/wp-content\/uploads\/2022\/03\/Flyer_inaug_maison_rnr_VF.jpg?resize=700%2C400&ssl=1 2x, https:\/\/i0.wp.com\/www.altimara.eu\/blog\/wp-content\/uploads\/2022\/03\/Flyer_inaug_maison_rnr_VF.jpg?resize=1050%2C600&ssl=1 3x"},"classes":[]},{"id":3487,"url":"https:\/\/www.altimara.eu\/blog\/2020\/10\/15\/la-fete-a-jean-2\/","url_meta":{"origin":3550,"position":2},"title":"La f\u00eate \u00e0 Jean","author":"Martiou","date":"15 octobre 2020","format":false,"excerpt":"Belle semaine de charbonniers chez Jean. Cette ann\u00e9e le bois \u00e9tait tr\u00e8s sec malgr\u00e9 une m\u00e9t\u00e9o un peu humide. La conduite de la carbonisation demande une attention plus soutenue car le bois sec acc\u00e9l\u00e8re le processus. La veille est importante pour stabiliser la descente du feu. De plus le charbon\u2026","rel":"","context":"Dans &quot;0- MES CHARBONNI\u00c8RES&quot;","block_context":{"text":"0- MES CHARBONNI\u00c8RES","link":"https:\/\/www.altimara.eu\/blog\/category\/mes-charbonnieres\/"},"img":{"alt_text":"","src":"https:\/\/i0.wp.com\/www.altimara.eu\/blog\/wp-content\/uploads\/2020\/10\/MAR4155.jpg?resize=350%2C200&ssl=1","width":350,"height":200,"srcset":"https:\/\/i0.wp.com\/www.altimara.eu\/blog\/wp-content\/uploads\/2020\/10\/MAR4155.jpg?resize=350%2C200&ssl=1 1x, https:\/\/i0.wp.com\/www.altimara.eu\/blog\/wp-content\/uploads\/2020\/10\/MAR4155.jpg?resize=525%2C300&ssl=1 1.5x, https:\/\/i0.wp.com\/www.altimara.eu\/blog\/wp-content\/uploads\/2020\/10\/MAR4155.jpg?resize=700%2C400&ssl=1 2x"},"classes":[]},{"id":3172,"url":"https:\/\/www.altimara.eu\/blog\/2019\/10\/23\/fete-de-la-garrigue\/","url_meta":{"origin":3550,"position":3},"title":"F\u00eate de la garrigue","author":"Martiou","date":"23 octobre 2019","format":false,"excerpt":"Rendez vous le 11 novembre \u00e0 Montoulieu (\u00e0 cot\u00e9 de la grotte des Demoiselles) pour la f\u00eate Couleurs et Senteurs de la Garrigue. Ce sont les 20 ans du comit\u00e9 des f\u00eates, avec un programme qui reprend les meilleures animations des \u00e9ditions pr\u00e9c\u00e9dentes. Pour celles et ceux qui veulent s'envoyer\u2026","rel":"","context":"Dans &quot;0- MES CHARBONNI\u00c8RES&quot;","block_context":{"text":"0- MES CHARBONNI\u00c8RES","link":"https:\/\/www.altimara.eu\/blog\/category\/mes-charbonnieres\/"},"img":{"alt_text":"","src":"https:\/\/i0.wp.com\/www.altimara.eu\/blog\/wp-content\/uploads\/2019\/10\/BAT-affiche-Montoulieu-2019.jpg?resize=350%2C200&ssl=1","width":350,"height":200,"srcset":"https:\/\/i0.wp.com\/www.altimara.eu\/blog\/wp-content\/uploads\/2019\/10\/BAT-affiche-Montoulieu-2019.jpg?resize=350%2C200&ssl=1 1x, https:\/\/i0.wp.com\/www.altimara.eu\/blog\/wp-content\/uploads\/2019\/10\/BAT-affiche-Montoulieu-2019.jpg?resize=525%2C300&ssl=1 1.5x"},"classes":[]},{"id":2641,"url":"https:\/\/www.altimara.eu\/blog\/2018\/02\/20\/charbonniere-en-vue\/","url_meta":{"origin":3550,"position":4},"title":"Charbonni\u00e8re en vue","author":"Martiou","date":"20 f\u00e9vrier 2018","format":false,"excerpt":"Le d\u00e9but du mois de mars arrive et traditionnellement c'est ma p\u00e9riode de carbonisateur. Dans la premi\u00e8re semaine du mois, je (avec tous les potes) vais r\u00e9aliser un cuisson de bois pour le transformer en charbon. Le 7 mars, jour heureux, j'accueillerai un groupe de malentendants pour la visite de\u2026","rel":"","context":"Dans &quot;Charbon de bois&quot;","block_context":{"text":"Charbon de bois","link":"https:\/\/www.altimara.eu\/blog\/category\/charbon-de-bois-carbon-art\/"},"img":{"alt_text":"","src":"https:\/\/i0.wp.com\/www.altimara.eu\/blog\/wp-content\/uploads\/2018\/02\/IMG_20180217_160926014-2-300x169.jpg?resize=350%2C200","width":350,"height":200},"classes":[]},{"id":3773,"url":"https:\/\/www.altimara.eu\/blog\/2021\/11\/21\/livre-le-charbonnier\/","url_meta":{"origin":3550,"position":5},"title":"Livre : Le charbonnier","author":"Martiou","date":"21 novembre 2021","format":false,"excerpt":"Charles Schlosser, charbonnier de longue date et animateur d'un groupe actif de charbonniers en Alsace, vient de sortir un magnifique livre en cette fin d'ann\u00e9e. \"Le charbonnier, une longue histoire\", I.D. l'\u00c9dition, un livre qui se veut \u00e0 la fois \u00e9vocation historique, technique et humaine (sic). Neuf chapitres qui nous\u2026","rel":"","context":"Dans &quot;Autre&quot;","block_context":{"text":"Autre","link":"https:\/\/www.altimara.eu\/blog\/category\/autre\/"},"img":{"alt_text":"","src":"https:\/\/i0.wp.com\/www.altimara.eu\/blog\/wp-content\/uploads\/2021\/11\/Capture-de%CC%81cran-2021-11-21-a%CC%80-15.07.34.jpg?resize=350%2C200&ssl=1","width":350,"height":200,"srcset":"https:\/\/i0.wp.com\/www.altimara.eu\/blog\/wp-content\/uploads\/2021\/11\/Capture-de%CC%81cran-2021-11-21-a%CC%80-15.07.34.jpg?resize=350%2C200&ssl=1 1x, https:\/\/i0.wp.com\/www.altimara.eu\/blog\/wp-content\/uploads\/2021\/11\/Capture-de%CC%81cran-2021-11-21-a%CC%80-15.07.34.jpg?resize=525%2C300&ssl=1 1.5x"},"classes":[]}],"_links":{"self":[{"href":"https:\/\/www.altimara.eu\/blog\/wp-json\/wp\/v2\/posts\/3550","targetHints":{"allow":["GET"]}}],"collection":[{"href":"https:\/\/www.altimara.eu\/blog\/wp-json\/wp\/v2\/posts"}],"about":[{"href":"https:\/\/www.altimara.eu\/blog\/wp-json\/wp\/v2\/types\/post"}],"author":[{"embeddable":true,"href":"https:\/\/www.altimara.eu\/blog\/wp-json\/wp\/v2\/users\/3"}],"replies":[{"embeddable":true,"href":"https:\/\/www.altimara.eu\/blog\/wp-json\/wp\/v2\/comments?post=3550"}],"version-history":[{"count":0,"href":"https:\/\/www.altimara.eu\/blog\/wp-json\/wp\/v2\/posts\/3550\/revisions"}],"wp:attachment":[{"href":"https:\/\/www.altimara.eu\/blog\/wp-json\/wp\/v2\/media?parent=3550"}],"wp:term":[{"taxonomy":"category","embeddable":true,"href":"https:\/\/www.altimara.eu\/blog\/wp-json\/wp\/v2\/categories?post=3550"},{"taxonomy":"post_tag","embeddable":true,"href":"https:\/\/www.altimara.eu\/blog\/wp-json\/wp\/v2\/tags?post=3550"}],"curies":[{"name":"wp","href":"https:\/\/api.w.org\/{rel}","templated":true}]}}