{"id":3537,"date":"2020-12-11T21:33:15","date_gmt":"2020-12-11T20:33:15","guid":{"rendered":"https:\/\/www.altimara.eu\/blog\/?p=3537"},"modified":"2021-03-10T14:12:10","modified_gmt":"2021-03-10T13:12:10","slug":"biochar-au-jardin","status":"publish","type":"post","link":"https:\/\/www.altimara.eu\/blog\/2020\/12\/11\/biochar-au-jardin\/","title":{"rendered":"Biochar au jardin"},"content":{"rendered":"\n<p>Au Jardin de Fontan\u00e8s, jardin maraicher o\u00f9 nous avons notre four pilote, nous avons pratiqu\u00e9 des tests de culture avec biochar.<\/p>\n\n\n\n<p>Le biochar \u00e9tant de la poudre de charbon v\u00e9g\u00e9tal, utilis\u00e9 de plus en plus dans divers endroits du Monde. Cet ajout fortifie les qualit\u00e9s du sol en stockant dans les nombreuses alv\u00e9oles du charbon de l&rsquo;eau et autres nutriments. Il agit comme une \u00e9ponge qui petit \u00e0 petit r\u00e9gurgite son stock. Dans les sols les plus pauvres son action est tr\u00e8s r\u00e9elle. La biomasse augmente de plusieurs dizaines de pourcentages dans ces terrains biochardis\u00e9s.<\/p>\n\n\n\n<p>En fonction des sols, le pourcentage de m\u00e9lange varie. Il est aussi a ajuster en fonction des l\u00e9gumes ou v\u00e9g\u00e9taux que l&rsquo;on fait pousser. Nous avons peu de retour d&rsquo;exp\u00e9riences exploitables, aussi nous avons partag\u00e9 dans trois zones des m\u00e9langes avec 300gr, 500gr et 1 kg. Les l\u00e9gumes sont des salades, du cerfeuil et des oignons.<\/p>\n\n\n\n<figure class=\"wp-block-image size-large\"><img data-recalc-dims=\"1\" loading=\"lazy\" decoding=\"async\" width=\"627\" height=\"469\" data-attachment-id=\"3538\" data-permalink=\"https:\/\/www.altimara.eu\/blog\/2020\/12\/11\/biochar-au-jardin\/img_20201106_152053\/\" data-orig-file=\"https:\/\/i0.wp.com\/www.altimara.eu\/blog\/wp-content\/uploads\/2020\/12\/IMG_20201106_152053-scaled.jpg?fit=2560%2C1915&amp;ssl=1\" data-orig-size=\"2560,1915\" data-comments-opened=\"1\" data-image-meta=\"{&quot;aperture&quot;:&quot;1.79&quot;,&quot;credit&quot;:&quot;&quot;,&quot;camera&quot;:&quot;M2003J15SC&quot;,&quot;caption&quot;:&quot;&quot;,&quot;created_timestamp&quot;:&quot;1604676054&quot;,&quot;copyright&quot;:&quot;&quot;,&quot;focal_length&quot;:&quot;4.74&quot;,&quot;iso&quot;:&quot;103&quot;,&quot;shutter_speed&quot;:&quot;0.002023&quot;,&quot;title&quot;:&quot;&quot;,&quot;orientation&quot;:&quot;1&quot;}\" data-image-title=\"IMG_20201106_152053\" data-image-description=\"\" data-image-caption=\"\" data-large-file=\"https:\/\/i0.wp.com\/www.altimara.eu\/blog\/wp-content\/uploads\/2020\/12\/IMG_20201106_152053-scaled.jpg?fit=627%2C469&amp;ssl=1\" src=\"https:\/\/i0.wp.com\/www.altimara.eu\/blog\/wp-content\/uploads\/2020\/12\/IMG_20201106_152053.jpg?resize=627%2C469&#038;ssl=1\" alt=\"\" class=\"wp-image-3538\" srcset=\"https:\/\/i0.wp.com\/www.altimara.eu\/blog\/wp-content\/uploads\/2020\/12\/IMG_20201106_152053-scaled.jpg?resize=1024%2C766&amp;ssl=1 1024w, https:\/\/i0.wp.com\/www.altimara.eu\/blog\/wp-content\/uploads\/2020\/12\/IMG_20201106_152053-scaled.jpg?resize=300%2C224&amp;ssl=1 300w, https:\/\/i0.wp.com\/www.altimara.eu\/blog\/wp-content\/uploads\/2020\/12\/IMG_20201106_152053-scaled.jpg?resize=768%2C574&amp;ssl=1 768w, https:\/\/i0.wp.com\/www.altimara.eu\/blog\/wp-content\/uploads\/2020\/12\/IMG_20201106_152053-scaled.jpg?resize=1536%2C1149&amp;ssl=1 1536w, https:\/\/i0.wp.com\/www.altimara.eu\/blog\/wp-content\/uploads\/2020\/12\/IMG_20201106_152053-scaled.jpg?resize=2048%2C1532&amp;ssl=1 2048w, https:\/\/i0.wp.com\/www.altimara.eu\/blog\/wp-content\/uploads\/2020\/12\/IMG_20201106_152053-scaled.jpg?w=1254&amp;ssl=1 1254w, https:\/\/i0.wp.com\/www.altimara.eu\/blog\/wp-content\/uploads\/2020\/12\/IMG_20201106_152053-scaled.jpg?w=1881&amp;ssl=1 1881w\" sizes=\"auto, (max-width: 627px) 100vw, 627px\" \/><\/figure>\n\n\n\n<p>Les cerfeuil ont rapidement montr\u00e9 une croissance plus g\u00e9n\u00e9reuse, les oignons sont plus denses et les salades ont eu un beau d\u00e9veloppement. Le r\u00e9sultat est prometteur.<\/p>\n\n\n\n<figure class=\"wp-block-image size-large\"><img data-recalc-dims=\"1\" loading=\"lazy\" decoding=\"async\" width=\"627\" height=\"469\" data-attachment-id=\"3539\" data-permalink=\"https:\/\/www.altimara.eu\/blog\/2020\/12\/11\/biochar-au-jardin\/img_20201121_114941-2\/\" data-orig-file=\"https:\/\/i0.wp.com\/www.altimara.eu\/blog\/wp-content\/uploads\/2020\/12\/IMG_20201121_114941-2.jpg?fit=1920%2C1436&amp;ssl=1\" data-orig-size=\"1920,1436\" data-comments-opened=\"1\" data-image-meta=\"{&quot;aperture&quot;:&quot;1.8&quot;,&quot;credit&quot;:&quot;Martial Acquarone&quot;,&quot;camera&quot;:&quot;M2003J15SC&quot;,&quot;caption&quot;:&quot;&quot;,&quot;created_timestamp&quot;:&quot;1599563809&quot;,&quot;copyright&quot;:&quot;CC BY-SA 4.0&quot;,&quot;focal_length&quot;:&quot;4.74&quot;,&quot;iso&quot;:&quot;100&quot;,&quot;shutter_speed&quot;:&quot;0.0028571428571429&quot;,&quot;title&quot;:&quot;&quot;,&quot;orientation&quot;:&quot;0&quot;}\" data-image-title=\"IMG_20201121_114941-2\" data-image-description=\"\" data-image-caption=\"\" data-large-file=\"https:\/\/i0.wp.com\/www.altimara.eu\/blog\/wp-content\/uploads\/2020\/12\/IMG_20201121_114941-2.jpg?fit=627%2C469&amp;ssl=1\" src=\"https:\/\/i0.wp.com\/www.altimara.eu\/blog\/wp-content\/uploads\/2020\/12\/IMG_20201121_114941-2.jpg?resize=627%2C469&#038;ssl=1\" alt=\"\" class=\"wp-image-3539\" srcset=\"https:\/\/i0.wp.com\/www.altimara.eu\/blog\/wp-content\/uploads\/2020\/12\/IMG_20201121_114941-2.jpg?resize=1024%2C766&amp;ssl=1 1024w, https:\/\/i0.wp.com\/www.altimara.eu\/blog\/wp-content\/uploads\/2020\/12\/IMG_20201121_114941-2.jpg?resize=300%2C224&amp;ssl=1 300w, https:\/\/i0.wp.com\/www.altimara.eu\/blog\/wp-content\/uploads\/2020\/12\/IMG_20201121_114941-2.jpg?resize=768%2C574&amp;ssl=1 768w, https:\/\/i0.wp.com\/www.altimara.eu\/blog\/wp-content\/uploads\/2020\/12\/IMG_20201121_114941-2.jpg?resize=1536%2C1149&amp;ssl=1 1536w, https:\/\/i0.wp.com\/www.altimara.eu\/blog\/wp-content\/uploads\/2020\/12\/IMG_20201121_114941-2.jpg?w=1920&amp;ssl=1 1920w, https:\/\/i0.wp.com\/www.altimara.eu\/blog\/wp-content\/uploads\/2020\/12\/IMG_20201121_114941-2.jpg?w=1254&amp;ssl=1 1254w\" sizes=\"auto, (max-width: 627px) 100vw, 627px\" \/><\/figure>\n\n\n\n<p>Kevin, le maraicher, veut maintenant cultiver plus de parcelles en biochar pour 2021. Les fours vont bien fonctionner ce printemps et fin d&rsquo;hiver.<\/p>\n\n\n\n<figure class=\"wp-block-image size-large\"><a href=\"http:\/\/coopdea.org\/\" target=\"_blank\" rel=\"noopener\"><img data-recalc-dims=\"1\" loading=\"lazy\" decoding=\"async\" width=\"200\" height=\"200\" data-attachment-id=\"3204\" data-permalink=\"https:\/\/www.altimara.eu\/blog\/2019\/10\/28\/ca-fume-xxl\/sigle-c1\/\" data-orig-file=\"https:\/\/i0.wp.com\/www.altimara.eu\/blog\/wp-content\/uploads\/2019\/10\/sigle-C1-e1592488750446.jpg?fit=200%2C200&amp;ssl=1\" data-orig-size=\"200,200\" data-comments-opened=\"1\" data-image-meta=\"{&quot;aperture&quot;:&quot;0&quot;,&quot;credit&quot;:&quot;&quot;,&quot;camera&quot;:&quot;&quot;,&quot;caption&quot;:&quot;&quot;,&quot;created_timestamp&quot;:&quot;0&quot;,&quot;copyright&quot;:&quot;&quot;,&quot;focal_length&quot;:&quot;0&quot;,&quot;iso&quot;:&quot;0&quot;,&quot;shutter_speed&quot;:&quot;0&quot;,&quot;title&quot;:&quot;&quot;,&quot;orientation&quot;:&quot;0&quot;}\" data-image-title=\"sigle C1\" data-image-description=\"\" data-image-caption=\"\" data-large-file=\"https:\/\/i0.wp.com\/www.altimara.eu\/blog\/wp-content\/uploads\/2019\/10\/sigle-C1-e1592488750446.jpg?fit=200%2C200&amp;ssl=1\" src=\"https:\/\/i0.wp.com\/www.altimara.eu\/blog\/wp-content\/uploads\/2019\/10\/sigle-C1-e1592488750446.jpg?resize=200%2C200&#038;ssl=1\" alt=\"\" class=\"wp-image-3204\"\/><\/a><figcaption><a href=\"http:\/\/coopdea.org\/\" data-type=\"URL\" data-id=\"http:\/\/coopdea.org\/\">Lien pour demande charbon \u00e9cologique<\/a><\/figcaption><\/figure>\n\n\n\n<p>Article biochar pr\u00e9c\u00e9dent : <a rel=\"noreferrer noopener\" href=\"https:\/\/www.altimara.eu\/blog\/?p=3445\" target=\"_blank\">biochar<\/a><\/p>\n","protected":false},"excerpt":{"rendered":"<p>Au Jardin de Fontan\u00e8s, jardin maraicher o\u00f9 nous avons notre four pilote, nous avons pratiqu\u00e9 des tests de culture avec biochar. Le biochar \u00e9tant de la poudre de charbon v\u00e9g\u00e9tal, utilis\u00e9 de plus en plus dans divers endroits du Monde. Cet ajout fortifie les qualit\u00e9s du sol en stockant dans les nombreuses alv\u00e9oles du charbon [&hellip;]<\/p>\n","protected":false},"author":3,"featured_media":0,"comment_status":"open","ping_status":"open","sticky":false,"template":"","format":"standard","meta":{"ngg_post_thumbnail":0,"jetpack_post_was_ever_published":false,"_jetpack_newsletter_access":"","_jetpack_dont_email_post_to_subs":false,"_jetpack_newsletter_tier_id":0,"_jetpack_memberships_contains_paywalled_content":false,"_jetpack_memberships_contains_paid_content":false,"footnotes":"","jetpack_publicize_message":"","jetpack_publicize_feature_enabled":true,"jetpack_social_post_already_shared":true,"jetpack_social_options":{"image_generator_settings":{"template":"highway","default_image_id":0,"font":"","enabled":false},"version":2}},"categories":[176,86,110],"tags":[93,149],"class_list":["post-3537","post","type-post","status-publish","format-standard","hentry","category-biochar","category-charbon-vegetal","category-ecochar","tag-biochar","tag-coopdea"],"jetpack_publicize_connections":[],"jetpack_featured_media_url":"","jetpack_shortlink":"https:\/\/wp.me\/p4r91c-V3","jetpack_sharing_enabled":true,"jetpack-related-posts":[{"id":3445,"url":"https:\/\/www.altimara.eu\/blog\/2020\/09\/08\/biochar-2\/","url_meta":{"origin":3537,"position":0},"title":"Biochar","author":"Martiou","date":"8 septembre 2020","format":false,"excerpt":"Kevin, le maraicher BIO du Jardin de Fontan\u00e8s, est tr\u00e8s int\u00e9ress\u00e9 par l'ajout de biochar pour ses cultures. C'est dans ce jardin que nous avons install\u00e9 nos fours gazog\u00e8nes. Jusqu'\u00e0 maintenant nous transformions notre charbon v\u00e9g\u00e9tal en \u00e9cochar, les galettes pour la cuisson. La production de biochar s'inscrit dans la\u2026","rel":"","context":"Dans &quot;biochar&quot;","block_context":{"text":"biochar","link":"https:\/\/www.altimara.eu\/blog\/category\/charbon-vegetal\/biochar\/"},"img":{"alt_text":"biochar","src":"https:\/\/i0.wp.com\/www.altimara.eu\/blog\/wp-content\/uploads\/2020\/09\/IMG_20200908_111647-2.jpg?resize=350%2C200&ssl=1","width":350,"height":200,"srcset":"https:\/\/i0.wp.com\/www.altimara.eu\/blog\/wp-content\/uploads\/2020\/09\/IMG_20200908_111647-2.jpg?resize=350%2C200&ssl=1 1x, https:\/\/i0.wp.com\/www.altimara.eu\/blog\/wp-content\/uploads\/2020\/09\/IMG_20200908_111647-2.jpg?resize=525%2C300&ssl=1 1.5x, https:\/\/i0.wp.com\/www.altimara.eu\/blog\/wp-content\/uploads\/2020\/09\/IMG_20200908_111647-2.jpg?resize=700%2C400&ssl=1 2x, https:\/\/i0.wp.com\/www.altimara.eu\/blog\/wp-content\/uploads\/2020\/09\/IMG_20200908_111647-2.jpg?resize=1050%2C600&ssl=1 3x, https:\/\/i0.wp.com\/www.altimara.eu\/blog\/wp-content\/uploads\/2020\/09\/IMG_20200908_111647-2.jpg?resize=1400%2C800&ssl=1 4x"},"classes":[]},{"id":3818,"url":"https:\/\/www.altimara.eu\/blog\/2022\/02\/21\/four-jardin\/","url_meta":{"origin":3537,"position":1},"title":"Four jardin","author":"Martiou","date":"21 f\u00e9vrier 2022","format":false,"excerpt":"Retour en cette presque fin d'hiver au Jardin de Fontan\u00e8s. Je vais reprendre la carbonisation des v\u00e9g\u00e9taux. Le four en terre est bien mal en point. A priori nous n'allons plus l'utiliser, tout au moins dans cette forme. Le stock est bien sec, biochar en vue. Kevin a taill\u00e9 ses\u2026","rel":"","context":"Dans &quot;biochar&quot;","block_context":{"text":"biochar","link":"https:\/\/www.altimara.eu\/blog\/category\/charbon-vegetal\/biochar\/"},"img":{"alt_text":"","src":"https:\/\/i0.wp.com\/www.altimara.eu\/blog\/wp-content\/uploads\/2022\/02\/IMG_20220218_151012-2-scaled.jpg?resize=350%2C200&ssl=1","width":350,"height":200,"srcset":"https:\/\/i0.wp.com\/www.altimara.eu\/blog\/wp-content\/uploads\/2022\/02\/IMG_20220218_151012-2-scaled.jpg?resize=350%2C200&ssl=1 1x, https:\/\/i0.wp.com\/www.altimara.eu\/blog\/wp-content\/uploads\/2022\/02\/IMG_20220218_151012-2-scaled.jpg?resize=525%2C300&ssl=1 1.5x, https:\/\/i0.wp.com\/www.altimara.eu\/blog\/wp-content\/uploads\/2022\/02\/IMG_20220218_151012-2-scaled.jpg?resize=700%2C400&ssl=1 2x, https:\/\/i0.wp.com\/www.altimara.eu\/blog\/wp-content\/uploads\/2022\/02\/IMG_20220218_151012-2-scaled.jpg?resize=1050%2C600&ssl=1 3x, https:\/\/i0.wp.com\/www.altimara.eu\/blog\/wp-content\/uploads\/2022\/02\/IMG_20220218_151012-2-scaled.jpg?resize=1400%2C800&ssl=1 4x"},"classes":[]},{"id":1324,"url":"https:\/\/www.altimara.eu\/blog\/2015\/04\/24\/ong-biochar\/","url_meta":{"origin":3537,"position":2},"title":"ONG Biochar","author":"Martiou","date":"24 avril 2015","format":false,"excerpt":"J'ai d\u00e9couvert une association humanitaire qui propose des actions avec du charbon \"vert\". Plus pr\u00e9cis\u00e9ment il s'agit de fabriquer et d'utiliser le \"biochar\" pour am\u00e9liorer la qualit\u00e9 des sols. En effet le biochar donne dans des sols pauvres et secs un plus par ses qualit\u00e9s sanitaires et de r\u00e9silience d'eau.\u2026","rel":"","context":"Dans &quot;Autre&quot;","block_context":{"text":"Autre","link":"https:\/\/www.altimara.eu\/blog\/category\/autre\/"},"img":{"alt_text":"SuperChar-100-Mk-II-kiln-225x300","src":"https:\/\/i0.wp.com\/www.altimara.eu\/blog\/wp-content\/uploads\/2015\/04\/SuperChar-100-Mk-II-kiln-225x300-225x300.jpg?resize=350%2C200&ssl=1","width":350,"height":200},"classes":[]},{"id":3525,"url":"https:\/\/www.altimara.eu\/blog\/2020\/11\/25\/show-chaud\/","url_meta":{"origin":3537,"position":3},"title":"Show\/chaud","author":"Martiou","date":"25 novembre 2020","format":false,"excerpt":"Article dans le site des \u00c9claireurs de Canal +. https:\/\/leseclaireurs.canalplus.com\/ Extraits : Bon, la charbonnerie c'est assez nouveau comme d\u00e9finition !!! Article complet : https:\/\/leseclaireurs.canalplus.com\/articles\/agir\/produire-du-charbon-vegetal-en-tondant-sa-pelouse Cet article oublie de citer notre installation avec fours et s\u00e9choir au Jardin de Fontan\u00e8s. Il permet de faire ressortir le besoin de ressources humaines,\u2026","rel":"","context":"Dans &quot;biochar&quot;","block_context":{"text":"biochar","link":"https:\/\/www.altimara.eu\/blog\/category\/charbon-vegetal\/biochar\/"},"img":{"alt_text":"","src":"https:\/\/i0.wp.com\/www.altimara.eu\/blog\/wp-content\/uploads\/2020\/11\/IMG_20201123_111600.jpg?resize=350%2C200&ssl=1","width":350,"height":200,"srcset":"https:\/\/i0.wp.com\/www.altimara.eu\/blog\/wp-content\/uploads\/2020\/11\/IMG_20201123_111600.jpg?resize=350%2C200&ssl=1 1x, https:\/\/i0.wp.com\/www.altimara.eu\/blog\/wp-content\/uploads\/2020\/11\/IMG_20201123_111600.jpg?resize=525%2C300&ssl=1 1.5x, https:\/\/i0.wp.com\/www.altimara.eu\/blog\/wp-content\/uploads\/2020\/11\/IMG_20201123_111600.jpg?resize=700%2C400&ssl=1 2x"},"classes":[]},{"id":3594,"url":"https:\/\/www.altimara.eu\/blog\/2021\/03\/19\/fin-dhiver\/","url_meta":{"origin":3537,"position":4},"title":"Fin d&rsquo;hiver","author":"Martiou","date":"19 mars 2021","format":false,"excerpt":"De nombreux travaux au Jardin et \u00e0 l'atelier. La taille des olivier donne un bon volume de v\u00e9g\u00e9tal a carboniser. C'est une piste int\u00e9ressante pour tous les exploitants d'olivettes (oliveraies) pour valoriser leurs d\u00e9chets. Cuissons au Jardin de Fontan\u00e8s avec le four n\u00b01, le plus ancien, retap\u00e9 pour l'occasion. L'autre\u2026","rel":"","context":"Dans &quot;biochar&quot;","block_context":{"text":"biochar","link":"https:\/\/www.altimara.eu\/blog\/category\/charbon-vegetal\/biochar\/"},"img":{"alt_text":"","src":"https:\/\/i0.wp.com\/www.altimara.eu\/blog\/wp-content\/uploads\/2021\/03\/IMG_20210316_154021-scaled.jpg?resize=350%2C200&ssl=1","width":350,"height":200,"srcset":"https:\/\/i0.wp.com\/www.altimara.eu\/blog\/wp-content\/uploads\/2021\/03\/IMG_20210316_154021-scaled.jpg?resize=350%2C200&ssl=1 1x, https:\/\/i0.wp.com\/www.altimara.eu\/blog\/wp-content\/uploads\/2021\/03\/IMG_20210316_154021-scaled.jpg?resize=525%2C300&ssl=1 1.5x, https:\/\/i0.wp.com\/www.altimara.eu\/blog\/wp-content\/uploads\/2021\/03\/IMG_20210316_154021-scaled.jpg?resize=700%2C400&ssl=1 2x, https:\/\/i0.wp.com\/www.altimara.eu\/blog\/wp-content\/uploads\/2021\/03\/IMG_20210316_154021-scaled.jpg?resize=1050%2C600&ssl=1 3x, https:\/\/i0.wp.com\/www.altimara.eu\/blog\/wp-content\/uploads\/2021\/03\/IMG_20210316_154021-scaled.jpg?resize=1400%2C800&ssl=1 4x"},"classes":[]},{"id":3573,"url":"https:\/\/www.altimara.eu\/blog\/2021\/02\/12\/biochar-phase-2\/","url_meta":{"origin":3537,"position":5},"title":"Biochar phase 2","author":"Martiou","date":"12 f\u00e9vrier 2021","format":false,"excerpt":"Extension des plants \u00e0 biochar au Jardin de Fontan\u00e8s. Le maraicher a cr\u00e9\u00e9 trois zones de 3 m2 chacune pour de nouvelles plantations. Pommes de terre, courgettes et salades. Cela couvre maintenant 15 m2. 10 kg vont \u00eatre rajout\u00e9 cette semaine. K\u00e9vin montre un emplacement biochardis\u00e9 .","rel":"","context":"Dans &quot;biochar&quot;","block_context":{"text":"biochar","link":"https:\/\/www.altimara.eu\/blog\/category\/charbon-vegetal\/biochar\/"},"img":{"alt_text":"","src":"https:\/\/i0.wp.com\/www.altimara.eu\/blog\/wp-content\/uploads\/2021\/02\/MAR4999-scaled.jpg?resize=350%2C200&ssl=1","width":350,"height":200,"srcset":"https:\/\/i0.wp.com\/www.altimara.eu\/blog\/wp-content\/uploads\/2021\/02\/MAR4999-scaled.jpg?resize=350%2C200&ssl=1 1x, https:\/\/i0.wp.com\/www.altimara.eu\/blog\/wp-content\/uploads\/2021\/02\/MAR4999-scaled.jpg?resize=525%2C300&ssl=1 1.5x, https:\/\/i0.wp.com\/www.altimara.eu\/blog\/wp-content\/uploads\/2021\/02\/MAR4999-scaled.jpg?resize=700%2C400&ssl=1 2x, https:\/\/i0.wp.com\/www.altimara.eu\/blog\/wp-content\/uploads\/2021\/02\/MAR4999-scaled.jpg?resize=1050%2C600&ssl=1 3x, https:\/\/i0.wp.com\/www.altimara.eu\/blog\/wp-content\/uploads\/2021\/02\/MAR4999-scaled.jpg?resize=1400%2C800&ssl=1 4x"},"classes":[]}],"_links":{"self":[{"href":"https:\/\/www.altimara.eu\/blog\/wp-json\/wp\/v2\/posts\/3537","targetHints":{"allow":["GET"]}}],"collection":[{"href":"https:\/\/www.altimara.eu\/blog\/wp-json\/wp\/v2\/posts"}],"about":[{"href":"https:\/\/www.altimara.eu\/blog\/wp-json\/wp\/v2\/types\/post"}],"author":[{"embeddable":true,"href":"https:\/\/www.altimara.eu\/blog\/wp-json\/wp\/v2\/users\/3"}],"replies":[{"embeddable":true,"href":"https:\/\/www.altimara.eu\/blog\/wp-json\/wp\/v2\/comments?post=3537"}],"version-history":[{"count":0,"href":"https:\/\/www.altimara.eu\/blog\/wp-json\/wp\/v2\/posts\/3537\/revisions"}],"wp:attachment":[{"href":"https:\/\/www.altimara.eu\/blog\/wp-json\/wp\/v2\/media?parent=3537"}],"wp:term":[{"taxonomy":"category","embeddable":true,"href":"https:\/\/www.altimara.eu\/blog\/wp-json\/wp\/v2\/categories?post=3537"},{"taxonomy":"post_tag","embeddable":true,"href":"https:\/\/www.altimara.eu\/blog\/wp-json\/wp\/v2\/tags?post=3537"}],"curies":[{"name":"wp","href":"https:\/\/api.w.org\/{rel}","templated":true}]}}