{"id":3515,"date":"2020-11-07T14:21:10","date_gmt":"2020-11-07T13:21:10","guid":{"rendered":"https:\/\/www.altimara.eu\/blog\/?p=3515"},"modified":"2020-11-25T18:28:43","modified_gmt":"2020-11-25T17:28:43","slug":"au-four","status":"publish","type":"post","link":"https:\/\/www.altimara.eu\/blog\/2020\/11\/07\/au-four\/","title":{"rendered":"Au four !"},"content":{"rendered":"\n<p><a href=\"https:\/\/coopdea.org\/\" target=\"_blank\" rel=\"noreferrer noopener\"><img data-recalc-dims=\"1\" loading=\"lazy\" decoding=\"async\" width=\"100\" height=\"100\" data-attachment-id=\"3204\" data-permalink=\"https:\/\/www.altimara.eu\/blog\/2019\/10\/28\/ca-fume-xxl\/sigle-c1\/\" data-orig-file=\"https:\/\/i0.wp.com\/www.altimara.eu\/blog\/wp-content\/uploads\/2019\/10\/sigle-C1-e1592488750446.jpg?fit=200%2C200&amp;ssl=1\" data-orig-size=\"200,200\" data-comments-opened=\"1\" data-image-meta=\"{&quot;aperture&quot;:&quot;0&quot;,&quot;credit&quot;:&quot;&quot;,&quot;camera&quot;:&quot;&quot;,&quot;caption&quot;:&quot;&quot;,&quot;created_timestamp&quot;:&quot;0&quot;,&quot;copyright&quot;:&quot;&quot;,&quot;focal_length&quot;:&quot;0&quot;,&quot;iso&quot;:&quot;0&quot;,&quot;shutter_speed&quot;:&quot;0&quot;,&quot;title&quot;:&quot;&quot;,&quot;orientation&quot;:&quot;0&quot;}\" data-image-title=\"sigle C1\" data-image-description=\"\" data-image-caption=\"\" data-large-file=\"https:\/\/i0.wp.com\/www.altimara.eu\/blog\/wp-content\/uploads\/2019\/10\/sigle-C1-e1592488750446.jpg?fit=200%2C200&amp;ssl=1\" class=\"wp-image-3204\" style=\"width: 100px;\" src=\"https:\/\/i0.wp.com\/www.altimara.eu\/blog\/wp-content\/uploads\/2019\/10\/sigle-C1-e1592488750446.jpg?resize=100%2C100&#038;ssl=1\" alt=\"\"><\/a>Les cuissons ont repris au Jardin de Fontan\u00e8s. Mais le four en terre a subit les assauts des grosses pluies de l&rsquo;automne. Il a donc fallut que je reprenne les enduits ext\u00e9rieurs. Paille et terre.<\/p>\n\n\n\n<div class=\"wp-block-image\"><figure class=\"aligncenter size-large is-resized\"><img data-recalc-dims=\"1\" loading=\"lazy\" decoding=\"async\" data-attachment-id=\"3516\" data-permalink=\"https:\/\/www.altimara.eu\/blog\/2020\/11\/07\/au-four\/img_20201104_120735\/\" data-orig-file=\"https:\/\/i0.wp.com\/www.altimara.eu\/blog\/wp-content\/uploads\/2020\/11\/IMG_20201104_120735.jpg?fit=1206%2C1400&amp;ssl=1\" data-orig-size=\"1206,1400\" data-comments-opened=\"1\" data-image-meta=\"{&quot;aperture&quot;:&quot;1.8&quot;,&quot;credit&quot;:&quot;Martial Acquarone&quot;,&quot;camera&quot;:&quot;M2003J15SC&quot;,&quot;caption&quot;:&quot;&quot;,&quot;created_timestamp&quot;:&quot;1599563809&quot;,&quot;copyright&quot;:&quot;Common Licence&quot;,&quot;focal_length&quot;:&quot;4.74&quot;,&quot;iso&quot;:&quot;101&quot;,&quot;shutter_speed&quot;:&quot;0.0043478260869565&quot;,&quot;title&quot;:&quot;&quot;,&quot;orientation&quot;:&quot;0&quot;}\" data-image-title=\"IMG_20201104_120735\" data-image-description=\"\" data-image-caption=\"\" data-large-file=\"https:\/\/i0.wp.com\/www.altimara.eu\/blog\/wp-content\/uploads\/2020\/11\/IMG_20201104_120735.jpg?fit=627%2C728&amp;ssl=1\" src=\"https:\/\/i0.wp.com\/www.altimara.eu\/blog\/wp-content\/uploads\/2020\/11\/IMG_20201104_120735.jpg?resize=441%2C512&#038;ssl=1\" alt=\"\" class=\"wp-image-3516\" width=\"441\" height=\"512\" srcset=\"https:\/\/i0.wp.com\/www.altimara.eu\/blog\/wp-content\/uploads\/2020\/11\/IMG_20201104_120735.jpg?resize=882%2C1024&amp;ssl=1 882w, https:\/\/i0.wp.com\/www.altimara.eu\/blog\/wp-content\/uploads\/2020\/11\/IMG_20201104_120735.jpg?resize=258%2C300&amp;ssl=1 258w, https:\/\/i0.wp.com\/www.altimara.eu\/blog\/wp-content\/uploads\/2020\/11\/IMG_20201104_120735.jpg?resize=768%2C892&amp;ssl=1 768w, https:\/\/i0.wp.com\/www.altimara.eu\/blog\/wp-content\/uploads\/2020\/11\/IMG_20201104_120735.jpg?w=1206&amp;ssl=1 1206w\" sizes=\"auto, (max-width: 441px) 100vw, 441px\" \/><figcaption>Cuisson dans le four mobile, toujours aussi performant.<\/figcaption><\/figure><\/div>\n\n\n\n<div class=\"wp-block-image\"><figure class=\"aligncenter size-large\"><img data-recalc-dims=\"1\" loading=\"lazy\" decoding=\"async\" width=\"627\" height=\"469\" data-attachment-id=\"3517\" data-permalink=\"https:\/\/www.altimara.eu\/blog\/2020\/11\/07\/au-four\/img_20201106_120010\/\" data-orig-file=\"https:\/\/i0.wp.com\/www.altimara.eu\/blog\/wp-content\/uploads\/2020\/11\/IMG_20201106_120010.jpg?fit=1400%2C1047&amp;ssl=1\" data-orig-size=\"1400,1047\" data-comments-opened=\"1\" data-image-meta=\"{&quot;aperture&quot;:&quot;1.8&quot;,&quot;credit&quot;:&quot;Martial Acquarone&quot;,&quot;camera&quot;:&quot;M2003J15SC&quot;,&quot;caption&quot;:&quot;&quot;,&quot;created_timestamp&quot;:&quot;1599563809&quot;,&quot;copyright&quot;:&quot;Common Licence&quot;,&quot;focal_length&quot;:&quot;4.74&quot;,&quot;iso&quot;:&quot;103&quot;,&quot;shutter_speed&quot;:&quot;0.0021739130434783&quot;,&quot;title&quot;:&quot;&quot;,&quot;orientation&quot;:&quot;0&quot;}\" data-image-title=\"IMG_20201106_120010\" data-image-description=\"\" data-image-caption=\"\" data-large-file=\"https:\/\/i0.wp.com\/www.altimara.eu\/blog\/wp-content\/uploads\/2020\/11\/IMG_20201106_120010.jpg?fit=627%2C469&amp;ssl=1\" src=\"https:\/\/i0.wp.com\/www.altimara.eu\/blog\/wp-content\/uploads\/2020\/11\/IMG_20201106_120010.jpg?resize=627%2C469&#038;ssl=1\" alt=\"\" class=\"wp-image-3517\" srcset=\"https:\/\/i0.wp.com\/www.altimara.eu\/blog\/wp-content\/uploads\/2020\/11\/IMG_20201106_120010.jpg?resize=1024%2C766&amp;ssl=1 1024w, https:\/\/i0.wp.com\/www.altimara.eu\/blog\/wp-content\/uploads\/2020\/11\/IMG_20201106_120010.jpg?resize=300%2C224&amp;ssl=1 300w, https:\/\/i0.wp.com\/www.altimara.eu\/blog\/wp-content\/uploads\/2020\/11\/IMG_20201106_120010.jpg?resize=768%2C574&amp;ssl=1 768w, https:\/\/i0.wp.com\/www.altimara.eu\/blog\/wp-content\/uploads\/2020\/11\/IMG_20201106_120010.jpg?w=1400&amp;ssl=1 1400w, https:\/\/i0.wp.com\/www.altimara.eu\/blog\/wp-content\/uploads\/2020\/11\/IMG_20201106_120010.jpg?w=1254&amp;ssl=1 1254w\" sizes=\"auto, (max-width: 627px) 100vw, 627px\" \/><figcaption>Comme dans les pubs : avant&#8230;<\/figcaption><\/figure><\/div>\n\n\n\n<div class=\"wp-block-image\"><figure class=\"aligncenter size-large\"><img data-recalc-dims=\"1\" loading=\"lazy\" decoding=\"async\" width=\"627\" height=\"469\" data-attachment-id=\"3518\" data-permalink=\"https:\/\/www.altimara.eu\/blog\/2020\/11\/07\/au-four\/img_20201106_143048\/\" data-orig-file=\"https:\/\/i0.wp.com\/www.altimara.eu\/blog\/wp-content\/uploads\/2020\/11\/IMG_20201106_143048.jpg?fit=1400%2C1047&amp;ssl=1\" data-orig-size=\"1400,1047\" data-comments-opened=\"1\" data-image-meta=\"{&quot;aperture&quot;:&quot;1.8&quot;,&quot;credit&quot;:&quot;Martial Acquarone&quot;,&quot;camera&quot;:&quot;M2003J15SC&quot;,&quot;caption&quot;:&quot;&quot;,&quot;created_timestamp&quot;:&quot;1599563809&quot;,&quot;copyright&quot;:&quot;Common Licence&quot;,&quot;focal_length&quot;:&quot;4.74&quot;,&quot;iso&quot;:&quot;100&quot;,&quot;shutter_speed&quot;:&quot;0.0025&quot;,&quot;title&quot;:&quot;&quot;,&quot;orientation&quot;:&quot;0&quot;}\" data-image-title=\"IMG_20201106_143048\" data-image-description=\"\" data-image-caption=\"\" data-large-file=\"https:\/\/i0.wp.com\/www.altimara.eu\/blog\/wp-content\/uploads\/2020\/11\/IMG_20201106_143048.jpg?fit=627%2C469&amp;ssl=1\" src=\"https:\/\/i0.wp.com\/www.altimara.eu\/blog\/wp-content\/uploads\/2020\/11\/IMG_20201106_143048.jpg?resize=627%2C469&#038;ssl=1\" alt=\"\" class=\"wp-image-3518\" srcset=\"https:\/\/i0.wp.com\/www.altimara.eu\/blog\/wp-content\/uploads\/2020\/11\/IMG_20201106_143048.jpg?resize=1024%2C766&amp;ssl=1 1024w, https:\/\/i0.wp.com\/www.altimara.eu\/blog\/wp-content\/uploads\/2020\/11\/IMG_20201106_143048.jpg?resize=300%2C224&amp;ssl=1 300w, https:\/\/i0.wp.com\/www.altimara.eu\/blog\/wp-content\/uploads\/2020\/11\/IMG_20201106_143048.jpg?resize=768%2C574&amp;ssl=1 768w, https:\/\/i0.wp.com\/www.altimara.eu\/blog\/wp-content\/uploads\/2020\/11\/IMG_20201106_143048.jpg?w=1400&amp;ssl=1 1400w, https:\/\/i0.wp.com\/www.altimara.eu\/blog\/wp-content\/uploads\/2020\/11\/IMG_20201106_143048.jpg?w=1254&amp;ssl=1 1254w\" sizes=\"auto, (max-width: 627px) 100vw, 627px\" \/><figcaption>apr\u00e8s ! Je vous conseille la lotion paille &#8211; terre MA.<\/figcaption><\/figure><\/div>\n\n\n\n<div class=\"wp-block-image\"><figure class=\"aligncenter size-large\"><img data-recalc-dims=\"1\" loading=\"lazy\" decoding=\"async\" width=\"627\" height=\"469\" data-attachment-id=\"3519\" data-permalink=\"https:\/\/www.altimara.eu\/blog\/2020\/11\/07\/au-four\/img_20201106_132536\/\" data-orig-file=\"https:\/\/i0.wp.com\/www.altimara.eu\/blog\/wp-content\/uploads\/2020\/11\/IMG_20201106_132536.jpg?fit=1400%2C1047&amp;ssl=1\" data-orig-size=\"1400,1047\" data-comments-opened=\"1\" data-image-meta=\"{&quot;aperture&quot;:&quot;1.8&quot;,&quot;credit&quot;:&quot;Martial Acquarone&quot;,&quot;camera&quot;:&quot;M2003J15SC&quot;,&quot;caption&quot;:&quot;&quot;,&quot;created_timestamp&quot;:&quot;1599563809&quot;,&quot;copyright&quot;:&quot;Common Licence&quot;,&quot;focal_length&quot;:&quot;4.74&quot;,&quot;iso&quot;:&quot;101&quot;,&quot;shutter_speed&quot;:&quot;0.0095238095238095&quot;,&quot;title&quot;:&quot;&quot;,&quot;orientation&quot;:&quot;0&quot;}\" data-image-title=\"IMG_20201106_132536\" data-image-description=\"&lt;p&gt;paille carbonis\u00e9e&lt;\/p&gt;\n\" data-image-caption=\"\" data-large-file=\"https:\/\/i0.wp.com\/www.altimara.eu\/blog\/wp-content\/uploads\/2020\/11\/IMG_20201106_132536.jpg?fit=627%2C469&amp;ssl=1\" src=\"https:\/\/i0.wp.com\/www.altimara.eu\/blog\/wp-content\/uploads\/2020\/11\/IMG_20201106_132536.jpg?resize=627%2C469&#038;ssl=1\" alt=\"charbon v\u00e9g\u00e9tal, biochar\" class=\"wp-image-3519\" srcset=\"https:\/\/i0.wp.com\/www.altimara.eu\/blog\/wp-content\/uploads\/2020\/11\/IMG_20201106_132536.jpg?resize=1024%2C766&amp;ssl=1 1024w, https:\/\/i0.wp.com\/www.altimara.eu\/blog\/wp-content\/uploads\/2020\/11\/IMG_20201106_132536.jpg?resize=300%2C224&amp;ssl=1 300w, https:\/\/i0.wp.com\/www.altimara.eu\/blog\/wp-content\/uploads\/2020\/11\/IMG_20201106_132536.jpg?resize=768%2C574&amp;ssl=1 768w, https:\/\/i0.wp.com\/www.altimara.eu\/blog\/wp-content\/uploads\/2020\/11\/IMG_20201106_132536.jpg?w=1400&amp;ssl=1 1400w, https:\/\/i0.wp.com\/www.altimara.eu\/blog\/wp-content\/uploads\/2020\/11\/IMG_20201106_132536.jpg?w=1254&amp;ssl=1 1254w\" sizes=\"auto, (max-width: 627px) 100vw, 627px\" \/><figcaption>Paille carbonis\u00e9e.<\/figcaption><\/figure><\/div>\n\n\n\n<figure class=\"wp-block-image size-large\"><img data-recalc-dims=\"1\" loading=\"lazy\" decoding=\"async\" width=\"627\" height=\"419\" data-attachment-id=\"3520\" data-permalink=\"https:\/\/www.altimara.eu\/blog\/2020\/11\/07\/au-four\/mar4521\/\" data-orig-file=\"https:\/\/i0.wp.com\/www.altimara.eu\/blog\/wp-content\/uploads\/2020\/11\/MAR4521.jpg?fit=1618%2C1080&amp;ssl=1\" data-orig-size=\"1618,1080\" data-comments-opened=\"1\" data-image-meta=\"{&quot;aperture&quot;:&quot;5.6&quot;,&quot;credit&quot;:&quot;Martial Acquarone&quot;,&quot;camera&quot;:&quot;NIKON D800&quot;,&quot;caption&quot;:&quot;&quot;,&quot;created_timestamp&quot;:&quot;1599563809&quot;,&quot;copyright&quot;:&quot;Common Licence&quot;,&quot;focal_length&quot;:&quot;400&quot;,&quot;iso&quot;:&quot;400&quot;,&quot;shutter_speed&quot;:&quot;0.002&quot;,&quot;title&quot;:&quot;&quot;,&quot;orientation&quot;:&quot;0&quot;}\" data-image-title=\"MAR4521\" data-image-description=\"\" data-image-caption=\"\" data-large-file=\"https:\/\/i0.wp.com\/www.altimara.eu\/blog\/wp-content\/uploads\/2020\/11\/MAR4521.jpg?fit=627%2C419&amp;ssl=1\" src=\"https:\/\/i0.wp.com\/www.altimara.eu\/blog\/wp-content\/uploads\/2020\/11\/MAR4521.jpg?resize=627%2C419&#038;ssl=1\" alt=\"\" class=\"wp-image-3520\" srcset=\"https:\/\/i0.wp.com\/www.altimara.eu\/blog\/wp-content\/uploads\/2020\/11\/MAR4521.jpg?resize=1024%2C684&amp;ssl=1 1024w, https:\/\/i0.wp.com\/www.altimara.eu\/blog\/wp-content\/uploads\/2020\/11\/MAR4521.jpg?resize=300%2C200&amp;ssl=1 300w, https:\/\/i0.wp.com\/www.altimara.eu\/blog\/wp-content\/uploads\/2020\/11\/MAR4521.jpg?resize=768%2C513&amp;ssl=1 768w, https:\/\/i0.wp.com\/www.altimara.eu\/blog\/wp-content\/uploads\/2020\/11\/MAR4521.jpg?resize=1536%2C1025&amp;ssl=1 1536w, https:\/\/i0.wp.com\/www.altimara.eu\/blog\/wp-content\/uploads\/2020\/11\/MAR4521.jpg?w=1618&amp;ssl=1 1618w, https:\/\/i0.wp.com\/www.altimara.eu\/blog\/wp-content\/uploads\/2020\/11\/MAR4521.jpg?w=1254&amp;ssl=1 1254w\" sizes=\"auto, (max-width: 627px) 100vw, 627px\" \/><figcaption>Des mangeurs de carottes dans le jardin, a\u00efe a\u00efe a\u00efe ! Le lapin aux carottes c&rsquo;est bon aussi !<\/figcaption><\/figure>\n\n\n\n<p><\/p>\n","protected":false},"excerpt":{"rendered":"<p>Les cuissons ont repris au Jardin de Fontan\u00e8s. Mais le four en terre a subit les assauts des grosses pluies de l&rsquo;automne. Il a donc fallut que je reprenne les enduits ext\u00e9rieurs. Paille et terre.<\/p>\n","protected":false},"author":3,"featured_media":0,"comment_status":"open","ping_status":"open","sticky":false,"template":"","format":"standard","meta":{"ngg_post_thumbnail":0,"jetpack_post_was_ever_published":false,"_jetpack_newsletter_access":"","_jetpack_dont_email_post_to_subs":false,"_jetpack_newsletter_tier_id":0,"_jetpack_memberships_contains_paywalled_content":false,"_jetpack_memberships_contains_paid_content":false,"footnotes":"","jetpack_publicize_message":"","jetpack_publicize_feature_enabled":true,"jetpack_social_post_already_shared":true,"jetpack_social_options":{"image_generator_settings":{"template":"highway","default_image_id":0,"font":"","enabled":false},"version":2}},"categories":[65,6,86,110],"tags":[],"class_list":["post-3515","post","type-post","status-publish","format-standard","hentry","category-mes-charbonnieres","category-charbon-de-bois-carbon-art","category-charbon-vegetal","category-ecochar"],"jetpack_publicize_connections":[],"jetpack_featured_media_url":"","jetpack_shortlink":"https:\/\/wp.me\/p4r91c-UH","jetpack_sharing_enabled":true,"jetpack-related-posts":[{"id":3156,"url":"https:\/\/www.altimara.eu\/blog\/2019\/09\/16\/cuisson-au-four-metallique-suite-et-fin\/","url_meta":{"origin":3515,"position":0},"title":"Cuisson au four m\u00e9tallique, suite et fin","author":"Martiou","date":"16 septembre 2019","format":false,"excerpt":"l'\u00e9quipe de St Guillaume a allum\u00e9 le feu dans la marmite remplie de 4 st\u00e8res de bois. les b\u00fbches une fois d\u00e9pos\u00e9es dans la \"marmite\", il est mis un cordon de terre dans les rainures des jonctions des viroles pour l'\u00e9tanch\u00e9it\u00e9. Colmatage Allumage par le haut comme en meule La\u2026","rel":"","context":"Dans &quot;Charbon de bois&quot;","block_context":{"text":"Charbon de bois","link":"https:\/\/www.altimara.eu\/blog\/category\/charbon-de-bois-carbon-art\/"},"img":{"alt_text":"","src":"https:\/\/i0.wp.com\/www.altimara.eu\/blog\/wp-content\/uploads\/2019\/09\/P1120459.jpg?resize=350%2C200&ssl=1","width":350,"height":200,"srcset":"https:\/\/i0.wp.com\/www.altimara.eu\/blog\/wp-content\/uploads\/2019\/09\/P1120459.jpg?resize=350%2C200&ssl=1 1x, https:\/\/i0.wp.com\/www.altimara.eu\/blog\/wp-content\/uploads\/2019\/09\/P1120459.jpg?resize=525%2C300&ssl=1 1.5x, https:\/\/i0.wp.com\/www.altimara.eu\/blog\/wp-content\/uploads\/2019\/09\/P1120459.jpg?resize=700%2C400&ssl=1 2x, https:\/\/i0.wp.com\/www.altimara.eu\/blog\/wp-content\/uploads\/2019\/09\/P1120459.jpg?resize=1050%2C600&ssl=1 3x, https:\/\/i0.wp.com\/www.altimara.eu\/blog\/wp-content\/uploads\/2019\/09\/P1120459.jpg?resize=1400%2C800&ssl=1 4x"},"classes":[]},{"id":3169,"url":"https:\/\/www.altimara.eu\/blog\/2019\/10\/24\/nouveau-four-xxl\/","url_meta":{"origin":3515,"position":1},"title":"Nouveau four XXL","author":"Martiou","date":"24 octobre 2019","format":false,"excerpt":"Avec l'ONG COOPDEA, je continue la recherche et l'exp\u00e9rimentation de techniques de carbonisation adapt\u00e9es aux pays \u00e0 faibles ressources. La capacit\u00e9 de nos fours gazog\u00e8nes \u00e9tant limit\u00e9e \u00e0 60 l, nous lan\u00e7ons un programme de construction d'un four de 200 l. Notre objectif est de d\u00e9velopper des capacit\u00e9s sup\u00e9rieures de\u2026","rel":"","context":"Dans &quot;Charbon de bois&quot;","block_context":{"text":"Charbon de bois","link":"https:\/\/www.altimara.eu\/blog\/category\/charbon-de-bois-carbon-art\/"},"img":{"alt_text":"","src":"https:\/\/i0.wp.com\/www.altimara.eu\/blog\/wp-content\/uploads\/2019\/10\/IMG_20190826_194055764-2.jpg?resize=350%2C200&ssl=1","width":350,"height":200,"srcset":"https:\/\/i0.wp.com\/www.altimara.eu\/blog\/wp-content\/uploads\/2019\/10\/IMG_20190826_194055764-2.jpg?resize=350%2C200&ssl=1 1x, https:\/\/i0.wp.com\/www.altimara.eu\/blog\/wp-content\/uploads\/2019\/10\/IMG_20190826_194055764-2.jpg?resize=525%2C300&ssl=1 1.5x, https:\/\/i0.wp.com\/www.altimara.eu\/blog\/wp-content\/uploads\/2019\/10\/IMG_20190826_194055764-2.jpg?resize=700%2C400&ssl=1 2x"},"classes":[]},{"id":3594,"url":"https:\/\/www.altimara.eu\/blog\/2021\/03\/19\/fin-dhiver\/","url_meta":{"origin":3515,"position":2},"title":"Fin d&rsquo;hiver","author":"Martiou","date":"19 mars 2021","format":false,"excerpt":"De nombreux travaux au Jardin et \u00e0 l'atelier. La taille des olivier donne un bon volume de v\u00e9g\u00e9tal a carboniser. C'est une piste int\u00e9ressante pour tous les exploitants d'olivettes (oliveraies) pour valoriser leurs d\u00e9chets. Cuissons au Jardin de Fontan\u00e8s avec le four n\u00b01, le plus ancien, retap\u00e9 pour l'occasion. L'autre\u2026","rel":"","context":"Dans &quot;biochar&quot;","block_context":{"text":"biochar","link":"https:\/\/www.altimara.eu\/blog\/category\/charbon-vegetal\/biochar\/"},"img":{"alt_text":"","src":"https:\/\/i0.wp.com\/www.altimara.eu\/blog\/wp-content\/uploads\/2021\/03\/IMG_20210316_154021-scaled.jpg?resize=350%2C200&ssl=1","width":350,"height":200,"srcset":"https:\/\/i0.wp.com\/www.altimara.eu\/blog\/wp-content\/uploads\/2021\/03\/IMG_20210316_154021-scaled.jpg?resize=350%2C200&ssl=1 1x, https:\/\/i0.wp.com\/www.altimara.eu\/blog\/wp-content\/uploads\/2021\/03\/IMG_20210316_154021-scaled.jpg?resize=525%2C300&ssl=1 1.5x, https:\/\/i0.wp.com\/www.altimara.eu\/blog\/wp-content\/uploads\/2021\/03\/IMG_20210316_154021-scaled.jpg?resize=700%2C400&ssl=1 2x, https:\/\/i0.wp.com\/www.altimara.eu\/blog\/wp-content\/uploads\/2021\/03\/IMG_20210316_154021-scaled.jpg?resize=1050%2C600&ssl=1 3x, https:\/\/i0.wp.com\/www.altimara.eu\/blog\/wp-content\/uploads\/2021\/03\/IMG_20210316_154021-scaled.jpg?resize=1400%2C800&ssl=1 4x"},"classes":[]},{"id":3915,"url":"https:\/\/www.altimara.eu\/blog\/2022\/07\/17\/charbonniere-chez-jean-3\/","url_meta":{"origin":3515,"position":3},"title":"Charbonni\u00e8re chez Jean-3","author":"Martiou","date":"17 juillet 2022","format":false,"excerpt":"Jean a r\u00e9cup\u00e9r\u00e9 un four m\u00e9tallique qui vient du jardin ethnobotanique de Rousson dans le Gard. Cette structure ressemble \u00e0 celle des fours utilis\u00e9s pendant la seconde guerre mondiale. Il faut quatre chemin\u00e9es de part et d'autre. Le remplissage est par viroles (caissons) successives, trois dans ce cas. Ensuite on\u2026","rel":"","context":"Dans &quot;Charbon de bois&quot;","block_context":{"text":"Charbon de bois","link":"https:\/\/www.altimara.eu\/blog\/category\/charbon-de-bois-carbon-art\/"},"img":{"alt_text":"","src":"https:\/\/i0.wp.com\/www.altimara.eu\/blog\/wp-content\/uploads\/2022\/07\/MAR9321.jpg?resize=350%2C200&ssl=1","width":350,"height":200,"srcset":"https:\/\/i0.wp.com\/www.altimara.eu\/blog\/wp-content\/uploads\/2022\/07\/MAR9321.jpg?resize=350%2C200&ssl=1 1x, https:\/\/i0.wp.com\/www.altimara.eu\/blog\/wp-content\/uploads\/2022\/07\/MAR9321.jpg?resize=525%2C300&ssl=1 1.5x, https:\/\/i0.wp.com\/www.altimara.eu\/blog\/wp-content\/uploads\/2022\/07\/MAR9321.jpg?resize=700%2C400&ssl=1 2x, https:\/\/i0.wp.com\/www.altimara.eu\/blog\/wp-content\/uploads\/2022\/07\/MAR9321.jpg?resize=1050%2C600&ssl=1 3x, https:\/\/i0.wp.com\/www.altimara.eu\/blog\/wp-content\/uploads\/2022\/07\/MAR9321.jpg?resize=1400%2C800&ssl=1 4x"},"classes":[]},{"id":3192,"url":"https:\/\/www.altimara.eu\/blog\/2019\/10\/28\/ca-fume-xxl\/","url_meta":{"origin":3515,"position":4},"title":"\u00c7a fume XXL","author":"Martiou","date":"28 octobre 2019","format":false,"excerpt":"Nous avons r\u00e9alis\u00e9 la premi\u00e8re cuisson avec notre four en terre. L'ensemble des v\u00e9g\u00e9taux et la terre \u00e9taient gorg\u00e9s d'eau suite aux grosses pluies. Malgr\u00e9 tout nous avons pu d\u00e9marrer le feu qui a pris un peu de temps pour s\u00e9cher l'ensemble. Nous avions rempli le f\u00fbt \u00e0 moiti\u00e9 pour\u2026","rel":"","context":"Dans &quot;Charbon v\u00e9g\u00e9tal&quot;","block_context":{"text":"Charbon v\u00e9g\u00e9tal","link":"https:\/\/www.altimara.eu\/blog\/category\/charbon-vegetal\/"},"img":{"alt_text":"","src":"https:\/\/i0.wp.com\/www.altimara.eu\/blog\/wp-content\/uploads\/2019\/10\/MAR1112-copie.jpg?resize=350%2C200&ssl=1","width":350,"height":200,"srcset":"https:\/\/i0.wp.com\/www.altimara.eu\/blog\/wp-content\/uploads\/2019\/10\/MAR1112-copie.jpg?resize=350%2C200&ssl=1 1x, https:\/\/i0.wp.com\/www.altimara.eu\/blog\/wp-content\/uploads\/2019\/10\/MAR1112-copie.jpg?resize=525%2C300&ssl=1 1.5x, https:\/\/i0.wp.com\/www.altimara.eu\/blog\/wp-content\/uploads\/2019\/10\/MAR1112-copie.jpg?resize=700%2C400&ssl=1 2x, https:\/\/i0.wp.com\/www.altimara.eu\/blog\/wp-content\/uploads\/2019\/10\/MAR1112-copie.jpg?resize=1050%2C600&ssl=1 3x"},"classes":[]},{"id":3150,"url":"https:\/\/www.altimara.eu\/blog\/2019\/09\/01\/cuisson-au-four-metallique\/","url_meta":{"origin":3515,"position":5},"title":"Cuisson au four m\u00e9tallique","author":"Martiou","date":"1 septembre 2019","format":false,"excerpt":"J'avais eu l'occasion de voir le site des fours m\u00e9talliques dans le for\u00eat des Baumaises de la commune de St Guillaume (https:\/\/www.altimara.eu\/blog\/?p=2926). Ce village est au pied du Vercors, \u00e0 cot\u00e9 du Mont Aiguille. Ces fours ont \u00e9t\u00e9 utilis\u00e9 comme partout en France pendant la Seconde Guerre Mondiale. Ce sont\u2026","rel":"","context":"Dans &quot;Charbon de bois&quot;","block_context":{"text":"Charbon de bois","link":"https:\/\/www.altimara.eu\/blog\/category\/charbon-de-bois-carbon-art\/"},"img":{"alt_text":"","src":"https:\/\/i0.wp.com\/www.altimara.eu\/blog\/wp-content\/uploads\/2019\/09\/Capture-d%E2%80%99e%CC%81cran-2019-09-01-a%CC%80-14.09.41.png?resize=350%2C200&ssl=1","width":350,"height":200,"srcset":"https:\/\/i0.wp.com\/www.altimara.eu\/blog\/wp-content\/uploads\/2019\/09\/Capture-d%E2%80%99e%CC%81cran-2019-09-01-a%CC%80-14.09.41.png?resize=350%2C200&ssl=1 1x, https:\/\/i0.wp.com\/www.altimara.eu\/blog\/wp-content\/uploads\/2019\/09\/Capture-d%E2%80%99e%CC%81cran-2019-09-01-a%CC%80-14.09.41.png?resize=525%2C300&ssl=1 1.5x"},"classes":[]}],"_links":{"self":[{"href":"https:\/\/www.altimara.eu\/blog\/wp-json\/wp\/v2\/posts\/3515","targetHints":{"allow":["GET"]}}],"collection":[{"href":"https:\/\/www.altimara.eu\/blog\/wp-json\/wp\/v2\/posts"}],"about":[{"href":"https:\/\/www.altimara.eu\/blog\/wp-json\/wp\/v2\/types\/post"}],"author":[{"embeddable":true,"href":"https:\/\/www.altimara.eu\/blog\/wp-json\/wp\/v2\/users\/3"}],"replies":[{"embeddable":true,"href":"https:\/\/www.altimara.eu\/blog\/wp-json\/wp\/v2\/comments?post=3515"}],"version-history":[{"count":0,"href":"https:\/\/www.altimara.eu\/blog\/wp-json\/wp\/v2\/posts\/3515\/revisions"}],"wp:attachment":[{"href":"https:\/\/www.altimara.eu\/blog\/wp-json\/wp\/v2\/media?parent=3515"}],"wp:term":[{"taxonomy":"category","embeddable":true,"href":"https:\/\/www.altimara.eu\/blog\/wp-json\/wp\/v2\/categories?post=3515"},{"taxonomy":"post_tag","embeddable":true,"href":"https:\/\/www.altimara.eu\/blog\/wp-json\/wp\/v2\/tags?post=3515"}],"curies":[{"name":"wp","href":"https:\/\/api.w.org\/{rel}","templated":true}]}}