{"id":3509,"date":"2020-10-31T19:42:21","date_gmt":"2020-10-31T18:42:21","guid":{"rendered":"https:\/\/www.altimara.eu\/blog\/?p=3509"},"modified":"2021-03-10T14:12:37","modified_gmt":"2021-03-10T13:12:37","slug":"charbon-ecologique","status":"publish","type":"post","link":"https:\/\/www.altimara.eu\/blog\/2020\/10\/31\/charbon-ecologique\/","title":{"rendered":"Charbon \u00e9cologique"},"content":{"rendered":"\n<p>Le charbon a mauvaise presse et c&rsquo;est tout \u00e0 fait justifi\u00e9. L&rsquo;utilisation des ressources fossiles provoque l&rsquo;acc\u00e9l\u00e9ration du changement climatique et participe \u00e0 son d\u00e9r\u00e8glement.<\/p>\n\n\n\n<p>Le charbon est multiple. Il peut \u00eatre issu de terre, de bois, d&rsquo;os, d&rsquo;hydrocarbure, etc. Celui qui nous int\u00e9resse est d&rsquo;origine v\u00e9g\u00e9tale et \u00e0 contrario du fossile, p\u00e9trole, asphalte, il est une \u00e9nergie renouvelable. Les herbes, les arbres, les v\u00e9g\u00e9taux sont des \u00eatres vivants, qui naissent, qui poussent et qui meurent. Cette biomasse, plus ou moins bien exploit\u00e9e, nous donnent la possibilit\u00e9 de cr\u00e9er du charbon neutre, sans grand impact de notre environnement.<\/p>\n\n\n\n<p>Le charbon dit v\u00e9g\u00e9tal, est plut\u00f4t produit \u00e0 partir de d\u00e9chets verts, souvent sous valoris\u00e9s, voire probl\u00e9matique quand il faut g\u00e9rer l&rsquo;accroissement des d\u00e9charges de nos consommations exponentielles. La carbonisation g\u00e9n\u00e8re des gaz. La plus grosse proportion est inflammable et utilisable soit pour maintenir la pyrolyse soit pour du biogaz.<\/p>\n\n\n\n<p>Le biochar, charbon introduit dans les terres de cultures, est aussi une possibilit\u00e9 d&rsquo;utilisation pertinente de ce carbone.<\/p>\n\n\n\n<p>le charbon actif est indispensable pour tous les modes d&rsquo;absorption en filtrage. <\/p>\n\n\n\n<p>Regardons les \u00e9tudes faites sur l&rsquo;impact \u00e9cologique de la carbonisation en meules (traditionnelles):<\/p>\n\n\n\n<p>La transformation du bois en charbon de bois, impact \u00e9cologique.<\/p>\n\n\n\n<p>La mont\u00e9e en temp\u00e9rature du bois lors de la combustion, premi\u00e8re phase du processus, donne des gaz inflammables. A partir de 280\u00b0 ces gaz vont acc\u00e9l\u00e9rer l\u2019\u00e9l\u00e9vation de la chaleur, r\u00e9action exothermique, d\u2019une centaine de degr\u00e9s. La carbonisation est effective et seule le palier des 500\u00b0 permet d\u2019obtenir un charbon riche en carbone dans la norme europ\u00e9enne EN 1860-2 d\u2019un minimum de 80%. Une cuisson bien men\u00e9e en meule donnera un charbon \u00e0 plus de 85%. En four, avec le recyclage des gaz et une temp\u00e9rature de plus de 700\u00b0, voir 1000\u00b0, le taux peut atteindre 90 % et +.<\/p>\n\n\n\n<div class=\"wp-block-group\"><div class=\"wp-block-group__inner-container is-layout-flow wp-block-group-is-layout-flow\">\n<p>Dans le \u00ab&nbsp;Guide de la carbonisation \u00ab&nbsp;de Briane et Doat, \u00e9disud 1985, les diff\u00e9rents \u00e9l\u00e9ments produits par la carbonisation sont les suivant:<br>1 T de bois sec ( 20% humidit\u00e9 sur brut ) donne :<br>&#8211; 310 kg de charbon de bois. Entre 25 et 30 % de la masse initiale.<br>&#8211; 280 kg d\u2019eau. Beaucoup plus avec du bois vert qui est souvent le cas les charbonniers n\u2019ont pas le temps d\u2019attendre le s\u00e9chage.<br>&#8211; Fraction condensable: acide asc\u00e9tique 60 kg, m\u00e9thanol 25 kg, etc.<br>190 kg de gaz : CO2 100 kg, CO 70 kg, H2 Hydrocarbures 20 kg.<\/p>\n<\/div><\/div>\n\n\n\n<p>L\u2019association europ\u00e9enne des charbonniers EKV, dans une \u00e9tude r\u00e9cente fournis les chiffres suivant concernant les gaz :<br>Lors de la carbonisation du bois, les valeurs de gaz d&rsquo;\u00e9chappement suivantes ont \u00e9t\u00e9 d\u00e9termin\u00e9es dans des tas de bois de h\u00eatre et d&rsquo;\u00e9pic\u00e9a :<\/p>\n\n\n\n<p>Hydrog\u00e8ne (H2) : de 1,4 % \u00e0 7,6<br>Azote (N2) : de 59,7 % \u00e0 66,2<br>M\u00e9thane (CH4) : de 1,7 % \u00e0 2,7<br>Oxyg\u00e8ne (O2) : de 0,4 % \u00e0 3,5<br>Dioxyde de carbone (CO2) : de 20,6 % \u00e0 23,3<br>Monoxyde de carbone (CO) : de 2,9 % \u00e0 6,9<\/p>\n\n\n\n<p>\u00c9tudes r\u00e9alis\u00e9es par le Dr. h. c. Otto Wienhaus de Tharandt, professeur de chimie v\u00e9g\u00e9tale et d&rsquo;\u00e9cotoxicologie. Le bois \u00e9tant une mati\u00e8re premi\u00e8re renouvelable, la combustion est consid\u00e9r\u00e9e contre \u00ab&nbsp;neutre en CO2 \u00ab&nbsp; car ce gaz est int\u00e9gr\u00e9 \u00e0 la biomasse des for\u00eats durables. La carbonisation lib\u00e8re moins de CO2 que la combustion car ce gaz est fermement li\u00e9 au charbon.<br>Les meules gr\u00e2ce \u00e0 leur couverture de terre, filtrent en grande partie les gaz de pyrolyse. Les gaz toxiques comme le monoxyde de carbone et la diffusion des goudrons sont limit\u00e9s. Les analyses ont d\u00e9montr\u00e9 que les hydrocarbures BTEX (benz\u00e8ne, tolu\u00e8ne, \u00e9thylbenz\u00e8ne, xyl\u00e8ne) ne vont pas au del\u00e0 de 10 m autour de la meule.<\/p>\n\n\n\n<div class=\"wp-block-image\"><figure class=\"aligncenter size-large\"><img data-recalc-dims=\"1\" loading=\"lazy\" decoding=\"async\" width=\"627\" height=\"417\" data-attachment-id=\"3510\" data-permalink=\"https:\/\/www.altimara.eu\/blog\/2020\/10\/31\/charbon-ecologique\/nuit1\/\" data-orig-file=\"https:\/\/i0.wp.com\/www.altimara.eu\/blog\/wp-content\/uploads\/2020\/10\/nuit1.jpg?fit=1024%2C681&amp;ssl=1\" data-orig-size=\"1024,681\" data-comments-opened=\"1\" data-image-meta=\"{&quot;aperture&quot;:&quot;9&quot;,&quot;credit&quot;:&quot;&quot;,&quot;camera&quot;:&quot;NIKON D70s&quot;,&quot;caption&quot;:&quot;&quot;,&quot;created_timestamp&quot;:&quot;1168701806&quot;,&quot;copyright&quot;:&quot;\\u00a9 Martial Acquarone&quot;,&quot;focal_length&quot;:&quot;44&quot;,&quot;iso&quot;:&quot;200&quot;,&quot;shutter_speed&quot;:&quot;0.00625&quot;,&quot;title&quot;:&quot;&quot;,&quot;orientation&quot;:&quot;1&quot;}\" data-image-title=\"nuit1\" data-image-description=\"\" data-image-caption=\"\" data-large-file=\"https:\/\/i0.wp.com\/www.altimara.eu\/blog\/wp-content\/uploads\/2020\/10\/nuit1.jpg?fit=627%2C417&amp;ssl=1\" src=\"https:\/\/i0.wp.com\/www.altimara.eu\/blog\/wp-content\/uploads\/2020\/10\/nuit1.jpg?resize=627%2C417&#038;ssl=1\" alt=\"\" class=\"wp-image-3510\" srcset=\"https:\/\/i0.wp.com\/www.altimara.eu\/blog\/wp-content\/uploads\/2020\/10\/nuit1.jpg?w=1024&amp;ssl=1 1024w, https:\/\/i0.wp.com\/www.altimara.eu\/blog\/wp-content\/uploads\/2020\/10\/nuit1.jpg?resize=300%2C200&amp;ssl=1 300w, https:\/\/i0.wp.com\/www.altimara.eu\/blog\/wp-content\/uploads\/2020\/10\/nuit1.jpg?resize=768%2C511&amp;ssl=1 768w\" sizes=\"auto, (max-width: 627px) 100vw, 627px\" \/><figcaption>Allumage : de la vapeur d&rsquo;eau essentiellement.<\/figcaption><\/figure><\/div>\n\n\n\n<p><\/p>\n","protected":false},"excerpt":{"rendered":"<p>Le charbon a mauvaise presse et c&rsquo;est tout \u00e0 fait justifi\u00e9. L&rsquo;utilisation des ressources fossiles provoque l&rsquo;acc\u00e9l\u00e9ration du changement climatique et participe \u00e0 son d\u00e9r\u00e8glement. Le charbon est multiple. Il peut \u00eatre issu de terre, de bois, d&rsquo;os, d&rsquo;hydrocarbure, etc. Celui qui nous int\u00e9resse est d&rsquo;origine v\u00e9g\u00e9tale et \u00e0 contrario du fossile, p\u00e9trole, asphalte, il [&hellip;]<\/p>\n","protected":false},"author":3,"featured_media":0,"comment_status":"open","ping_status":"open","sticky":false,"template":"","format":"standard","meta":{"ngg_post_thumbnail":0,"jetpack_post_was_ever_published":false,"_jetpack_newsletter_access":"","_jetpack_dont_email_post_to_subs":false,"_jetpack_newsletter_tier_id":0,"_jetpack_memberships_contains_paywalled_content":false,"_jetpack_memberships_contains_paid_content":false,"footnotes":"","jetpack_publicize_message":"","jetpack_publicize_feature_enabled":true,"jetpack_social_post_already_shared":true,"jetpack_social_options":{"image_generator_settings":{"template":"highway","default_image_id":0,"font":"","enabled":false},"version":2}},"categories":[86,110],"tags":[93,91,149,104],"class_list":["post-3509","post","type-post","status-publish","format-standard","hentry","category-charbon-vegetal","category-ecochar","tag-biochar","tag-charbon-vegetal","tag-coopdea","tag-ecochar"],"jetpack_publicize_connections":[],"jetpack_featured_media_url":"","jetpack_shortlink":"https:\/\/wp.me\/p4r91c-UB","jetpack_sharing_enabled":true,"jetpack-related-posts":[{"id":3280,"url":"https:\/\/www.altimara.eu\/blog\/2020\/02\/08\/ecochar-4\/","url_meta":{"origin":3509,"position":0},"title":"\u00c9cochar","author":"Martiou","date":"8 f\u00e9vrier 2020","format":false,"excerpt":"La production de briquettes de charbon, dites \u00e9cochar, \u00e0 partir de sous produits v\u00e9g\u00e9taux doit \u00eatre consid\u00e9r\u00e9e comme une alternative \u00e9cologique. Un charbon \u00e9colo Notre action premi\u00e8re a \u00e9t\u00e9 de nous int\u00e9resser aux probl\u00e9matiques de l'acc\u00e8s \u00e0 une \u00e9nergie domestique pour les populations vuln\u00e9rables qui utilisent quotidiennement du charbon de\u2026","rel":"","context":"Dans &quot;Charbon v\u00e9g\u00e9tal&quot;","block_context":{"text":"Charbon v\u00e9g\u00e9tal","link":"https:\/\/www.altimara.eu\/blog\/category\/charbon-vegetal\/"},"img":{"alt_text":"","src":"https:\/\/i0.wp.com\/www.altimara.eu\/blog\/wp-content\/uploads\/2020\/02\/DSCF1768-2.jpg?resize=350%2C200&ssl=1","width":350,"height":200,"srcset":"https:\/\/i0.wp.com\/www.altimara.eu\/blog\/wp-content\/uploads\/2020\/02\/DSCF1768-2.jpg?resize=350%2C200&ssl=1 1x, https:\/\/i0.wp.com\/www.altimara.eu\/blog\/wp-content\/uploads\/2020\/02\/DSCF1768-2.jpg?resize=525%2C300&ssl=1 1.5x, https:\/\/i0.wp.com\/www.altimara.eu\/blog\/wp-content\/uploads\/2020\/02\/DSCF1768-2.jpg?resize=700%2C400&ssl=1 2x"},"classes":[]},{"id":2809,"url":"https:\/\/www.altimara.eu\/blog\/2018\/07\/31\/ecochar-du-moyen-orient\/","url_meta":{"origin":3509,"position":1},"title":"\u00c9cochar du Moyen Orient","author":"Martiou","date":"31 juillet 2018","format":false,"excerpt":"En mission humanitaire au Kurdistan Irakien mon fils Antonin a d\u00e9velopp\u00e9 avec des Kurdes, un four de carbonisation v\u00e9g\u00e9tale. Le charbon de bois est peu utilis\u00e9 dans cette r\u00e9gion mais il peut \u00eatre une ressource pour les r\u00e9fugi\u00e9s tr\u00e8s nombreux. Les essais de carbonisation ont donn\u00e9 de bons r\u00e9sultats avec\u2026","rel":"","context":"Dans &quot;Charbon v\u00e9g\u00e9tal&quot;","block_context":{"text":"Charbon v\u00e9g\u00e9tal","link":"https:\/\/www.altimara.eu\/blog\/category\/charbon-vegetal\/"},"img":{"alt_text":"","src":"https:\/\/i0.wp.com\/www.altimara.eu\/blog\/wp-content\/uploads\/2018\/07\/firak4.jpeg?resize=350%2C200","width":350,"height":200,"srcset":"https:\/\/i0.wp.com\/www.altimara.eu\/blog\/wp-content\/uploads\/2018\/07\/firak4.jpeg?resize=350%2C200 1x, https:\/\/i0.wp.com\/www.altimara.eu\/blog\/wp-content\/uploads\/2018\/07\/firak4.jpeg?resize=525%2C300 1.5x, https:\/\/i0.wp.com\/www.altimara.eu\/blog\/wp-content\/uploads\/2018\/07\/firak4.jpeg?resize=700%2C400 2x, https:\/\/i0.wp.com\/www.altimara.eu\/blog\/wp-content\/uploads\/2018\/07\/firak4.jpeg?resize=1050%2C600 3x, https:\/\/i0.wp.com\/www.altimara.eu\/blog\/wp-content\/uploads\/2018\/07\/firak4.jpeg?resize=1400%2C800 4x"},"classes":[]},{"id":3445,"url":"https:\/\/www.altimara.eu\/blog\/2020\/09\/08\/biochar-2\/","url_meta":{"origin":3509,"position":2},"title":"Biochar","author":"Martiou","date":"8 septembre 2020","format":false,"excerpt":"Kevin, le maraicher BIO du Jardin de Fontan\u00e8s, est tr\u00e8s int\u00e9ress\u00e9 par l'ajout de biochar pour ses cultures. C'est dans ce jardin que nous avons install\u00e9 nos fours gazog\u00e8nes. Jusqu'\u00e0 maintenant nous transformions notre charbon v\u00e9g\u00e9tal en \u00e9cochar, les galettes pour la cuisson. La production de biochar s'inscrit dans la\u2026","rel":"","context":"Dans &quot;biochar&quot;","block_context":{"text":"biochar","link":"https:\/\/www.altimara.eu\/blog\/category\/charbon-vegetal\/biochar\/"},"img":{"alt_text":"biochar","src":"https:\/\/i0.wp.com\/www.altimara.eu\/blog\/wp-content\/uploads\/2020\/09\/IMG_20200908_111647-2.jpg?resize=350%2C200&ssl=1","width":350,"height":200,"srcset":"https:\/\/i0.wp.com\/www.altimara.eu\/blog\/wp-content\/uploads\/2020\/09\/IMG_20200908_111647-2.jpg?resize=350%2C200&ssl=1 1x, https:\/\/i0.wp.com\/www.altimara.eu\/blog\/wp-content\/uploads\/2020\/09\/IMG_20200908_111647-2.jpg?resize=525%2C300&ssl=1 1.5x, https:\/\/i0.wp.com\/www.altimara.eu\/blog\/wp-content\/uploads\/2020\/09\/IMG_20200908_111647-2.jpg?resize=700%2C400&ssl=1 2x, https:\/\/i0.wp.com\/www.altimara.eu\/blog\/wp-content\/uploads\/2020\/09\/IMG_20200908_111647-2.jpg?resize=1050%2C600&ssl=1 3x, https:\/\/i0.wp.com\/www.altimara.eu\/blog\/wp-content\/uploads\/2020\/09\/IMG_20200908_111647-2.jpg?resize=1400%2C800&ssl=1 4x"},"classes":[]},{"id":2153,"url":"https:\/\/www.altimara.eu\/blog\/2016\/12\/19\/ecochar\/","url_meta":{"origin":3509,"position":3},"title":"\u00c9cochar","author":"Martiou","date":"19 d\u00e9cembre 2016","format":false,"excerpt":"Les galettes de charbon v\u00e9g\u00e9tal reconstitu\u00e9es ont un nom de code: \u00e9cochar. Ce proc\u00e9d\u00e9 qui consiste a agglom\u00e9rer de la poudre de restes de v\u00e9g\u00e9taux carbonis\u00e9 (feuilles, brindilles et autres laiss\u00e9s de coupes) donne des galettes ou briquettes de charbon. \u00a0 Avec l'ONG COOPDEA, je travaille comme conseiller technique pour\u2026","rel":"","context":"Dans &quot;Charbon v\u00e9g\u00e9tal&quot;","block_context":{"text":"Charbon v\u00e9g\u00e9tal","link":"https:\/\/www.altimara.eu\/blog\/category\/charbon-vegetal\/"},"img":{"alt_text":"","src":"https:\/\/i0.wp.com\/www.altimara.eu\/blog\/wp-content\/uploads\/2016\/12\/MAR1464.jpg?resize=350%2C200","width":350,"height":200,"srcset":"https:\/\/i0.wp.com\/www.altimara.eu\/blog\/wp-content\/uploads\/2016\/12\/MAR1464.jpg?resize=350%2C200 1x, https:\/\/i0.wp.com\/www.altimara.eu\/blog\/wp-content\/uploads\/2016\/12\/MAR1464.jpg?resize=525%2C300 1.5x, https:\/\/i0.wp.com\/www.altimara.eu\/blog\/wp-content\/uploads\/2016\/12\/MAR1464.jpg?resize=700%2C400 2x"},"classes":[]},{"id":2441,"url":"https:\/\/www.altimara.eu\/blog\/2017\/08\/27\/ecochar-congo\/","url_meta":{"origin":3509,"position":4},"title":"\u00c9cochar Congo","author":"Martiou","date":"27 ao\u00fbt 2017","format":false,"excerpt":"Un nouveau lieu de fabrication de briquettes de charbon, l'\u00e9cochar, \u00e0 Kinshasa au Congo. Une \u00e9quipe est en train de se former et une cuisson exp\u00e9rimentale a d\u00e9j\u00e0 eu lieu. Le charbon v\u00e9g\u00e9tal c'est comme le bon alcool, il faut le faire dans un tonneau. Sauf que celui l\u00e0 est\u2026","rel":"","context":"Dans &quot;Charbon v\u00e9g\u00e9tal&quot;","block_context":{"text":"Charbon v\u00e9g\u00e9tal","link":"https:\/\/www.altimara.eu\/blog\/category\/charbon-vegetal\/"},"img":{"alt_text":"","src":"https:\/\/i0.wp.com\/www.altimara.eu\/blog\/wp-content\/uploads\/2017\/08\/received_547693098895773-225x300.jpg?resize=350%2C200","width":350,"height":200},"classes":[]},{"id":3307,"url":"https:\/\/www.altimara.eu\/blog\/2020\/03\/28\/charbon-partiel\/","url_meta":{"origin":3509,"position":5},"title":"Charbon partiel","author":"Martiou","date":"28 mars 2020","format":false,"excerpt":"J'ai la \"chance\" d'avoir chez moi l'atelier de fabrication de l'\u00e9cochar, ce charbon reconstitu\u00e9 en galette. Ainsi je presse chaque apr\u00e8s midi le m\u00e9lange de liant et de d\u00e9chets v\u00e9g\u00e9taux carbonis\u00e9s. le stock se constitue petit \u00e0 petit et aux beaux jours, apr\u00e8s l'alerte si tout va mieux, nous pourrons\u2026","rel":"","context":"Dans &quot;Charbon v\u00e9g\u00e9tal&quot;","block_context":{"text":"Charbon v\u00e9g\u00e9tal","link":"https:\/\/www.altimara.eu\/blog\/category\/charbon-vegetal\/"},"img":{"alt_text":"","src":"https:\/\/i0.wp.com\/www.altimara.eu\/blog\/wp-content\/uploads\/2020\/03\/IMG_20200327_185724539.jpg?resize=350%2C200&ssl=1","width":350,"height":200,"srcset":"https:\/\/i0.wp.com\/www.altimara.eu\/blog\/wp-content\/uploads\/2020\/03\/IMG_20200327_185724539.jpg?resize=350%2C200&ssl=1 1x, https:\/\/i0.wp.com\/www.altimara.eu\/blog\/wp-content\/uploads\/2020\/03\/IMG_20200327_185724539.jpg?resize=525%2C300&ssl=1 1.5x"},"classes":[]}],"_links":{"self":[{"href":"https:\/\/www.altimara.eu\/blog\/wp-json\/wp\/v2\/posts\/3509","targetHints":{"allow":["GET"]}}],"collection":[{"href":"https:\/\/www.altimara.eu\/blog\/wp-json\/wp\/v2\/posts"}],"about":[{"href":"https:\/\/www.altimara.eu\/blog\/wp-json\/wp\/v2\/types\/post"}],"author":[{"embeddable":true,"href":"https:\/\/www.altimara.eu\/blog\/wp-json\/wp\/v2\/users\/3"}],"replies":[{"embeddable":true,"href":"https:\/\/www.altimara.eu\/blog\/wp-json\/wp\/v2\/comments?post=3509"}],"version-history":[{"count":0,"href":"https:\/\/www.altimara.eu\/blog\/wp-json\/wp\/v2\/posts\/3509\/revisions"}],"wp:attachment":[{"href":"https:\/\/www.altimara.eu\/blog\/wp-json\/wp\/v2\/media?parent=3509"}],"wp:term":[{"taxonomy":"category","embeddable":true,"href":"https:\/\/www.altimara.eu\/blog\/wp-json\/wp\/v2\/categories?post=3509"},{"taxonomy":"post_tag","embeddable":true,"href":"https:\/\/www.altimara.eu\/blog\/wp-json\/wp\/v2\/tags?post=3509"}],"curies":[{"name":"wp","href":"https:\/\/api.w.org\/{rel}","templated":true}]}}