{"id":3487,"date":"2020-10-15T11:40:45","date_gmt":"2020-10-15T10:40:45","guid":{"rendered":"https:\/\/www.altimara.eu\/blog\/?p=3487"},"modified":"2020-10-15T11:45:38","modified_gmt":"2020-10-15T10:45:38","slug":"la-fete-a-jean-2","status":"publish","type":"post","link":"https:\/\/www.altimara.eu\/blog\/2020\/10\/15\/la-fete-a-jean-2\/","title":{"rendered":"La f\u00eate \u00e0 Jean"},"content":{"rendered":"\n<p>Belle semaine de charbonniers chez Jean. Cette ann\u00e9e le bois \u00e9tait tr\u00e8s sec malgr\u00e9 une m\u00e9t\u00e9o un peu humide. La conduite de la carbonisation demande une attention plus soutenue car le bois sec acc\u00e9l\u00e8re le processus. La veille est importante pour stabiliser la descente du feu. De plus le charbon semble plus friable.<\/p>\n\n\n\n<p>Les forgerons m\u00e9tallurgistes ont \u0153uvr\u00e9, souvent tard !!, en effectuant des r\u00e9ductions de minerai de fer dans des bas fourneaux divers. Feu, flammes, cette cr\u00e9ation a un cot\u00e9 d\u00e9moniaque bien sympathique et tr\u00e8s attirant.<\/p>\n\n\n\n<p>Merci \u00e0 Jean et \u00e0 toutes et tous, pour cette occasion magique de se retrouver malgr\u00e9 le contexte pesant des distanciations oblig\u00e9es.<\/p>\n\n\n\n<figure class=\"wp-block-image size-large\"><img data-recalc-dims=\"1\" loading=\"lazy\" decoding=\"async\" width=\"627\" height=\"940\" data-attachment-id=\"3500\" data-permalink=\"https:\/\/www.altimara.eu\/blog\/2020\/10\/15\/la-fete-a-jean-2\/mar4155\/\" data-orig-file=\"https:\/\/i0.wp.com\/www.altimara.eu\/blog\/wp-content\/uploads\/2020\/10\/MAR4155.jpg?fit=934%2C1400&amp;ssl=1\" data-orig-size=\"934,1400\" data-comments-opened=\"1\" data-image-meta=\"{&quot;aperture&quot;:&quot;9&quot;,&quot;credit&quot;:&quot;Martial Acquarone&quot;,&quot;camera&quot;:&quot;NIKON D800&quot;,&quot;caption&quot;:&quot;&quot;,&quot;created_timestamp&quot;:&quot;1599563809&quot;,&quot;copyright&quot;:&quot;Common Licence&quot;,&quot;focal_length&quot;:&quot;34&quot;,&quot;iso&quot;:&quot;640&quot;,&quot;shutter_speed&quot;:&quot;0.005&quot;,&quot;title&quot;:&quot;&quot;,&quot;orientation&quot;:&quot;0&quot;}\" data-image-title=\"MAR4155\" data-image-description=\"\" data-image-caption=\"\" data-large-file=\"https:\/\/i0.wp.com\/www.altimara.eu\/blog\/wp-content\/uploads\/2020\/10\/MAR4155.jpg?fit=627%2C940&amp;ssl=1\" src=\"https:\/\/i0.wp.com\/www.altimara.eu\/blog\/wp-content\/uploads\/2020\/10\/MAR4155.jpg?resize=627%2C940&#038;ssl=1\" alt=\"\" class=\"wp-image-3500\" srcset=\"https:\/\/i0.wp.com\/www.altimara.eu\/blog\/wp-content\/uploads\/2020\/10\/MAR4155.jpg?resize=683%2C1024&amp;ssl=1 683w, https:\/\/i0.wp.com\/www.altimara.eu\/blog\/wp-content\/uploads\/2020\/10\/MAR4155.jpg?resize=200%2C300&amp;ssl=1 200w, https:\/\/i0.wp.com\/www.altimara.eu\/blog\/wp-content\/uploads\/2020\/10\/MAR4155.jpg?resize=768%2C1151&amp;ssl=1 768w, https:\/\/i0.wp.com\/www.altimara.eu\/blog\/wp-content\/uploads\/2020\/10\/MAR4155.jpg?w=934&amp;ssl=1 934w\" sizes=\"auto, (max-width: 627px) 100vw, 627px\" \/><\/figure>\n\n\n\n<figure class=\"wp-block-image size-large\"><img data-recalc-dims=\"1\" loading=\"lazy\" decoding=\"async\" width=\"627\" height=\"940\" data-attachment-id=\"3501\" data-permalink=\"https:\/\/www.altimara.eu\/blog\/2020\/10\/15\/la-fete-a-jean-2\/mar4173\/\" data-orig-file=\"https:\/\/i0.wp.com\/www.altimara.eu\/blog\/wp-content\/uploads\/2020\/10\/MAR4173.jpg?fit=934%2C1400&amp;ssl=1\" data-orig-size=\"934,1400\" data-comments-opened=\"1\" data-image-meta=\"{&quot;aperture&quot;:&quot;9&quot;,&quot;credit&quot;:&quot;Martial Acquarone&quot;,&quot;camera&quot;:&quot;NIKON D800&quot;,&quot;caption&quot;:&quot;&quot;,&quot;created_timestamp&quot;:&quot;1599563809&quot;,&quot;copyright&quot;:&quot;Common Licence&quot;,&quot;focal_length&quot;:&quot;70&quot;,&quot;iso&quot;:&quot;640&quot;,&quot;shutter_speed&quot;:&quot;0.008&quot;,&quot;title&quot;:&quot;&quot;,&quot;orientation&quot;:&quot;0&quot;}\" data-image-title=\"MAR4173\" data-image-description=\"\" data-image-caption=\"\" data-large-file=\"https:\/\/i0.wp.com\/www.altimara.eu\/blog\/wp-content\/uploads\/2020\/10\/MAR4173.jpg?fit=627%2C940&amp;ssl=1\" src=\"https:\/\/i0.wp.com\/www.altimara.eu\/blog\/wp-content\/uploads\/2020\/10\/MAR4173.jpg?resize=627%2C940&#038;ssl=1\" alt=\"\" class=\"wp-image-3501\" srcset=\"https:\/\/i0.wp.com\/www.altimara.eu\/blog\/wp-content\/uploads\/2020\/10\/MAR4173.jpg?resize=683%2C1024&amp;ssl=1 683w, https:\/\/i0.wp.com\/www.altimara.eu\/blog\/wp-content\/uploads\/2020\/10\/MAR4173.jpg?resize=200%2C300&amp;ssl=1 200w, https:\/\/i0.wp.com\/www.altimara.eu\/blog\/wp-content\/uploads\/2020\/10\/MAR4173.jpg?resize=768%2C1151&amp;ssl=1 768w, https:\/\/i0.wp.com\/www.altimara.eu\/blog\/wp-content\/uploads\/2020\/10\/MAR4173.jpg?w=934&amp;ssl=1 934w\" sizes=\"auto, (max-width: 627px) 100vw, 627px\" \/><\/figure>\n\n\n\n<figure class=\"wp-block-image size-large\"><img data-recalc-dims=\"1\" loading=\"lazy\" decoding=\"async\" width=\"627\" height=\"940\" data-attachment-id=\"3502\" data-permalink=\"https:\/\/www.altimara.eu\/blog\/2020\/10\/15\/la-fete-a-jean-2\/mar4235\/\" data-orig-file=\"https:\/\/i0.wp.com\/www.altimara.eu\/blog\/wp-content\/uploads\/2020\/10\/MAR4235.jpg?fit=934%2C1400&amp;ssl=1\" data-orig-size=\"934,1400\" data-comments-opened=\"1\" data-image-meta=\"{&quot;aperture&quot;:&quot;5.6&quot;,&quot;credit&quot;:&quot;Martial Acquarone&quot;,&quot;camera&quot;:&quot;NIKON D800&quot;,&quot;caption&quot;:&quot;&quot;,&quot;created_timestamp&quot;:&quot;1599563809&quot;,&quot;copyright&quot;:&quot;Common Licence&quot;,&quot;focal_length&quot;:&quot;38&quot;,&quot;iso&quot;:&quot;640&quot;,&quot;shutter_speed&quot;:&quot;0.025&quot;,&quot;title&quot;:&quot;&quot;,&quot;orientation&quot;:&quot;0&quot;}\" data-image-title=\"MAR4235\" data-image-description=\"\" data-image-caption=\"\" data-large-file=\"https:\/\/i0.wp.com\/www.altimara.eu\/blog\/wp-content\/uploads\/2020\/10\/MAR4235.jpg?fit=627%2C940&amp;ssl=1\" src=\"https:\/\/i0.wp.com\/www.altimara.eu\/blog\/wp-content\/uploads\/2020\/10\/MAR4235.jpg?resize=627%2C940&#038;ssl=1\" alt=\"\" class=\"wp-image-3502\" srcset=\"https:\/\/i0.wp.com\/www.altimara.eu\/blog\/wp-content\/uploads\/2020\/10\/MAR4235.jpg?resize=683%2C1024&amp;ssl=1 683w, https:\/\/i0.wp.com\/www.altimara.eu\/blog\/wp-content\/uploads\/2020\/10\/MAR4235.jpg?resize=200%2C300&amp;ssl=1 200w, https:\/\/i0.wp.com\/www.altimara.eu\/blog\/wp-content\/uploads\/2020\/10\/MAR4235.jpg?resize=768%2C1151&amp;ssl=1 768w, https:\/\/i0.wp.com\/www.altimara.eu\/blog\/wp-content\/uploads\/2020\/10\/MAR4235.jpg?w=934&amp;ssl=1 934w\" sizes=\"auto, (max-width: 627px) 100vw, 627px\" \/><figcaption>Pr\u00e9-cuisson de l&rsquo;h\u00e9matite<\/figcaption><\/figure>\n\n\n\nngg_shortcode_0_placeholder\n","protected":false},"excerpt":{"rendered":"<p>Belle semaine de charbonniers chez Jean. Cette ann\u00e9e le bois \u00e9tait tr\u00e8s sec malgr\u00e9 une m\u00e9t\u00e9o un peu humide. La conduite de la carbonisation demande une attention plus soutenue car le bois sec acc\u00e9l\u00e8re le processus. La veille est importante pour stabiliser la descente du feu. De plus le charbon semble plus friable. Les forgerons [&hellip;]<\/p>\n","protected":false},"author":3,"featured_media":0,"comment_status":"open","ping_status":"open","sticky":false,"template":"","format":"standard","meta":{"ngg_post_thumbnail":0,"jetpack_post_was_ever_published":false,"_jetpack_newsletter_access":"","_jetpack_dont_email_post_to_subs":false,"_jetpack_newsletter_tier_id":0,"_jetpack_memberships_contains_paywalled_content":false,"_jetpack_memberships_contains_paid_content":false,"footnotes":"","jetpack_publicize_message":"","jetpack_publicize_feature_enabled":true,"jetpack_social_post_already_shared":true,"jetpack_social_options":{"image_generator_settings":{"template":"highway","default_image_id":0,"font":"","enabled":false},"version":2}},"categories":[65,6,103,37],"tags":[177],"class_list":["post-3487","post","type-post","status-publish","format-standard","hentry","category-mes-charbonnieres","category-charbon-de-bois-carbon-art","category-charbonnier-en-france","category-evenementiel","tag-jean"],"jetpack_publicize_connections":[],"jetpack_featured_media_url":"","jetpack_shortlink":"https:\/\/wp.me\/p4r91c-Uf","jetpack_sharing_enabled":true,"jetpack-related-posts":[{"id":2318,"url":"https:\/\/www.altimara.eu\/blog\/2017\/05\/08\/chez-jean-2\/","url_meta":{"origin":3487,"position":0},"title":"Chez Jean","author":"Martiou","date":"8 mai 2017","format":false,"excerpt":"Le bois est cuit, du bon charbon de bois, comme seule les cuissons en meule peuvent en donner avec l'art du charbonnier. Mon ami Jean chaudi\u00e8re a bien r\u00e9ussi sa carbonisation et sa f\u00eate des charbonniers. Nous avons \u00e9t\u00e9 nombreux a participer \u00e0 ce rassemblement. Les forgerons et m\u00e9tallurgistes ont\u2026","rel":"","context":"Dans &quot;Charbon de bois&quot;","block_context":{"text":"Charbon de bois","link":"https:\/\/www.altimara.eu\/blog\/category\/charbon-de-bois-carbon-art\/"},"img":{"alt_text":"","src":"https:\/\/i0.wp.com\/www.altimara.eu\/blog\/wp-content\/uploads\/2017\/05\/MAR2527.jpg?resize=350%2C200","width":350,"height":200,"srcset":"https:\/\/i0.wp.com\/www.altimara.eu\/blog\/wp-content\/uploads\/2017\/05\/MAR2527.jpg?resize=350%2C200 1x, https:\/\/i0.wp.com\/www.altimara.eu\/blog\/wp-content\/uploads\/2017\/05\/MAR2527.jpg?resize=525%2C300 1.5x"},"classes":[]},{"id":4532,"url":"https:\/\/www.altimara.eu\/blog\/2024\/10\/10\/charbonniere-archeologique\/","url_meta":{"origin":3487,"position":1},"title":"Charbonni\u00e8re arch\u00e9ologique","author":"Martiou","date":"10 octobre 2024","format":false,"excerpt":"10 jours au site du village n\u00e9olithique de Cambous \u00e0 Viols-En-Laval. Tout a commenc\u00e9 avec la remise en \u00e9tat de l'aire de charbonnage et Fr\u00e9d\u00e9ric l'employ\u00e9 communal du village, qu'il soit remerci\u00e9 mille fois, est all\u00e9 chercher de la terre. Merci aussi \u00e0 Laurent Salvi, neveu de mon maitre charbonnier\u2026","rel":"","context":"Dans &quot;0- MES CHARBONNI\u00c8RES&quot;","block_context":{"text":"0- MES CHARBONNI\u00c8RES","link":"https:\/\/www.altimara.eu\/blog\/category\/mes-charbonnieres\/"},"img":{"alt_text":"","src":"https:\/\/i0.wp.com\/www.altimara.eu\/blog\/wp-content\/uploads\/2024\/10\/MA5_5296.jpg?resize=350%2C200&ssl=1","width":350,"height":200,"srcset":"https:\/\/i0.wp.com\/www.altimara.eu\/blog\/wp-content\/uploads\/2024\/10\/MA5_5296.jpg?resize=350%2C200&ssl=1 1x, https:\/\/i0.wp.com\/www.altimara.eu\/blog\/wp-content\/uploads\/2024\/10\/MA5_5296.jpg?resize=525%2C300&ssl=1 1.5x, https:\/\/i0.wp.com\/www.altimara.eu\/blog\/wp-content\/uploads\/2024\/10\/MA5_5296.jpg?resize=700%2C400&ssl=1 2x, https:\/\/i0.wp.com\/www.altimara.eu\/blog\/wp-content\/uploads\/2024\/10\/MA5_5296.jpg?resize=1050%2C600&ssl=1 3x, https:\/\/i0.wp.com\/www.altimara.eu\/blog\/wp-content\/uploads\/2024\/10\/MA5_5296.jpg?resize=1400%2C800&ssl=1 4x"},"classes":[]},{"id":3883,"url":"https:\/\/www.altimara.eu\/blog\/2022\/05\/27\/charbonnieres-chez-jean-1\/","url_meta":{"origin":3487,"position":2},"title":"Charbonni\u00e8res chez Jean-1","author":"Martiou","date":"27 mai 2022","format":false,"excerpt":"LES CHARBONNIERS, la meule. Nous nous sommes retrouv\u00e9s, charbonniers, forgerons, m\u00e9tallurgistes et autres artisans des savoir-faire ancestraux chez Jean, en Ard\u00e8che, comme chaque ann\u00e9e en mai. Il y avait la traditionnelle meule des forgerons et de Jean, une cuisson dans un four m\u00e9tallique et ma charbonni\u00e8re en fosse circulaire. J'\u00e9crirai\u2026","rel":"","context":"Dans &quot;Charbon de bois&quot;","block_context":{"text":"Charbon de bois","link":"https:\/\/www.altimara.eu\/blog\/category\/charbon-de-bois-carbon-art\/"},"img":{"alt_text":"","src":"https:\/\/i0.wp.com\/www.altimara.eu\/blog\/wp-content\/uploads\/2022\/05\/MAR8966.jpg?resize=350%2C200&ssl=1","width":350,"height":200,"srcset":"https:\/\/i0.wp.com\/www.altimara.eu\/blog\/wp-content\/uploads\/2022\/05\/MAR8966.jpg?resize=350%2C200&ssl=1 1x, https:\/\/i0.wp.com\/www.altimara.eu\/blog\/wp-content\/uploads\/2022\/05\/MAR8966.jpg?resize=525%2C300&ssl=1 1.5x, https:\/\/i0.wp.com\/www.altimara.eu\/blog\/wp-content\/uploads\/2022\/05\/MAR8966.jpg?resize=700%2C400&ssl=1 2x, https:\/\/i0.wp.com\/www.altimara.eu\/blog\/wp-content\/uploads\/2022\/05\/MAR8966.jpg?resize=1050%2C600&ssl=1 3x, https:\/\/i0.wp.com\/www.altimara.eu\/blog\/wp-content\/uploads\/2022\/05\/MAR8966.jpg?resize=1400%2C800&ssl=1 4x"},"classes":[]},{"id":1840,"url":"https:\/\/www.altimara.eu\/blog\/2016\/05\/16\/jean-le-charbonnier-2\/","url_meta":{"origin":3487,"position":3},"title":"Jean le charbonnier","author":"Martiou","date":"16 mai 2016","format":false,"excerpt":"Pas tr\u00e8s loin de la belle vall\u00e9e de l\u2019Ard\u00e8che, vers la ville de Bourg-Saint-And\u00e9ol, Jean a une \"campagne\" id\u00e9ale. Mazet, capitelle, cabane de p\u00eacheur en roseaux , vaste abri couvert, avec de part et d'autre de la garrigue et un verger m\u00e9lang\u00e9. Mais surtout un superbe emplacement de charbonni\u00e8re. Depuis\u2026","rel":"","context":"Dans &quot;Charbon de bois&quot;","block_context":{"text":"Charbon de bois","link":"https:\/\/www.altimara.eu\/blog\/category\/charbon-de-bois-carbon-art\/"},"img":{"alt_text":"a_MAR0212-2","src":"https:\/\/i0.wp.com\/www.altimara.eu\/blog\/wp-content\/uploads\/2016\/05\/a_MAR0212-2-200x300.jpg?resize=350%2C200","width":350,"height":200},"classes":[]},{"id":2582,"url":"https:\/\/www.altimara.eu\/blog\/2017\/12\/27\/makala-le-film-noir\/","url_meta":{"origin":3487,"position":4},"title":"MAKALA, le film noir","author":"Martiou","date":"27 d\u00e9cembre 2017","format":false,"excerpt":"J'ai vu le film MAKALA (charbon de bois en swahili), qui est actuellement en salle. Il d\u00e9crit l'histoire d'un jeune Congolais qui fabrique son charbon de bois et va le vendre en ville. Un charbonnier en \"vedette\", film remarqu\u00e9 \u00e0 Cannes, \u00e0 priori cela a sa place dans mon blog.\u2026","rel":"","context":"Dans &quot;Charbon de bois&quot;","block_context":{"text":"Charbon de bois","link":"https:\/\/www.altimara.eu\/blog\/category\/charbon-de-bois-carbon-art\/"},"img":{"alt_text":"","src":"https:\/\/i0.wp.com\/www.altimara.eu\/blog\/wp-content\/uploads\/2017\/12\/Capture-d%E2%80%99e%CC%81cran-2017-12-27-a%CC%80-12.10.56-225x300.png?resize=350%2C200","width":350,"height":200},"classes":[]},{"id":4011,"url":"https:\/\/www.altimara.eu\/blog\/2023\/04\/26\/faites-de-la-prehistoire\/","url_meta":{"origin":3487,"position":5},"title":"Faites de la pr\u00e9histoire.","author":"Martiou","date":"26 avril 2023","format":false,"excerpt":"Ouf, nous avons l'autorisation de faire du feu malgr\u00e9 la s\u00e9cheresse. Aux outils charbonnier et apprentis charbonniers !! Niveler le site, entreposer les 6 m3 de bois et les 2 m3 de terre, il nous faut aussi trouver 100 m de tuyau pour avoir un point d'eau. De la paille,\u2026","rel":"","context":"Dans &quot;0- MES CHARBONNI\u00c8RES&quot;","block_context":{"text":"0- MES CHARBONNI\u00c8RES","link":"https:\/\/www.altimara.eu\/blog\/category\/mes-charbonnieres\/"},"img":{"alt_text":"","src":"https:\/\/i0.wp.com\/www.altimara.eu\/blog\/wp-content\/uploads\/2023\/05\/Essai-2-Affiche-Journees-de-mai-1-1024x724-1.png?resize=350%2C200&ssl=1","width":350,"height":200,"srcset":"https:\/\/i0.wp.com\/www.altimara.eu\/blog\/wp-content\/uploads\/2023\/05\/Essai-2-Affiche-Journees-de-mai-1-1024x724-1.png?resize=350%2C200&ssl=1 1x, https:\/\/i0.wp.com\/www.altimara.eu\/blog\/wp-content\/uploads\/2023\/05\/Essai-2-Affiche-Journees-de-mai-1-1024x724-1.png?resize=525%2C300&ssl=1 1.5x, https:\/\/i0.wp.com\/www.altimara.eu\/blog\/wp-content\/uploads\/2023\/05\/Essai-2-Affiche-Journees-de-mai-1-1024x724-1.png?resize=700%2C400&ssl=1 2x"},"classes":[]}],"_links":{"self":[{"href":"https:\/\/www.altimara.eu\/blog\/wp-json\/wp\/v2\/posts\/3487","targetHints":{"allow":["GET"]}}],"collection":[{"href":"https:\/\/www.altimara.eu\/blog\/wp-json\/wp\/v2\/posts"}],"about":[{"href":"https:\/\/www.altimara.eu\/blog\/wp-json\/wp\/v2\/types\/post"}],"author":[{"embeddable":true,"href":"https:\/\/www.altimara.eu\/blog\/wp-json\/wp\/v2\/users\/3"}],"replies":[{"embeddable":true,"href":"https:\/\/www.altimara.eu\/blog\/wp-json\/wp\/v2\/comments?post=3487"}],"version-history":[{"count":0,"href":"https:\/\/www.altimara.eu\/blog\/wp-json\/wp\/v2\/posts\/3487\/revisions"}],"wp:attachment":[{"href":"https:\/\/www.altimara.eu\/blog\/wp-json\/wp\/v2\/media?parent=3487"}],"wp:term":[{"taxonomy":"category","embeddable":true,"href":"https:\/\/www.altimara.eu\/blog\/wp-json\/wp\/v2\/categories?post=3487"},{"taxonomy":"post_tag","embeddable":true,"href":"https:\/\/www.altimara.eu\/blog\/wp-json\/wp\/v2\/tags?post=3487"}],"curies":[{"name":"wp","href":"https:\/\/api.w.org\/{rel}","templated":true}]}}