{"id":3431,"date":"2020-08-30T12:59:01","date_gmt":"2020-08-30T11:59:01","guid":{"rendered":"https:\/\/www.altimara.eu\/blog\/?p=3431"},"modified":"2020-08-30T15:11:55","modified_gmt":"2020-08-30T14:11:55","slug":"noir-allume","status":"publish","type":"post","link":"https:\/\/www.altimara.eu\/blog\/2020\/08\/30\/noir-allume\/","title":{"rendered":"Noir allum\u00e9"},"content":{"rendered":"\n<p>Dernier beau cadeau de la Nature avant le retour en France, une magnifique aurore bor\u00e9ale !<\/p>\n\n\n\n<div class=\"wp-block-image\"><figure class=\"aligncenter size-large is-resized\"><img data-recalc-dims=\"1\" loading=\"lazy\" decoding=\"async\" data-attachment-id=\"3432\" data-permalink=\"https:\/\/www.altimara.eu\/blog\/2020\/08\/30\/noir-allume\/charbonniere-des-garrigues-violette-16\/\" data-orig-file=\"https:\/\/i0.wp.com\/www.altimara.eu\/blog\/wp-content\/uploads\/2020\/08\/MAR4023.jpg?fit=934%2C1400&amp;ssl=1\" data-orig-size=\"934,1400\" data-comments-opened=\"1\" data-image-meta=\"{&quot;aperture&quot;:&quot;5&quot;,&quot;credit&quot;:&quot;Martial Acquarone&quot;,&quot;camera&quot;:&quot;NIKON D800&quot;,&quot;caption&quot;:&quot;&quot;,&quot;created_timestamp&quot;:&quot;1598151183&quot;,&quot;copyright&quot;:&quot;CC Commun Licence&quot;,&quot;focal_length&quot;:&quot;24&quot;,&quot;iso&quot;:&quot;1000&quot;,&quot;shutter_speed&quot;:&quot;15&quot;,&quot;title&quot;:&quot;charbonni\\u00e8re des garrigues, Violette&quot;,&quot;orientation&quot;:&quot;0&quot;}\" data-image-title=\"charbonni\u00e8re des garrigues, Violette\" data-image-description=\"\" data-image-caption=\"\" data-large-file=\"https:\/\/i0.wp.com\/www.altimara.eu\/blog\/wp-content\/uploads\/2020\/08\/MAR4023.jpg?fit=627%2C940&amp;ssl=1\" src=\"https:\/\/i0.wp.com\/www.altimara.eu\/blog\/wp-content\/uploads\/2020\/08\/MAR4023.jpg?resize=342%2C512&#038;ssl=1\" alt=\"aurore bor\u00e9ale, northen light, aurora borealis\" class=\"wp-image-3432\" width=\"342\" height=\"512\" srcset=\"https:\/\/i0.wp.com\/www.altimara.eu\/blog\/wp-content\/uploads\/2020\/08\/MAR4023.jpg?resize=683%2C1024&amp;ssl=1 683w, https:\/\/i0.wp.com\/www.altimara.eu\/blog\/wp-content\/uploads\/2020\/08\/MAR4023.jpg?resize=200%2C300&amp;ssl=1 200w, https:\/\/i0.wp.com\/www.altimara.eu\/blog\/wp-content\/uploads\/2020\/08\/MAR4023.jpg?resize=768%2C1151&amp;ssl=1 768w, https:\/\/i0.wp.com\/www.altimara.eu\/blog\/wp-content\/uploads\/2020\/08\/MAR4023.jpg?w=934&amp;ssl=1 934w\" sizes=\"auto, (max-width: 342px) 100vw, 342px\" \/><\/figure><\/div>\n\n\n\n<p>Et l&rsquo;\u00e9ternel mais \u00e9ph\u00e9m\u00e8re Bifr\u00f6st, compagnon des temps humides, avec les bois des mers australes.<\/p>\n\n\n\n<div class=\"wp-block-image\"><figure class=\"aligncenter size-large is-resized\"><img data-recalc-dims=\"1\" loading=\"lazy\" decoding=\"async\" data-attachment-id=\"3436\" data-permalink=\"https:\/\/www.altimara.eu\/blog\/2020\/08\/30\/noir-allume\/mar3465\/\" data-orig-file=\"https:\/\/i0.wp.com\/www.altimara.eu\/blog\/wp-content\/uploads\/2020\/08\/MAR3465.jpg?fit=1400%2C934&amp;ssl=1\" data-orig-size=\"1400,934\" data-comments-opened=\"1\" data-image-meta=\"{&quot;aperture&quot;:&quot;14&quot;,&quot;credit&quot;:&quot;Martial Acquarone&quot;,&quot;camera&quot;:&quot;NIKON D800&quot;,&quot;caption&quot;:&quot;&quot;,&quot;created_timestamp&quot;:&quot;1597337683&quot;,&quot;copyright&quot;:&quot;CC Commun Licence&quot;,&quot;focal_length&quot;:&quot;42&quot;,&quot;iso&quot;:&quot;500&quot;,&quot;shutter_speed&quot;:&quot;0.0008&quot;,&quot;title&quot;:&quot;&quot;,&quot;orientation&quot;:&quot;0&quot;}\" data-image-title=\"MAR3465\" data-image-description=\"\" data-image-caption=\"\" data-large-file=\"https:\/\/i0.wp.com\/www.altimara.eu\/blog\/wp-content\/uploads\/2020\/08\/MAR3465.jpg?fit=627%2C418&amp;ssl=1\" src=\"https:\/\/i0.wp.com\/www.altimara.eu\/blog\/wp-content\/uploads\/2020\/08\/MAR3465.jpg?resize=512%2C342&#038;ssl=1\" alt=\"\" class=\"wp-image-3436\" width=\"512\" height=\"342\" srcset=\"https:\/\/i0.wp.com\/www.altimara.eu\/blog\/wp-content\/uploads\/2020\/08\/MAR3465.jpg?resize=1024%2C683&amp;ssl=1 1024w, https:\/\/i0.wp.com\/www.altimara.eu\/blog\/wp-content\/uploads\/2020\/08\/MAR3465.jpg?resize=300%2C200&amp;ssl=1 300w, https:\/\/i0.wp.com\/www.altimara.eu\/blog\/wp-content\/uploads\/2020\/08\/MAR3465.jpg?resize=768%2C512&amp;ssl=1 768w, https:\/\/i0.wp.com\/www.altimara.eu\/blog\/wp-content\/uploads\/2020\/08\/MAR3465.jpg?w=1400&amp;ssl=1 1400w, https:\/\/i0.wp.com\/www.altimara.eu\/blog\/wp-content\/uploads\/2020\/08\/MAR3465.jpg?w=1254&amp;ssl=1 1254w\" sizes=\"auto, (max-width: 512px) 100vw, 512px\" \/><figcaption>Steingr\u00edmsfj\u00f6r\u00f0ur<\/figcaption><\/figure><\/div>\n","protected":false},"excerpt":{"rendered":"<p>Dernier beau cadeau de la Nature avant le retour en France, une magnifique aurore bor\u00e9ale ! Et l&rsquo;\u00e9ternel mais \u00e9ph\u00e9m\u00e8re Bifr\u00f6st, compagnon des temps humides, avec les bois des mers australes.<\/p>\n","protected":false},"author":3,"featured_media":0,"comment_status":"open","ping_status":"open","sticky":false,"template":"","format":"standard","meta":{"ngg_post_thumbnail":0,"jetpack_post_was_ever_published":false,"_jetpack_newsletter_access":"","_jetpack_dont_email_post_to_subs":false,"_jetpack_newsletter_tier_id":0,"_jetpack_memberships_contains_paywalled_content":false,"_jetpack_memberships_contains_paid_content":false,"footnotes":"","jetpack_publicize_message":"","jetpack_publicize_feature_enabled":true,"jetpack_social_post_already_shared":true,"jetpack_social_options":{"image_generator_settings":{"template":"highway","default_image_id":0,"font":"","enabled":false},"version":2}},"categories":[5,35],"tags":[],"class_list":["post-3431","post","type-post","status-publish","format-standard","hentry","category-autre","category-bois-dislande-bois-flotte-bois-plante"],"jetpack_publicize_connections":[],"jetpack_featured_media_url":"","jetpack_shortlink":"https:\/\/wp.me\/p4r91c-Tl","jetpack_sharing_enabled":true,"jetpack-related-posts":[{"id":994,"url":"https:\/\/www.altimara.eu\/blog\/2014\/08\/18\/bois-dislande-7\/","url_meta":{"origin":3431,"position":0},"title":"Bois d&rsquo;Islande","author":"Martiou","date":"18 ao\u00fbt 2014","format":false,"excerpt":"Bois flott\u00e9, bois de flottage, bois par flottage, la d\u00e9finition du bois qui flotte est diverse. Le bois flott\u00e9 d\u00e9signe plus les arbres, branches et m\u00eame les planches qui naviguent quelques temps dans l'eau de mer. Le bois par flottage se r\u00e9f\u00e8re aux transport des grumes via les fleuves. Les\u2026","rel":"","context":"Dans &quot;Bois d'Islande, bois flott\u00e9, bois plant\u00e9&quot;","block_context":{"text":"Bois d'Islande, bois flott\u00e9, bois plant\u00e9","link":"https:\/\/www.altimara.eu\/blog\/category\/charbon-de-bois-islande\/bois-dislande-bois-flotte-bois-plante\/"},"img":{"alt_text":"640px-Odin,_Lodur,_Hoenir_skabe_Ask_og_Embla_by_Fr\u00f8lich","src":"https:\/\/i0.wp.com\/www.altimara.eu\/blog\/wp-content\/uploads\/2014\/08\/640px-Odin_Lodur_Hoenir_skabe_Ask_og_Embla_by_Fr%C3%B8lich.jpg?resize=350%2C200","width":350,"height":200,"srcset":"https:\/\/i0.wp.com\/www.altimara.eu\/blog\/wp-content\/uploads\/2014\/08\/640px-Odin_Lodur_Hoenir_skabe_Ask_og_Embla_by_Fr%C3%B8lich.jpg?resize=350%2C200 1x, https:\/\/i0.wp.com\/www.altimara.eu\/blog\/wp-content\/uploads\/2014\/08\/640px-Odin_Lodur_Hoenir_skabe_Ask_og_Embla_by_Fr%C3%B8lich.jpg?resize=525%2C300 1.5x"},"classes":[]},{"id":1940,"url":"https:\/\/www.altimara.eu\/blog\/2016\/07\/23\/bois-dislande-20\/","url_meta":{"origin":3431,"position":1},"title":"Bois d&rsquo;Islande","author":"Martiou","date":"23 juillet 2016","format":false,"excerpt":"C'est dans le sud, sur la plage du beau lagon glaciaire de J\u00f6kuls\u00e1rl\u00f3n, que j'ai vu un bois flott\u00e9 au milieu des petits \"icebergs\". Cette partie de l'Islande est l\u00e9ch\u00e9e par le Gulf Stream qui r\u00e9chauffe l'ensemble des cotes. Les bois flott\u00e9s sont plut\u00f4t d'origine du golfe du Mexique. A\u2026","rel":"","context":"Dans &quot;Bois d'Islande, bois flott\u00e9, bois plant\u00e9&quot;","block_context":{"text":"Bois d'Islande, bois flott\u00e9, bois plant\u00e9","link":"https:\/\/www.altimara.eu\/blog\/category\/charbon-de-bois-islande\/bois-dislande-bois-flotte-bois-plante\/"},"img":{"alt_text":"IMG_20160712_171439523_HDR","src":"https:\/\/i0.wp.com\/www.altimara.eu\/blog\/wp-content\/uploads\/2016\/07\/IMG_20160712_171439523_HDR-1.jpg?resize=350%2C200","width":350,"height":200,"srcset":"https:\/\/i0.wp.com\/www.altimara.eu\/blog\/wp-content\/uploads\/2016\/07\/IMG_20160712_171439523_HDR-1.jpg?resize=350%2C200 1x, https:\/\/i0.wp.com\/www.altimara.eu\/blog\/wp-content\/uploads\/2016\/07\/IMG_20160712_171439523_HDR-1.jpg?resize=525%2C300 1.5x"},"classes":[]},{"id":1419,"url":"https:\/\/www.altimara.eu\/blog\/2015\/07\/28\/bois-dislande-15\/","url_meta":{"origin":3431,"position":2},"title":"Bois d&rsquo;Islande","author":"Martiou","date":"28 juillet 2015","format":false,"excerpt":"Balade en bord de mer et un alignement photog\u00e9nique de poteaux. Bois plant\u00e9, bois de mer, bois flott\u00e9, la mer est proche et les arbres lointains. Ici c'est dans les Vestmanneyjar. \u00a0","rel":"","context":"Dans &quot;Bois d'Islande, bois flott\u00e9, bois plant\u00e9&quot;","block_context":{"text":"Bois d'Islande, bois flott\u00e9, bois plant\u00e9","link":"https:\/\/www.altimara.eu\/blog\/category\/charbon-de-bois-islande\/bois-dislande-bois-flotte-bois-plante\/"},"img":{"alt_text":"_MAR7639","src":"https:\/\/i0.wp.com\/www.altimara.eu\/blog\/wp-content\/uploads\/2015\/07\/MAR7639.jpg?resize=350%2C200","width":350,"height":200,"srcset":"https:\/\/i0.wp.com\/www.altimara.eu\/blog\/wp-content\/uploads\/2015\/07\/MAR7639.jpg?resize=350%2C200 1x, https:\/\/i0.wp.com\/www.altimara.eu\/blog\/wp-content\/uploads\/2015\/07\/MAR7639.jpg?resize=525%2C300 1.5x, https:\/\/i0.wp.com\/www.altimara.eu\/blog\/wp-content\/uploads\/2015\/07\/MAR7639.jpg?resize=700%2C400 2x"},"classes":[]},{"id":2803,"url":"https:\/\/www.altimara.eu\/blog\/2018\/07\/25\/bois-plante-3\/","url_meta":{"origin":3431,"position":3},"title":"Bois plant\u00e9","author":"Martiou","date":"25 juillet 2018","format":false,"excerpt":"\u00c7a pousse, \u00e7a pousse de partout les bois plant\u00e9s! Demain nous partons voir les bois \u00e9chou\u00e9s sur la cote nord ouest. J'ai souvenir d'un grand nombre de ces troncs dans cet endroit qui doit \u00eatre le finissant du courant sib\u00e9rien, celui qui charrie ces bois. En attendant, sur la cote\u2026","rel":"","context":"Dans &quot;Bois d'Islande, bois flott\u00e9, bois plant\u00e9&quot;","block_context":{"text":"Bois d'Islande, bois flott\u00e9, bois plant\u00e9","link":"https:\/\/www.altimara.eu\/blog\/category\/charbon-de-bois-islande\/bois-dislande-bois-flotte-bois-plante\/"},"img":{"alt_text":"","src":"https:\/\/i0.wp.com\/www.altimara.eu\/blog\/wp-content\/uploads\/2018\/07\/MAR7494.jpg?resize=350%2C200","width":350,"height":200,"srcset":"https:\/\/i0.wp.com\/www.altimara.eu\/blog\/wp-content\/uploads\/2018\/07\/MAR7494.jpg?resize=350%2C200 1x, https:\/\/i0.wp.com\/www.altimara.eu\/blog\/wp-content\/uploads\/2018\/07\/MAR7494.jpg?resize=525%2C300 1.5x, https:\/\/i0.wp.com\/www.altimara.eu\/blog\/wp-content\/uploads\/2018\/07\/MAR7494.jpg?resize=700%2C400 2x"},"classes":[]},{"id":4686,"url":"https:\/\/www.altimara.eu\/blog\/2025\/11\/17\/bois-flotte-arctique\/","url_meta":{"origin":3431,"position":4},"title":"Bois flott\u00e9 arctique","author":"Martiou","date":"17 novembre 2025","format":false,"excerpt":"Une \u00e9tude r\u00e9cente des bois flott\u00e9s dans le nord de l\u2019oc\u00e9an Atlantique m\u2019a interpell\u00e9 pour diff\u00e9rentes raisons. Depuis deux d\u00e9cennies je photographie les bois flott\u00e9s en Islande. Et dans les derni\u00e8res ann\u00e9es comme cet \u00e9t\u00e9 2025 j\u2019ai pu carboniser de ce bois sur la c\u00f4te sud. Les bois flott\u00e9s s\u2019\u00e9chouent\u2026","rel":"","context":"Dans &quot;Bois d'Islande, bois flott\u00e9, bois plant\u00e9&quot;","block_context":{"text":"Bois d'Islande, bois flott\u00e9, bois plant\u00e9","link":"https:\/\/www.altimara.eu\/blog\/category\/charbon-de-bois-islande\/bois-dislande-bois-flotte-bois-plante\/"},"img":{"alt_text":"","src":"https:\/\/i0.wp.com\/www.altimara.eu\/blog\/wp-content\/uploads\/2025\/11\/Capture-decran-2025-11-17-a-17.32.24.png?resize=350%2C200&ssl=1","width":350,"height":200,"srcset":"https:\/\/i0.wp.com\/www.altimara.eu\/blog\/wp-content\/uploads\/2025\/11\/Capture-decran-2025-11-17-a-17.32.24.png?resize=350%2C200&ssl=1 1x, https:\/\/i0.wp.com\/www.altimara.eu\/blog\/wp-content\/uploads\/2025\/11\/Capture-decran-2025-11-17-a-17.32.24.png?resize=525%2C300&ssl=1 1.5x"},"classes":[]},{"id":2387,"url":"https:\/\/www.altimara.eu\/blog\/2017\/07\/20\/bois-flotte\/","url_meta":{"origin":3431,"position":5},"title":"Bois flott\u00e9","author":"Martiou","date":"20 juillet 2017","format":false,"excerpt":"Retour dans le th\u00e8me des bois flott\u00e9s en Islande. Cote sud, les bois arrivent des Am\u00e9riques via le Gulf Stream. Un reste de tronc est venu s'\u00e9chouer au milieu des gla\u00e7ons du c\u00e9l\u00e8bre lagon glaci\u00e8re J\u00f6kuls\u00e1rl\u00f3n.","rel":"","context":"Dans &quot;Bois d'Islande, bois flott\u00e9, bois plant\u00e9&quot;","block_context":{"text":"Bois d'Islande, bois flott\u00e9, bois plant\u00e9","link":"https:\/\/www.altimara.eu\/blog\/category\/charbon-de-bois-islande\/bois-dislande-bois-flotte-bois-plante\/"},"img":{"alt_text":"","src":"https:\/\/i0.wp.com\/www.altimara.eu\/blog\/wp-content\/uploads\/2017\/07\/20170720_144859.jpg?resize=350%2C200","width":350,"height":200,"srcset":"https:\/\/i0.wp.com\/www.altimara.eu\/blog\/wp-content\/uploads\/2017\/07\/20170720_144859.jpg?resize=350%2C200 1x, https:\/\/i0.wp.com\/www.altimara.eu\/blog\/wp-content\/uploads\/2017\/07\/20170720_144859.jpg?resize=525%2C300 1.5x, https:\/\/i0.wp.com\/www.altimara.eu\/blog\/wp-content\/uploads\/2017\/07\/20170720_144859.jpg?resize=700%2C400 2x"},"classes":[]}],"_links":{"self":[{"href":"https:\/\/www.altimara.eu\/blog\/wp-json\/wp\/v2\/posts\/3431","targetHints":{"allow":["GET"]}}],"collection":[{"href":"https:\/\/www.altimara.eu\/blog\/wp-json\/wp\/v2\/posts"}],"about":[{"href":"https:\/\/www.altimara.eu\/blog\/wp-json\/wp\/v2\/types\/post"}],"author":[{"embeddable":true,"href":"https:\/\/www.altimara.eu\/blog\/wp-json\/wp\/v2\/users\/3"}],"replies":[{"embeddable":true,"href":"https:\/\/www.altimara.eu\/blog\/wp-json\/wp\/v2\/comments?post=3431"}],"version-history":[{"count":0,"href":"https:\/\/www.altimara.eu\/blog\/wp-json\/wp\/v2\/posts\/3431\/revisions"}],"wp:attachment":[{"href":"https:\/\/www.altimara.eu\/blog\/wp-json\/wp\/v2\/media?parent=3431"}],"wp:term":[{"taxonomy":"category","embeddable":true,"href":"https:\/\/www.altimara.eu\/blog\/wp-json\/wp\/v2\/categories?post=3431"},{"taxonomy":"post_tag","embeddable":true,"href":"https:\/\/www.altimara.eu\/blog\/wp-json\/wp\/v2\/tags?post=3431"}],"curies":[{"name":"wp","href":"https:\/\/api.w.org\/{rel}","templated":true}]}}