{"id":3408,"date":"2020-07-30T12:46:28","date_gmt":"2020-07-30T11:46:28","guid":{"rendered":"https:\/\/www.altimara.eu\/blog\/?p=3408"},"modified":"2020-07-30T12:48:43","modified_gmt":"2020-07-30T11:48:43","slug":"les-etoiles","status":"publish","type":"post","link":"https:\/\/www.altimara.eu\/blog\/2020\/07\/30\/les-etoiles\/","title":{"rendered":"Les \u00e9toiles"},"content":{"rendered":"\n<p>Combien de fois les charbonniers ont ils regard\u00e9 le ciel \u00e9toil\u00e9 dans leurs nuits \u00e0 surveiller les meules en cuisson ?<\/p>\n\n\n\n<p>Le charbonnier coupe les arbres pour fabriquer son charbon de bois mais il a besoin que ceux ci repoussent au plus vite pour les futures charbonni\u00e8res. \u00c9nergie renouvelable et verte qui, dans nos garrigues, avait besoin d&rsquo;une vingtaine d&rsquo;ann\u00e9es, pour \u00eatre rentable \u00e0 nouveau. Mais malheur si le dent vorace du mouton d\u00e9vorait la jeune pousse qui repartait de la souche. <\/p>\n\n\n\n<p>Le charbonnier et le berger se sont fait la guerre, tout en pratiquant leur savoir faire dans les m\u00eames terrains. En toponymie, il n&rsquo;est pas rare de trouver le nom de dev\u00e8s ou deveze, zone interdite au parcours, c&rsquo;est \u00e0 dire au p\u00e2turage par les moutons. Le bois rapportait plus que la laine ou la viande.<\/p>\n\n\n\n<p>Alphonse Daudet, dans une de ses belles histoires des \u00ab\u00a0Lettres de Mon Moulin\u00a0\u00bb cite la pr\u00e9sence des charbonniers&#8230;italiens, d\u00e9j\u00e0 pr\u00e9sent en cette fin de si\u00e8cle XIX\u00e8. Les remarques \u00e0 propos de ces carbonaris \u00e9voquent la r\u00e9alit\u00e9 de l&rsquo;isolement de cette corporation.<\/p>\n\n\n\n<p>\u00a0\u00bb LES \u00c9TOILES.<br>r\u00e9cit d\u2019un berger proven\u00e7al<br><br>Du temps que je gardais les b\u00eates sur le Luberon, je restais des semaines enti\u00e8res sans voir \u00e2me qui vive, seul dans le p\u00e2turage avec mon chien Labri et mes ouailles. De temps en temps l\u2019ermite du Mont-de-l\u2019Ure passait par l\u00e0 pour chercher des simples ou bien j\u2019apercevais la face noire de quelque charbonnier du Pi\u00e9mont\u00a0; mais c\u2019\u00e9taient des gens na\u00effs, silencieux \u00e0 force de solitude, ayant perdu le go\u00fbt de parler et ne sachant rien de ce qui se disait en bas dans les villages et les villes. []\n\n\n\n<p>Lire le r\u00e9cit en entier: <a rel=\"noreferrer noopener\" href=\"https:\/\/fr.wikisource.org\/wiki\/Lettres_de_mon_moulin\/Les_%C3%A9toiles\" target=\"_blank\">https:\/\/fr.wikisource.org\/wiki\/Lettres_de_mon_moulin\/Les_%C3%A9toiles<\/a><\/p>\n\n\n\n<figure class=\"wp-block-image size-large\"><img data-recalc-dims=\"1\" loading=\"lazy\" decoding=\"async\" width=\"627\" height=\"501\" data-attachment-id=\"3409\" data-permalink=\"https:\/\/www.altimara.eu\/blog\/2020\/07\/30\/les-etoiles\/moulin-daudet1\/\" data-orig-file=\"https:\/\/i0.wp.com\/www.altimara.eu\/blog\/wp-content\/uploads\/2020\/07\/moulin-daudet1.jpg?fit=1280%2C1024&amp;ssl=1\" data-orig-size=\"1280,1024\" data-comments-opened=\"1\" data-image-meta=\"{&quot;aperture&quot;:&quot;0&quot;,&quot;credit&quot;:&quot;&quot;,&quot;camera&quot;:&quot;B2100&quot;,&quot;caption&quot;:&quot;&quot;,&quot;created_timestamp&quot;:&quot;1285694548&quot;,&quot;copyright&quot;:&quot;&quot;,&quot;focal_length&quot;:&quot;0&quot;,&quot;iso&quot;:&quot;0&quot;,&quot;shutter_speed&quot;:&quot;0&quot;,&quot;title&quot;:&quot;&quot;,&quot;orientation&quot;:&quot;0&quot;}\" data-image-title=\"moulin-daudet1\" data-image-description=\"\" data-image-caption=\"\" data-large-file=\"https:\/\/i0.wp.com\/www.altimara.eu\/blog\/wp-content\/uploads\/2020\/07\/moulin-daudet1.jpg?fit=627%2C501&amp;ssl=1\" src=\"https:\/\/i0.wp.com\/www.altimara.eu\/blog\/wp-content\/uploads\/2020\/07\/moulin-daudet1.jpg?resize=627%2C501&#038;ssl=1\" alt=\"\" class=\"wp-image-3409\" srcset=\"https:\/\/i0.wp.com\/www.altimara.eu\/blog\/wp-content\/uploads\/2020\/07\/moulin-daudet1.jpg?resize=1024%2C819&amp;ssl=1 1024w, https:\/\/i0.wp.com\/www.altimara.eu\/blog\/wp-content\/uploads\/2020\/07\/moulin-daudet1.jpg?resize=300%2C240&amp;ssl=1 300w, https:\/\/i0.wp.com\/www.altimara.eu\/blog\/wp-content\/uploads\/2020\/07\/moulin-daudet1.jpg?resize=768%2C614&amp;ssl=1 768w, https:\/\/i0.wp.com\/www.altimara.eu\/blog\/wp-content\/uploads\/2020\/07\/moulin-daudet1.jpg?w=1280&amp;ssl=1 1280w\" sizes=\"auto, (max-width: 627px) 100vw, 627px\" \/><figcaption>Dans les Alpilles<\/figcaption><\/figure>\n","protected":false},"excerpt":{"rendered":"<p>Combien de fois les charbonniers ont ils regard\u00e9 le ciel \u00e9toil\u00e9 dans leurs nuits \u00e0 surveiller les meules en cuisson ? Le charbonnier coupe les arbres pour fabriquer son charbon de bois mais il a besoin que ceux ci repoussent au plus vite pour les futures charbonni\u00e8res. \u00c9nergie renouvelable et verte qui, dans nos garrigues, [&hellip;]<\/p>\n","protected":false},"author":3,"featured_media":0,"comment_status":"open","ping_status":"open","sticky":false,"template":"","format":"standard","meta":{"ngg_post_thumbnail":0,"jetpack_post_was_ever_published":false,"_jetpack_newsletter_access":"","_jetpack_dont_email_post_to_subs":false,"_jetpack_newsletter_tier_id":0,"_jetpack_memberships_contains_paywalled_content":false,"_jetpack_memberships_contains_paid_content":false,"footnotes":"","jetpack_publicize_message":"","jetpack_publicize_feature_enabled":true,"jetpack_social_post_already_shared":true,"jetpack_social_options":{"image_generator_settings":{"template":"highway","default_image_id":0,"font":"","enabled":false},"version":2}},"categories":[72,1],"tags":[],"class_list":["post-3408","post","type-post","status-publish","format-standard","hentry","category-charbonnier-du-monde","category-non-classe"],"jetpack_publicize_connections":[],"jetpack_featured_media_url":"","jetpack_shortlink":"https:\/\/wp.me\/p4r91c-SY","jetpack_sharing_enabled":true,"jetpack-related-posts":[{"id":2214,"url":"https:\/\/www.altimara.eu\/blog\/2017\/02\/14\/les-conflits-du-charbon-de-bois\/","url_meta":{"origin":3408,"position":0},"title":"Tensions sous charbon de bois","author":"Martiou","date":"14 f\u00e9vrier 2017","format":false,"excerpt":"Les guerres li\u00e9es au p\u00e9trole et en r\u00e8gle g\u00e9n\u00e9rale \u00e0 l'\u00e9nergie et \u00e0 son acc\u00e8s (ou son profit) sont omnipr\u00e9sentes. Le charbon de bois, l'une des plus anciennes \u00e9nergies que l'humanit\u00e9 exploite, a g\u00e9n\u00e8r\u00e9 aussi des tensions. Dans les pays o\u00f9 l'utilisation du charbon de bois est tr\u00e8s pr\u00e9sente, rappel\u2026","rel":"","context":"Dans &quot;Charbon de bois&quot;","block_context":{"text":"Charbon de bois","link":"https:\/\/www.altimara.eu\/blog\/category\/charbon-de-bois-carbon-art\/"},"img":{"alt_text":"","src":"https:\/\/i0.wp.com\/www.altimara.eu\/blog\/wp-content\/uploads\/2017\/02\/535382168.jpg?resize=350%2C200","width":350,"height":200,"srcset":"https:\/\/i0.wp.com\/www.altimara.eu\/blog\/wp-content\/uploads\/2017\/02\/535382168.jpg?resize=350%2C200 1x, https:\/\/i0.wp.com\/www.altimara.eu\/blog\/wp-content\/uploads\/2017\/02\/535382168.jpg?resize=525%2C300 1.5x, https:\/\/i0.wp.com\/www.altimara.eu\/blog\/wp-content\/uploads\/2017\/02\/535382168.jpg?resize=700%2C400 2x, https:\/\/i0.wp.com\/www.altimara.eu\/blog\/wp-content\/uploads\/2017\/02\/535382168.jpg?resize=1050%2C600 3x, https:\/\/i0.wp.com\/www.altimara.eu\/blog\/wp-content\/uploads\/2017\/02\/535382168.jpg?resize=1400%2C800 4x"},"classes":[]},{"id":3318,"url":"https:\/\/www.altimara.eu\/blog\/2020\/04\/14\/et-au-debut-etait-une-charbonniere\/","url_meta":{"origin":3408,"position":1},"title":"Et au d\u00e9but \u00e9tait une charbonni\u00e8re","author":"Martiou","date":"14 avril 2020","format":false,"excerpt":"Louis Salvi a \u00e9t\u00e9 mon maitre charbonnier, c'est gr\u00e2ce \u00e0 lui que j'ai pu acqu\u00e9rir ce savoir faire. C'\u00e9tait lors d'un beau printemps... Une petite histoire: \" il \u00e9tait une fois une magnifique manifestation dans le village de Sainte-Croix-de-Quintillargues. Tous les ans, les dynamiques b\u00e9n\u00e9voles, autant de femmes que d'hommes,\u2026","rel":"","context":"Dans &quot;Charbon de bois&quot;","block_context":{"text":"Charbon de bois","link":"https:\/\/www.altimara.eu\/blog\/category\/charbon-de-bois-carbon-art\/"},"img":{"alt_text":"","src":"https:\/\/i0.wp.com\/www.altimara.eu\/blog\/wp-content\/uploads\/2020\/04\/Louis-charbon.jpg?resize=350%2C200&ssl=1","width":350,"height":200,"srcset":"https:\/\/i0.wp.com\/www.altimara.eu\/blog\/wp-content\/uploads\/2020\/04\/Louis-charbon.jpg?resize=350%2C200&ssl=1 1x, https:\/\/i0.wp.com\/www.altimara.eu\/blog\/wp-content\/uploads\/2020\/04\/Louis-charbon.jpg?resize=525%2C300&ssl=1 1.5x, https:\/\/i0.wp.com\/www.altimara.eu\/blog\/wp-content\/uploads\/2020\/04\/Louis-charbon.jpg?resize=700%2C400&ssl=1 2x"},"classes":[]},{"id":1712,"url":"https:\/\/www.altimara.eu\/blog\/2016\/03\/15\/charbonnier-eolien\/","url_meta":{"origin":3408,"position":2},"title":"Charbonnier Eolien","author":"Martiou","date":"15 mars 2016","format":false,"excerpt":"Le village de Leni. En balade dans les \u00eeles \u00c9oliennes, dont la plus connue est Stromboli, une sorte d'immense charbonni\u00e8re de 900 m de haut ( un volcan). L'archipel compte 7 \u00eeles volcaniques. Nous sommes en escale dans la grande et belle \u00eele de Salina. Premi\u00e8re rencontre avec la femme\u2026","rel":"","context":"Dans &quot;Charbon de bois&quot;","block_context":{"text":"Charbon de bois","link":"https:\/\/www.altimara.eu\/blog\/category\/charbon-de-bois-carbon-art\/"},"img":{"alt_text":"IMG_20160315_154826913_HDR","src":"https:\/\/i0.wp.com\/www.altimara.eu\/blog\/wp-content\/uploads\/2016\/03\/IMG_20160315_154826913_HDR-1024x576.jpg?resize=350%2C200","width":350,"height":200,"srcset":"https:\/\/i0.wp.com\/www.altimara.eu\/blog\/wp-content\/uploads\/2016\/03\/IMG_20160315_154826913_HDR-1024x576.jpg?resize=350%2C200 1x, https:\/\/i0.wp.com\/www.altimara.eu\/blog\/wp-content\/uploads\/2016\/03\/IMG_20160315_154826913_HDR-1024x576.jpg?resize=525%2C300 1.5x"},"classes":[]},{"id":2689,"url":"https:\/\/www.altimara.eu\/blog\/2018\/03\/12\/blanchette-la-nuit\/","url_meta":{"origin":3408,"position":3},"title":"Blanchette la nuit","author":"Martiou","date":"12 mars 2018","format":false,"excerpt":"Quand la cuisson de la meule a d\u00e9marr\u00e9, le charbonnier doit veiller sur elle jours et ...nuits. Le danger est l'enflammement par \u00e9croulement de la couche de terre. En effet il y a des tassements et parfois des poches de fragilit\u00e9 qui se forment sous la couverture terreuse. Cette carapace\u2026","rel":"","context":"Dans &quot;Charbon de bois&quot;","block_context":{"text":"Charbon de bois","link":"https:\/\/www.altimara.eu\/blog\/category\/charbon-de-bois-carbon-art\/"},"img":{"alt_text":"","src":"https:\/\/i0.wp.com\/www.altimara.eu\/blog\/wp-content\/uploads\/2018\/03\/MAR6358.jpg?resize=350%2C200&ssl=1","width":350,"height":200,"srcset":"https:\/\/i0.wp.com\/www.altimara.eu\/blog\/wp-content\/uploads\/2018\/03\/MAR6358.jpg?resize=350%2C200&ssl=1 1x, https:\/\/i0.wp.com\/www.altimara.eu\/blog\/wp-content\/uploads\/2018\/03\/MAR6358.jpg?resize=525%2C300&ssl=1 1.5x"},"classes":[]},{"id":2527,"url":"https:\/\/www.altimara.eu\/blog\/2017\/11\/28\/le-charbonnier-et-la-radio\/","url_meta":{"origin":3408,"position":4},"title":"Le charbonnier et la radio","author":"Martiou","date":"28 novembre 2017","format":false,"excerpt":"L'H\u00e9raultais du jour. Invit\u00e9 par A. Blin, l'animateur de la matinale sur France Bleu H\u00e9rault, j'ai pu en cinq petites minutes parler de ma passion de charbonnier. Tr\u00e8s sympathique et chaleureux, Antoine Blin m\u2019a permis,\u00a0dans ce court temps, de faire d\u00e9couvrir aux auditeurs mon exp\u00e9rience de maitre charbonnier. A \u00e9couter:\u2026","rel":"","context":"Dans &quot;Charbon de bois&quot;","block_context":{"text":"Charbon de bois","link":"https:\/\/www.altimara.eu\/blog\/category\/charbon-de-bois-carbon-art\/"},"img":{"alt_text":"","src":"https:\/\/i0.wp.com\/www.altimara.eu\/blog\/wp-content\/uploads\/2017\/11\/Capture-d%E2%80%99e%CC%81cran-2017-11-28-a%CC%80-10.12.08.png?resize=350%2C200&ssl=1","width":350,"height":200,"srcset":"https:\/\/i0.wp.com\/www.altimara.eu\/blog\/wp-content\/uploads\/2017\/11\/Capture-d%E2%80%99e%CC%81cran-2017-11-28-a%CC%80-10.12.08.png?resize=350%2C200&ssl=1 1x, https:\/\/i0.wp.com\/www.altimara.eu\/blog\/wp-content\/uploads\/2017\/11\/Capture-d%E2%80%99e%CC%81cran-2017-11-28-a%CC%80-10.12.08.png?resize=525%2C300&ssl=1 1.5x, https:\/\/i0.wp.com\/www.altimara.eu\/blog\/wp-content\/uploads\/2017\/11\/Capture-d%E2%80%99e%CC%81cran-2017-11-28-a%CC%80-10.12.08.png?resize=700%2C400&ssl=1 2x"},"classes":[]},{"id":3773,"url":"https:\/\/www.altimara.eu\/blog\/2021\/11\/21\/livre-le-charbonnier\/","url_meta":{"origin":3408,"position":5},"title":"Livre : Le charbonnier","author":"Martiou","date":"21 novembre 2021","format":false,"excerpt":"Charles Schlosser, charbonnier de longue date et animateur d'un groupe actif de charbonniers en Alsace, vient de sortir un magnifique livre en cette fin d'ann\u00e9e. \"Le charbonnier, une longue histoire\", I.D. l'\u00c9dition, un livre qui se veut \u00e0 la fois \u00e9vocation historique, technique et humaine (sic). Neuf chapitres qui nous\u2026","rel":"","context":"Dans &quot;Autre&quot;","block_context":{"text":"Autre","link":"https:\/\/www.altimara.eu\/blog\/category\/autre\/"},"img":{"alt_text":"","src":"https:\/\/i0.wp.com\/www.altimara.eu\/blog\/wp-content\/uploads\/2021\/11\/Capture-de%CC%81cran-2021-11-21-a%CC%80-15.07.34.jpg?resize=350%2C200&ssl=1","width":350,"height":200,"srcset":"https:\/\/i0.wp.com\/www.altimara.eu\/blog\/wp-content\/uploads\/2021\/11\/Capture-de%CC%81cran-2021-11-21-a%CC%80-15.07.34.jpg?resize=350%2C200&ssl=1 1x, https:\/\/i0.wp.com\/www.altimara.eu\/blog\/wp-content\/uploads\/2021\/11\/Capture-de%CC%81cran-2021-11-21-a%CC%80-15.07.34.jpg?resize=525%2C300&ssl=1 1.5x"},"classes":[]}],"_links":{"self":[{"href":"https:\/\/www.altimara.eu\/blog\/wp-json\/wp\/v2\/posts\/3408","targetHints":{"allow":["GET"]}}],"collection":[{"href":"https:\/\/www.altimara.eu\/blog\/wp-json\/wp\/v2\/posts"}],"about":[{"href":"https:\/\/www.altimara.eu\/blog\/wp-json\/wp\/v2\/types\/post"}],"author":[{"embeddable":true,"href":"https:\/\/www.altimara.eu\/blog\/wp-json\/wp\/v2\/users\/3"}],"replies":[{"embeddable":true,"href":"https:\/\/www.altimara.eu\/blog\/wp-json\/wp\/v2\/comments?post=3408"}],"version-history":[{"count":0,"href":"https:\/\/www.altimara.eu\/blog\/wp-json\/wp\/v2\/posts\/3408\/revisions"}],"wp:attachment":[{"href":"https:\/\/www.altimara.eu\/blog\/wp-json\/wp\/v2\/media?parent=3408"}],"wp:term":[{"taxonomy":"category","embeddable":true,"href":"https:\/\/www.altimara.eu\/blog\/wp-json\/wp\/v2\/categories?post=3408"},{"taxonomy":"post_tag","embeddable":true,"href":"https:\/\/www.altimara.eu\/blog\/wp-json\/wp\/v2\/tags?post=3408"}],"curies":[{"name":"wp","href":"https:\/\/api.w.org\/{rel}","templated":true}]}}