{"id":3402,"date":"2020-07-19T15:44:21","date_gmt":"2020-07-19T14:44:21","guid":{"rendered":"https:\/\/www.altimara.eu\/blog\/?p=3402"},"modified":"2020-08-28T23:17:55","modified_gmt":"2020-08-28T22:17:55","slug":"ciel-noir-charbon","status":"publish","type":"post","link":"https:\/\/www.altimara.eu\/blog\/2020\/07\/19\/ciel-noir-charbon\/","title":{"rendered":"Ciel noir charbon"},"content":{"rendered":"\n<p>La com\u00e8te N\u00e9owise resplendit dans nos cieux. La voil\u00e0 pr\u00e8s du Pic-St-Loup, au dessus de mes charbonni\u00e8res.<\/p>\n\n\n\n<p>Nord ouest, sous la grande ourse, \u00e0 23:00, une petite paire de jumelles et c&rsquo;est grand spectacle !!<\/p>\n\n\n\n<figure class=\"wp-block-image size-large\"><img data-recalc-dims=\"1\" loading=\"lazy\" decoding=\"async\" width=\"627\" height=\"418\" data-attachment-id=\"3403\" data-permalink=\"https:\/\/www.altimara.eu\/blog\/2020\/07\/19\/ciel-noir-charbon\/charbonniere-des-garrigues-violette-11\/\" data-orig-file=\"https:\/\/i0.wp.com\/www.altimara.eu\/blog\/wp-content\/uploads\/2020\/07\/MAR2935.jpg?fit=1400%2C934&amp;ssl=1\" data-orig-size=\"1400,934\" data-comments-opened=\"1\" data-image-meta=\"{&quot;aperture&quot;:&quot;5.6&quot;,&quot;credit&quot;:&quot;ACQUARONE Martial&quot;,&quot;camera&quot;:&quot;NIKON D800&quot;,&quot;caption&quot;:&quot;&quot;,&quot;created_timestamp&quot;:&quot;1595113473&quot;,&quot;copyright&quot;:&quot;CC Commun Licence&quot;,&quot;focal_length&quot;:&quot;400&quot;,&quot;iso&quot;:&quot;6400&quot;,&quot;shutter_speed&quot;:&quot;3&quot;,&quot;title&quot;:&quot;charbonni\\u00e8re des garrigues, Violette&quot;,&quot;orientation&quot;:&quot;0&quot;}\" data-image-title=\"charbonni\u00e8re des garrigues, Violette\" data-image-description=\"\" data-image-caption=\"\" data-large-file=\"https:\/\/i0.wp.com\/www.altimara.eu\/blog\/wp-content\/uploads\/2020\/07\/MAR2935.jpg?fit=627%2C418&amp;ssl=1\" src=\"https:\/\/i0.wp.com\/www.altimara.eu\/blog\/wp-content\/uploads\/2020\/07\/MAR2935.jpg?resize=627%2C418&#038;ssl=1\" alt=\"com\u00e8te n\u00e9owise\" class=\"wp-image-3403\" srcset=\"https:\/\/i0.wp.com\/www.altimara.eu\/blog\/wp-content\/uploads\/2020\/07\/MAR2935.jpg?resize=1024%2C683&amp;ssl=1 1024w, https:\/\/i0.wp.com\/www.altimara.eu\/blog\/wp-content\/uploads\/2020\/07\/MAR2935.jpg?resize=300%2C200&amp;ssl=1 300w, https:\/\/i0.wp.com\/www.altimara.eu\/blog\/wp-content\/uploads\/2020\/07\/MAR2935.jpg?resize=768%2C512&amp;ssl=1 768w, https:\/\/i0.wp.com\/www.altimara.eu\/blog\/wp-content\/uploads\/2020\/07\/MAR2935.jpg?w=1400&amp;ssl=1 1400w, https:\/\/i0.wp.com\/www.altimara.eu\/blog\/wp-content\/uploads\/2020\/07\/MAR2935.jpg?w=1254&amp;ssl=1 1254w\" sizes=\"auto, (max-width: 627px) 100vw, 627px\" \/><\/figure>\n\n\n\n<figure class=\"wp-block-image size-large\"><img data-recalc-dims=\"1\" loading=\"lazy\" decoding=\"async\" width=\"627\" height=\"418\" data-attachment-id=\"3404\" data-permalink=\"https:\/\/www.altimara.eu\/blog\/2020\/07\/19\/ciel-noir-charbon\/charbonniere-des-garrigues-violette-12\/\" data-orig-file=\"https:\/\/i0.wp.com\/www.altimara.eu\/blog\/wp-content\/uploads\/2020\/07\/MAR2952.jpg?fit=1400%2C934&amp;ssl=1\" data-orig-size=\"1400,934\" data-comments-opened=\"1\" data-image-meta=\"{&quot;aperture&quot;:&quot;5.6&quot;,&quot;credit&quot;:&quot;ACQUARONE Martial&quot;,&quot;camera&quot;:&quot;NIKON D800&quot;,&quot;caption&quot;:&quot;&quot;,&quot;created_timestamp&quot;:&quot;1595114515&quot;,&quot;copyright&quot;:&quot;CC Commun Licence&quot;,&quot;focal_length&quot;:&quot;24&quot;,&quot;iso&quot;:&quot;6400&quot;,&quot;shutter_speed&quot;:&quot;10&quot;,&quot;title&quot;:&quot;charbonni\\u00e8re des garrigues, Violette&quot;,&quot;orientation&quot;:&quot;0&quot;}\" data-image-title=\"charbonni\u00e8re des garrigues, Violette\" data-image-description=\"\" data-image-caption=\"\" data-large-file=\"https:\/\/i0.wp.com\/www.altimara.eu\/blog\/wp-content\/uploads\/2020\/07\/MAR2952.jpg?fit=627%2C418&amp;ssl=1\" src=\"https:\/\/i0.wp.com\/www.altimara.eu\/blog\/wp-content\/uploads\/2020\/07\/MAR2952.jpg?resize=627%2C418&#038;ssl=1\" alt=\"comete neowise et pic st loup\" class=\"wp-image-3404\" srcset=\"https:\/\/i0.wp.com\/www.altimara.eu\/blog\/wp-content\/uploads\/2020\/07\/MAR2952.jpg?resize=1024%2C683&amp;ssl=1 1024w, https:\/\/i0.wp.com\/www.altimara.eu\/blog\/wp-content\/uploads\/2020\/07\/MAR2952.jpg?resize=300%2C200&amp;ssl=1 300w, https:\/\/i0.wp.com\/www.altimara.eu\/blog\/wp-content\/uploads\/2020\/07\/MAR2952.jpg?resize=768%2C512&amp;ssl=1 768w, https:\/\/i0.wp.com\/www.altimara.eu\/blog\/wp-content\/uploads\/2020\/07\/MAR2952.jpg?w=1400&amp;ssl=1 1400w, https:\/\/i0.wp.com\/www.altimara.eu\/blog\/wp-content\/uploads\/2020\/07\/MAR2952.jpg?w=1254&amp;ssl=1 1254w\" sizes=\"auto, (max-width: 627px) 100vw, 627px\" \/><figcaption>Avec le Pic-St-loup<\/figcaption><\/figure>\n","protected":false},"excerpt":{"rendered":"<p>La com\u00e8te N\u00e9owise resplendit dans nos cieux. La voil\u00e0 pr\u00e8s du Pic-St-Loup, au dessus de mes charbonni\u00e8res. Nord ouest, sous la grande ourse, \u00e0 23:00, une petite paire de jumelles et c&rsquo;est grand spectacle !!<\/p>\n","protected":false},"author":3,"featured_media":0,"comment_status":"open","ping_status":"open","sticky":false,"template":"","format":"standard","meta":{"ngg_post_thumbnail":0,"jetpack_post_was_ever_published":false,"_jetpack_newsletter_access":"","_jetpack_dont_email_post_to_subs":false,"_jetpack_newsletter_tier_id":0,"_jetpack_memberships_contains_paywalled_content":false,"_jetpack_memberships_contains_paid_content":false,"footnotes":"","jetpack_publicize_message":"","jetpack_publicize_feature_enabled":true,"jetpack_social_post_already_shared":true,"jetpack_social_options":{"image_generator_settings":{"template":"highway","default_image_id":0,"font":"","enabled":false},"version":2}},"categories":[5],"tags":[24],"class_list":["post-3402","post","type-post","status-publish","format-standard","hentry","category-autre","tag-pic-st-loup"],"jetpack_publicize_connections":[],"jetpack_featured_media_url":"","jetpack_shortlink":"https:\/\/wp.me\/p4r91c-SS","jetpack_sharing_enabled":true,"jetpack-related-posts":[{"id":860,"url":"https:\/\/www.altimara.eu\/blog\/2014\/04\/27\/la-grande-epic-au-saint-loup-8\/","url_meta":{"origin":3402,"position":0},"title":"La Grande E[pic] au Saint Loup","author":"Martiou","date":"27 avril 2014","format":false,"excerpt":"Bel atelier de pr\u00e9paration des \"grosses t\u00eates\" \u00e0 Ste Croix de Quintillargues. Nous n'\u00e9tions pas nombreux aussi Berta en a profit\u00e9 pour nous tester sur des sortes de jeux. Les r\u00e9ponses vont servir pour la cr\u00e9ation m\u00e9dia: \"Quelle est ton histoire avec le Pic-St-loup?. Les r\u00e9ponses ont encore une fois\u2026","rel":"","context":"Dans &quot;2 La Grande E[pic] au Saint Loup&quot;","block_context":{"text":"2 La Grande E[pic] au Saint Loup","link":"https:\/\/www.altimara.eu\/blog\/category\/2-la-grande-epic-au-saint-loup\/"},"img":{"alt_text":"_MAC8133","src":"https:\/\/i0.wp.com\/www.altimara.eu\/blog\/wp-content\/uploads\/2014\/04\/MAC8133.jpg?resize=350%2C200","width":350,"height":200,"srcset":"https:\/\/i0.wp.com\/www.altimara.eu\/blog\/wp-content\/uploads\/2014\/04\/MAC8133.jpg?resize=350%2C200 1x, https:\/\/i0.wp.com\/www.altimara.eu\/blog\/wp-content\/uploads\/2014\/04\/MAC8133.jpg?resize=525%2C300 1.5x, https:\/\/i0.wp.com\/www.altimara.eu\/blog\/wp-content\/uploads\/2014\/04\/MAC8133.jpg?resize=700%2C400 2x"},"classes":[]},{"id":1039,"url":"https:\/\/www.altimara.eu\/blog\/2014\/10\/04\/la-grande-epic-au-saint-loup-20\/","url_meta":{"origin":3402,"position":1},"title":"La Grande E[pic] au Saint Loup","author":"Martiou","date":"4 octobre 2014","format":false,"excerpt":"D\u00e9pose du four au d\u00e9part de la mont\u00e9e du Pic-St-loup. L\u00e0 o\u00f9 d\u00e9butera\u00a0le spectacle de \"La Grande E[pic] au Saint Loup\". du lourd, des costauds, de la belle ouvrage... \u00a0 Le four sera hant\u00e9 par un fond sonore issu du volcan des Vanuatu, enregistr\u00e9 par \u00a0les musiciens lors de leurs\u2026","rel":"","context":"Dans &quot;2 La Grande E[pic] au Saint Loup&quot;","block_context":{"text":"2 La Grande E[pic] au Saint Loup","link":"https:\/\/www.altimara.eu\/blog\/category\/2-la-grande-epic-au-saint-loup\/"},"img":{"alt_text":"_MAR3070","src":"https:\/\/i0.wp.com\/www.altimara.eu\/blog\/wp-content\/uploads\/2014\/10\/MAR3070.jpg?resize=350%2C200","width":350,"height":200,"srcset":"https:\/\/i0.wp.com\/www.altimara.eu\/blog\/wp-content\/uploads\/2014\/10\/MAR3070.jpg?resize=350%2C200 1x, https:\/\/i0.wp.com\/www.altimara.eu\/blog\/wp-content\/uploads\/2014\/10\/MAR3070.jpg?resize=525%2C300 1.5x, https:\/\/i0.wp.com\/www.altimara.eu\/blog\/wp-content\/uploads\/2014\/10\/MAR3070.jpg?resize=700%2C400 2x"},"classes":[]},{"id":572,"url":"https:\/\/www.altimara.eu\/blog\/2014\/02\/06\/la-grande-epic-au-saint-loup-3\/","url_meta":{"origin":3402,"position":2},"title":"La Grande E[pic] au Saint Loup","author":"Martiou","date":"6 f\u00e9vrier 2014","format":false,"excerpt":"Appel \u00e0 b\u00e9n\u00e9voles. Le spectacles s'appuie dans l'implication de personnes qui veulent participer en r\u00e9alisant leurs grosses t\u00eates, 4 ateliers, et monter avec le 5 octobre au Pic-St-Loup. Bienvenue.","rel":"","context":"Dans &quot;2 La Grande E[pic] au Saint Loup&quot;","block_context":{"text":"2 La Grande E[pic] au Saint Loup","link":"https:\/\/www.altimara.eu\/blog\/category\/2-la-grande-epic-au-saint-loup\/"},"img":{"alt_text":"note intentions","src":"https:\/\/i0.wp.com\/www.altimara.eu\/blog\/wp-content\/uploads\/2014\/02\/note-intentions.jpg?resize=350%2C200","width":350,"height":200,"srcset":"https:\/\/i0.wp.com\/www.altimara.eu\/blog\/wp-content\/uploads\/2014\/02\/note-intentions.jpg?resize=350%2C200 1x, https:\/\/i0.wp.com\/www.altimara.eu\/blog\/wp-content\/uploads\/2014\/02\/note-intentions.jpg?resize=525%2C300 1.5x"},"classes":[]},{"id":527,"url":"https:\/\/www.altimara.eu\/blog\/2014\/02\/04\/la-grande-epic-au-saint-loup\/","url_meta":{"origin":3402,"position":3},"title":"La Grande E[pic] au Saint Loup","author":"Martiou","date":"4 f\u00e9vrier 2014","format":false,"excerpt":"Berta Tarrag\u00f2 , r\u00e9alisatrice de spectacles vivants, m'a demand\u00e9 de participer \u00e0 son prochain \u00e9v\u00e9nement qui va se d\u00e9rouler\u00a0au Pic-St-Loup en octobre 2014. Cette collaboration provient de notre rencontre lors de la visite du Pic que j'ai guid\u00e9 et o\u00f9 nous avons \u00e9chang\u00e9 sur l'histoire locale et les traditions dans\u2026","rel":"","context":"Dans &quot;2 La Grande E[pic] au Saint Loup&quot;","block_context":{"text":"2 La Grande E[pic] au Saint Loup","link":"https:\/\/www.altimara.eu\/blog\/category\/2-la-grande-epic-au-saint-loup\/"},"img":{"alt_text":"_MAC4888","src":"https:\/\/i0.wp.com\/www.altimara.eu\/blog\/wp-content\/uploads\/2014\/02\/mac4888.jpg?resize=350%2C200","width":350,"height":200,"srcset":"https:\/\/i0.wp.com\/www.altimara.eu\/blog\/wp-content\/uploads\/2014\/02\/mac4888.jpg?resize=350%2C200 1x, https:\/\/i0.wp.com\/www.altimara.eu\/blog\/wp-content\/uploads\/2014\/02\/mac4888.jpg?resize=525%2C300 1.5x"},"classes":[]},{"id":1024,"url":"https:\/\/www.altimara.eu\/blog\/2014\/09\/30\/la-grande-epic-au-saint-loup-17\/","url_meta":{"origin":3402,"position":4},"title":"La Grande E[pic] au Saint Loup","author":"Martiou","date":"30 septembre 2014","format":false,"excerpt":"Derni\u00e8re ligne droite avant le jour du spectacle. Nous avons r\u00e9p\u00e9t\u00e9 dans les vieilles rues de St-Martin-De-Londres. Berta a dirig\u00e9 toute la troupe avec beaucoup de maitrise.","rel":"","context":"Dans &quot;2 La Grande E[pic] au Saint Loup&quot;","block_context":{"text":"2 La Grande E[pic] au Saint Loup","link":"https:\/\/www.altimara.eu\/blog\/category\/2-la-grande-epic-au-saint-loup\/"},"img":{"alt_text":"_MAR2763","src":"https:\/\/i0.wp.com\/www.altimara.eu\/blog\/wp-content\/uploads\/2014\/09\/MAR2763.jpg?resize=350%2C200","width":350,"height":200,"srcset":"https:\/\/i0.wp.com\/www.altimara.eu\/blog\/wp-content\/uploads\/2014\/09\/MAR2763.jpg?resize=350%2C200 1x, https:\/\/i0.wp.com\/www.altimara.eu\/blog\/wp-content\/uploads\/2014\/09\/MAR2763.jpg?resize=525%2C300 1.5x, https:\/\/i0.wp.com\/www.altimara.eu\/blog\/wp-content\/uploads\/2014\/09\/MAR2763.jpg?resize=700%2C400 2x"},"classes":[]},{"id":916,"url":"https:\/\/www.altimara.eu\/blog\/2014\/05\/26\/la-grande-epic-au-saint-loup-10\/","url_meta":{"origin":3402,"position":5},"title":"La Grande E[pic] au Saint Loup","author":"Martiou","date":"26 mai 2014","format":false,"excerpt":"Avant dernier atelier de fabrication des grosses t\u00eates. Elles sont expos\u00e9es au Domaine de Mortiers, en attente de carbonisation. La construction du four est pour bient\u00f4t avec les essais de cuisson. La pression ne monte pas encore mais elle ne saurait tarder. Nous aurons un tr\u00e8s bel endroit, au pied\u2026","rel":"","context":"Dans &quot;2 La Grande E[pic] au Saint Loup&quot;","block_context":{"text":"2 La Grande E[pic] au Saint Loup","link":"https:\/\/www.altimara.eu\/blog\/category\/2-la-grande-epic-au-saint-loup\/"},"img":{"alt_text":"","src":"https:\/\/i0.wp.com\/www.altimara.eu\/blog\/wp-content\/uploads\/2014\/05\/DSC_0043.jpg?resize=350%2C200&ssl=1","width":350,"height":200,"srcset":"https:\/\/i0.wp.com\/www.altimara.eu\/blog\/wp-content\/uploads\/2014\/05\/DSC_0043.jpg?resize=350%2C200&ssl=1 1x, https:\/\/i0.wp.com\/www.altimara.eu\/blog\/wp-content\/uploads\/2014\/05\/DSC_0043.jpg?resize=525%2C300&ssl=1 1.5x"},"classes":[]}],"_links":{"self":[{"href":"https:\/\/www.altimara.eu\/blog\/wp-json\/wp\/v2\/posts\/3402","targetHints":{"allow":["GET"]}}],"collection":[{"href":"https:\/\/www.altimara.eu\/blog\/wp-json\/wp\/v2\/posts"}],"about":[{"href":"https:\/\/www.altimara.eu\/blog\/wp-json\/wp\/v2\/types\/post"}],"author":[{"embeddable":true,"href":"https:\/\/www.altimara.eu\/blog\/wp-json\/wp\/v2\/users\/3"}],"replies":[{"embeddable":true,"href":"https:\/\/www.altimara.eu\/blog\/wp-json\/wp\/v2\/comments?post=3402"}],"version-history":[{"count":0,"href":"https:\/\/www.altimara.eu\/blog\/wp-json\/wp\/v2\/posts\/3402\/revisions"}],"wp:attachment":[{"href":"https:\/\/www.altimara.eu\/blog\/wp-json\/wp\/v2\/media?parent=3402"}],"wp:term":[{"taxonomy":"category","embeddable":true,"href":"https:\/\/www.altimara.eu\/blog\/wp-json\/wp\/v2\/categories?post=3402"},{"taxonomy":"post_tag","embeddable":true,"href":"https:\/\/www.altimara.eu\/blog\/wp-json\/wp\/v2\/tags?post=3402"}],"curies":[{"name":"wp","href":"https:\/\/api.w.org\/{rel}","templated":true}]}}