{"id":3385,"date":"2020-06-18T14:55:13","date_gmt":"2020-06-18T13:55:13","guid":{"rendered":"https:\/\/www.altimara.eu\/blog\/?p=3385"},"modified":"2020-07-27T14:12:56","modified_gmt":"2020-07-27T13:12:56","slug":"premiere-vente-ecochar","status":"publish","type":"post","link":"https:\/\/www.altimara.eu\/blog\/2020\/06\/18\/premiere-vente-ecochar\/","title":{"rendered":"Premi\u00e8re vente \u00e9cochar"},"content":{"rendered":"\n<p><img data-recalc-dims=\"1\" loading=\"lazy\" decoding=\"async\" width=\"80\" height=\"80\" data-attachment-id=\"3204\" data-permalink=\"https:\/\/www.altimara.eu\/blog\/2019\/10\/28\/ca-fume-xxl\/sigle-c1\/\" data-orig-file=\"https:\/\/i0.wp.com\/www.altimara.eu\/blog\/wp-content\/uploads\/2019\/10\/sigle-C1-e1592488750446.jpg?fit=200%2C200&amp;ssl=1\" data-orig-size=\"200,200\" data-comments-opened=\"1\" data-image-meta=\"{&quot;aperture&quot;:&quot;0&quot;,&quot;credit&quot;:&quot;&quot;,&quot;camera&quot;:&quot;&quot;,&quot;caption&quot;:&quot;&quot;,&quot;created_timestamp&quot;:&quot;0&quot;,&quot;copyright&quot;:&quot;&quot;,&quot;focal_length&quot;:&quot;0&quot;,&quot;iso&quot;:&quot;0&quot;,&quot;shutter_speed&quot;:&quot;0&quot;,&quot;title&quot;:&quot;&quot;,&quot;orientation&quot;:&quot;0&quot;}\" data-image-title=\"sigle C1\" data-image-description=\"\" data-image-caption=\"\" data-large-file=\"https:\/\/i0.wp.com\/www.altimara.eu\/blog\/wp-content\/uploads\/2019\/10\/sigle-C1-e1592488750446.jpg?fit=200%2C200&amp;ssl=1\" class=\"wp-image-3204\" style=\"width: 80px;\" src=\"https:\/\/i0.wp.com\/www.altimara.eu\/blog\/wp-content\/uploads\/2019\/10\/sigle-C1-e1592488750446.jpg?resize=80%2C80&#038;ssl=1\" alt=\"\">Suite \u00e0 deux semaines de cuissons d&rsquo;\u00e9cochar dans nos fours, nous avons pu r\u00e9aliser notre premi\u00e8re vente d&rsquo;\u00e9cochar. Tous les jeudis, K\u00e9vin et sa compagne, dans son domaine du Jardin de Fontan\u00e8s, ouvrent la vente de sa production de l\u00e9gumes et fruits. J&rsquo;y ai install\u00e9 un stand avec une vingtaine de sacs de 20 \u00e9cochars chacun. Les clients qui d\u00e9couvraient pour la plupart l\u2019existence de ce charbon v\u00e9g\u00e9tal, ont bien voulu tenter l&rsquo;utilisation de ce charbon. Attendons le retour de tous ces barbecues, symbole encore plus fort \u00e0 l&rsquo;heure du d\u00e9confinement.<\/p>\n\n\n\n<figure class=\"wp-block-image size-large\"><img loading=\"lazy\" decoding=\"async\" width=\"1400\" height=\"834\" data-attachment-id=\"3386\" data-permalink=\"https:\/\/www.altimara.eu\/blog\/2020\/06\/18\/premiere-vente-ecochar\/charbonniere-des-garrigues-violette-7\/\" data-orig-file=\"https:\/\/i0.wp.com\/www.altimara.eu\/blog\/wp-content\/uploads\/2020\/06\/ecochar-4.jpg?fit=1400%2C834&amp;ssl=1\" data-orig-size=\"1400,834\" data-comments-opened=\"1\" data-image-meta=\"{&quot;aperture&quot;:&quot;2&quot;,&quot;credit&quot;:&quot;Martial Acquarone&quot;,&quot;camera&quot;:&quot;MotoG3&quot;,&quot;caption&quot;:&quot;&quot;,&quot;created_timestamp&quot;:&quot;1591894742&quot;,&quot;copyright&quot;:&quot;CC Commun Licence&quot;,&quot;focal_length&quot;:&quot;3.64&quot;,&quot;iso&quot;:&quot;50&quot;,&quot;shutter_speed&quot;:&quot;0.0021276595744681&quot;,&quot;title&quot;:&quot;charbonni\\u00e8re des garrigues, Violette&quot;,&quot;orientation&quot;:&quot;0&quot;}\" data-image-title=\"charbonni\u00e8re des garrigues, Violette\" data-image-description=\"\" data-image-caption=\"\" data-large-file=\"https:\/\/i0.wp.com\/www.altimara.eu\/blog\/wp-content\/uploads\/2020\/06\/ecochar-4.jpg?fit=627%2C374&amp;ssl=1\" src=\"https:\/\/i1.wp.com\/www.altimara.eu\/blog\/wp-content\/uploads\/2020\/06\/ecochar-4.jpg?fit=627%2C374&amp;ssl=1\" alt=\"\" class=\"wp-image-3386\" srcset=\"https:\/\/i0.wp.com\/www.altimara.eu\/blog\/wp-content\/uploads\/2020\/06\/ecochar-4.jpg?w=1400&amp;ssl=1 1400w, https:\/\/i0.wp.com\/www.altimara.eu\/blog\/wp-content\/uploads\/2020\/06\/ecochar-4.jpg?resize=300%2C179&amp;ssl=1 300w, https:\/\/i0.wp.com\/www.altimara.eu\/blog\/wp-content\/uploads\/2020\/06\/ecochar-4.jpg?resize=1024%2C610&amp;ssl=1 1024w, https:\/\/i0.wp.com\/www.altimara.eu\/blog\/wp-content\/uploads\/2020\/06\/ecochar-4.jpg?resize=768%2C458&amp;ssl=1 768w, https:\/\/i0.wp.com\/www.altimara.eu\/blog\/wp-content\/uploads\/2020\/06\/ecochar-4.jpg?w=1254&amp;ssl=1 1254w\" sizes=\"auto, (max-width: 627px) 100vw, 627px\" \/><\/figure>\n\n\n\n<p>Puis j&rsquo;ai eu la joie de la visite de Jean, mon ami charbonnier de l&rsquo;Ard\u00e8che. Un r\u00e9el plaisir d&rsquo;\u00eatre \u00ab\u00a0entre nous\u00a0\u00bb, charbonniers !<\/p>\n\n\n\n<figure class=\"wp-block-image size-large\"><img loading=\"lazy\" decoding=\"async\" width=\"1400\" height=\"934\" data-attachment-id=\"3387\" data-permalink=\"https:\/\/www.altimara.eu\/blog\/2020\/06\/18\/premiere-vente-ecochar\/charbonniere-des-garrigues-violette-8\/\" data-orig-file=\"https:\/\/i0.wp.com\/www.altimara.eu\/blog\/wp-content\/uploads\/2020\/06\/ecochar-86.jpg?fit=1400%2C934&amp;ssl=1\" data-orig-size=\"1400,934\" data-comments-opened=\"1\" data-image-meta=\"{&quot;aperture&quot;:&quot;6.3&quot;,&quot;credit&quot;:&quot;Martial Acquarone&quot;,&quot;camera&quot;:&quot;NIKON D800&quot;,&quot;caption&quot;:&quot;&quot;,&quot;created_timestamp&quot;:&quot;1591720634&quot;,&quot;copyright&quot;:&quot;CC Commun Licence&quot;,&quot;focal_length&quot;:&quot;24&quot;,&quot;iso&quot;:&quot;640&quot;,&quot;shutter_speed&quot;:&quot;0.01&quot;,&quot;title&quot;:&quot;charbonni\\u00e8re des garrigues, Violette&quot;,&quot;orientation&quot;:&quot;0&quot;}\" data-image-title=\"charbonni\u00e8re des garrigues, Violette\" data-image-description=\"\" data-image-caption=\"\" data-large-file=\"https:\/\/i0.wp.com\/www.altimara.eu\/blog\/wp-content\/uploads\/2020\/06\/ecochar-86.jpg?fit=627%2C418&amp;ssl=1\" src=\"https:\/\/i0.wp.com\/www.altimara.eu\/blog\/wp-content\/uploads\/2020\/06\/ecochar-86.jpg?fit=627%2C418&amp;ssl=1\" alt=\"\" class=\"wp-image-3387\" srcset=\"https:\/\/i0.wp.com\/www.altimara.eu\/blog\/wp-content\/uploads\/2020\/06\/ecochar-86.jpg?w=1400&amp;ssl=1 1400w, https:\/\/i0.wp.com\/www.altimara.eu\/blog\/wp-content\/uploads\/2020\/06\/ecochar-86.jpg?resize=300%2C200&amp;ssl=1 300w, https:\/\/i0.wp.com\/www.altimara.eu\/blog\/wp-content\/uploads\/2020\/06\/ecochar-86.jpg?resize=1024%2C683&amp;ssl=1 1024w, https:\/\/i0.wp.com\/www.altimara.eu\/blog\/wp-content\/uploads\/2020\/06\/ecochar-86.jpg?resize=768%2C512&amp;ssl=1 768w, https:\/\/i0.wp.com\/www.altimara.eu\/blog\/wp-content\/uploads\/2020\/06\/ecochar-86.jpg?w=1254&amp;ssl=1 1254w\" sizes=\"auto, (max-width: 627px) 100vw, 627px\" \/><figcaption>Un bonheur partag\u00e9 malgr\u00e9 la pluie !<\/figcaption><\/figure>\n\n\n\n<div class=\"wp-block-image\"><figure class=\"aligncenter size-large\"><img data-recalc-dims=\"1\" loading=\"lazy\" decoding=\"async\" width=\"288\" height=\"454\" data-attachment-id=\"3395\" data-permalink=\"https:\/\/www.altimara.eu\/blog\/2020\/06\/18\/premiere-vente-ecochar\/capture-decran-2020-06-18-a-17-17-45\/\" data-orig-file=\"https:\/\/i0.wp.com\/www.altimara.eu\/blog\/wp-content\/uploads\/2020\/06\/Capture-d%E2%80%99e%CC%81cran-2020-06-18-a%CC%80-17.17.45.png?fit=288%2C454&amp;ssl=1\" data-orig-size=\"288,454\" data-comments-opened=\"1\" data-image-meta=\"{&quot;aperture&quot;:&quot;0&quot;,&quot;credit&quot;:&quot;&quot;,&quot;camera&quot;:&quot;&quot;,&quot;caption&quot;:&quot;&quot;,&quot;created_timestamp&quot;:&quot;0&quot;,&quot;copyright&quot;:&quot;&quot;,&quot;focal_length&quot;:&quot;0&quot;,&quot;iso&quot;:&quot;0&quot;,&quot;shutter_speed&quot;:&quot;0&quot;,&quot;title&quot;:&quot;&quot;,&quot;orientation&quot;:&quot;0&quot;}\" data-image-title=\"Capture-d\u2019e\u0301cran-2020-06-18-a\u0300-17.17.45\" data-image-description=\"\" data-image-caption=\"\" data-large-file=\"https:\/\/i0.wp.com\/www.altimara.eu\/blog\/wp-content\/uploads\/2020\/06\/Capture-d%E2%80%99e%CC%81cran-2020-06-18-a%CC%80-17.17.45.png?fit=288%2C454&amp;ssl=1\" src=\"https:\/\/i0.wp.com\/www.altimara.eu\/blog\/wp-content\/uploads\/2020\/06\/Capture-d%E2%80%99e%CC%81cran-2020-06-18-a%CC%80-17.17.45.png?resize=288%2C454&#038;ssl=1\" alt=\"\" class=\"wp-image-3395\" srcset=\"https:\/\/i0.wp.com\/www.altimara.eu\/blog\/wp-content\/uploads\/2020\/06\/Capture-d%E2%80%99e%CC%81cran-2020-06-18-a%CC%80-17.17.45.png?w=288&amp;ssl=1 288w, https:\/\/i0.wp.com\/www.altimara.eu\/blog\/wp-content\/uploads\/2020\/06\/Capture-d%E2%80%99e%CC%81cran-2020-06-18-a%CC%80-17.17.45.png?resize=190%2C300&amp;ssl=1 190w\" sizes=\"auto, (max-width: 288px) 100vw, 288px\" \/><\/figure><\/div>\n\n\n\n<figure class=\"wp-block-image size-large\"><img loading=\"lazy\" decoding=\"async\" width=\"1400\" height=\"934\" data-attachment-id=\"3388\" data-permalink=\"https:\/\/www.altimara.eu\/blog\/2020\/06\/18\/premiere-vente-ecochar\/charbonniere-des-garrigues-violette-9\/\" data-orig-file=\"https:\/\/i0.wp.com\/www.altimara.eu\/blog\/wp-content\/uploads\/2020\/06\/ecochar-94.jpg?fit=1400%2C934&amp;ssl=1\" data-orig-size=\"1400,934\" data-comments-opened=\"1\" data-image-meta=\"{&quot;aperture&quot;:&quot;11&quot;,&quot;credit&quot;:&quot;Martial Acquarone&quot;,&quot;camera&quot;:&quot;NIKON D800&quot;,&quot;caption&quot;:&quot;&quot;,&quot;created_timestamp&quot;:&quot;1591613887&quot;,&quot;copyright&quot;:&quot;CC Commun Licence&quot;,&quot;focal_length&quot;:&quot;70&quot;,&quot;iso&quot;:&quot;640&quot;,&quot;shutter_speed&quot;:&quot;0.0008&quot;,&quot;title&quot;:&quot;charbonni\\u00e8re des garrigues, Violette&quot;,&quot;orientation&quot;:&quot;0&quot;}\" data-image-title=\"charbonni\u00e8re des garrigues, Violette\" data-image-description=\"\" data-image-caption=\"&lt;p&gt;Cuissons charbon v\u00e9g\u00e9tal&lt;\/p&gt;\n\" data-large-file=\"https:\/\/i0.wp.com\/www.altimara.eu\/blog\/wp-content\/uploads\/2020\/06\/ecochar-94.jpg?fit=627%2C418&amp;ssl=1\" src=\"https:\/\/i1.wp.com\/www.altimara.eu\/blog\/wp-content\/uploads\/2020\/06\/ecochar-94.jpg?fit=627%2C418&amp;ssl=1\" alt=\"\" class=\"wp-image-3388\" srcset=\"https:\/\/i0.wp.com\/www.altimara.eu\/blog\/wp-content\/uploads\/2020\/06\/ecochar-94.jpg?w=1400&amp;ssl=1 1400w, https:\/\/i0.wp.com\/www.altimara.eu\/blog\/wp-content\/uploads\/2020\/06\/ecochar-94.jpg?resize=300%2C200&amp;ssl=1 300w, https:\/\/i0.wp.com\/www.altimara.eu\/blog\/wp-content\/uploads\/2020\/06\/ecochar-94.jpg?resize=1024%2C683&amp;ssl=1 1024w, https:\/\/i0.wp.com\/www.altimara.eu\/blog\/wp-content\/uploads\/2020\/06\/ecochar-94.jpg?resize=768%2C512&amp;ssl=1 768w, https:\/\/i0.wp.com\/www.altimara.eu\/blog\/wp-content\/uploads\/2020\/06\/ecochar-94.jpg?w=1254&amp;ssl=1 1254w\" sizes=\"auto, (max-width: 627px) 100vw, 627px\" \/><figcaption>Deux charbonniers \u00e7a charbonne !<\/figcaption><\/figure>\n\n\n\n<figure class=\"wp-block-image size-large\"><img loading=\"lazy\" decoding=\"async\" width=\"1400\" height=\"808\" data-attachment-id=\"3389\" data-permalink=\"https:\/\/www.altimara.eu\/blog\/2020\/06\/18\/premiere-vente-ecochar\/charbonniere-des-garrigues-violette-10\/\" data-orig-file=\"https:\/\/i0.wp.com\/www.altimara.eu\/blog\/wp-content\/uploads\/2020\/06\/ecochar.jpg?fit=1400%2C808&amp;ssl=1\" data-orig-size=\"1400,808\" data-comments-opened=\"1\" data-image-meta=\"{&quot;aperture&quot;:&quot;2&quot;,&quot;credit&quot;:&quot;Martial Acquarone&quot;,&quot;camera&quot;:&quot;MotoG3&quot;,&quot;caption&quot;:&quot;&quot;,&quot;created_timestamp&quot;:&quot;1591789986&quot;,&quot;copyright&quot;:&quot;CC Commun Licence&quot;,&quot;focal_length&quot;:&quot;3.64&quot;,&quot;iso&quot;:&quot;50&quot;,&quot;shutter_speed&quot;:&quot;0.001&quot;,&quot;title&quot;:&quot;charbonni\\u00e8re des garrigues, Violette&quot;,&quot;orientation&quot;:&quot;0&quot;}\" data-image-title=\"charbonni\u00e8re des garrigues, Violette\" data-image-description=\"\" data-image-caption=\"\" data-large-file=\"https:\/\/i0.wp.com\/www.altimara.eu\/blog\/wp-content\/uploads\/2020\/06\/ecochar.jpg?fit=627%2C362&amp;ssl=1\" src=\"https:\/\/i2.wp.com\/www.altimara.eu\/blog\/wp-content\/uploads\/2020\/06\/ecochar.jpg?fit=627%2C362&amp;ssl=1\" alt=\"\" class=\"wp-image-3389\" srcset=\"https:\/\/i0.wp.com\/www.altimara.eu\/blog\/wp-content\/uploads\/2020\/06\/ecochar.jpg?w=1400&amp;ssl=1 1400w, https:\/\/i0.wp.com\/www.altimara.eu\/blog\/wp-content\/uploads\/2020\/06\/ecochar.jpg?resize=300%2C173&amp;ssl=1 300w, https:\/\/i0.wp.com\/www.altimara.eu\/blog\/wp-content\/uploads\/2020\/06\/ecochar.jpg?resize=1024%2C591&amp;ssl=1 1024w, https:\/\/i0.wp.com\/www.altimara.eu\/blog\/wp-content\/uploads\/2020\/06\/ecochar.jpg?resize=768%2C443&amp;ssl=1 768w, https:\/\/i0.wp.com\/www.altimara.eu\/blog\/wp-content\/uploads\/2020\/06\/ecochar.jpg?w=1254&amp;ssl=1 1254w\" sizes=\"auto, (max-width: 627px) 100vw, 627px\" \/><figcaption>Ou \u00e7a se racontent des histoires de charbonniers !<\/figcaption><\/figure>\n\n\n\n<p>Jean nous accueillera le 2 octobre dans son mazet pour sa charbonni\u00e8re traditionnelle.<\/p>\n","protected":false},"excerpt":{"rendered":"<p>Suite \u00e0 deux semaines de cuissons d&rsquo;\u00e9cochar dans nos fours, nous avons pu r\u00e9aliser notre premi\u00e8re vente d&rsquo;\u00e9cochar. Tous les jeudis, K\u00e9vin et sa compagne, dans son domaine du Jardin de Fontan\u00e8s, ouvrent la vente de sa production de l\u00e9gumes et fruits. J&rsquo;y ai install\u00e9 un stand avec une vingtaine de sacs de 20 \u00e9cochars [&hellip;]<\/p>\n","protected":false},"author":3,"featured_media":0,"comment_status":"open","ping_status":"open","sticky":false,"template":"","format":"standard","meta":{"ngg_post_thumbnail":0,"jetpack_post_was_ever_published":false,"_jetpack_newsletter_access":"","_jetpack_dont_email_post_to_subs":false,"_jetpack_newsletter_tier_id":0,"_jetpack_memberships_contains_paywalled_content":false,"_jetpack_memberships_contains_paid_content":false,"footnotes":"","jetpack_publicize_message":"","jetpack_publicize_feature_enabled":true,"jetpack_social_post_already_shared":true,"jetpack_social_options":{"image_generator_settings":{"template":"highway","default_image_id":0,"font":"","enabled":false},"version":2}},"categories":[86,110],"tags":[91,151],"class_list":["post-3385","post","type-post","status-publish","format-standard","hentry","category-charbon-vegetal","category-ecochar","tag-charbon-vegetal","tag-ecochar-2"],"jetpack_publicize_connections":[],"jetpack_featured_media_url":"","jetpack_shortlink":"https:\/\/wp.me\/p4r91c-SB","jetpack_sharing_enabled":true,"jetpack-related-posts":[{"id":3371,"url":"https:\/\/www.altimara.eu\/blog\/2020\/06\/05\/re-ouverture\/","url_meta":{"origin":3385,"position":0},"title":"R\u00e9-ouverture !!","author":"Martiou","date":"5 juin 2020","format":false,"excerpt":"Les mus\u00e9es et les bars ouvrent, \u00e7a d\u00e9confine, moi je carbonise !! Le site de carbonisation d'\u00e9cochar au Jardin de Fontan\u00e8s a bien \u00e9volu\u00e9. La construction d'un grand s\u00e9choir des v\u00e9g\u00e9taux permet maintenant de stocker les d\u00e9chets verts avant leur carbonisation. Cette semaine et jusqu'au 15 juin, je r\u00e9alise en\u2026","rel":"","context":"Dans &quot;Charbon v\u00e9g\u00e9tal&quot;","block_context":{"text":"Charbon v\u00e9g\u00e9tal","link":"https:\/\/www.altimara.eu\/blog\/category\/charbon-vegetal\/"},"img":{"alt_text":"","src":"https:\/\/i0.wp.com\/www.altimara.eu\/blog\/wp-content\/uploads\/2020\/06\/400-e%CC%81cochar.png?resize=350%2C200&ssl=1","width":350,"height":200,"srcset":"https:\/\/i0.wp.com\/www.altimara.eu\/blog\/wp-content\/uploads\/2020\/06\/400-e%CC%81cochar.png?resize=350%2C200&ssl=1 1x, https:\/\/i0.wp.com\/www.altimara.eu\/blog\/wp-content\/uploads\/2020\/06\/400-e%CC%81cochar.png?resize=525%2C300&ssl=1 1.5x"},"classes":[]},{"id":3445,"url":"https:\/\/www.altimara.eu\/blog\/2020\/09\/08\/biochar-2\/","url_meta":{"origin":3385,"position":1},"title":"Biochar","author":"Martiou","date":"8 septembre 2020","format":false,"excerpt":"Kevin, le maraicher BIO du Jardin de Fontan\u00e8s, est tr\u00e8s int\u00e9ress\u00e9 par l'ajout de biochar pour ses cultures. C'est dans ce jardin que nous avons install\u00e9 nos fours gazog\u00e8nes. Jusqu'\u00e0 maintenant nous transformions notre charbon v\u00e9g\u00e9tal en \u00e9cochar, les galettes pour la cuisson. La production de biochar s'inscrit dans la\u2026","rel":"","context":"Dans &quot;biochar&quot;","block_context":{"text":"biochar","link":"https:\/\/www.altimara.eu\/blog\/category\/charbon-vegetal\/biochar\/"},"img":{"alt_text":"biochar","src":"https:\/\/i0.wp.com\/www.altimara.eu\/blog\/wp-content\/uploads\/2020\/09\/IMG_20200908_111647-2.jpg?resize=350%2C200&ssl=1","width":350,"height":200,"srcset":"https:\/\/i0.wp.com\/www.altimara.eu\/blog\/wp-content\/uploads\/2020\/09\/IMG_20200908_111647-2.jpg?resize=350%2C200&ssl=1 1x, https:\/\/i0.wp.com\/www.altimara.eu\/blog\/wp-content\/uploads\/2020\/09\/IMG_20200908_111647-2.jpg?resize=525%2C300&ssl=1 1.5x, https:\/\/i0.wp.com\/www.altimara.eu\/blog\/wp-content\/uploads\/2020\/09\/IMG_20200908_111647-2.jpg?resize=700%2C400&ssl=1 2x, https:\/\/i0.wp.com\/www.altimara.eu\/blog\/wp-content\/uploads\/2020\/09\/IMG_20200908_111647-2.jpg?resize=1050%2C600&ssl=1 3x, https:\/\/i0.wp.com\/www.altimara.eu\/blog\/wp-content\/uploads\/2020\/09\/IMG_20200908_111647-2.jpg?resize=1400%2C800&ssl=1 4x"},"classes":[]},{"id":2441,"url":"https:\/\/www.altimara.eu\/blog\/2017\/08\/27\/ecochar-congo\/","url_meta":{"origin":3385,"position":2},"title":"\u00c9cochar Congo","author":"Martiou","date":"27 ao\u00fbt 2017","format":false,"excerpt":"Un nouveau lieu de fabrication de briquettes de charbon, l'\u00e9cochar, \u00e0 Kinshasa au Congo. Une \u00e9quipe est en train de se former et une cuisson exp\u00e9rimentale a d\u00e9j\u00e0 eu lieu. Le charbon v\u00e9g\u00e9tal c'est comme le bon alcool, il faut le faire dans un tonneau. Sauf que celui l\u00e0 est\u2026","rel":"","context":"Dans &quot;Charbon v\u00e9g\u00e9tal&quot;","block_context":{"text":"Charbon v\u00e9g\u00e9tal","link":"https:\/\/www.altimara.eu\/blog\/category\/charbon-vegetal\/"},"img":{"alt_text":"","src":"https:\/\/i0.wp.com\/www.altimara.eu\/blog\/wp-content\/uploads\/2017\/08\/received_547693098895773-225x300.jpg?resize=350%2C200","width":350,"height":200},"classes":[]},{"id":2153,"url":"https:\/\/www.altimara.eu\/blog\/2016\/12\/19\/ecochar\/","url_meta":{"origin":3385,"position":3},"title":"\u00c9cochar","author":"Martiou","date":"19 d\u00e9cembre 2016","format":false,"excerpt":"Les galettes de charbon v\u00e9g\u00e9tal reconstitu\u00e9es ont un nom de code: \u00e9cochar. Ce proc\u00e9d\u00e9 qui consiste a agglom\u00e9rer de la poudre de restes de v\u00e9g\u00e9taux carbonis\u00e9 (feuilles, brindilles et autres laiss\u00e9s de coupes) donne des galettes ou briquettes de charbon. \u00a0 Avec l'ONG COOPDEA, je travaille comme conseiller technique pour\u2026","rel":"","context":"Dans &quot;Charbon v\u00e9g\u00e9tal&quot;","block_context":{"text":"Charbon v\u00e9g\u00e9tal","link":"https:\/\/www.altimara.eu\/blog\/category\/charbon-vegetal\/"},"img":{"alt_text":"","src":"https:\/\/i0.wp.com\/www.altimara.eu\/blog\/wp-content\/uploads\/2016\/12\/MAR1464.jpg?resize=350%2C200","width":350,"height":200,"srcset":"https:\/\/i0.wp.com\/www.altimara.eu\/blog\/wp-content\/uploads\/2016\/12\/MAR1464.jpg?resize=350%2C200 1x, https:\/\/i0.wp.com\/www.altimara.eu\/blog\/wp-content\/uploads\/2016\/12\/MAR1464.jpg?resize=525%2C300 1.5x, https:\/\/i0.wp.com\/www.altimara.eu\/blog\/wp-content\/uploads\/2016\/12\/MAR1464.jpg?resize=700%2C400 2x"},"classes":[]},{"id":3280,"url":"https:\/\/www.altimara.eu\/blog\/2020\/02\/08\/ecochar-4\/","url_meta":{"origin":3385,"position":4},"title":"\u00c9cochar","author":"Martiou","date":"8 f\u00e9vrier 2020","format":false,"excerpt":"La production de briquettes de charbon, dites \u00e9cochar, \u00e0 partir de sous produits v\u00e9g\u00e9taux doit \u00eatre consid\u00e9r\u00e9e comme une alternative \u00e9cologique. Un charbon \u00e9colo Notre action premi\u00e8re a \u00e9t\u00e9 de nous int\u00e9resser aux probl\u00e9matiques de l'acc\u00e8s \u00e0 une \u00e9nergie domestique pour les populations vuln\u00e9rables qui utilisent quotidiennement du charbon de\u2026","rel":"","context":"Dans &quot;Charbon v\u00e9g\u00e9tal&quot;","block_context":{"text":"Charbon v\u00e9g\u00e9tal","link":"https:\/\/www.altimara.eu\/blog\/category\/charbon-vegetal\/"},"img":{"alt_text":"","src":"https:\/\/i0.wp.com\/www.altimara.eu\/blog\/wp-content\/uploads\/2020\/02\/DSCF1768-2.jpg?resize=350%2C200&ssl=1","width":350,"height":200,"srcset":"https:\/\/i0.wp.com\/www.altimara.eu\/blog\/wp-content\/uploads\/2020\/02\/DSCF1768-2.jpg?resize=350%2C200&ssl=1 1x, https:\/\/i0.wp.com\/www.altimara.eu\/blog\/wp-content\/uploads\/2020\/02\/DSCF1768-2.jpg?resize=525%2C300&ssl=1 1.5x, https:\/\/i0.wp.com\/www.altimara.eu\/blog\/wp-content\/uploads\/2020\/02\/DSCF1768-2.jpg?resize=700%2C400&ssl=1 2x"},"classes":[]},{"id":2394,"url":"https:\/\/www.altimara.eu\/blog\/2017\/08\/04\/ecochar-guinee-cest-parti\/","url_meta":{"origin":3385,"position":5},"title":"\u00c9cochar Guin\u00e9e c&rsquo;est parti","author":"Martiou","date":"4 ao\u00fbt 2017","format":false,"excerpt":"Beau travail \u00e0 Macenta, dans l'est de la Guin\u00e9e Conakry, o\u00f9 mon fils Antonin a rejoint le groupe de travail \u00e9cochar. Le syst\u00e8me du four \u00e0 r\u00e9cup\u00e9ration des gaz a \u00e9t\u00e9 rapidement remani\u00e9 avec plusieurs am\u00e9liorations. Doublage du grand tonneau, avec une t\u00f4le \u00e0 l'int\u00e9rieur o\u00f9 le vide laiss\u00e9 et\u2026","rel":"","context":"Dans &quot;Charbon v\u00e9g\u00e9tal&quot;","block_context":{"text":"Charbon v\u00e9g\u00e9tal","link":"https:\/\/www.altimara.eu\/blog\/category\/charbon-vegetal\/"},"img":{"alt_text":"","src":"https:\/\/i0.wp.com\/www.altimara.eu\/blog\/wp-content\/uploads\/2017\/08\/received_535668743431542-1024x768.jpeg?resize=350%2C200","width":350,"height":200,"srcset":"https:\/\/i0.wp.com\/www.altimara.eu\/blog\/wp-content\/uploads\/2017\/08\/received_535668743431542-1024x768.jpeg?resize=350%2C200 1x, https:\/\/i0.wp.com\/www.altimara.eu\/blog\/wp-content\/uploads\/2017\/08\/received_535668743431542-1024x768.jpeg?resize=525%2C300 1.5x"},"classes":[]}],"_links":{"self":[{"href":"https:\/\/www.altimara.eu\/blog\/wp-json\/wp\/v2\/posts\/3385","targetHints":{"allow":["GET"]}}],"collection":[{"href":"https:\/\/www.altimara.eu\/blog\/wp-json\/wp\/v2\/posts"}],"about":[{"href":"https:\/\/www.altimara.eu\/blog\/wp-json\/wp\/v2\/types\/post"}],"author":[{"embeddable":true,"href":"https:\/\/www.altimara.eu\/blog\/wp-json\/wp\/v2\/users\/3"}],"replies":[{"embeddable":true,"href":"https:\/\/www.altimara.eu\/blog\/wp-json\/wp\/v2\/comments?post=3385"}],"version-history":[{"count":0,"href":"https:\/\/www.altimara.eu\/blog\/wp-json\/wp\/v2\/posts\/3385\/revisions"}],"wp:attachment":[{"href":"https:\/\/www.altimara.eu\/blog\/wp-json\/wp\/v2\/media?parent=3385"}],"wp:term":[{"taxonomy":"category","embeddable":true,"href":"https:\/\/www.altimara.eu\/blog\/wp-json\/wp\/v2\/categories?post=3385"},{"taxonomy":"post_tag","embeddable":true,"href":"https:\/\/www.altimara.eu\/blog\/wp-json\/wp\/v2\/tags?post=3385"}],"curies":[{"name":"wp","href":"https:\/\/api.w.org\/{rel}","templated":true}]}}