{"id":3371,"date":"2020-06-05T21:18:15","date_gmt":"2020-06-05T20:18:15","guid":{"rendered":"https:\/\/www.altimara.eu\/blog\/?p=3371"},"modified":"2020-06-05T21:20:40","modified_gmt":"2020-06-05T20:20:40","slug":"re-ouverture","status":"publish","type":"post","link":"https:\/\/www.altimara.eu\/blog\/2020\/06\/05\/re-ouverture\/","title":{"rendered":"R\u00e9-ouverture !!"},"content":{"rendered":"\n<p><img data-recalc-dims=\"1\" decoding=\"async\" data-attachment-id=\"3204\" data-permalink=\"https:\/\/www.altimara.eu\/blog\/2019\/10\/28\/ca-fume-xxl\/sigle-c1\/\" data-orig-file=\"https:\/\/i0.wp.com\/www.altimara.eu\/blog\/wp-content\/uploads\/2019\/10\/sigle-C1-e1592488750446.jpg?fit=200%2C200&amp;ssl=1\" data-orig-size=\"200,200\" data-comments-opened=\"1\" data-image-meta=\"{&quot;aperture&quot;:&quot;0&quot;,&quot;credit&quot;:&quot;&quot;,&quot;camera&quot;:&quot;&quot;,&quot;caption&quot;:&quot;&quot;,&quot;created_timestamp&quot;:&quot;0&quot;,&quot;copyright&quot;:&quot;&quot;,&quot;focal_length&quot;:&quot;0&quot;,&quot;iso&quot;:&quot;0&quot;,&quot;shutter_speed&quot;:&quot;0&quot;,&quot;title&quot;:&quot;&quot;,&quot;orientation&quot;:&quot;0&quot;}\" data-image-title=\"sigle C1\" data-image-description=\"\" data-image-caption=\"\" data-large-file=\"https:\/\/i0.wp.com\/www.altimara.eu\/blog\/wp-content\/uploads\/2019\/10\/sigle-C1-e1592488750446.jpg?fit=200%2C200&amp;ssl=1\" class=\"wp-image-3204\" style=\"width: 81px;\" src=\"https:\/\/i0.wp.com\/www.altimara.eu\/blog\/wp-content\/uploads\/2019\/10\/sigle-C1.jpg?w=627&#038;ssl=1\" alt=\"\">  Les mus\u00e9es et les bars ouvrent, \u00e7a d\u00e9confine, moi je carbonise !! Le site de carbonisation d&rsquo;\u00e9cochar au Jardin de Fontan\u00e8s a bien \u00e9volu\u00e9. La construction d&rsquo;un grand s\u00e9choir des v\u00e9g\u00e9taux permet maintenant de stocker les d\u00e9chets verts avant leur carbonisation. <\/p>\n\n\n\n<figure class=\"wp-block-image size-large\"><img loading=\"lazy\" decoding=\"async\" width=\"1400\" height=\"788\" data-attachment-id=\"3377\" data-permalink=\"https:\/\/www.altimara.eu\/blog\/2020\/06\/05\/re-ouverture\/charbonniere-des-garrigues-violette-4\/\" data-orig-file=\"https:\/\/i0.wp.com\/www.altimara.eu\/blog\/wp-content\/uploads\/2020\/06\/IMG_20200527_141422015_HDR.jpg?fit=1400%2C788&amp;ssl=1\" data-orig-size=\"1400,788\" data-comments-opened=\"1\" data-image-meta=\"{&quot;aperture&quot;:&quot;2&quot;,&quot;credit&quot;:&quot;&quot;,&quot;camera&quot;:&quot;MotoG3&quot;,&quot;caption&quot;:&quot;&quot;,&quot;created_timestamp&quot;:&quot;1590588862&quot;,&quot;copyright&quot;:&quot;CC Commun Licence&quot;,&quot;focal_length&quot;:&quot;3.64&quot;,&quot;iso&quot;:&quot;50&quot;,&quot;shutter_speed&quot;:&quot;0.002&quot;,&quot;title&quot;:&quot;charbonni\\u00e8re des garrigues, Violette&quot;,&quot;orientation&quot;:&quot;0&quot;}\" data-image-title=\"charbonni\u00e8re des garrigues, Violette\" data-image-description=\"\" data-image-caption=\"\" data-large-file=\"https:\/\/i0.wp.com\/www.altimara.eu\/blog\/wp-content\/uploads\/2020\/06\/IMG_20200527_141422015_HDR.jpg?fit=627%2C353&amp;ssl=1\" src=\"https:\/\/i1.wp.com\/www.altimara.eu\/blog\/wp-content\/uploads\/2020\/06\/IMG_20200527_141422015_HDR.jpg?fit=627%2C353&amp;ssl=1\" alt=\"\" class=\"wp-image-3377\" srcset=\"https:\/\/i0.wp.com\/www.altimara.eu\/blog\/wp-content\/uploads\/2020\/06\/IMG_20200527_141422015_HDR.jpg?w=1400&amp;ssl=1 1400w, https:\/\/i0.wp.com\/www.altimara.eu\/blog\/wp-content\/uploads\/2020\/06\/IMG_20200527_141422015_HDR.jpg?resize=300%2C169&amp;ssl=1 300w, https:\/\/i0.wp.com\/www.altimara.eu\/blog\/wp-content\/uploads\/2020\/06\/IMG_20200527_141422015_HDR.jpg?resize=1024%2C576&amp;ssl=1 1024w, https:\/\/i0.wp.com\/www.altimara.eu\/blog\/wp-content\/uploads\/2020\/06\/IMG_20200527_141422015_HDR.jpg?resize=768%2C432&amp;ssl=1 768w, https:\/\/i0.wp.com\/www.altimara.eu\/blog\/wp-content\/uploads\/2020\/06\/IMG_20200527_141422015_HDR.jpg?w=1254&amp;ssl=1 1254w\" sizes=\"auto, (max-width: 627px) 100vw, 627px\" \/><\/figure>\n\n\n\n<p>Cette semaine et jusqu&rsquo;au 15 juin, je r\u00e9alise en parall\u00e8le des cuissons dans le grand four et dans le four de d\u00e9monstration.<\/p>\n\n\n\n<figure class=\"wp-block-image size-large\"><img loading=\"lazy\" decoding=\"async\" width=\"1400\" height=\"788\" data-attachment-id=\"3378\" data-permalink=\"https:\/\/www.altimara.eu\/blog\/2020\/06\/05\/re-ouverture\/charbonniere-des-garrigues-violette-5\/\" data-orig-file=\"https:\/\/i0.wp.com\/www.altimara.eu\/blog\/wp-content\/uploads\/2020\/06\/IMG_20200603_173051526.jpg?fit=1400%2C788&amp;ssl=1\" data-orig-size=\"1400,788\" data-comments-opened=\"1\" data-image-meta=\"{&quot;aperture&quot;:&quot;2&quot;,&quot;credit&quot;:&quot;&quot;,&quot;camera&quot;:&quot;MotoG3&quot;,&quot;caption&quot;:&quot;&quot;,&quot;created_timestamp&quot;:&quot;1591205451&quot;,&quot;copyright&quot;:&quot;CC Commun Licence&quot;,&quot;focal_length&quot;:&quot;3.64&quot;,&quot;iso&quot;:&quot;50&quot;,&quot;shutter_speed&quot;:&quot;0.001&quot;,&quot;title&quot;:&quot;charbonni\\u00e8re des garrigues, Violette&quot;,&quot;orientation&quot;:&quot;0&quot;}\" data-image-title=\"charbonni\u00e8re des garrigues, Violette\" data-image-description=\"\" data-image-caption=\"\" data-large-file=\"https:\/\/i0.wp.com\/www.altimara.eu\/blog\/wp-content\/uploads\/2020\/06\/IMG_20200603_173051526.jpg?fit=627%2C353&amp;ssl=1\" src=\"https:\/\/i0.wp.com\/www.altimara.eu\/blog\/wp-content\/uploads\/2020\/06\/IMG_20200603_173051526.jpg?fit=627%2C353&amp;ssl=1\" alt=\"\" class=\"wp-image-3378\" srcset=\"https:\/\/i0.wp.com\/www.altimara.eu\/blog\/wp-content\/uploads\/2020\/06\/IMG_20200603_173051526.jpg?w=1400&amp;ssl=1 1400w, https:\/\/i0.wp.com\/www.altimara.eu\/blog\/wp-content\/uploads\/2020\/06\/IMG_20200603_173051526.jpg?resize=300%2C169&amp;ssl=1 300w, https:\/\/i0.wp.com\/www.altimara.eu\/blog\/wp-content\/uploads\/2020\/06\/IMG_20200603_173051526.jpg?resize=1024%2C576&amp;ssl=1 1024w, https:\/\/i0.wp.com\/www.altimara.eu\/blog\/wp-content\/uploads\/2020\/06\/IMG_20200603_173051526.jpg?resize=768%2C432&amp;ssl=1 768w, https:\/\/i0.wp.com\/www.altimara.eu\/blog\/wp-content\/uploads\/2020\/06\/IMG_20200603_173051526.jpg?w=1254&amp;ssl=1 1254w\" sizes=\"auto, (max-width: 627px) 100vw, 627px\" \/><figcaption>Il est pas beau avec sa nouvelle chemin\u00e9e !!<\/figcaption><\/figure>\n\n\n\n<p>Et parfois cela donne de tr\u00e8s belles compositions : <\/p>\n\n\n\n<figure class=\"wp-block-image size-large\"><img loading=\"lazy\" decoding=\"async\" width=\"1400\" height=\"788\" data-attachment-id=\"3374\" data-permalink=\"https:\/\/www.altimara.eu\/blog\/2020\/06\/05\/re-ouverture\/charbonniere-des-garrigues-violette\/\" data-orig-file=\"https:\/\/i0.wp.com\/www.altimara.eu\/blog\/wp-content\/uploads\/2020\/06\/IMG_20200604_154522582-2.jpg?fit=1400%2C788&amp;ssl=1\" data-orig-size=\"1400,788\" data-comments-opened=\"1\" data-image-meta=\"{&quot;aperture&quot;:&quot;2&quot;,&quot;credit&quot;:&quot;&quot;,&quot;camera&quot;:&quot;MotoG3&quot;,&quot;caption&quot;:&quot;&quot;,&quot;created_timestamp&quot;:&quot;1591285522&quot;,&quot;copyright&quot;:&quot;CC Commun Licence&quot;,&quot;focal_length&quot;:&quot;3.64&quot;,&quot;iso&quot;:&quot;80&quot;,&quot;shutter_speed&quot;:&quot;0.01&quot;,&quot;title&quot;:&quot;charbonni\\u00e8re des garrigues, Violette&quot;,&quot;orientation&quot;:&quot;0&quot;}\" data-image-title=\"charbonni\u00e8re des garrigues, Violette\" data-image-description=\"\" data-image-caption=\"\" data-large-file=\"https:\/\/i0.wp.com\/www.altimara.eu\/blog\/wp-content\/uploads\/2020\/06\/IMG_20200604_154522582-2.jpg?fit=627%2C353&amp;ssl=1\" src=\"https:\/\/i2.wp.com\/www.altimara.eu\/blog\/wp-content\/uploads\/2020\/06\/IMG_20200604_154522582-2.jpg?fit=627%2C353&amp;ssl=1\" alt=\"\" class=\"wp-image-3374\" srcset=\"https:\/\/i0.wp.com\/www.altimara.eu\/blog\/wp-content\/uploads\/2020\/06\/IMG_20200604_154522582-2.jpg?w=1400&amp;ssl=1 1400w, https:\/\/i0.wp.com\/www.altimara.eu\/blog\/wp-content\/uploads\/2020\/06\/IMG_20200604_154522582-2.jpg?resize=300%2C169&amp;ssl=1 300w, https:\/\/i0.wp.com\/www.altimara.eu\/blog\/wp-content\/uploads\/2020\/06\/IMG_20200604_154522582-2.jpg?resize=1024%2C576&amp;ssl=1 1024w, https:\/\/i0.wp.com\/www.altimara.eu\/blog\/wp-content\/uploads\/2020\/06\/IMG_20200604_154522582-2.jpg?resize=768%2C432&amp;ssl=1 768w, https:\/\/i0.wp.com\/www.altimara.eu\/blog\/wp-content\/uploads\/2020\/06\/IMG_20200604_154522582-2.jpg?w=1254&amp;ssl=1 1254w\" sizes=\"auto, (max-width: 627px) 100vw, 627px\" \/><\/figure>\n\n\n\n<figure class=\"wp-block-image size-large\"><img loading=\"lazy\" decoding=\"async\" width=\"1400\" height=\"788\" data-attachment-id=\"3375\" data-permalink=\"https:\/\/www.altimara.eu\/blog\/2020\/06\/05\/re-ouverture\/charbonniere-des-garrigues-violette-2\/\" data-orig-file=\"https:\/\/i0.wp.com\/www.altimara.eu\/blog\/wp-content\/uploads\/2020\/06\/IMG_20200604_140306079.jpg?fit=1400%2C788&amp;ssl=1\" data-orig-size=\"1400,788\" data-comments-opened=\"1\" data-image-meta=\"{&quot;aperture&quot;:&quot;2&quot;,&quot;credit&quot;:&quot;&quot;,&quot;camera&quot;:&quot;MotoG3&quot;,&quot;caption&quot;:&quot;&quot;,&quot;created_timestamp&quot;:&quot;1591279386&quot;,&quot;copyright&quot;:&quot;CC Commun Licence&quot;,&quot;focal_length&quot;:&quot;3.64&quot;,&quot;iso&quot;:&quot;50&quot;,&quot;shutter_speed&quot;:&quot;0.0033333333333333&quot;,&quot;title&quot;:&quot;charbonni\\u00e8re des garrigues, Violette&quot;,&quot;orientation&quot;:&quot;0&quot;}\" data-image-title=\"charbonni\u00e8re des garrigues, Violette\" data-image-description=\"\" data-image-caption=\"\" data-large-file=\"https:\/\/i0.wp.com\/www.altimara.eu\/blog\/wp-content\/uploads\/2020\/06\/IMG_20200604_140306079.jpg?fit=627%2C353&amp;ssl=1\" src=\"https:\/\/i1.wp.com\/www.altimara.eu\/blog\/wp-content\/uploads\/2020\/06\/IMG_20200604_140306079.jpg?fit=627%2C353&amp;ssl=1\" alt=\"\" class=\"wp-image-3375\" srcset=\"https:\/\/i0.wp.com\/www.altimara.eu\/blog\/wp-content\/uploads\/2020\/06\/IMG_20200604_140306079.jpg?w=1400&amp;ssl=1 1400w, https:\/\/i0.wp.com\/www.altimara.eu\/blog\/wp-content\/uploads\/2020\/06\/IMG_20200604_140306079.jpg?resize=300%2C169&amp;ssl=1 300w, https:\/\/i0.wp.com\/www.altimara.eu\/blog\/wp-content\/uploads\/2020\/06\/IMG_20200604_140306079.jpg?resize=1024%2C576&amp;ssl=1 1024w, https:\/\/i0.wp.com\/www.altimara.eu\/blog\/wp-content\/uploads\/2020\/06\/IMG_20200604_140306079.jpg?resize=768%2C432&amp;ssl=1 768w, https:\/\/i0.wp.com\/www.altimara.eu\/blog\/wp-content\/uploads\/2020\/06\/IMG_20200604_140306079.jpg?w=1254&amp;ssl=1 1254w\" sizes=\"auto, (max-width: 627px) 100vw, 627px\" \/><\/figure>\n\n\n\n<figure class=\"wp-block-image size-large\"><img loading=\"lazy\" decoding=\"async\" width=\"1400\" height=\"892\" data-attachment-id=\"3376\" data-permalink=\"https:\/\/www.altimara.eu\/blog\/2020\/06\/05\/re-ouverture\/charbonniere-des-garrigues-violette-3\/\" data-orig-file=\"https:\/\/i0.wp.com\/www.altimara.eu\/blog\/wp-content\/uploads\/2020\/06\/IMG_20200603_190726601.jpg?fit=1400%2C892&amp;ssl=1\" data-orig-size=\"1400,892\" data-comments-opened=\"1\" data-image-meta=\"{&quot;aperture&quot;:&quot;2&quot;,&quot;credit&quot;:&quot;&quot;,&quot;camera&quot;:&quot;MotoG3&quot;,&quot;caption&quot;:&quot;&quot;,&quot;created_timestamp&quot;:&quot;1591211246&quot;,&quot;copyright&quot;:&quot;CC Commun Licence&quot;,&quot;focal_length&quot;:&quot;3.64&quot;,&quot;iso&quot;:&quot;400&quot;,&quot;shutter_speed&quot;:&quot;0.028571428571429&quot;,&quot;title&quot;:&quot;charbonni\\u00e8re des garrigues, Violette&quot;,&quot;orientation&quot;:&quot;0&quot;}\" data-image-title=\"charbonni\u00e8re des garrigues, Violette\" data-image-description=\"\" data-image-caption=\"\" data-large-file=\"https:\/\/i0.wp.com\/www.altimara.eu\/blog\/wp-content\/uploads\/2020\/06\/IMG_20200603_190726601.jpg?fit=627%2C399&amp;ssl=1\" src=\"https:\/\/i1.wp.com\/www.altimara.eu\/blog\/wp-content\/uploads\/2020\/06\/IMG_20200603_190726601.jpg?fit=627%2C399&amp;ssl=1\" alt=\"\" class=\"wp-image-3376\" srcset=\"https:\/\/i0.wp.com\/www.altimara.eu\/blog\/wp-content\/uploads\/2020\/06\/IMG_20200603_190726601.jpg?w=1400&amp;ssl=1 1400w, https:\/\/i0.wp.com\/www.altimara.eu\/blog\/wp-content\/uploads\/2020\/06\/IMG_20200603_190726601.jpg?resize=300%2C191&amp;ssl=1 300w, https:\/\/i0.wp.com\/www.altimara.eu\/blog\/wp-content\/uploads\/2020\/06\/IMG_20200603_190726601.jpg?resize=1024%2C652&amp;ssl=1 1024w, https:\/\/i0.wp.com\/www.altimara.eu\/blog\/wp-content\/uploads\/2020\/06\/IMG_20200603_190726601.jpg?resize=768%2C489&amp;ssl=1 768w, https:\/\/i0.wp.com\/www.altimara.eu\/blog\/wp-content\/uploads\/2020\/06\/IMG_20200603_190726601.jpg?w=1254&amp;ssl=1 1254w\" sizes=\"auto, (max-width: 627px) 100vw, 627px\" \/><\/figure>\n\n\n\n<p><strong>Le Monde d&rsquo;Apr\u00e8s<\/strong>. C&rsquo;est parti pour la vente de galettes d&rsquo;\u00e9cochar, enfin des barbecues \u00e9cologiques au charbon v\u00e9g\u00e9tal et made d&rsquo;ici (circuit ultra court).<\/p>\n\n\n\n<figure class=\"wp-block-image size-large\"><img loading=\"lazy\" decoding=\"async\" width=\"1400\" height=\"912\" data-attachment-id=\"3379\" data-permalink=\"https:\/\/www.altimara.eu\/blog\/2020\/06\/05\/re-ouverture\/charbonniere-des-garrigues-violette-6\/\" data-orig-file=\"https:\/\/i0.wp.com\/www.altimara.eu\/blog\/wp-content\/uploads\/2020\/06\/IMG_20200530_212244098.jpg?fit=1400%2C912&amp;ssl=1\" data-orig-size=\"1400,912\" data-comments-opened=\"1\" data-image-meta=\"{&quot;aperture&quot;:&quot;2&quot;,&quot;credit&quot;:&quot;&quot;,&quot;camera&quot;:&quot;MotoG3&quot;,&quot;caption&quot;:&quot;&quot;,&quot;created_timestamp&quot;:&quot;1590873763&quot;,&quot;copyright&quot;:&quot;CC Commun Licence&quot;,&quot;focal_length&quot;:&quot;3.64&quot;,&quot;iso&quot;:&quot;500&quot;,&quot;shutter_speed&quot;:&quot;0.04&quot;,&quot;title&quot;:&quot;charbonni\\u00e8re des garrigues, Violette&quot;,&quot;orientation&quot;:&quot;0&quot;}\" data-image-title=\"charbonni\u00e8re des garrigues, Violette\" data-image-description=\"\" data-image-caption=\"\" data-large-file=\"https:\/\/i0.wp.com\/www.altimara.eu\/blog\/wp-content\/uploads\/2020\/06\/IMG_20200530_212244098.jpg?fit=627%2C408&amp;ssl=1\" src=\"https:\/\/i0.wp.com\/www.altimara.eu\/blog\/wp-content\/uploads\/2020\/06\/IMG_20200530_212244098.jpg?fit=627%2C408&amp;ssl=1\" alt=\"\" class=\"wp-image-3379\" srcset=\"https:\/\/i0.wp.com\/www.altimara.eu\/blog\/wp-content\/uploads\/2020\/06\/IMG_20200530_212244098.jpg?w=1400&amp;ssl=1 1400w, https:\/\/i0.wp.com\/www.altimara.eu\/blog\/wp-content\/uploads\/2020\/06\/IMG_20200530_212244098.jpg?resize=300%2C195&amp;ssl=1 300w, https:\/\/i0.wp.com\/www.altimara.eu\/blog\/wp-content\/uploads\/2020\/06\/IMG_20200530_212244098.jpg?resize=1024%2C667&amp;ssl=1 1024w, https:\/\/i0.wp.com\/www.altimara.eu\/blog\/wp-content\/uploads\/2020\/06\/IMG_20200530_212244098.jpg?resize=768%2C500&amp;ssl=1 768w, https:\/\/i0.wp.com\/www.altimara.eu\/blog\/wp-content\/uploads\/2020\/06\/IMG_20200530_212244098.jpg?w=1254&amp;ssl=1 1254w\" sizes=\"auto, (max-width: 627px) 100vw, 627px\" \/><\/figure>\n\n\n\n<figure class=\"wp-block-image size-large\"><img data-recalc-dims=\"1\" loading=\"lazy\" decoding=\"async\" width=\"558\" height=\"312\" data-attachment-id=\"3380\" data-permalink=\"https:\/\/www.altimara.eu\/blog\/2020\/06\/05\/re-ouverture\/400-ecochar\/\" data-orig-file=\"https:\/\/i0.wp.com\/www.altimara.eu\/blog\/wp-content\/uploads\/2020\/06\/400-e%CC%81cochar.png?fit=558%2C312&amp;ssl=1\" data-orig-size=\"558,312\" data-comments-opened=\"1\" data-image-meta=\"{&quot;aperture&quot;:&quot;0&quot;,&quot;credit&quot;:&quot;&quot;,&quot;camera&quot;:&quot;&quot;,&quot;caption&quot;:&quot;&quot;,&quot;created_timestamp&quot;:&quot;0&quot;,&quot;copyright&quot;:&quot;&quot;,&quot;focal_length&quot;:&quot;0&quot;,&quot;iso&quot;:&quot;0&quot;,&quot;shutter_speed&quot;:&quot;0&quot;,&quot;title&quot;:&quot;&quot;,&quot;orientation&quot;:&quot;0&quot;}\" data-image-title=\"400-e\u0301cochar\" data-image-description=\"\" data-image-caption=\"\" data-large-file=\"https:\/\/i0.wp.com\/www.altimara.eu\/blog\/wp-content\/uploads\/2020\/06\/400-e%CC%81cochar.png?fit=558%2C312&amp;ssl=1\" src=\"https:\/\/i0.wp.com\/www.altimara.eu\/blog\/wp-content\/uploads\/2020\/06\/400-e%CC%81cochar.png?resize=558%2C312&#038;ssl=1\" alt=\"\" class=\"wp-image-3380\" srcset=\"https:\/\/i0.wp.com\/www.altimara.eu\/blog\/wp-content\/uploads\/2020\/06\/400-e%CC%81cochar.png?w=558&amp;ssl=1 558w, https:\/\/i0.wp.com\/www.altimara.eu\/blog\/wp-content\/uploads\/2020\/06\/400-e%CC%81cochar.png?resize=300%2C168&amp;ssl=1 300w\" sizes=\"auto, (max-width: 558px) 100vw, 558px\" \/><figcaption>Ya de quoi cuire des merguez..ou des l\u00e9gumes. \u00c7&rsquo;est ok pour les v\u00e9gans !<\/figcaption><\/figure>\n","protected":false},"excerpt":{"rendered":"<p>Les mus\u00e9es et les bars ouvrent, \u00e7a d\u00e9confine, moi je carbonise !! Le site de carbonisation d&rsquo;\u00e9cochar au Jardin de Fontan\u00e8s a bien \u00e9volu\u00e9. La construction d&rsquo;un grand s\u00e9choir des v\u00e9g\u00e9taux permet maintenant de stocker les d\u00e9chets verts avant leur carbonisation. Cette semaine et jusqu&rsquo;au 15 juin, je r\u00e9alise en parall\u00e8le des cuissons dans le [&hellip;]<\/p>\n","protected":false},"author":3,"featured_media":0,"comment_status":"open","ping_status":"open","sticky":false,"template":"","format":"standard","meta":{"ngg_post_thumbnail":0,"jetpack_post_was_ever_published":false,"_jetpack_newsletter_access":"","_jetpack_dont_email_post_to_subs":false,"_jetpack_newsletter_tier_id":0,"_jetpack_memberships_contains_paywalled_content":false,"_jetpack_memberships_contains_paid_content":false,"footnotes":"","jetpack_publicize_message":"","jetpack_publicize_feature_enabled":true,"jetpack_social_post_already_shared":true,"jetpack_social_options":{"image_generator_settings":{"template":"highway","default_image_id":0,"font":"","enabled":false},"version":2}},"categories":[86,110,147,148],"tags":[93,91,151],"class_list":["post-3371","post","type-post","status-publish","format-standard","hentry","category-charbon-vegetal","category-ecochar","category-four-metalliques","category-humanitaire","tag-biochar","tag-charbon-vegetal","tag-ecochar-2"],"jetpack_publicize_connections":[],"jetpack_featured_media_url":"","jetpack_shortlink":"https:\/\/wp.me\/p4r91c-Sn","jetpack_sharing_enabled":true,"jetpack-related-posts":[{"id":3840,"url":"https:\/\/www.altimara.eu\/blog\/2022\/04\/20\/stage-ingenieurs\/","url_meta":{"origin":3371,"position":0},"title":"Stage ing\u00e9nieurs","author":"Martiou","date":"20 avril 2022","format":false,"excerpt":"Depuis plusieurs jours j'ai le plaisir d'accueillir deux stagiaires. Pierre et Thibault, en fin d'\u00e9tudes d'ing\u00e9nieurs \u00e0 l'\u00e9cole EPF, ont choisi l'ONG COOPDEA pour r\u00e9aliser leurs stages en entreprise. Ils vont partir au Togo pour mettre en place des unit\u00e9s de carbonisation de charbon v\u00e9g\u00e9tal. L'op\u00e9ration se d\u00e9roulera avec une\u2026","rel":"","context":"Dans &quot;biochar&quot;","block_context":{"text":"biochar","link":"https:\/\/www.altimara.eu\/blog\/category\/charbon-vegetal\/biochar\/"},"img":{"alt_text":"","src":"https:\/\/i0.wp.com\/www.altimara.eu\/blog\/wp-content\/uploads\/2022\/04\/IMG_20220404_115203.jpg?resize=350%2C200&ssl=1","width":350,"height":200,"srcset":"https:\/\/i0.wp.com\/www.altimara.eu\/blog\/wp-content\/uploads\/2022\/04\/IMG_20220404_115203.jpg?resize=350%2C200&ssl=1 1x, https:\/\/i0.wp.com\/www.altimara.eu\/blog\/wp-content\/uploads\/2022\/04\/IMG_20220404_115203.jpg?resize=525%2C300&ssl=1 1.5x, https:\/\/i0.wp.com\/www.altimara.eu\/blog\/wp-content\/uploads\/2022\/04\/IMG_20220404_115203.jpg?resize=700%2C400&ssl=1 2x, https:\/\/i0.wp.com\/www.altimara.eu\/blog\/wp-content\/uploads\/2022\/04\/IMG_20220404_115203.jpg?resize=1050%2C600&ssl=1 3x, https:\/\/i0.wp.com\/www.altimara.eu\/blog\/wp-content\/uploads\/2022\/04\/IMG_20220404_115203.jpg?resize=1400%2C800&ssl=1 4x"},"classes":[]},{"id":2809,"url":"https:\/\/www.altimara.eu\/blog\/2018\/07\/31\/ecochar-du-moyen-orient\/","url_meta":{"origin":3371,"position":1},"title":"\u00c9cochar du Moyen Orient","author":"Martiou","date":"31 juillet 2018","format":false,"excerpt":"En mission humanitaire au Kurdistan Irakien mon fils Antonin a d\u00e9velopp\u00e9 avec des Kurdes, un four de carbonisation v\u00e9g\u00e9tale. Le charbon de bois est peu utilis\u00e9 dans cette r\u00e9gion mais il peut \u00eatre une ressource pour les r\u00e9fugi\u00e9s tr\u00e8s nombreux. Les essais de carbonisation ont donn\u00e9 de bons r\u00e9sultats avec\u2026","rel":"","context":"Dans &quot;Charbon v\u00e9g\u00e9tal&quot;","block_context":{"text":"Charbon v\u00e9g\u00e9tal","link":"https:\/\/www.altimara.eu\/blog\/category\/charbon-vegetal\/"},"img":{"alt_text":"","src":"https:\/\/i0.wp.com\/www.altimara.eu\/blog\/wp-content\/uploads\/2018\/07\/firak4.jpeg?resize=350%2C200","width":350,"height":200,"srcset":"https:\/\/i0.wp.com\/www.altimara.eu\/blog\/wp-content\/uploads\/2018\/07\/firak4.jpeg?resize=350%2C200 1x, https:\/\/i0.wp.com\/www.altimara.eu\/blog\/wp-content\/uploads\/2018\/07\/firak4.jpeg?resize=525%2C300 1.5x, https:\/\/i0.wp.com\/www.altimara.eu\/blog\/wp-content\/uploads\/2018\/07\/firak4.jpeg?resize=700%2C400 2x, https:\/\/i0.wp.com\/www.altimara.eu\/blog\/wp-content\/uploads\/2018\/07\/firak4.jpeg?resize=1050%2C600 3x, https:\/\/i0.wp.com\/www.altimara.eu\/blog\/wp-content\/uploads\/2018\/07\/firak4.jpeg?resize=1400%2C800 4x"},"classes":[]},{"id":3169,"url":"https:\/\/www.altimara.eu\/blog\/2019\/10\/24\/nouveau-four-xxl\/","url_meta":{"origin":3371,"position":2},"title":"Nouveau four XXL","author":"Martiou","date":"24 octobre 2019","format":false,"excerpt":"Avec l'ONG COOPDEA, je continue la recherche et l'exp\u00e9rimentation de techniques de carbonisation adapt\u00e9es aux pays \u00e0 faibles ressources. La capacit\u00e9 de nos fours gazog\u00e8nes \u00e9tant limit\u00e9e \u00e0 60 l, nous lan\u00e7ons un programme de construction d'un four de 200 l. Notre objectif est de d\u00e9velopper des capacit\u00e9s sup\u00e9rieures de\u2026","rel":"","context":"Dans &quot;Charbon de bois&quot;","block_context":{"text":"Charbon de bois","link":"https:\/\/www.altimara.eu\/blog\/category\/charbon-de-bois-carbon-art\/"},"img":{"alt_text":"","src":"https:\/\/i0.wp.com\/www.altimara.eu\/blog\/wp-content\/uploads\/2019\/10\/IMG_20190826_194055764-2.jpg?resize=350%2C200&ssl=1","width":350,"height":200,"srcset":"https:\/\/i0.wp.com\/www.altimara.eu\/blog\/wp-content\/uploads\/2019\/10\/IMG_20190826_194055764-2.jpg?resize=350%2C200&ssl=1 1x, https:\/\/i0.wp.com\/www.altimara.eu\/blog\/wp-content\/uploads\/2019\/10\/IMG_20190826_194055764-2.jpg?resize=525%2C300&ssl=1 1.5x, https:\/\/i0.wp.com\/www.altimara.eu\/blog\/wp-content\/uploads\/2019\/10\/IMG_20190826_194055764-2.jpg?resize=700%2C400&ssl=1 2x"},"classes":[]},{"id":2437,"url":"https:\/\/www.altimara.eu\/blog\/2017\/08\/25\/ecochar-guinee-2\/","url_meta":{"origin":3371,"position":3},"title":"\u00c9cochar Guin\u00e9e","author":"Martiou","date":"25 ao\u00fbt 2017","format":false,"excerpt":"Malgr\u00e9 la saison des pluies qui rend l'atmosph\u00e8re tr\u00e8s humide, les carbonisations s'enchainent. Deux belles photos en direct de Macenta avec le four en briques:","rel":"","context":"Dans &quot;Charbon v\u00e9g\u00e9tal&quot;","block_context":{"text":"Charbon v\u00e9g\u00e9tal","link":"https:\/\/www.altimara.eu\/blog\/category\/charbon-vegetal\/"},"img":{"alt_text":"","src":"https:\/\/i0.wp.com\/www.altimara.eu\/blog\/wp-content\/uploads\/2017\/08\/received_1097650233699809.jpeg?resize=350%2C200","width":350,"height":200,"srcset":"https:\/\/i0.wp.com\/www.altimara.eu\/blog\/wp-content\/uploads\/2017\/08\/received_1097650233699809.jpeg?resize=350%2C200 1x, https:\/\/i0.wp.com\/www.altimara.eu\/blog\/wp-content\/uploads\/2017\/08\/received_1097650233699809.jpeg?resize=525%2C300 1.5x, https:\/\/i0.wp.com\/www.altimara.eu\/blog\/wp-content\/uploads\/2017\/08\/received_1097650233699809.jpeg?resize=700%2C400 2x"},"classes":[]},{"id":2450,"url":"https:\/\/www.altimara.eu\/blog\/2017\/09\/02\/ecochar-lupin-islande\/","url_meta":{"origin":3371,"position":4},"title":"\u00c9cochar lupin Islande","author":"Martiou","date":"2 septembre 2017","format":false,"excerpt":"Mise en fonctionnement du four \u00e0 lupin. Tout d'abord j'ai pos\u00e9 l'isolant, de la laine de roche de r\u00e9cup\u00e9ration, entre les deux grands tonneaux. Puis rempli le petit tonneau de 14 kg de lupins qui se r\u00e9v\u00e9l\u00e8ront beaucoup trop mouill\u00e9s pour une bonne carbonisation.\u00a0 Le four fonctionne tr\u00e8s bien. L'\u00e9tanch\u00e9it\u00e9\u2026","rel":"","context":"Dans &quot;Charbon v\u00e9g\u00e9tal&quot;","block_context":{"text":"Charbon v\u00e9g\u00e9tal","link":"https:\/\/www.altimara.eu\/blog\/category\/charbon-vegetal\/"},"img":{"alt_text":"","src":"https:\/\/i0.wp.com\/www.altimara.eu\/blog\/wp-content\/uploads\/2017\/09\/20170902_105016-300x225.jpg?resize=350%2C200","width":350,"height":200},"classes":[]},{"id":3312,"url":"https:\/\/www.altimara.eu\/blog\/2020\/04\/05\/broyer-du-noir\/","url_meta":{"origin":3371,"position":5},"title":"Broyer du noir","author":"Martiou","date":"5 avril 2020","format":false,"excerpt":"Dans cette p\u00e9riode de protection avec un masque, j'en ai bien besoin pour broyer...du charbon. En effet pour fabriquer les galettes d'\u00e9cochar, nous devons apr\u00e8s la carbonisation au four, r\u00e9duire au maximum en poudre les v\u00e9g\u00e9taux carbonis\u00e9s. Difficile de trouver l'outil id\u00e9al, aussi nous avons eu l'id\u00e9e d'utiliser un \u00e9grappeur\u2026","rel":"","context":"Dans &quot;Charbon v\u00e9g\u00e9tal&quot;","block_context":{"text":"Charbon v\u00e9g\u00e9tal","link":"https:\/\/www.altimara.eu\/blog\/category\/charbon-vegetal\/"},"img":{"alt_text":"charbon v\u00e9g\u00e9tal","src":"https:\/\/i0.wp.com\/www.altimara.eu\/blog\/wp-content\/uploads\/2020\/04\/1.png?resize=350%2C200&ssl=1","width":350,"height":200},"classes":[]}],"_links":{"self":[{"href":"https:\/\/www.altimara.eu\/blog\/wp-json\/wp\/v2\/posts\/3371","targetHints":{"allow":["GET"]}}],"collection":[{"href":"https:\/\/www.altimara.eu\/blog\/wp-json\/wp\/v2\/posts"}],"about":[{"href":"https:\/\/www.altimara.eu\/blog\/wp-json\/wp\/v2\/types\/post"}],"author":[{"embeddable":true,"href":"https:\/\/www.altimara.eu\/blog\/wp-json\/wp\/v2\/users\/3"}],"replies":[{"embeddable":true,"href":"https:\/\/www.altimara.eu\/blog\/wp-json\/wp\/v2\/comments?post=3371"}],"version-history":[{"count":0,"href":"https:\/\/www.altimara.eu\/blog\/wp-json\/wp\/v2\/posts\/3371\/revisions"}],"wp:attachment":[{"href":"https:\/\/www.altimara.eu\/blog\/wp-json\/wp\/v2\/media?parent=3371"}],"wp:term":[{"taxonomy":"category","embeddable":true,"href":"https:\/\/www.altimara.eu\/blog\/wp-json\/wp\/v2\/categories?post=3371"},{"taxonomy":"post_tag","embeddable":true,"href":"https:\/\/www.altimara.eu\/blog\/wp-json\/wp\/v2\/tags?post=3371"}],"curies":[{"name":"wp","href":"https:\/\/api.w.org\/{rel}","templated":true}]}}