{"id":3300,"date":"2020-03-11T10:11:49","date_gmt":"2020-03-11T09:11:49","guid":{"rendered":"https:\/\/www.altimara.eu\/blog\/?p=3300"},"modified":"2024-03-15T10:08:35","modified_gmt":"2024-03-15T09:08:35","slug":"dechets-vegetaux","status":"publish","type":"post","link":"https:\/\/www.altimara.eu\/blog\/2020\/03\/11\/dechets-vegetaux\/","title":{"rendered":"D\u00e9chets v\u00e9g\u00e9taux"},"content":{"rendered":"\n<figure class=\"wp-block-image size-large is-resized\"><img data-recalc-dims=\"1\" decoding=\"async\" data-attachment-id=\"3204\" data-permalink=\"https:\/\/www.altimara.eu\/blog\/2019\/10\/28\/ca-fume-xxl\/sigle-c1\/\" data-orig-file=\"https:\/\/i0.wp.com\/www.altimara.eu\/blog\/wp-content\/uploads\/2019\/10\/sigle-C1-e1592488750446.jpg?fit=200%2C200&amp;ssl=1\" data-orig-size=\"200,200\" data-comments-opened=\"1\" data-image-meta=\"{&quot;aperture&quot;:&quot;0&quot;,&quot;credit&quot;:&quot;&quot;,&quot;camera&quot;:&quot;&quot;,&quot;caption&quot;:&quot;&quot;,&quot;created_timestamp&quot;:&quot;0&quot;,&quot;copyright&quot;:&quot;&quot;,&quot;focal_length&quot;:&quot;0&quot;,&quot;iso&quot;:&quot;0&quot;,&quot;shutter_speed&quot;:&quot;0&quot;,&quot;title&quot;:&quot;&quot;,&quot;orientation&quot;:&quot;0&quot;}\" data-image-title=\"sigle C1\" data-image-description=\"\" data-image-caption=\"\" data-large-file=\"https:\/\/i0.wp.com\/www.altimara.eu\/blog\/wp-content\/uploads\/2019\/10\/sigle-C1-e1592488750446.jpg?fit=200%2C200&amp;ssl=1\" src=\"https:\/\/i0.wp.com\/www.altimara.eu\/blog\/wp-content\/uploads\/2019\/10\/sigle-C1.jpg?w=627&#038;ssl=1\" alt=\"\" class=\"wp-image-3204\" style=\"width:163px;height:163px\"\/><\/figure>\n\n\n\n<p>A la sortie de l&rsquo;hiver, la taille des haies et le nettoyage des jardins vont produire un grand volume de d\u00e9chets v\u00e9g\u00e9taux. Le brulage de ces v\u00e9g\u00e9taux est aujourd&rsquo;hui tr\u00e8s r\u00e9glement\u00e9 et interdit dans la plupart des cas. Les p\u00e9riodes autoris\u00e9es sont tr\u00e8s courtes et totalement prohib\u00e9es en \u00e9t\u00e9. La peur des incendies mais aussi la diffusion de particules fines dans l&rsquo;atmosph\u00e8re r\u00e9duisent nos possibilit\u00e9s de ce d\u00e9barrasser de ces d\u00e9chets. Les stations de recyclage croulent sous les volumes et la transformation en compost ne suffit pas a absorber cette (bio)masse.<\/p>\n\n\n\n<figure class=\"wp-block-image size-large\"><img data-recalc-dims=\"1\" loading=\"lazy\" decoding=\"async\" width=\"627\" height=\"393\" data-attachment-id=\"3303\" data-permalink=\"https:\/\/www.altimara.eu\/blog\/2020\/03\/11\/dechets-vegetaux\/charbonnier-martial-acquarone-2\/\" data-orig-file=\"https:\/\/i0.wp.com\/www.altimara.eu\/blog\/wp-content\/uploads\/2020\/03\/Charbonnier-Martial-Acquarone-2.jpg?fit=1000%2C627&amp;ssl=1\" data-orig-size=\"1000,627\" data-comments-opened=\"1\" data-image-meta=\"{&quot;aperture&quot;:&quot;2&quot;,&quot;credit&quot;:&quot;&quot;,&quot;camera&quot;:&quot;MotoG3&quot;,&quot;caption&quot;:&quot;&quot;,&quot;created_timestamp&quot;:&quot;1582479543&quot;,&quot;copyright&quot;:&quot;&quot;,&quot;focal_length&quot;:&quot;3.64&quot;,&quot;iso&quot;:&quot;50&quot;,&quot;shutter_speed&quot;:&quot;0.008&quot;,&quot;title&quot;:&quot;&quot;,&quot;orientation&quot;:&quot;0&quot;}\" data-image-title=\"Charbonnier-Martial-Acquarone-2\" data-image-description=\"\" data-image-caption=\"\" data-large-file=\"https:\/\/i0.wp.com\/www.altimara.eu\/blog\/wp-content\/uploads\/2020\/03\/Charbonnier-Martial-Acquarone-2.jpg?fit=627%2C393&amp;ssl=1\" src=\"https:\/\/i0.wp.com\/www.altimara.eu\/blog\/wp-content\/uploads\/2020\/03\/Charbonnier-Martial-Acquarone-2.jpg?resize=627%2C393&#038;ssl=1\" alt=\"\" class=\"wp-image-3303\" srcset=\"https:\/\/i0.wp.com\/www.altimara.eu\/blog\/wp-content\/uploads\/2020\/03\/Charbonnier-Martial-Acquarone-2.jpg?w=1000&amp;ssl=1 1000w, https:\/\/i0.wp.com\/www.altimara.eu\/blog\/wp-content\/uploads\/2020\/03\/Charbonnier-Martial-Acquarone-2.jpg?resize=300%2C188&amp;ssl=1 300w, https:\/\/i0.wp.com\/www.altimara.eu\/blog\/wp-content\/uploads\/2020\/03\/Charbonnier-Martial-Acquarone-2.jpg?resize=768%2C482&amp;ssl=1 768w\" sizes=\"auto, (max-width: 627px) 100vw, 627px\" \/><figcaption class=\"wp-element-caption\">Faire pousser c&rsquo;est aussi arracher et couper.<\/figcaption><\/figure>\n\n\n\n<p>Notre activit\u00e9 de production de briquettes charbon \u00ab\u00a0\u00e9cochar\u00a0\u00bb r\u00e9pond \u00e0 cette probl\u00e9matique tout en valorisant ces restes sans valeurs.<\/p>\n\n\n\n<p>Notre site exp\u00e9rimental de fabrication d&rsquo;\u00e9cochar dans les Jardins de Fontan\u00e8s est op\u00e9rationnel pour produire les briquettes. Nous l&rsquo;am\u00e9liorons en construisant un s\u00e9choir de grande capacit\u00e9.<\/p>\n\n\n\n<figure class=\"wp-block-image size-large\"><img data-recalc-dims=\"1\" loading=\"lazy\" decoding=\"async\" width=\"627\" height=\"411\" data-attachment-id=\"3301\" data-permalink=\"https:\/\/www.altimara.eu\/blog\/2020\/03\/11\/dechets-vegetaux\/charbonnier-martial-acquarone-3\/\" data-orig-file=\"https:\/\/i0.wp.com\/www.altimara.eu\/blog\/wp-content\/uploads\/2020\/03\/Charbonnier-Martial-Acquarone-3.jpg?fit=1000%2C656&amp;ssl=1\" data-orig-size=\"1000,656\" data-comments-opened=\"1\" data-image-meta=\"{&quot;aperture&quot;:&quot;2&quot;,&quot;credit&quot;:&quot;&quot;,&quot;camera&quot;:&quot;MotoG3&quot;,&quot;caption&quot;:&quot;&quot;,&quot;created_timestamp&quot;:&quot;1583861344&quot;,&quot;copyright&quot;:&quot;&quot;,&quot;focal_length&quot;:&quot;3.64&quot;,&quot;iso&quot;:&quot;50&quot;,&quot;shutter_speed&quot;:&quot;0.00625&quot;,&quot;title&quot;:&quot;&quot;,&quot;orientation&quot;:&quot;0&quot;}\" data-image-title=\"Charbonnier-Martial-Acquarone-3\" data-image-description=\"\" data-image-caption=\"\" data-large-file=\"https:\/\/i0.wp.com\/www.altimara.eu\/blog\/wp-content\/uploads\/2020\/03\/Charbonnier-Martial-Acquarone-3.jpg?fit=627%2C411&amp;ssl=1\" src=\"https:\/\/i0.wp.com\/www.altimara.eu\/blog\/wp-content\/uploads\/2020\/03\/Charbonnier-Martial-Acquarone-3.jpg?resize=627%2C411&#038;ssl=1\" alt=\"\" class=\"wp-image-3301\" srcset=\"https:\/\/i0.wp.com\/www.altimara.eu\/blog\/wp-content\/uploads\/2020\/03\/Charbonnier-Martial-Acquarone-3.jpg?w=1000&amp;ssl=1 1000w, https:\/\/i0.wp.com\/www.altimara.eu\/blog\/wp-content\/uploads\/2020\/03\/Charbonnier-Martial-Acquarone-3.jpg?resize=300%2C197&amp;ssl=1 300w, https:\/\/i0.wp.com\/www.altimara.eu\/blog\/wp-content\/uploads\/2020\/03\/Charbonnier-Martial-Acquarone-3.jpg?resize=768%2C504&amp;ssl=1 768w\" sizes=\"auto, (max-width: 627px) 100vw, 627px\" \/><\/figure>\n\n\n<div class=\"wp-block-image\">\n<figure class=\"aligncenter size-large is-resized\"><img data-recalc-dims=\"1\" loading=\"lazy\" decoding=\"async\" width=\"627\" height=\"799\" data-attachment-id=\"3302\" data-permalink=\"https:\/\/www.altimara.eu\/blog\/2020\/03\/11\/dechets-vegetaux\/charbonnier-martial-acquarone-1\/\" data-orig-file=\"https:\/\/i0.wp.com\/www.altimara.eu\/blog\/wp-content\/uploads\/2020\/03\/Charbonnier-Martial-Acquarone-1.jpg?fit=785%2C1000&amp;ssl=1\" data-orig-size=\"785,1000\" data-comments-opened=\"1\" data-image-meta=\"{&quot;aperture&quot;:&quot;2&quot;,&quot;credit&quot;:&quot;&quot;,&quot;camera&quot;:&quot;MotoG3&quot;,&quot;caption&quot;:&quot;&quot;,&quot;created_timestamp&quot;:&quot;1581019216&quot;,&quot;copyright&quot;:&quot;&quot;,&quot;focal_length&quot;:&quot;3.64&quot;,&quot;iso&quot;:&quot;500&quot;,&quot;shutter_speed&quot;:&quot;0.058823529411765&quot;,&quot;title&quot;:&quot;&quot;,&quot;orientation&quot;:&quot;0&quot;}\" data-image-title=\"Charbonnier-Martial-Acquarone-1\" data-image-description=\"\" data-image-caption=\"\" data-large-file=\"https:\/\/i0.wp.com\/www.altimara.eu\/blog\/wp-content\/uploads\/2020\/03\/Charbonnier-Martial-Acquarone-1.jpg?fit=627%2C799&amp;ssl=1\" src=\"https:\/\/i0.wp.com\/www.altimara.eu\/blog\/wp-content\/uploads\/2020\/03\/Charbonnier-Martial-Acquarone-1.jpg?resize=627%2C799&#038;ssl=1\" alt=\"\" class=\"wp-image-3302\" style=\"width:393px;height:500px\" srcset=\"https:\/\/i0.wp.com\/www.altimara.eu\/blog\/wp-content\/uploads\/2020\/03\/Charbonnier-Martial-Acquarone-1.jpg?w=785&amp;ssl=1 785w, https:\/\/i0.wp.com\/www.altimara.eu\/blog\/wp-content\/uploads\/2020\/03\/Charbonnier-Martial-Acquarone-1.jpg?resize=236%2C300&amp;ssl=1 236w, https:\/\/i0.wp.com\/www.altimara.eu\/blog\/wp-content\/uploads\/2020\/03\/Charbonnier-Martial-Acquarone-1.jpg?resize=768%2C978&amp;ssl=1 768w\" sizes=\"auto, (max-width: 627px) 100vw, 627px\" \/><figcaption class=\"wp-element-caption\">L&rsquo;atelier de production avec une nouvelle presse.<\/figcaption><\/figure>\n<\/div>\n\n\n<p>\u00c9COCHAR PIC-ST-LOUP, le charbon responsable !<\/p>\n","protected":false},"excerpt":{"rendered":"<p>A la sortie de l&rsquo;hiver, la taille des haies et le nettoyage des jardins vont produire un grand volume de d\u00e9chets v\u00e9g\u00e9taux. Le brulage de ces v\u00e9g\u00e9taux est aujourd&rsquo;hui tr\u00e8s r\u00e9glement\u00e9 et interdit dans la plupart des cas. Les p\u00e9riodes autoris\u00e9es sont tr\u00e8s courtes et totalement prohib\u00e9es en \u00e9t\u00e9. La peur des incendies mais aussi [&hellip;]<\/p>\n","protected":false},"author":3,"featured_media":0,"comment_status":"open","ping_status":"open","sticky":false,"template":"","format":"standard","meta":{"ngg_post_thumbnail":0,"jetpack_post_was_ever_published":false,"_jetpack_newsletter_access":"","_jetpack_dont_email_post_to_subs":false,"_jetpack_newsletter_tier_id":0,"_jetpack_memberships_contains_paywalled_content":false,"_jetpack_memberships_contains_paid_content":false,"footnotes":"","jetpack_publicize_message":"","jetpack_publicize_feature_enabled":true,"jetpack_social_post_already_shared":true,"jetpack_social_options":{"image_generator_settings":{"template":"highway","default_image_id":0,"font":"","enabled":false},"version":2}},"categories":[86,110,148],"tags":[],"class_list":["post-3300","post","type-post","status-publish","format-standard","hentry","category-charbon-vegetal","category-ecochar","category-humanitaire"],"jetpack_publicize_connections":[],"jetpack_featured_media_url":"","jetpack_shortlink":"https:\/\/wp.me\/p4r91c-Re","jetpack_sharing_enabled":true,"jetpack-related-posts":[{"id":3594,"url":"https:\/\/www.altimara.eu\/blog\/2021\/03\/19\/fin-dhiver\/","url_meta":{"origin":3300,"position":0},"title":"Fin d&rsquo;hiver","author":"Martiou","date":"19 mars 2021","format":false,"excerpt":"De nombreux travaux au Jardin et \u00e0 l'atelier. La taille des olivier donne un bon volume de v\u00e9g\u00e9tal a carboniser. C'est une piste int\u00e9ressante pour tous les exploitants d'olivettes (oliveraies) pour valoriser leurs d\u00e9chets. Cuissons au Jardin de Fontan\u00e8s avec le four n\u00b01, le plus ancien, retap\u00e9 pour l'occasion. L'autre\u2026","rel":"","context":"Dans &quot;biochar&quot;","block_context":{"text":"biochar","link":"https:\/\/www.altimara.eu\/blog\/category\/charbon-vegetal\/biochar\/"},"img":{"alt_text":"","src":"https:\/\/i0.wp.com\/www.altimara.eu\/blog\/wp-content\/uploads\/2021\/03\/IMG_20210316_154021-scaled.jpg?resize=350%2C200&ssl=1","width":350,"height":200,"srcset":"https:\/\/i0.wp.com\/www.altimara.eu\/blog\/wp-content\/uploads\/2021\/03\/IMG_20210316_154021-scaled.jpg?resize=350%2C200&ssl=1 1x, https:\/\/i0.wp.com\/www.altimara.eu\/blog\/wp-content\/uploads\/2021\/03\/IMG_20210316_154021-scaled.jpg?resize=525%2C300&ssl=1 1.5x, https:\/\/i0.wp.com\/www.altimara.eu\/blog\/wp-content\/uploads\/2021\/03\/IMG_20210316_154021-scaled.jpg?resize=700%2C400&ssl=1 2x, https:\/\/i0.wp.com\/www.altimara.eu\/blog\/wp-content\/uploads\/2021\/03\/IMG_20210316_154021-scaled.jpg?resize=1050%2C600&ssl=1 3x, https:\/\/i0.wp.com\/www.altimara.eu\/blog\/wp-content\/uploads\/2021\/03\/IMG_20210316_154021-scaled.jpg?resize=1400%2C800&ssl=1 4x"},"classes":[]},{"id":1904,"url":"https:\/\/www.altimara.eu\/blog\/2016\/06\/21\/charbon-vegetal\/","url_meta":{"origin":3300,"position":1},"title":"Charbon v\u00e9g\u00e9tal","author":"Martiou","date":"21 juin 2016","format":false,"excerpt":"Suite \u00e0 sa mission avec la Croix Rouge \u00e0 Macenta, en Guin\u00e9e Conakry, pour la terrible \u00e9pid\u00e9mie d'Ebola, mon fils Antonin a gard\u00e9 des contacts positifs avec des acteurs de terrain guin\u00e9ens. Regroup\u00e9s dans l'association (ou ONG) COOPEDA, ils d\u00e9veloppent des programmes d\u2019autonomie \u00e9nerg\u00e9tique, dans le solaire principalement. Le charbon\u2026","rel":"","context":"Dans &quot;Charbon de bois&quot;","block_context":{"text":"Charbon de bois","link":"https:\/\/www.altimara.eu\/blog\/category\/charbon-de-bois-carbon-art\/"},"img":{"alt_text":"12039617_473223816213736_6462458700753161519_n","src":"https:\/\/i0.wp.com\/www.altimara.eu\/blog\/wp-content\/uploads\/2016\/06\/12039617_473223816213736_6462458700753161519_n.png?resize=350%2C200","width":350,"height":200},"classes":[]},{"id":3371,"url":"https:\/\/www.altimara.eu\/blog\/2020\/06\/05\/re-ouverture\/","url_meta":{"origin":3300,"position":2},"title":"R\u00e9-ouverture !!","author":"Martiou","date":"5 juin 2020","format":false,"excerpt":"Les mus\u00e9es et les bars ouvrent, \u00e7a d\u00e9confine, moi je carbonise !! Le site de carbonisation d'\u00e9cochar au Jardin de Fontan\u00e8s a bien \u00e9volu\u00e9. La construction d'un grand s\u00e9choir des v\u00e9g\u00e9taux permet maintenant de stocker les d\u00e9chets verts avant leur carbonisation. Cette semaine et jusqu'au 15 juin, je r\u00e9alise en\u2026","rel":"","context":"Dans &quot;Charbon v\u00e9g\u00e9tal&quot;","block_context":{"text":"Charbon v\u00e9g\u00e9tal","link":"https:\/\/www.altimara.eu\/blog\/category\/charbon-vegetal\/"},"img":{"alt_text":"","src":"https:\/\/i0.wp.com\/www.altimara.eu\/blog\/wp-content\/uploads\/2020\/06\/400-e%CC%81cochar.png?resize=350%2C200&ssl=1","width":350,"height":200,"srcset":"https:\/\/i0.wp.com\/www.altimara.eu\/blog\/wp-content\/uploads\/2020\/06\/400-e%CC%81cochar.png?resize=350%2C200&ssl=1 1x, https:\/\/i0.wp.com\/www.altimara.eu\/blog\/wp-content\/uploads\/2020\/06\/400-e%CC%81cochar.png?resize=525%2C300&ssl=1 1.5x"},"classes":[]},{"id":2199,"url":"https:\/\/www.altimara.eu\/blog\/2017\/02\/06\/ecochar-2\/","url_meta":{"origin":3300,"position":3},"title":"\u00c9cochar","author":"Martiou","date":"6 f\u00e9vrier 2017","format":false,"excerpt":"L'ONG Guin\u00e9enne AJPE porte un projet dans la capitale de la Guin\u00e9e, \u00e0 Conakry. Elle agit en collaboration avec l'ONG COOPDEA, pour la valorisation des d\u00e9chets. En effet le ramassage des ordures et leur traitement demandent a \u00eatre optimis\u00e9. Il faut pour cela, en amont, \u00e9duquer la population citadine au\u2026","rel":"","context":"Dans &quot;Charbon v\u00e9g\u00e9tal&quot;","block_context":{"text":"Charbon v\u00e9g\u00e9tal","link":"https:\/\/www.altimara.eu\/blog\/category\/charbon-vegetal\/"},"img":{"alt_text":"","src":"https:\/\/i0.wp.com\/www.altimara.eu\/blog\/wp-content\/uploads\/2017\/02\/16176829_1742834402703051_1224226168_n.jpg?resize=350%2C200","width":350,"height":200,"srcset":"https:\/\/i0.wp.com\/www.altimara.eu\/blog\/wp-content\/uploads\/2017\/02\/16176829_1742834402703051_1224226168_n.jpg?resize=350%2C200 1x, https:\/\/i0.wp.com\/www.altimara.eu\/blog\/wp-content\/uploads\/2017\/02\/16176829_1742834402703051_1224226168_n.jpg?resize=525%2C300 1.5x, https:\/\/i0.wp.com\/www.altimara.eu\/blog\/wp-content\/uploads\/2017\/02\/16176829_1742834402703051_1224226168_n.jpg?resize=700%2C400 2x"},"classes":[]},{"id":3307,"url":"https:\/\/www.altimara.eu\/blog\/2020\/03\/28\/charbon-partiel\/","url_meta":{"origin":3300,"position":4},"title":"Charbon partiel","author":"Martiou","date":"28 mars 2020","format":false,"excerpt":"J'ai la \"chance\" d'avoir chez moi l'atelier de fabrication de l'\u00e9cochar, ce charbon reconstitu\u00e9 en galette. Ainsi je presse chaque apr\u00e8s midi le m\u00e9lange de liant et de d\u00e9chets v\u00e9g\u00e9taux carbonis\u00e9s. le stock se constitue petit \u00e0 petit et aux beaux jours, apr\u00e8s l'alerte si tout va mieux, nous pourrons\u2026","rel":"","context":"Dans &quot;Charbon v\u00e9g\u00e9tal&quot;","block_context":{"text":"Charbon v\u00e9g\u00e9tal","link":"https:\/\/www.altimara.eu\/blog\/category\/charbon-vegetal\/"},"img":{"alt_text":"","src":"https:\/\/i0.wp.com\/www.altimara.eu\/blog\/wp-content\/uploads\/2020\/03\/IMG_20200327_185724539.jpg?resize=350%2C200&ssl=1","width":350,"height":200,"srcset":"https:\/\/i0.wp.com\/www.altimara.eu\/blog\/wp-content\/uploads\/2020\/03\/IMG_20200327_185724539.jpg?resize=350%2C200&ssl=1 1x, https:\/\/i0.wp.com\/www.altimara.eu\/blog\/wp-content\/uploads\/2020\/03\/IMG_20200327_185724539.jpg?resize=525%2C300&ssl=1 1.5x"},"classes":[]},{"id":2153,"url":"https:\/\/www.altimara.eu\/blog\/2016\/12\/19\/ecochar\/","url_meta":{"origin":3300,"position":5},"title":"\u00c9cochar","author":"Martiou","date":"19 d\u00e9cembre 2016","format":false,"excerpt":"Les galettes de charbon v\u00e9g\u00e9tal reconstitu\u00e9es ont un nom de code: \u00e9cochar. Ce proc\u00e9d\u00e9 qui consiste a agglom\u00e9rer de la poudre de restes de v\u00e9g\u00e9taux carbonis\u00e9 (feuilles, brindilles et autres laiss\u00e9s de coupes) donne des galettes ou briquettes de charbon. \u00a0 Avec l'ONG COOPDEA, je travaille comme conseiller technique pour\u2026","rel":"","context":"Dans &quot;Charbon v\u00e9g\u00e9tal&quot;","block_context":{"text":"Charbon v\u00e9g\u00e9tal","link":"https:\/\/www.altimara.eu\/blog\/category\/charbon-vegetal\/"},"img":{"alt_text":"","src":"https:\/\/i0.wp.com\/www.altimara.eu\/blog\/wp-content\/uploads\/2016\/12\/MAR1464.jpg?resize=350%2C200","width":350,"height":200,"srcset":"https:\/\/i0.wp.com\/www.altimara.eu\/blog\/wp-content\/uploads\/2016\/12\/MAR1464.jpg?resize=350%2C200 1x, https:\/\/i0.wp.com\/www.altimara.eu\/blog\/wp-content\/uploads\/2016\/12\/MAR1464.jpg?resize=525%2C300 1.5x, https:\/\/i0.wp.com\/www.altimara.eu\/blog\/wp-content\/uploads\/2016\/12\/MAR1464.jpg?resize=700%2C400 2x"},"classes":[]}],"_links":{"self":[{"href":"https:\/\/www.altimara.eu\/blog\/wp-json\/wp\/v2\/posts\/3300","targetHints":{"allow":["GET"]}}],"collection":[{"href":"https:\/\/www.altimara.eu\/blog\/wp-json\/wp\/v2\/posts"}],"about":[{"href":"https:\/\/www.altimara.eu\/blog\/wp-json\/wp\/v2\/types\/post"}],"author":[{"embeddable":true,"href":"https:\/\/www.altimara.eu\/blog\/wp-json\/wp\/v2\/users\/3"}],"replies":[{"embeddable":true,"href":"https:\/\/www.altimara.eu\/blog\/wp-json\/wp\/v2\/comments?post=3300"}],"version-history":[{"count":0,"href":"https:\/\/www.altimara.eu\/blog\/wp-json\/wp\/v2\/posts\/3300\/revisions"}],"wp:attachment":[{"href":"https:\/\/www.altimara.eu\/blog\/wp-json\/wp\/v2\/media?parent=3300"}],"wp:term":[{"taxonomy":"category","embeddable":true,"href":"https:\/\/www.altimara.eu\/blog\/wp-json\/wp\/v2\/categories?post=3300"},{"taxonomy":"post_tag","embeddable":true,"href":"https:\/\/www.altimara.eu\/blog\/wp-json\/wp\/v2\/tags?post=3300"}],"curies":[{"name":"wp","href":"https:\/\/api.w.org\/{rel}","templated":true}]}}