{"id":3271,"date":"2020-01-19T20:44:03","date_gmt":"2020-01-19T19:44:03","guid":{"rendered":"https:\/\/www.altimara.eu\/blog\/?p=3271"},"modified":"2020-01-19T20:44:03","modified_gmt":"2020-01-19T19:44:03","slug":"roi-charbon","status":"publish","type":"post","link":"https:\/\/www.altimara.eu\/blog\/2020\/01\/19\/roi-charbon\/","title":{"rendered":"Roi Charbon"},"content":{"rendered":"\n<p>Voil\u00e0 une BD originale, sans texte et tr\u00e8s graphique et qui interpelle le charbonnier que je suis. C&rsquo;est l&rsquo;oeuvre d&rsquo;un certain Max, catalan barcelonais, auteur de bandes dessin\u00e9es. Sa BD m&rsquo;a \u00e9t\u00e9 offerte \u00e0 Noel et elle ne me laisse pas indiff\u00e9rente.<\/p>\n\n\n\n<p>D&rsquo;abord le titre \u00ab\u00a0Roi Charbon\u00a0\u00bb. Serait il le Grand Chef des charbonniers, un Carbonari Grand maitre, non, c&rsquo;est un petit bonhomme, mi humain, mi animal avec un grand nez-bec fort pointu.<\/p>\n\n\n\n<p>Ce personnage r\u00e9sonne d&rsquo;un vieux conte antique, une histoire \u00e9crite par un romain prestigieux, Pline l&rsquo;ancien. Celle-ci raconte comment une jeune femme \u00e9prise d&rsquo;un jeune homme qui va partir \u00e0 la guerre, trace le contour de son ombre avec un morceau de charbon de bois.<\/p>\n\n\n\n<p>L&rsquo;\u00e9diteur parle d&rsquo;un \u00ab\u00a0flux hypnotique et ininterrompu\u00a0\u00bb. Moi j&rsquo;y vois la continuit\u00e9 des gravures de l&rsquo;art pari\u00e9tal mises en mouvement. Les bisons de Niaux, les lions de Chauvet, s&rsquo;animent et racontent leurs histoires, ou peut \u00eatre celles des dessinateurs de la pr\u00e9histoire qui \u00e0 la lueurs vacillantes de leurs feux devaient voir bouger les animaux sur les parois. <\/p>\n\n\n\n<p>Max, maitrise avec brio le d\u00e9veloppement de cette histoire quasi sans texte, ce qui donne envie d\u00e8s le d\u00e9but de la lecture d&rsquo;aller jusqu&rsquo;au bout.<\/p>\n\n\n\n<p>ROI CHARBON, Max, 2019, \u00e9diteur RACKHAM<\/p>\n\n\n\n<figure class=\"wp-block-image size-large\"><img loading=\"lazy\" decoding=\"async\" width=\"1028\" height=\"1397\" data-attachment-id=\"3273\" data-permalink=\"https:\/\/www.altimara.eu\/blog\/2020\/01\/19\/roi-charbon\/roi-charbon-i\/\" data-orig-file=\"https:\/\/i0.wp.com\/www.altimara.eu\/blog\/wp-content\/uploads\/2020\/01\/roi-charbon-i.jpg?fit=1028%2C1397&amp;ssl=1\" data-orig-size=\"1028,1397\" data-comments-opened=\"1\" data-image-meta=\"{&quot;aperture&quot;:&quot;0&quot;,&quot;credit&quot;:&quot;&quot;,&quot;camera&quot;:&quot;&quot;,&quot;caption&quot;:&quot;&quot;,&quot;created_timestamp&quot;:&quot;0&quot;,&quot;copyright&quot;:&quot;&quot;,&quot;focal_length&quot;:&quot;0&quot;,&quot;iso&quot;:&quot;0&quot;,&quot;shutter_speed&quot;:&quot;0&quot;,&quot;title&quot;:&quot;&quot;,&quot;orientation&quot;:&quot;0&quot;}\" data-image-title=\"roi-charbon-i\" data-image-description=\"\" data-image-caption=\"\" data-large-file=\"https:\/\/i0.wp.com\/www.altimara.eu\/blog\/wp-content\/uploads\/2020\/01\/roi-charbon-i.jpg?fit=627%2C852&amp;ssl=1\" src=\"https:\/\/i1.wp.com\/www.altimara.eu\/blog\/wp-content\/uploads\/2020\/01\/roi-charbon-i.jpg?fit=627%2C852&amp;ssl=1\" alt=\"\" class=\"wp-image-3273\" srcset=\"https:\/\/i0.wp.com\/www.altimara.eu\/blog\/wp-content\/uploads\/2020\/01\/roi-charbon-i.jpg?w=1028&amp;ssl=1 1028w, https:\/\/i0.wp.com\/www.altimara.eu\/blog\/wp-content\/uploads\/2020\/01\/roi-charbon-i.jpg?resize=221%2C300&amp;ssl=1 221w, https:\/\/i0.wp.com\/www.altimara.eu\/blog\/wp-content\/uploads\/2020\/01\/roi-charbon-i.jpg?resize=754%2C1024&amp;ssl=1 754w, https:\/\/i0.wp.com\/www.altimara.eu\/blog\/wp-content\/uploads\/2020\/01\/roi-charbon-i.jpg?resize=768%2C1044&amp;ssl=1 768w\" sizes=\"auto, (max-width: 627px) 100vw, 627px\" \/><\/figure>\n","protected":false},"excerpt":{"rendered":"<p>Voil\u00e0 une BD originale, sans texte et tr\u00e8s graphique et qui interpelle le charbonnier que je suis. C&rsquo;est l&rsquo;oeuvre d&rsquo;un certain Max, catalan barcelonais, auteur de bandes dessin\u00e9es. Sa BD m&rsquo;a \u00e9t\u00e9 offerte \u00e0 Noel et elle ne me laisse pas indiff\u00e9rente. D&rsquo;abord le titre \u00ab\u00a0Roi Charbon\u00a0\u00bb. Serait il le Grand Chef des charbonniers, un [&hellip;]<\/p>\n","protected":false},"author":3,"featured_media":0,"comment_status":"open","ping_status":"open","sticky":false,"template":"","format":"standard","meta":{"ngg_post_thumbnail":0,"jetpack_post_was_ever_published":false,"_jetpack_newsletter_access":"","_jetpack_dont_email_post_to_subs":false,"_jetpack_newsletter_tier_id":0,"_jetpack_memberships_contains_paywalled_content":false,"_jetpack_memberships_contains_paid_content":false,"footnotes":"","jetpack_publicize_message":"","jetpack_publicize_feature_enabled":true,"jetpack_social_post_already_shared":true,"jetpack_social_options":{"image_generator_settings":{"template":"highway","default_image_id":0,"font":"","enabled":false},"version":2}},"categories":[37,1],"tags":[153],"class_list":["post-3271","post","type-post","status-publish","format-standard","hentry","category-evenementiel","category-non-classe","tag-bd"],"jetpack_publicize_connections":[],"jetpack_featured_media_url":"","jetpack_shortlink":"https:\/\/wp.me\/p4r91c-QL","jetpack_sharing_enabled":true,"jetpack-related-posts":[{"id":3443,"url":"https:\/\/www.altimara.eu\/blog\/2020\/09\/05\/charbonnier-et-roi\/","url_meta":{"origin":3271,"position":0},"title":"Charbonnier et roi","author":"Martiou","date":"5 septembre 2020","format":false,"excerpt":"Un conte impliquant un charbonnier et un roi, Henri IV. Cela se passe \u00e9videmment dans la sud-ouest, av\u00e9 l'accent ! Le charbonnier de Capchicot Le sud-ouest rec\u00e8le un certain nombre de sites qui \u00e9voquent le souvenir du roi Henri IV. Parmi eux, se trouve le ch\u00e2teau de Capchicot, domaine du\u2026","rel":"","context":"Dans &quot;Autre&quot;","block_context":{"text":"Autre","link":"https:\/\/www.altimara.eu\/blog\/category\/autre\/"},"img":{"alt_text":"","src":"","width":0,"height":0},"classes":[]},{"id":2582,"url":"https:\/\/www.altimara.eu\/blog\/2017\/12\/27\/makala-le-film-noir\/","url_meta":{"origin":3271,"position":1},"title":"MAKALA, le film noir","author":"Martiou","date":"27 d\u00e9cembre 2017","format":false,"excerpt":"J'ai vu le film MAKALA (charbon de bois en swahili), qui est actuellement en salle. Il d\u00e9crit l'histoire d'un jeune Congolais qui fabrique son charbon de bois et va le vendre en ville. Un charbonnier en \"vedette\", film remarqu\u00e9 \u00e0 Cannes, \u00e0 priori cela a sa place dans mon blog.\u2026","rel":"","context":"Dans &quot;Charbon de bois&quot;","block_context":{"text":"Charbon de bois","link":"https:\/\/www.altimara.eu\/blog\/category\/charbon-de-bois-carbon-art\/"},"img":{"alt_text":"","src":"https:\/\/i0.wp.com\/www.altimara.eu\/blog\/wp-content\/uploads\/2017\/12\/Capture-d%E2%80%99e%CC%81cran-2017-12-27-a%CC%80-12.10.56-225x300.png?resize=350%2C200","width":350,"height":200},"classes":[]},{"id":3142,"url":"https:\/\/www.altimara.eu\/blog\/2019\/08\/14\/manga-charbonnier\/","url_meta":{"origin":3271,"position":2},"title":"Manga charbonnier","author":"Martiou","date":"14 ao\u00fbt 2019","format":false,"excerpt":"Un joli cadeau de la part de ma fille, un manga qui raconte la vie d'un charbonnier au Japon. Il pratique la cuisson tr\u00e8s sp\u00e9ciale des charbonniers japonais, celle qui produit du Binchotan, un charbon de bois cuit \u00e0 tr\u00e8s haute temp\u00e9rature. L'auteur raconte la vie d'un jeune charbonnier qui\u2026","rel":"","context":"Dans &quot;Charbon de bois&quot;","block_context":{"text":"Charbon de bois","link":"https:\/\/www.altimara.eu\/blog\/category\/charbon-de-bois-carbon-art\/"},"img":{"alt_text":"","src":"https:\/\/i0.wp.com\/www.altimara.eu\/blog\/wp-content\/uploads\/2019\/08\/IMG_20190602_085131173-2.jpg?resize=350%2C200&ssl=1","width":350,"height":200,"srcset":"https:\/\/i0.wp.com\/www.altimara.eu\/blog\/wp-content\/uploads\/2019\/08\/IMG_20190602_085131173-2.jpg?resize=350%2C200&ssl=1 1x, https:\/\/i0.wp.com\/www.altimara.eu\/blog\/wp-content\/uploads\/2019\/08\/IMG_20190602_085131173-2.jpg?resize=525%2C300&ssl=1 1.5x, https:\/\/i0.wp.com\/www.altimara.eu\/blog\/wp-content\/uploads\/2019\/08\/IMG_20190602_085131173-2.jpg?resize=700%2C400&ssl=1 2x"},"classes":[]},{"id":2462,"url":"https:\/\/www.altimara.eu\/blog\/2017\/09\/21\/charbonnier-professionnel\/","url_meta":{"origin":3271,"position":3},"title":"Charbonnier professionnel","author":"Martiou","date":"21 septembre 2017","format":false,"excerpt":"A Bourg-St-And\u00e9ol, il y a une entreprise de fabrication de charbon de bois. La cuisson se pratique avec de grands fours en fer. Les cuves sont d'\u00e9normes cloches avec un gros couvercle sur le haut. 4 chemin\u00e9es \u00e9vacuent une \u00e9paisse fum\u00e9e dans un bonne odeur de carbonisation extr\u00eamement forte. Le\u2026","rel":"","context":"Dans &quot;Charbon de bois&quot;","block_context":{"text":"Charbon de bois","link":"https:\/\/www.altimara.eu\/blog\/category\/charbon-de-bois-carbon-art\/"},"img":{"alt_text":"","src":"https:\/\/i0.wp.com\/www.altimara.eu\/blog\/wp-content\/uploads\/2017\/09\/MAR2599.jpg?resize=350%2C200","width":350,"height":200,"srcset":"https:\/\/i0.wp.com\/www.altimara.eu\/blog\/wp-content\/uploads\/2017\/09\/MAR2599.jpg?resize=350%2C200 1x, https:\/\/i0.wp.com\/www.altimara.eu\/blog\/wp-content\/uploads\/2017\/09\/MAR2599.jpg?resize=525%2C300 1.5x"},"classes":[]},{"id":2214,"url":"https:\/\/www.altimara.eu\/blog\/2017\/02\/14\/les-conflits-du-charbon-de-bois\/","url_meta":{"origin":3271,"position":4},"title":"Tensions sous charbon de bois","author":"Martiou","date":"14 f\u00e9vrier 2017","format":false,"excerpt":"Les guerres li\u00e9es au p\u00e9trole et en r\u00e8gle g\u00e9n\u00e9rale \u00e0 l'\u00e9nergie et \u00e0 son acc\u00e8s (ou son profit) sont omnipr\u00e9sentes. Le charbon de bois, l'une des plus anciennes \u00e9nergies que l'humanit\u00e9 exploite, a g\u00e9n\u00e8r\u00e9 aussi des tensions. Dans les pays o\u00f9 l'utilisation du charbon de bois est tr\u00e8s pr\u00e9sente, rappel\u2026","rel":"","context":"Dans &quot;Charbon de bois&quot;","block_context":{"text":"Charbon de bois","link":"https:\/\/www.altimara.eu\/blog\/category\/charbon-de-bois-carbon-art\/"},"img":{"alt_text":"","src":"https:\/\/i0.wp.com\/www.altimara.eu\/blog\/wp-content\/uploads\/2017\/02\/535382168.jpg?resize=350%2C200","width":350,"height":200,"srcset":"https:\/\/i0.wp.com\/www.altimara.eu\/blog\/wp-content\/uploads\/2017\/02\/535382168.jpg?resize=350%2C200 1x, https:\/\/i0.wp.com\/www.altimara.eu\/blog\/wp-content\/uploads\/2017\/02\/535382168.jpg?resize=525%2C300 1.5x, https:\/\/i0.wp.com\/www.altimara.eu\/blog\/wp-content\/uploads\/2017\/02\/535382168.jpg?resize=700%2C400 2x, https:\/\/i0.wp.com\/www.altimara.eu\/blog\/wp-content\/uploads\/2017\/02\/535382168.jpg?resize=1050%2C600 3x, https:\/\/i0.wp.com\/www.altimara.eu\/blog\/wp-content\/uploads\/2017\/02\/535382168.jpg?resize=1400%2C800 4x"},"classes":[]},{"id":2081,"url":"https:\/\/www.altimara.eu\/blog\/2016\/11\/14\/les-bons-cousins-2\/","url_meta":{"origin":3271,"position":5},"title":"Les Bons Cousins","author":"Martiou","date":"14 novembre 2016","format":false,"excerpt":"Pourquoi les titres de ces articles sont : \"Les bons cousins\"? La grande for\u00eat de Chaux, dans la partie sud ouest plate du Jura, r\u00e9sonne de cette id\u00e9e que le bois abrite des personnes cach\u00e9es. La for\u00eat a toujours inqui\u00e9t\u00e9 la bonne soci\u00e9t\u00e9. Elle est le lieu o\u00f9 l'on se\u2026","rel":"","context":"Dans &quot;Charbon de bois&quot;","block_context":{"text":"Charbon de bois","link":"https:\/\/www.altimara.eu\/blog\/category\/charbon-de-bois-carbon-art\/"},"img":{"alt_text":"_mar1605","src":"https:\/\/i0.wp.com\/www.altimara.eu\/blog\/wp-content\/uploads\/2016\/11\/MAR1605-300x200.jpg?resize=350%2C200","width":350,"height":200},"classes":[]}],"_links":{"self":[{"href":"https:\/\/www.altimara.eu\/blog\/wp-json\/wp\/v2\/posts\/3271","targetHints":{"allow":["GET"]}}],"collection":[{"href":"https:\/\/www.altimara.eu\/blog\/wp-json\/wp\/v2\/posts"}],"about":[{"href":"https:\/\/www.altimara.eu\/blog\/wp-json\/wp\/v2\/types\/post"}],"author":[{"embeddable":true,"href":"https:\/\/www.altimara.eu\/blog\/wp-json\/wp\/v2\/users\/3"}],"replies":[{"embeddable":true,"href":"https:\/\/www.altimara.eu\/blog\/wp-json\/wp\/v2\/comments?post=3271"}],"version-history":[{"count":0,"href":"https:\/\/www.altimara.eu\/blog\/wp-json\/wp\/v2\/posts\/3271\/revisions"}],"wp:attachment":[{"href":"https:\/\/www.altimara.eu\/blog\/wp-json\/wp\/v2\/media?parent=3271"}],"wp:term":[{"taxonomy":"category","embeddable":true,"href":"https:\/\/www.altimara.eu\/blog\/wp-json\/wp\/v2\/categories?post=3271"},{"taxonomy":"post_tag","embeddable":true,"href":"https:\/\/www.altimara.eu\/blog\/wp-json\/wp\/v2\/tags?post=3271"}],"curies":[{"name":"wp","href":"https:\/\/api.w.org\/{rel}","templated":true}]}}