{"id":3260,"date":"2019-12-31T13:02:39","date_gmt":"2019-12-31T12:02:39","guid":{"rendered":"https:\/\/www.altimara.eu\/blog\/?p=3260"},"modified":"2020-01-02T14:52:34","modified_gmt":"2020-01-02T13:52:34","slug":"vinvin","status":"publish","type":"post","link":"https:\/\/www.altimara.eu\/blog\/2019\/12\/31\/vinvin\/","title":{"rendered":"Vinvin"},"content":{"rendered":"\n<figure class=\"wp-block-image size-large\"><img loading=\"lazy\" decoding=\"async\" width=\"1414\" height=\"1170\" data-attachment-id=\"3264\" data-permalink=\"https:\/\/www.altimara.eu\/blog\/2019\/12\/31\/vinvin\/voeux\/\" data-orig-file=\"https:\/\/i0.wp.com\/www.altimara.eu\/blog\/wp-content\/uploads\/2020\/01\/voeux.jpeg?fit=1414%2C1170&amp;ssl=1\" data-orig-size=\"1414,1170\" data-comments-opened=\"1\" data-image-meta=\"{&quot;aperture&quot;:&quot;0&quot;,&quot;credit&quot;:&quot;&quot;,&quot;camera&quot;:&quot;&quot;,&quot;caption&quot;:&quot;&quot;,&quot;created_timestamp&quot;:&quot;0&quot;,&quot;copyright&quot;:&quot;&quot;,&quot;focal_length&quot;:&quot;0&quot;,&quot;iso&quot;:&quot;0&quot;,&quot;shutter_speed&quot;:&quot;0&quot;,&quot;title&quot;:&quot;&quot;,&quot;orientation&quot;:&quot;0&quot;}\" data-image-title=\"voeux\" data-image-description=\"\" data-image-caption=\"\" data-large-file=\"https:\/\/i0.wp.com\/www.altimara.eu\/blog\/wp-content\/uploads\/2020\/01\/voeux.jpeg?fit=627%2C519&amp;ssl=1\" src=\"https:\/\/i2.wp.com\/www.altimara.eu\/blog\/wp-content\/uploads\/2020\/01\/voeux.jpeg?fit=627%2C519&amp;ssl=1\" alt=\"\" class=\"wp-image-3264\" srcset=\"https:\/\/i0.wp.com\/www.altimara.eu\/blog\/wp-content\/uploads\/2020\/01\/voeux.jpeg?w=1414&amp;ssl=1 1414w, https:\/\/i0.wp.com\/www.altimara.eu\/blog\/wp-content\/uploads\/2020\/01\/voeux.jpeg?resize=300%2C248&amp;ssl=1 300w, https:\/\/i0.wp.com\/www.altimara.eu\/blog\/wp-content\/uploads\/2020\/01\/voeux.jpeg?resize=1024%2C847&amp;ssl=1 1024w, https:\/\/i0.wp.com\/www.altimara.eu\/blog\/wp-content\/uploads\/2020\/01\/voeux.jpeg?resize=768%2C635&amp;ssl=1 768w, https:\/\/i0.wp.com\/www.altimara.eu\/blog\/wp-content\/uploads\/2020\/01\/voeux.jpeg?w=1254&amp;ssl=1 1254w\" sizes=\"auto, (max-width: 627px) 100vw, 627px\" \/><\/figure>\n","protected":false},"excerpt":{"rendered":"","protected":false},"author":3,"featured_media":0,"comment_status":"open","ping_status":"open","sticky":false,"template":"","format":"standard","meta":{"ngg_post_thumbnail":0,"jetpack_post_was_ever_published":false,"_jetpack_newsletter_access":"","_jetpack_dont_email_post_to_subs":false,"_jetpack_newsletter_tier_id":0,"_jetpack_memberships_contains_paywalled_content":false,"_jetpack_memberships_contains_paid_content":false,"footnotes":"","jetpack_publicize_message":"","jetpack_publicize_feature_enabled":true,"jetpack_social_post_already_shared":true,"jetpack_social_options":{"image_generator_settings":{"template":"highway","default_image_id":0,"font":"","enabled":false},"version":2}},"categories":[1],"tags":[],"class_list":["post-3260","post","type-post","status-publish","format-standard","hentry","category-non-classe"],"jetpack_publicize_connections":[],"jetpack_featured_media_url":"","jetpack_shortlink":"https:\/\/wp.me\/s4r91c-vinvin","jetpack_sharing_enabled":true,"jetpack-related-posts":[{"id":3676,"url":"https:\/\/www.altimara.eu\/blog\/2021\/07\/19\/ceci-nest-pas-du-charbon\/","url_meta":{"origin":3260,"position":0},"title":"Ceci n&rsquo;est pas du charbon !","author":"Martiou","date":"19 juillet 2021","format":false,"excerpt":"C'est bien noir, \u00e7a fume, \u00e7a tinte...volcan Fagradalsfjall, Islande.","rel":"","context":"Dans &quot;Autre&quot;","block_context":{"text":"Autre","link":"https:\/\/www.altimara.eu\/blog\/category\/autre\/"},"img":{"alt_text":"","src":"https:\/\/i0.wp.com\/www.altimara.eu\/blog\/wp-content\/uploads\/2021\/07\/MAR7321-scaled.jpg?resize=350%2C200&ssl=1","width":350,"height":200,"srcset":"https:\/\/i0.wp.com\/www.altimara.eu\/blog\/wp-content\/uploads\/2021\/07\/MAR7321-scaled.jpg?resize=350%2C200&ssl=1 1x, https:\/\/i0.wp.com\/www.altimara.eu\/blog\/wp-content\/uploads\/2021\/07\/MAR7321-scaled.jpg?resize=525%2C300&ssl=1 1.5x, https:\/\/i0.wp.com\/www.altimara.eu\/blog\/wp-content\/uploads\/2021\/07\/MAR7321-scaled.jpg?resize=700%2C400&ssl=1 2x, https:\/\/i0.wp.com\/www.altimara.eu\/blog\/wp-content\/uploads\/2021\/07\/MAR7321-scaled.jpg?resize=1050%2C600&ssl=1 3x, https:\/\/i0.wp.com\/www.altimara.eu\/blog\/wp-content\/uploads\/2021\/07\/MAR7321-scaled.jpg?resize=1400%2C800&ssl=1 4x"},"classes":[]},{"id":2922,"url":"https:\/\/www.altimara.eu\/blog\/2019\/01\/02\/cest-nouveau-2\/","url_meta":{"origin":3260,"position":1},"title":"C&rsquo;est nouveau","author":"Martiou","date":"2 janvier 2019","format":false,"excerpt":"Bonne et Heureuse Ann\u00e9e, pleine de fum\u00e9e sans feu, sans broyer du noir, les dents blanches et des c\u00f4telettes barbecue au charbon de bois !!!!","rel":"","context":"Dans &quot;Autre&quot;","block_context":{"text":"Autre","link":"https:\/\/www.altimara.eu\/blog\/category\/autre\/"},"img":{"alt_text":"","src":"https:\/\/i0.wp.com\/www.altimara.eu\/blog\/wp-content\/uploads\/2019\/01\/voeux-2.jpg?resize=350%2C200&ssl=1","width":350,"height":200,"srcset":"https:\/\/i0.wp.com\/www.altimara.eu\/blog\/wp-content\/uploads\/2019\/01\/voeux-2.jpg?resize=350%2C200&ssl=1 1x, https:\/\/i0.wp.com\/www.altimara.eu\/blog\/wp-content\/uploads\/2019\/01\/voeux-2.jpg?resize=525%2C300&ssl=1 1.5x, https:\/\/i0.wp.com\/www.altimara.eu\/blog\/wp-content\/uploads\/2019\/01\/voeux-2.jpg?resize=700%2C400&ssl=1 2x"},"classes":[]},{"id":3701,"url":"https:\/\/www.altimara.eu\/blog\/2021\/09\/11\/anoplopoma-fimbria\/","url_meta":{"origin":3260,"position":2},"title":"Anoplopoma fimbria","author":"Martiou","date":"11 septembre 2021","format":false,"excerpt":"\u00c7a nage jusqu'\u00e0 2700 m de profondeur et mesure 1,20 m... un poisson du Pacifique nord surnomm\u00e9 : \"Le Charbonnier\" ou morue charbonni\u00e8re !! https:\/\/fr.wikipedia.org\/wiki\/Anoplopoma_fimbria","rel":"","context":"Dans &quot;Non class\u00e9&quot;","block_context":{"text":"Non class\u00e9","link":"https:\/\/www.altimara.eu\/blog\/category\/non-classe\/"},"img":{"alt_text":"","src":"https:\/\/i0.wp.com\/www.altimara.eu\/blog\/wp-content\/uploads\/2021\/09\/morue-charbonnie%CC%80re.jpeg?resize=350%2C200&ssl=1","width":350,"height":200,"srcset":"https:\/\/i0.wp.com\/www.altimara.eu\/blog\/wp-content\/uploads\/2021\/09\/morue-charbonnie%CC%80re.jpeg?resize=350%2C200&ssl=1 1x, https:\/\/i0.wp.com\/www.altimara.eu\/blog\/wp-content\/uploads\/2021\/09\/morue-charbonnie%CC%80re.jpeg?resize=525%2C300&ssl=1 1.5x, https:\/\/i0.wp.com\/www.altimara.eu\/blog\/wp-content\/uploads\/2021\/09\/morue-charbonnie%CC%80re.jpeg?resize=700%2C400&ssl=1 2x, https:\/\/i0.wp.com\/www.altimara.eu\/blog\/wp-content\/uploads\/2021\/09\/morue-charbonnie%CC%80re.jpeg?resize=1050%2C600&ssl=1 3x, https:\/\/i0.wp.com\/www.altimara.eu\/blog\/wp-content\/uploads\/2021\/09\/morue-charbonnie%CC%80re.jpeg?resize=1400%2C800&ssl=1 4x"},"classes":[]},{"id":2782,"url":"https:\/\/www.altimara.eu\/blog\/2018\/06\/13\/coupe-du-monde-charbonnier\/","url_meta":{"origin":3260,"position":3},"title":"Coupe du monde &#038; charbonnier","author":"Martiou","date":"13 juin 2018","format":false,"excerpt":"Au moment o\u00f9 va se d\u00e9rouler l'\u00e9v\u00e9nement plan\u00e9taire, un petit rappel. Il y avait un Charbonnier dans l'\u00e9quipe de France championne du monde 98. Lionel Charbonnier, gardien rempla\u00e7ant... Le n\u00b0 22, et bien sur il est en noir Au charbon les gars ! https:\/\/fr.wikipedia.org\/wiki\/Lionel_Charbonnier \u00a0 \u00a0","rel":"","context":"Dans &quot;Autre&quot;","block_context":{"text":"Autre","link":"https:\/\/www.altimara.eu\/blog\/category\/autre\/"},"img":{"alt_text":"","src":"https:\/\/i0.wp.com\/www.altimara.eu\/blog\/wp-content\/uploads\/2018\/06\/gardien-Charbonnier.jpg?resize=350%2C200","width":350,"height":200,"srcset":"https:\/\/i0.wp.com\/www.altimara.eu\/blog\/wp-content\/uploads\/2018\/06\/gardien-Charbonnier.jpg?resize=350%2C200 1x, https:\/\/i0.wp.com\/www.altimara.eu\/blog\/wp-content\/uploads\/2018\/06\/gardien-Charbonnier.jpg?resize=525%2C300 1.5x"},"classes":[]},{"id":1885,"url":"https:\/\/www.altimara.eu\/blog\/2016\/06\/02\/video-charbonniere-st-guilhem\/","url_meta":{"origin":3260,"position":4},"title":"Vid\u00e9o charbonni\u00e8re St Guilhem","author":"Martiou","date":"2 juin 2016","format":false,"excerpt":"Un joli film tourn\u00e9 par un visiteur, M. Ren\u00e9 Ulmer avec sa femme, un sympathique couple Suisse. Cette vid\u00e9o retrace les rencontres organis\u00e9es par Les Terrasses Gellone, voir article pr\u00e9c\u00e9dent du mois d'avril. Attention la s\u00e9ance va commencer: film charbonniere St Guilhem Une ruelle du village","rel":"","context":"Dans &quot;Charbon de bois&quot;","block_context":{"text":"Charbon de bois","link":"https:\/\/www.altimara.eu\/blog\/category\/charbon-de-bois-carbon-art\/"},"img":{"alt_text":"IMG_20160523_203636","src":"https:\/\/i0.wp.com\/www.altimara.eu\/blog\/wp-content\/uploads\/2016\/06\/IMG_20160523_203636-2-576x1024.jpg?resize=350%2C200","width":350,"height":200,"srcset":"https:\/\/i0.wp.com\/www.altimara.eu\/blog\/wp-content\/uploads\/2016\/06\/IMG_20160523_203636-2-576x1024.jpg?resize=350%2C200 1x, https:\/\/i0.wp.com\/www.altimara.eu\/blog\/wp-content\/uploads\/2016\/06\/IMG_20160523_203636-2-576x1024.jpg?resize=525%2C300 1.5x"},"classes":[]},{"id":1696,"url":"https:\/\/www.altimara.eu\/blog\/2016\/02\/17\/chez-jean-le-charbonnier\/","url_meta":{"origin":3260,"position":5},"title":"Chez Jean le Charbonnier","author":"Martiou","date":"17 f\u00e9vrier 2016","format":false,"excerpt":"Jean Chaudi\u00e8re, animateur carbone d'Ard\u00e8che, pr\u00e9sente son programme pour le mois de mai. Avec la cuisson d'une charbonni\u00e8re, il y aura d\u00e9monstration de forgerons en continu. N'oublions pas que la production du charbon de bois en quantit\u00e9 a permis le travail des m\u00e9taux depuis le chalcolithique. Tous chez Jean en\u2026","rel":"","context":"Dans &quot;Charbon de bois&quot;","block_context":{"text":"Charbon de bois","link":"https:\/\/www.altimara.eu\/blog\/category\/charbon-de-bois-carbon-art\/"},"img":{"alt_text":"plaquette charbonnie\u0300re 6 dernie\u0300re version","src":"https:\/\/i0.wp.com\/www.altimara.eu\/blog\/wp-content\/uploads\/2016\/02\/plaquette-charbonnie%CC%80re-6-dernie%CC%80re-version-1024x723.jpg?resize=350%2C200","width":350,"height":200,"srcset":"https:\/\/i0.wp.com\/www.altimara.eu\/blog\/wp-content\/uploads\/2016\/02\/plaquette-charbonnie%CC%80re-6-dernie%CC%80re-version-1024x723.jpg?resize=350%2C200 1x, https:\/\/i0.wp.com\/www.altimara.eu\/blog\/wp-content\/uploads\/2016\/02\/plaquette-charbonnie%CC%80re-6-dernie%CC%80re-version-1024x723.jpg?resize=525%2C300 1.5x"},"classes":[]}],"_links":{"self":[{"href":"https:\/\/www.altimara.eu\/blog\/wp-json\/wp\/v2\/posts\/3260","targetHints":{"allow":["GET"]}}],"collection":[{"href":"https:\/\/www.altimara.eu\/blog\/wp-json\/wp\/v2\/posts"}],"about":[{"href":"https:\/\/www.altimara.eu\/blog\/wp-json\/wp\/v2\/types\/post"}],"author":[{"embeddable":true,"href":"https:\/\/www.altimara.eu\/blog\/wp-json\/wp\/v2\/users\/3"}],"replies":[{"embeddable":true,"href":"https:\/\/www.altimara.eu\/blog\/wp-json\/wp\/v2\/comments?post=3260"}],"version-history":[{"count":0,"href":"https:\/\/www.altimara.eu\/blog\/wp-json\/wp\/v2\/posts\/3260\/revisions"}],"wp:attachment":[{"href":"https:\/\/www.altimara.eu\/blog\/wp-json\/wp\/v2\/media?parent=3260"}],"wp:term":[{"taxonomy":"category","embeddable":true,"href":"https:\/\/www.altimara.eu\/blog\/wp-json\/wp\/v2\/categories?post=3260"},{"taxonomy":"post_tag","embeddable":true,"href":"https:\/\/www.altimara.eu\/blog\/wp-json\/wp\/v2\/tags?post=3260"}],"curies":[{"name":"wp","href":"https:\/\/api.w.org\/{rel}","templated":true}]}}