{"id":3210,"date":"2019-11-23T14:02:50","date_gmt":"2019-11-23T13:02:50","guid":{"rendered":"https:\/\/www.altimara.eu\/blog\/?p=3210"},"modified":"2019-11-23T15:14:08","modified_gmt":"2019-11-23T14:14:08","slug":"montoulieu","status":"publish","type":"post","link":"https:\/\/www.altimara.eu\/blog\/2019\/11\/23\/montoulieu\/","title":{"rendered":"Charbonni\u00e8re Montoulieu"},"content":{"rendered":"\n<p> <em>Senteurs et Couleurs de la Garrigue<\/em> \u00e0 Montoulieu, une journ\u00e9e dense avec une forte pr\u00e9sence de public. Les organisateurs avaient mis en place un bel ensemble d&rsquo;exposants et d&rsquo;animations.<\/p>\n\n\n\n<p>J&rsquo;avais construit deux charbonni\u00e8res. Une en coupe pour montrer l&rsquo;int\u00e9rieur et surtout le montage autour du piquet central. Beaucoup de visiteurs ont appr\u00e9ci\u00e9 cette vue qui r\u00e9v\u00e8le la structure interne de la meule. <\/p>\n\n\n\n<figure class=\"wp-block-image size-large\"><img data-recalc-dims=\"1\" loading=\"lazy\" decoding=\"async\" width=\"627\" height=\"418\" data-attachment-id=\"3212\" data-permalink=\"https:\/\/www.altimara.eu\/blog\/2019\/11\/23\/montoulieu\/mar1151\/\" data-orig-file=\"https:\/\/i0.wp.com\/www.altimara.eu\/blog\/wp-content\/uploads\/2019\/11\/MAR1151.jpg?fit=1000%2C667&amp;ssl=1\" data-orig-size=\"1000,667\" data-comments-opened=\"1\" data-image-meta=\"{&quot;aperture&quot;:&quot;11&quot;,&quot;credit&quot;:&quot;ACQUARONE Martial&quot;,&quot;camera&quot;:&quot;NIKON D800&quot;,&quot;caption&quot;:&quot;&quot;,&quot;created_timestamp&quot;:&quot;1573314218&quot;,&quot;copyright&quot;:&quot;ACQUARONE Martial&quot;,&quot;focal_length&quot;:&quot;42&quot;,&quot;iso&quot;:&quot;800&quot;,&quot;shutter_speed&quot;:&quot;0.003125&quot;,&quot;title&quot;:&quot;&quot;,&quot;orientation&quot;:&quot;0&quot;}\" data-image-title=\"MAR1151\" data-image-description=\"\" data-image-caption=\"\" data-large-file=\"https:\/\/i0.wp.com\/www.altimara.eu\/blog\/wp-content\/uploads\/2019\/11\/MAR1151.jpg?fit=627%2C418&amp;ssl=1\" src=\"https:\/\/i0.wp.com\/www.altimara.eu\/blog\/wp-content\/uploads\/2019\/11\/MAR1151.jpg?resize=627%2C418&#038;ssl=1\" alt=\"\" class=\"wp-image-3212\" srcset=\"https:\/\/i0.wp.com\/www.altimara.eu\/blog\/wp-content\/uploads\/2019\/11\/MAR1151.jpg?w=1000&amp;ssl=1 1000w, https:\/\/i0.wp.com\/www.altimara.eu\/blog\/wp-content\/uploads\/2019\/11\/MAR1151.jpg?resize=300%2C200&amp;ssl=1 300w, https:\/\/i0.wp.com\/www.altimara.eu\/blog\/wp-content\/uploads\/2019\/11\/MAR1151.jpg?resize=768%2C512&amp;ssl=1 768w\" sizes=\"auto, (max-width: 627px) 100vw, 627px\" \/><\/figure>\n\n\n\n<p>Des gros b\u0153ufs Salers, tout noirs, imposants comme des Aurochs, tournaient devant moi. Une montgolfi\u00e8re montaient et descendait avec un jolie bruit de tuy\u00e8res \u00e0 feu. Les animations nombreuses battaient leur plein et la mienne n&rsquo;a pas d\u00e9semplie de la journ\u00e9e. \u00ab\u00a0Qu&rsquo;est ce que c&rsquo;est?\u00a0\u00bb, \u00ab\u00a0j&rsquo;en ai vu de plus grosse!!!\u00a0\u00bb, \u00ab\u00a0waouh c&rsquo;est chouette!\u00a0\u00bb, \u00ab\u00a0je ne connaissais pas du tout!\u00a0\u00bb, le monde charbonnier est un m\u00e9lange de Ceux qui ont en vu dans leur jeunesse ou que le papa en a \u00e9t\u00e9, et Ceux qui n&rsquo;en ont jamais entendu parl\u00e9. Ainsi j&rsquo;ai pu discut\u00e9 et \u00e9chang\u00e9 avec plein de personnes, curieuses, int\u00e9ress\u00e9es ou t\u00e9moins d&rsquo;un temps qui commence \u00e0 s&rsquo;oublier.<\/p>\n\n\n\n<div class=\"wp-block-image\"><figure class=\"aligncenter size-large is-resized\"><img loading=\"lazy\" decoding=\"async\" data-attachment-id=\"3213\" data-permalink=\"https:\/\/www.altimara.eu\/blog\/2019\/11\/23\/montoulieu\/mar1208\/\" data-orig-file=\"https:\/\/i0.wp.com\/www.altimara.eu\/blog\/wp-content\/uploads\/2019\/11\/MAR1208.jpg?fit=1000%2C1498&amp;ssl=1\" data-orig-size=\"1000,1498\" data-comments-opened=\"1\" data-image-meta=\"{&quot;aperture&quot;:&quot;11&quot;,&quot;credit&quot;:&quot;ACQUARONE Martial&quot;,&quot;camera&quot;:&quot;NIKON D800&quot;,&quot;caption&quot;:&quot;&quot;,&quot;created_timestamp&quot;:&quot;1573484155&quot;,&quot;copyright&quot;:&quot;ACQUARONE Martial&quot;,&quot;focal_length&quot;:&quot;66&quot;,&quot;iso&quot;:&quot;800&quot;,&quot;shutter_speed&quot;:&quot;0.0004&quot;,&quot;title&quot;:&quot;&quot;,&quot;orientation&quot;:&quot;0&quot;}\" data-image-title=\"MAR1208\" data-image-description=\"\" data-image-caption=\"\" data-large-file=\"https:\/\/i0.wp.com\/www.altimara.eu\/blog\/wp-content\/uploads\/2019\/11\/MAR1208.jpg?fit=627%2C939&amp;ssl=1\" src=\"https:\/\/i1.wp.com\/www.altimara.eu\/blog\/wp-content\/uploads\/2019\/11\/MAR1208.jpg?fit=627%2C939&amp;ssl=1\" alt=\"\" class=\"wp-image-3213\" width=\"314\" height=\"470\" srcset=\"https:\/\/i0.wp.com\/www.altimara.eu\/blog\/wp-content\/uploads\/2019\/11\/MAR1208.jpg?w=1000&amp;ssl=1 1000w, https:\/\/i0.wp.com\/www.altimara.eu\/blog\/wp-content\/uploads\/2019\/11\/MAR1208.jpg?resize=200%2C300&amp;ssl=1 200w, https:\/\/i0.wp.com\/www.altimara.eu\/blog\/wp-content\/uploads\/2019\/11\/MAR1208.jpg?resize=684%2C1024&amp;ssl=1 684w, https:\/\/i0.wp.com\/www.altimara.eu\/blog\/wp-content\/uploads\/2019\/11\/MAR1208.jpg?resize=768%2C1150&amp;ssl=1 768w\" sizes=\"auto, (max-width: 314px) 100vw, 314px\" \/><\/figure><\/div>\n\n\n\n<figure class=\"wp-block-image size-large\"><img data-recalc-dims=\"1\" loading=\"lazy\" decoding=\"async\" width=\"627\" height=\"418\" data-attachment-id=\"3214\" data-permalink=\"https:\/\/www.altimara.eu\/blog\/2019\/11\/23\/montoulieu\/mar1190\/\" data-orig-file=\"https:\/\/i0.wp.com\/www.altimara.eu\/blog\/wp-content\/uploads\/2019\/11\/MAR1190.jpg?fit=1000%2C667&amp;ssl=1\" data-orig-size=\"1000,667\" data-comments-opened=\"1\" data-image-meta=\"{&quot;aperture&quot;:&quot;11&quot;,&quot;credit&quot;:&quot;ACQUARONE Martial&quot;,&quot;camera&quot;:&quot;NIKON D800&quot;,&quot;caption&quot;:&quot;&quot;,&quot;created_timestamp&quot;:&quot;1573476210&quot;,&quot;copyright&quot;:&quot;ACQUARONE Martial&quot;,&quot;focal_length&quot;:&quot;24&quot;,&quot;iso&quot;:&quot;800&quot;,&quot;shutter_speed&quot;:&quot;0.002&quot;,&quot;title&quot;:&quot;&quot;,&quot;orientation&quot;:&quot;0&quot;}\" data-image-title=\"MAR1190\" data-image-description=\"\" data-image-caption=\"\" data-large-file=\"https:\/\/i0.wp.com\/www.altimara.eu\/blog\/wp-content\/uploads\/2019\/11\/MAR1190.jpg?fit=627%2C418&amp;ssl=1\" src=\"https:\/\/i0.wp.com\/www.altimara.eu\/blog\/wp-content\/uploads\/2019\/11\/MAR1190.jpg?resize=627%2C418&#038;ssl=1\" alt=\"\" class=\"wp-image-3214\" srcset=\"https:\/\/i0.wp.com\/www.altimara.eu\/blog\/wp-content\/uploads\/2019\/11\/MAR1190.jpg?w=1000&amp;ssl=1 1000w, https:\/\/i0.wp.com\/www.altimara.eu\/blog\/wp-content\/uploads\/2019\/11\/MAR1190.jpg?resize=300%2C200&amp;ssl=1 300w, https:\/\/i0.wp.com\/www.altimara.eu\/blog\/wp-content\/uploads\/2019\/11\/MAR1190.jpg?resize=768%2C512&amp;ssl=1 768w\" sizes=\"auto, (max-width: 627px) 100vw, 627px\" \/><\/figure>\n\n\n\n<p>La meule en feu a eu un peu de mal a prendre le rythme de la carbonisation. Faut dire que les jours avant, la pluie avait d\u00e9tremp\u00e9 l&rsquo;ensemble. Mais une fois partie, elle a fait son effet et bien fonctionn\u00e9. J&rsquo;ai eu beaucoup de mal a l\u2019arr\u00eater le soir.<\/p>\n\n\n\n<figure class=\"wp-block-image size-large\"><img data-recalc-dims=\"1\" loading=\"lazy\" decoding=\"async\" width=\"627\" height=\"353\" data-attachment-id=\"3215\" data-permalink=\"https:\/\/www.altimara.eu\/blog\/2019\/11\/23\/montoulieu\/img_20191111_131333231\/\" data-orig-file=\"https:\/\/i0.wp.com\/www.altimara.eu\/blog\/wp-content\/uploads\/2019\/11\/IMG_20191111_131333231.jpg?fit=1000%2C563&amp;ssl=1\" data-orig-size=\"1000,563\" data-comments-opened=\"1\" data-image-meta=\"{&quot;aperture&quot;:&quot;2&quot;,&quot;credit&quot;:&quot;&quot;,&quot;camera&quot;:&quot;MotoG3&quot;,&quot;caption&quot;:&quot;&quot;,&quot;created_timestamp&quot;:&quot;1573478013&quot;,&quot;copyright&quot;:&quot;&quot;,&quot;focal_length&quot;:&quot;3.64&quot;,&quot;iso&quot;:&quot;50&quot;,&quot;shutter_speed&quot;:&quot;0.002&quot;,&quot;title&quot;:&quot;&quot;,&quot;orientation&quot;:&quot;0&quot;}\" data-image-title=\"IMG_20191111_131333231\" data-image-description=\"\" data-image-caption=\"&lt;p&gt;Senteurs et Couleurs de la Garrigue, 2019&lt;\/p&gt;\n\" data-large-file=\"https:\/\/i0.wp.com\/www.altimara.eu\/blog\/wp-content\/uploads\/2019\/11\/IMG_20191111_131333231.jpg?fit=627%2C353&amp;ssl=1\" src=\"https:\/\/i0.wp.com\/www.altimara.eu\/blog\/wp-content\/uploads\/2019\/11\/IMG_20191111_131333231.jpg?resize=627%2C353&#038;ssl=1\" alt=\"\" class=\"wp-image-3215\" srcset=\"https:\/\/i0.wp.com\/www.altimara.eu\/blog\/wp-content\/uploads\/2019\/11\/IMG_20191111_131333231.jpg?w=1000&amp;ssl=1 1000w, https:\/\/i0.wp.com\/www.altimara.eu\/blog\/wp-content\/uploads\/2019\/11\/IMG_20191111_131333231.jpg?resize=300%2C169&amp;ssl=1 300w, https:\/\/i0.wp.com\/www.altimara.eu\/blog\/wp-content\/uploads\/2019\/11\/IMG_20191111_131333231.jpg?resize=768%2C432&amp;ssl=1 768w\" sizes=\"auto, (max-width: 627px) 100vw, 627px\" \/><\/figure>\n\n\n\n<p>La meule en coupe, tr\u00e8s bon support pour les explications, est vraiment int\u00e9ressante pour ce genre de manifestation grand public. Le myst\u00e8re de la meule recouverte de terre qui fume \u00e0 cot\u00e9, qui parfois n&rsquo;est pas tr\u00e8s compr\u00e9hensible, se mue en la chose extraordinaire que c&rsquo;est, un four \u00e0 pyrolyse, tout est compris.<\/p>\n\n\n\n<div class=\"wp-block-image\"><figure class=\"aligncenter size-large is-resized\"><img loading=\"lazy\" decoding=\"async\" data-attachment-id=\"3216\" data-permalink=\"https:\/\/www.altimara.eu\/blog\/2019\/11\/23\/montoulieu\/img_20191109_144649427\/\" data-orig-file=\"https:\/\/i0.wp.com\/www.altimara.eu\/blog\/wp-content\/uploads\/2019\/11\/IMG_20191109_144649427.jpg?fit=1000%2C1778&amp;ssl=1\" data-orig-size=\"1000,1778\" data-comments-opened=\"1\" data-image-meta=\"{&quot;aperture&quot;:&quot;2&quot;,&quot;credit&quot;:&quot;&quot;,&quot;camera&quot;:&quot;MotoG3&quot;,&quot;caption&quot;:&quot;&quot;,&quot;created_timestamp&quot;:&quot;1573310810&quot;,&quot;copyright&quot;:&quot;&quot;,&quot;focal_length&quot;:&quot;3.64&quot;,&quot;iso&quot;:&quot;64&quot;,&quot;shutter_speed&quot;:&quot;0.01&quot;,&quot;title&quot;:&quot;&quot;,&quot;orientation&quot;:&quot;0&quot;}\" data-image-title=\"IMG_20191109_144649427\" data-image-description=\"\" data-image-caption=\"\" data-large-file=\"https:\/\/i0.wp.com\/www.altimara.eu\/blog\/wp-content\/uploads\/2019\/11\/IMG_20191109_144649427.jpg?fit=576%2C1024&amp;ssl=1\" src=\"https:\/\/i0.wp.com\/www.altimara.eu\/blog\/wp-content\/uploads\/2019\/11\/IMG_20191109_144649427.jpg?fit=576%2C1024&amp;ssl=1\" alt=\"\" class=\"wp-image-3216\" width=\"288\" height=\"512\" srcset=\"https:\/\/i0.wp.com\/www.altimara.eu\/blog\/wp-content\/uploads\/2019\/11\/IMG_20191109_144649427.jpg?w=1000&amp;ssl=1 1000w, https:\/\/i0.wp.com\/www.altimara.eu\/blog\/wp-content\/uploads\/2019\/11\/IMG_20191109_144649427.jpg?resize=169%2C300&amp;ssl=1 169w, https:\/\/i0.wp.com\/www.altimara.eu\/blog\/wp-content\/uploads\/2019\/11\/IMG_20191109_144649427.jpg?resize=576%2C1024&amp;ssl=1 576w, https:\/\/i0.wp.com\/www.altimara.eu\/blog\/wp-content\/uploads\/2019\/11\/IMG_20191109_144649427.jpg?resize=768%2C1366&amp;ssl=1 768w, https:\/\/i0.wp.com\/www.altimara.eu\/blog\/wp-content\/uploads\/2019\/11\/IMG_20191109_144649427.jpg?resize=864%2C1536&amp;ssl=1 864w\" sizes=\"auto, (max-width: 288px) 100vw, 288px\" \/><\/figure><\/div>\n\n\n\n<p>Une belle manifestation, merci aux organisateurs et j&rsquo;esp\u00e8re \u00e0 l&rsquo;an prochain.<\/p>\n\n\n\n<div class=\"wp-block-image\"><figure class=\"aligncenter size-large is-resized\"><img loading=\"lazy\" decoding=\"async\" data-attachment-id=\"3217\" data-permalink=\"https:\/\/www.altimara.eu\/blog\/2019\/11\/23\/montoulieu\/mar1196\/\" data-orig-file=\"https:\/\/i0.wp.com\/www.altimara.eu\/blog\/wp-content\/uploads\/2019\/11\/MAR1196.jpg?fit=1000%2C1498&amp;ssl=1\" data-orig-size=\"1000,1498\" data-comments-opened=\"1\" data-image-meta=\"{&quot;aperture&quot;:&quot;11&quot;,&quot;credit&quot;:&quot;ACQUARONE Martial&quot;,&quot;camera&quot;:&quot;NIKON D800&quot;,&quot;caption&quot;:&quot;&quot;,&quot;created_timestamp&quot;:&quot;1573476268&quot;,&quot;copyright&quot;:&quot;ACQUARONE Martial&quot;,&quot;focal_length&quot;:&quot;32&quot;,&quot;iso&quot;:&quot;800&quot;,&quot;shutter_speed&quot;:&quot;0.0015625&quot;,&quot;title&quot;:&quot;&quot;,&quot;orientation&quot;:&quot;0&quot;}\" data-image-title=\"MAR1196\" data-image-description=\"\" data-image-caption=\"\" data-large-file=\"https:\/\/i0.wp.com\/www.altimara.eu\/blog\/wp-content\/uploads\/2019\/11\/MAR1196.jpg?fit=627%2C939&amp;ssl=1\" src=\"https:\/\/i0.wp.com\/www.altimara.eu\/blog\/wp-content\/uploads\/2019\/11\/MAR1196.jpg?fit=627%2C939&amp;ssl=1\" alt=\"\" class=\"wp-image-3217\" width=\"314\" height=\"470\" srcset=\"https:\/\/i0.wp.com\/www.altimara.eu\/blog\/wp-content\/uploads\/2019\/11\/MAR1196.jpg?w=1000&amp;ssl=1 1000w, https:\/\/i0.wp.com\/www.altimara.eu\/blog\/wp-content\/uploads\/2019\/11\/MAR1196.jpg?resize=200%2C300&amp;ssl=1 200w, https:\/\/i0.wp.com\/www.altimara.eu\/blog\/wp-content\/uploads\/2019\/11\/MAR1196.jpg?resize=684%2C1024&amp;ssl=1 684w, https:\/\/i0.wp.com\/www.altimara.eu\/blog\/wp-content\/uploads\/2019\/11\/MAR1196.jpg?resize=768%2C1150&amp;ssl=1 768w\" sizes=\"auto, (max-width: 314px) 100vw, 314px\" \/><\/figure><\/div>\n","protected":false},"excerpt":{"rendered":"<p>Senteurs et Couleurs de la Garrigue \u00e0 Montoulieu, une journ\u00e9e dense avec une forte pr\u00e9sence de public. Les organisateurs avaient mis en place un bel ensemble d&rsquo;exposants et d&rsquo;animations. J&rsquo;avais construit deux charbonni\u00e8res. Une en coupe pour montrer l&rsquo;int\u00e9rieur et surtout le montage autour du piquet central. Beaucoup de visiteurs ont appr\u00e9ci\u00e9 cette vue qui [&hellip;]<\/p>\n","protected":false},"author":3,"featured_media":0,"comment_status":"open","ping_status":"open","sticky":false,"template":"","format":"standard","meta":{"ngg_post_thumbnail":0,"jetpack_post_was_ever_published":false,"_jetpack_newsletter_access":"","_jetpack_dont_email_post_to_subs":false,"_jetpack_newsletter_tier_id":0,"_jetpack_memberships_contains_paywalled_content":false,"_jetpack_memberships_contains_paid_content":false,"footnotes":"","jetpack_publicize_message":"","jetpack_publicize_feature_enabled":true,"jetpack_social_post_already_shared":true,"jetpack_social_options":{"image_generator_settings":{"template":"highway","default_image_id":0,"font":"","enabled":false},"version":2}},"categories":[65,6,37],"tags":[34],"class_list":["post-3210","post","type-post","status-publish","format-standard","hentry","category-mes-charbonnieres","category-charbon-de-bois-carbon-art","category-evenementiel","tag-charbon-de-bois-carbon-art"],"jetpack_publicize_connections":[],"jetpack_featured_media_url":"","jetpack_shortlink":"https:\/\/wp.me\/p4r91c-PM","jetpack_sharing_enabled":true,"jetpack-related-posts":[{"id":3002,"url":"https:\/\/www.altimara.eu\/blog\/2019\/04\/02\/charbonniere-caveirac\/","url_meta":{"origin":3210,"position":0},"title":"Charbonni\u00e8re Caveirac","author":"Martiou","date":"2 avril 2019","format":false,"excerpt":"Rendez vous les 27 et 28 avril \u00e0 Caveirac, pas loin de N\u00eemes, dans une garrigue magnifi\u00e9e, pour une nouvelle cuisson de charbonni\u00e8re. J'ai r\u00e9pondu avec plaisir \u00e0 l'invitation du pr\u00e9sident de l'association pierres s\u00e8ches et garrigue de ce village. Divers aspects des m\u00e9tiers et caract\u00e9ristiques des garrigues seront pr\u00e9sent\u00e9s\u2026","rel":"","context":"Dans &quot;0- MES CHARBONNI\u00c8RES&quot;","block_context":{"text":"0- MES CHARBONNI\u00c8RES","link":"https:\/\/www.altimara.eu\/blog\/category\/mes-charbonnieres\/"},"img":{"alt_text":"","src":"https:\/\/i0.wp.com\/www.altimara.eu\/blog\/wp-content\/uploads\/2019\/04\/Essai1_Charbonniere-2019-impression.jpg?resize=350%2C200&ssl=1","width":350,"height":200,"srcset":"https:\/\/i0.wp.com\/www.altimara.eu\/blog\/wp-content\/uploads\/2019\/04\/Essai1_Charbonniere-2019-impression.jpg?resize=350%2C200&ssl=1 1x, https:\/\/i0.wp.com\/www.altimara.eu\/blog\/wp-content\/uploads\/2019\/04\/Essai1_Charbonniere-2019-impression.jpg?resize=525%2C300&ssl=1 1.5x, https:\/\/i0.wp.com\/www.altimara.eu\/blog\/wp-content\/uploads\/2019\/04\/Essai1_Charbonniere-2019-impression.jpg?resize=700%2C400&ssl=1 2x, https:\/\/i0.wp.com\/www.altimara.eu\/blog\/wp-content\/uploads\/2019\/04\/Essai1_Charbonniere-2019-impression.jpg?resize=1050%2C600&ssl=1 3x, https:\/\/i0.wp.com\/www.altimara.eu\/blog\/wp-content\/uploads\/2019\/04\/Essai1_Charbonniere-2019-impression.jpg?resize=1400%2C800&ssl=1 4x"},"classes":[]},{"id":2641,"url":"https:\/\/www.altimara.eu\/blog\/2018\/02\/20\/charbonniere-en-vue\/","url_meta":{"origin":3210,"position":1},"title":"Charbonni\u00e8re en vue","author":"Martiou","date":"20 f\u00e9vrier 2018","format":false,"excerpt":"Le d\u00e9but du mois de mars arrive et traditionnellement c'est ma p\u00e9riode de carbonisateur. Dans la premi\u00e8re semaine du mois, je (avec tous les potes) vais r\u00e9aliser un cuisson de bois pour le transformer en charbon. Le 7 mars, jour heureux, j'accueillerai un groupe de malentendants pour la visite de\u2026","rel":"","context":"Dans &quot;Charbon de bois&quot;","block_context":{"text":"Charbon de bois","link":"https:\/\/www.altimara.eu\/blog\/category\/charbon-de-bois-carbon-art\/"},"img":{"alt_text":"","src":"https:\/\/i0.wp.com\/www.altimara.eu\/blog\/wp-content\/uploads\/2018\/02\/IMG_20180217_160926014-2-300x169.jpg?resize=350%2C200","width":350,"height":200},"classes":[]},{"id":3658,"url":"https:\/\/www.altimara.eu\/blog\/2021\/06\/21\/metallurgie-proto-historique\/","url_meta":{"origin":3210,"position":2},"title":"M\u00e9tallurgie proto-historique","author":"Martiou","date":"21 juin 2021","format":false,"excerpt":"Pendant les journ\u00e9es de la pr\u00e9histoire, des ateliers anim\u00e9s par des arch\u00e9ologues ont r\u00e9alis\u00e9 des d\u00e9monstrations de m\u00e9tallurgie et du travail du cuivre. L'activit\u00e9 \u00e9tait dans le site de Cambous \u00e0 Viols-en-Laval. Ce magnifique site, sous la pr\u00e9sence du Pic-St-Loup, comporte un ensemble de cabanes n\u00e9olithiques avec une reconstitution enti\u00e8re\u2026","rel":"","context":"Dans &quot;Charbon de bois&quot;","block_context":{"text":"Charbon de bois","link":"https:\/\/www.altimara.eu\/blog\/category\/charbon-de-bois-carbon-art\/"},"img":{"alt_text":"","src":"https:\/\/i0.wp.com\/www.altimara.eu\/blog\/wp-content\/uploads\/2021\/06\/MAR6737-scaled.jpg?resize=350%2C200&ssl=1","width":350,"height":200,"srcset":"https:\/\/i0.wp.com\/www.altimara.eu\/blog\/wp-content\/uploads\/2021\/06\/MAR6737-scaled.jpg?resize=350%2C200&ssl=1 1x, https:\/\/i0.wp.com\/www.altimara.eu\/blog\/wp-content\/uploads\/2021\/06\/MAR6737-scaled.jpg?resize=525%2C300&ssl=1 1.5x, https:\/\/i0.wp.com\/www.altimara.eu\/blog\/wp-content\/uploads\/2021\/06\/MAR6737-scaled.jpg?resize=700%2C400&ssl=1 2x, https:\/\/i0.wp.com\/www.altimara.eu\/blog\/wp-content\/uploads\/2021\/06\/MAR6737-scaled.jpg?resize=1050%2C600&ssl=1 3x, https:\/\/i0.wp.com\/www.altimara.eu\/blog\/wp-content\/uploads\/2021\/06\/MAR6737-scaled.jpg?resize=1400%2C800&ssl=1 4x"},"classes":[]},{"id":4669,"url":"https:\/\/www.altimara.eu\/blog\/2025\/10\/07\/cambous-noir-charbon\/","url_meta":{"origin":3210,"position":3},"title":"Cambous noir charbon","author":"Martiou","date":"7 octobre 2025","format":false,"excerpt":"J'ai allum\u00e9 la meule le lundi matin pour une extinction le vendredi midi soit 5 jours de cuisson et donc 4 nuits. La conduite du feu s'est parfaitement r\u00e9alis\u00e9e avec cette fois ci une terre moins capricieuse. Maya, Luc et Simon ont veill\u00e9 avec attention pendant les nuits. Ils ont\u2026","rel":"","context":"Dans &quot;0- MES CHARBONNI\u00c8RES&quot;","block_context":{"text":"0- MES CHARBONNI\u00c8RES","link":"https:\/\/www.altimara.eu\/blog\/category\/mes-charbonnieres\/"},"img":{"alt_text":"","src":"https:\/\/i0.wp.com\/www.altimara.eu\/blog\/wp-content\/uploads\/2025\/10\/MA5_7424-1.jpg?resize=350%2C200&ssl=1","width":350,"height":200,"srcset":"https:\/\/i0.wp.com\/www.altimara.eu\/blog\/wp-content\/uploads\/2025\/10\/MA5_7424-1.jpg?resize=350%2C200&ssl=1 1x, https:\/\/i0.wp.com\/www.altimara.eu\/blog\/wp-content\/uploads\/2025\/10\/MA5_7424-1.jpg?resize=525%2C300&ssl=1 1.5x, https:\/\/i0.wp.com\/www.altimara.eu\/blog\/wp-content\/uploads\/2025\/10\/MA5_7424-1.jpg?resize=700%2C400&ssl=1 2x, https:\/\/i0.wp.com\/www.altimara.eu\/blog\/wp-content\/uploads\/2025\/10\/MA5_7424-1.jpg?resize=1050%2C600&ssl=1 3x"},"classes":[]},{"id":2006,"url":"https:\/\/www.altimara.eu\/blog\/2016\/09\/21\/festa-del-bosc-2\/","url_meta":{"origin":3210,"position":4},"title":"Festa Del Bosc","author":"Martiou","date":"21 septembre 2016","format":false,"excerpt":"Une manifestation fort sympathique dans les bois de la montagne noire. C'est dans une scierie, celle d'Arno, que la f\u00eate a eu lieu. Une pluie diluvienne avait d\u00e9tremp\u00e9e la terre argileuse et heureusement tous les artisans avait un bon abris dans le hangar. Sauf moi, charbonni\u00e8re oblige. faire du feu\u2026","rel":"","context":"Dans &quot;Charbon de bois&quot;","block_context":{"text":"Charbon de bois","link":"https:\/\/www.altimara.eu\/blog\/category\/charbon-de-bois-carbon-art\/"},"img":{"alt_text":"_mar1409","src":"https:\/\/i0.wp.com\/www.altimara.eu\/blog\/wp-content\/uploads\/2016\/09\/MAR1409.jpg?resize=350%2C200","width":350,"height":200,"srcset":"https:\/\/i0.wp.com\/www.altimara.eu\/blog\/wp-content\/uploads\/2016\/09\/MAR1409.jpg?resize=350%2C200 1x, https:\/\/i0.wp.com\/www.altimara.eu\/blog\/wp-content\/uploads\/2016\/09\/MAR1409.jpg?resize=525%2C300 1.5x, https:\/\/i0.wp.com\/www.altimara.eu\/blog\/wp-content\/uploads\/2016\/09\/MAR1409.jpg?resize=700%2C400 2x"},"classes":[]},{"id":4002,"url":"https:\/\/www.altimara.eu\/blog\/2023\/04\/11\/charbonniere-a-cambous\/","url_meta":{"origin":3210,"position":5},"title":"Charbonni\u00e8re \u00e0 Cambous","author":"Martiou","date":"11 avril 2023","format":false,"excerpt":"Cambous est un un site arch\u00e9ologique, proche du village de Viols-En-Laval dans l'H\u00e9raut. Ce site est remarquable par son village n\u00e9olithique, avec des fonds de cabanes bien conserv\u00e9es. Une maison de cette \u00e9poque a \u00e9t\u00e9 reconstitu\u00e9, avec un toit en chaume, qui sont des roseaux de sagnes. Le lieux sert\u2026","rel":"","context":"Dans &quot;0- MES CHARBONNI\u00c8RES&quot;","block_context":{"text":"0- MES CHARBONNI\u00c8RES","link":"https:\/\/www.altimara.eu\/blog\/category\/mes-charbonnieres\/"},"img":{"alt_text":"","src":"https:\/\/i0.wp.com\/www.altimara.eu\/blog\/wp-content\/uploads\/2023\/04\/Capture-decran-2023-04-11-a-12.46.37.jpg?resize=350%2C200&ssl=1","width":350,"height":200,"srcset":"https:\/\/i0.wp.com\/www.altimara.eu\/blog\/wp-content\/uploads\/2023\/04\/Capture-decran-2023-04-11-a-12.46.37.jpg?resize=350%2C200&ssl=1 1x, https:\/\/i0.wp.com\/www.altimara.eu\/blog\/wp-content\/uploads\/2023\/04\/Capture-decran-2023-04-11-a-12.46.37.jpg?resize=525%2C300&ssl=1 1.5x, https:\/\/i0.wp.com\/www.altimara.eu\/blog\/wp-content\/uploads\/2023\/04\/Capture-decran-2023-04-11-a-12.46.37.jpg?resize=700%2C400&ssl=1 2x, https:\/\/i0.wp.com\/www.altimara.eu\/blog\/wp-content\/uploads\/2023\/04\/Capture-decran-2023-04-11-a-12.46.37.jpg?resize=1050%2C600&ssl=1 3x, https:\/\/i0.wp.com\/www.altimara.eu\/blog\/wp-content\/uploads\/2023\/04\/Capture-decran-2023-04-11-a-12.46.37.jpg?resize=1400%2C800&ssl=1 4x"},"classes":[]}],"_links":{"self":[{"href":"https:\/\/www.altimara.eu\/blog\/wp-json\/wp\/v2\/posts\/3210","targetHints":{"allow":["GET"]}}],"collection":[{"href":"https:\/\/www.altimara.eu\/blog\/wp-json\/wp\/v2\/posts"}],"about":[{"href":"https:\/\/www.altimara.eu\/blog\/wp-json\/wp\/v2\/types\/post"}],"author":[{"embeddable":true,"href":"https:\/\/www.altimara.eu\/blog\/wp-json\/wp\/v2\/users\/3"}],"replies":[{"embeddable":true,"href":"https:\/\/www.altimara.eu\/blog\/wp-json\/wp\/v2\/comments?post=3210"}],"version-history":[{"count":0,"href":"https:\/\/www.altimara.eu\/blog\/wp-json\/wp\/v2\/posts\/3210\/revisions"}],"wp:attachment":[{"href":"https:\/\/www.altimara.eu\/blog\/wp-json\/wp\/v2\/media?parent=3210"}],"wp:term":[{"taxonomy":"category","embeddable":true,"href":"https:\/\/www.altimara.eu\/blog\/wp-json\/wp\/v2\/categories?post=3210"},{"taxonomy":"post_tag","embeddable":true,"href":"https:\/\/www.altimara.eu\/blog\/wp-json\/wp\/v2\/tags?post=3210"}],"curies":[{"name":"wp","href":"https:\/\/api.w.org\/{rel}","templated":true}]}}