{"id":3125,"date":"2019-07-08T22:42:02","date_gmt":"2019-07-08T21:42:02","guid":{"rendered":"https:\/\/www.altimara.eu\/blog\/?p=3125"},"modified":"2019-07-08T22:42:39","modified_gmt":"2019-07-08T21:42:39","slug":"glace-noire","status":"publish","type":"post","link":"https:\/\/www.altimara.eu\/blog\/2019\/07\/08\/glace-noire\/","title":{"rendered":"Glace noire"},"content":{"rendered":"\n<p>Comme promis dans l&rsquo;article sur la glace au charbon, voici une photo d&rsquo;une glace noire en Islande. Les glaciers d&rsquo;ici transportent tellement de cendres et de cailloux basaltiques que le front des langues glaciaires est tout noir.<\/p>\n\n\n\n<figure class=\"wp-block-image\"><img loading=\"lazy\" decoding=\"async\" width=\"4160\" height=\"2340\" data-attachment-id=\"3126\" data-permalink=\"https:\/\/www.altimara.eu\/blog\/2019\/07\/08\/glace-noire\/img_20190706_164315331\/\" data-orig-file=\"https:\/\/i0.wp.com\/www.altimara.eu\/blog\/wp-content\/uploads\/2019\/07\/IMG_20190706_164315331.jpg?fit=4160%2C2340&amp;ssl=1\" data-orig-size=\"4160,2340\" data-comments-opened=\"1\" data-image-meta=\"{&quot;aperture&quot;:&quot;2&quot;,&quot;credit&quot;:&quot;&quot;,&quot;camera&quot;:&quot;MotoG3&quot;,&quot;caption&quot;:&quot;&quot;,&quot;created_timestamp&quot;:&quot;1562431395&quot;,&quot;copyright&quot;:&quot;&quot;,&quot;focal_length&quot;:&quot;3.64&quot;,&quot;iso&quot;:&quot;50&quot;,&quot;shutter_speed&quot;:&quot;0.00359&quot;,&quot;title&quot;:&quot;&quot;,&quot;orientation&quot;:&quot;1&quot;}\" data-image-title=\"IMG_20190706_164315331\" data-image-description=\"\" data-image-caption=\"\" data-large-file=\"https:\/\/i0.wp.com\/www.altimara.eu\/blog\/wp-content\/uploads\/2019\/07\/IMG_20190706_164315331.jpg?fit=627%2C353&amp;ssl=1\" src=\"https:\/\/i0.wp.com\/www.altimara.eu\/blog\/wp-content\/uploads\/2019\/07\/IMG_20190706_164315331.jpg?fit=627%2C353\" alt=\"\" class=\"wp-image-3126\" srcset=\"https:\/\/i0.wp.com\/www.altimara.eu\/blog\/wp-content\/uploads\/2019\/07\/IMG_20190706_164315331.jpg?w=4160&amp;ssl=1 4160w, https:\/\/i0.wp.com\/www.altimara.eu\/blog\/wp-content\/uploads\/2019\/07\/IMG_20190706_164315331.jpg?resize=300%2C169&amp;ssl=1 300w, https:\/\/i0.wp.com\/www.altimara.eu\/blog\/wp-content\/uploads\/2019\/07\/IMG_20190706_164315331.jpg?resize=768%2C432&amp;ssl=1 768w, https:\/\/i0.wp.com\/www.altimara.eu\/blog\/wp-content\/uploads\/2019\/07\/IMG_20190706_164315331.jpg?resize=1024%2C576&amp;ssl=1 1024w, https:\/\/i0.wp.com\/www.altimara.eu\/blog\/wp-content\/uploads\/2019\/07\/IMG_20190706_164315331.jpg?w=1254&amp;ssl=1 1254w, https:\/\/i0.wp.com\/www.altimara.eu\/blog\/wp-content\/uploads\/2019\/07\/IMG_20190706_164315331.jpg?w=1881&amp;ssl=1 1881w\" sizes=\"auto, (max-width: 627px) 100vw, 627px\" \/><figcaption>Le <em>Skaftafellsj\u00f6kull<\/em><\/figcaption><\/figure>\n\n\n\n<p>Et puis de nouveaux bois flott\u00e9 plant\u00e9s \u00e0 l&rsquo;envers:<\/p>\n\n\n\n<div class=\"wp-block-image\"><figure class=\"aligncenter\"><img data-recalc-dims=\"1\" loading=\"lazy\" decoding=\"async\" width=\"319\" height=\"567\" data-attachment-id=\"3128\" data-permalink=\"https:\/\/www.altimara.eu\/blog\/2019\/07\/08\/glace-noire\/img_20190626_165750949-1\/\" data-orig-file=\"https:\/\/i0.wp.com\/www.altimara.eu\/blog\/wp-content\/uploads\/2019\/07\/IMG_20190626_165750949-1.jpg?fit=319%2C567&amp;ssl=1\" data-orig-size=\"319,567\" data-comments-opened=\"1\" data-image-meta=\"{&quot;aperture&quot;:&quot;2&quot;,&quot;credit&quot;:&quot;&quot;,&quot;camera&quot;:&quot;MotoG3&quot;,&quot;caption&quot;:&quot;&quot;,&quot;created_timestamp&quot;:&quot;1561568271&quot;,&quot;copyright&quot;:&quot;&quot;,&quot;focal_length&quot;:&quot;3.64&quot;,&quot;iso&quot;:&quot;50&quot;,&quot;shutter_speed&quot;:&quot;0.00999&quot;,&quot;title&quot;:&quot;&quot;,&quot;orientation&quot;:&quot;1&quot;}\" data-image-title=\"IMG_20190626_165750949-1\" data-image-description=\"\" data-image-caption=\"\" data-large-file=\"https:\/\/i0.wp.com\/www.altimara.eu\/blog\/wp-content\/uploads\/2019\/07\/IMG_20190626_165750949-1.jpg?fit=319%2C567&amp;ssl=1\" src=\"https:\/\/i0.wp.com\/www.altimara.eu\/blog\/wp-content\/uploads\/2019\/07\/IMG_20190626_165750949-1.jpg?resize=319%2C567\" alt=\"\" class=\"wp-image-3128\" srcset=\"https:\/\/i0.wp.com\/www.altimara.eu\/blog\/wp-content\/uploads\/2019\/07\/IMG_20190626_165750949-1.jpg?w=319&amp;ssl=1 319w, https:\/\/i0.wp.com\/www.altimara.eu\/blog\/wp-content\/uploads\/2019\/07\/IMG_20190626_165750949-1.jpg?resize=169%2C300&amp;ssl=1 169w\" sizes=\"auto, (max-width: 319px) 100vw, 319px\" \/><figcaption>Un peu commercial !!!<\/figcaption><\/figure><\/div>\n","protected":false},"excerpt":{"rendered":"<p>Comme promis dans l&rsquo;article sur la glace au charbon, voici une photo d&rsquo;une glace noire en Islande. Les glaciers d&rsquo;ici transportent tellement de cendres et de cailloux basaltiques que le front des langues glaciaires est tout noir. Et puis de nouveaux bois flott\u00e9 plant\u00e9s \u00e0 l&rsquo;envers:<\/p>\n","protected":false},"author":3,"featured_media":0,"comment_status":"open","ping_status":"open","sticky":false,"template":"","format":"standard","meta":{"ngg_post_thumbnail":0,"jetpack_post_was_ever_published":false,"_jetpack_newsletter_access":"","_jetpack_dont_email_post_to_subs":false,"_jetpack_newsletter_tier_id":0,"_jetpack_memberships_contains_paywalled_content":false,"_jetpack_memberships_contains_paid_content":false,"footnotes":"","jetpack_publicize_message":"","jetpack_publicize_feature_enabled":true,"jetpack_social_post_already_shared":true,"jetpack_social_options":{"image_generator_settings":{"template":"highway","default_image_id":0,"font":"","enabled":false},"version":2}},"categories":[5,35],"tags":[],"class_list":["post-3125","post","type-post","status-publish","format-standard","hentry","category-autre","category-bois-dislande-bois-flotte-bois-plante"],"jetpack_publicize_connections":[],"jetpack_featured_media_url":"","jetpack_shortlink":"https:\/\/wp.me\/p4r91c-Op","jetpack_sharing_enabled":true,"jetpack-related-posts":[{"id":1940,"url":"https:\/\/www.altimara.eu\/blog\/2016\/07\/23\/bois-dislande-20\/","url_meta":{"origin":3125,"position":0},"title":"Bois d&rsquo;Islande","author":"Martiou","date":"23 juillet 2016","format":false,"excerpt":"C'est dans le sud, sur la plage du beau lagon glaciaire de J\u00f6kuls\u00e1rl\u00f3n, que j'ai vu un bois flott\u00e9 au milieu des petits \"icebergs\". Cette partie de l'Islande est l\u00e9ch\u00e9e par le Gulf Stream qui r\u00e9chauffe l'ensemble des cotes. Les bois flott\u00e9s sont plut\u00f4t d'origine du golfe du Mexique. A\u2026","rel":"","context":"Dans &quot;Bois d'Islande, bois flott\u00e9, bois plant\u00e9&quot;","block_context":{"text":"Bois d'Islande, bois flott\u00e9, bois plant\u00e9","link":"https:\/\/www.altimara.eu\/blog\/category\/charbon-de-bois-islande\/bois-dislande-bois-flotte-bois-plante\/"},"img":{"alt_text":"IMG_20160712_171439523_HDR","src":"https:\/\/i0.wp.com\/www.altimara.eu\/blog\/wp-content\/uploads\/2016\/07\/IMG_20160712_171439523_HDR-1.jpg?resize=350%2C200","width":350,"height":200,"srcset":"https:\/\/i0.wp.com\/www.altimara.eu\/blog\/wp-content\/uploads\/2016\/07\/IMG_20160712_171439523_HDR-1.jpg?resize=350%2C200 1x, https:\/\/i0.wp.com\/www.altimara.eu\/blog\/wp-content\/uploads\/2016\/07\/IMG_20160712_171439523_HDR-1.jpg?resize=525%2C300 1.5x"},"classes":[]},{"id":4686,"url":"https:\/\/www.altimara.eu\/blog\/2025\/11\/17\/bois-flotte-arctique\/","url_meta":{"origin":3125,"position":1},"title":"Bois flott\u00e9 arctique","author":"Martiou","date":"17 novembre 2025","format":false,"excerpt":"Une \u00e9tude r\u00e9cente des bois flott\u00e9s dans le nord de l\u2019oc\u00e9an Atlantique m\u2019a interpell\u00e9 pour diff\u00e9rentes raisons. Depuis deux d\u00e9cennies je photographie les bois flott\u00e9s en Islande. Et dans les derni\u00e8res ann\u00e9es comme cet \u00e9t\u00e9 2025 j\u2019ai pu carboniser de ce bois sur la c\u00f4te sud. Les bois flott\u00e9s s\u2019\u00e9chouent\u2026","rel":"","context":"Dans &quot;Bois d'Islande, bois flott\u00e9, bois plant\u00e9&quot;","block_context":{"text":"Bois d'Islande, bois flott\u00e9, bois plant\u00e9","link":"https:\/\/www.altimara.eu\/blog\/category\/charbon-de-bois-islande\/bois-dislande-bois-flotte-bois-plante\/"},"img":{"alt_text":"","src":"https:\/\/i0.wp.com\/www.altimara.eu\/blog\/wp-content\/uploads\/2025\/11\/Capture-decran-2025-11-17-a-17.32.24.png?resize=350%2C200&ssl=1","width":350,"height":200,"srcset":"https:\/\/i0.wp.com\/www.altimara.eu\/blog\/wp-content\/uploads\/2025\/11\/Capture-decran-2025-11-17-a-17.32.24.png?resize=350%2C200&ssl=1 1x, https:\/\/i0.wp.com\/www.altimara.eu\/blog\/wp-content\/uploads\/2025\/11\/Capture-decran-2025-11-17-a-17.32.24.png?resize=525%2C300&ssl=1 1.5x"},"classes":[]},{"id":4460,"url":"https:\/\/www.altimara.eu\/blog\/2024\/09\/02\/lupin-is-5\/","url_meta":{"origin":3125,"position":2},"title":"Lupin.is-5","author":"Martiou","date":"2 septembre 2024","format":false,"excerpt":"C'est l'heure du grand exercice de la carbonisation, le four va-t-il fonctionner comme esp\u00e9r\u00e9 !! Pr\u00e9paration avec d\u00e9coupe du bois flott\u00e9. Les fermiers poss\u00e8dent plusieurs km de plage noire o\u00f9 les arbres provenant soit de Sib\u00e9rie, soit du golfe du Mexique s'\u00e9chouent en quantit\u00e9. Ce bois a \u00e9t\u00e9 une ressource\u2026","rel":"","context":"Dans &quot;Bois d'Islande, bois flott\u00e9, bois plant\u00e9&quot;","block_context":{"text":"Bois d'Islande, bois flott\u00e9, bois plant\u00e9","link":"https:\/\/www.altimara.eu\/blog\/category\/charbon-de-bois-islande\/bois-dislande-bois-flotte-bois-plante\/"},"img":{"alt_text":"","src":"https:\/\/i0.wp.com\/www.altimara.eu\/blog\/wp-content\/uploads\/2024\/09\/MA5_4778.jpg?resize=350%2C200&ssl=1","width":350,"height":200,"srcset":"https:\/\/i0.wp.com\/www.altimara.eu\/blog\/wp-content\/uploads\/2024\/09\/MA5_4778.jpg?resize=350%2C200&ssl=1 1x, https:\/\/i0.wp.com\/www.altimara.eu\/blog\/wp-content\/uploads\/2024\/09\/MA5_4778.jpg?resize=525%2C300&ssl=1 1.5x, https:\/\/i0.wp.com\/www.altimara.eu\/blog\/wp-content\/uploads\/2024\/09\/MA5_4778.jpg?resize=700%2C400&ssl=1 2x, https:\/\/i0.wp.com\/www.altimara.eu\/blog\/wp-content\/uploads\/2024\/09\/MA5_4778.jpg?resize=1050%2C600&ssl=1 3x, https:\/\/i0.wp.com\/www.altimara.eu\/blog\/wp-content\/uploads\/2024\/09\/MA5_4778.jpg?resize=1400%2C800&ssl=1 4x"},"classes":[]},{"id":1443,"url":"https:\/\/www.altimara.eu\/blog\/2015\/08\/28\/bois-dislande-19\/","url_meta":{"origin":3125,"position":3},"title":"Bois d&rsquo;Islande","author":"Martiou","date":"28 ao\u00fbt 2015","format":false,"excerpt":"Au pays des bois flott\u00e9s, il faut s'\u00e9chouer sur une cote \u00e0 nulle autre pareille. Des tas et des tas de bois. des longs, des courts, des droits, des tordus, etc. Le ramassage et l'empilement ont \u00e9t\u00e9 exceptionnel. Que va devenir ce bois? Le courant marin froid vient de Sib\u00e9rie.\u2026","rel":"","context":"Dans &quot;Bois d'Islande, bois flott\u00e9, bois plant\u00e9&quot;","block_context":{"text":"Bois d'Islande, bois flott\u00e9, bois plant\u00e9","link":"https:\/\/www.altimara.eu\/blog\/category\/charbon-de-bois-islande\/bois-dislande-bois-flotte-bois-plante\/"},"img":{"alt_text":"","src":"https:\/\/i0.wp.com\/www.altimara.eu\/blog\/wp-content\/uploads\/2015\/08\/courants.gif?resize=350%2C200&ssl=1","width":350,"height":200},"classes":[]},{"id":3421,"url":"https:\/\/www.altimara.eu\/blog\/2020\/08\/22\/teinture-vegetale-et-bois-flotte\/","url_meta":{"origin":3125,"position":4},"title":"Teinture v\u00e9g\u00e9tale et bois flott\u00e9","author":"Martiou","date":"22 ao\u00fbt 2020","format":false,"excerpt":"Visite de Hespa, atelier de teinture v\u00e9g\u00e9tale pr\u00e8s de la ville de Selfoss. Gudrun se passionne pour cette technique. Elle utilise des plantes locales comme le lichen, les lupins ou la rhubarbe et aussi des plus exotiques comme les cochenilles ou l'indigo. Une belle rencontre avec qui partager des affinit\u00e9s\u2026","rel":"","context":"Dans &quot;Autre&quot;","block_context":{"text":"Autre","link":"https:\/\/www.altimara.eu\/blog\/category\/autre\/"},"img":{"alt_text":"","src":"https:\/\/i0.wp.com\/www.altimara.eu\/blog\/wp-content\/uploads\/2020\/08\/IMG_20200821_131630-2.jpg?resize=350%2C200&ssl=1","width":350,"height":200,"srcset":"https:\/\/i0.wp.com\/www.altimara.eu\/blog\/wp-content\/uploads\/2020\/08\/IMG_20200821_131630-2.jpg?resize=350%2C200&ssl=1 1x, https:\/\/i0.wp.com\/www.altimara.eu\/blog\/wp-content\/uploads\/2020\/08\/IMG_20200821_131630-2.jpg?resize=525%2C300&ssl=1 1.5x, https:\/\/i0.wp.com\/www.altimara.eu\/blog\/wp-content\/uploads\/2020\/08\/IMG_20200821_131630-2.jpg?resize=700%2C400&ssl=1 2x, https:\/\/i0.wp.com\/www.altimara.eu\/blog\/wp-content\/uploads\/2020\/08\/IMG_20200821_131630-2.jpg?resize=1050%2C600&ssl=1 3x, https:\/\/i0.wp.com\/www.altimara.eu\/blog\/wp-content\/uploads\/2020\/08\/IMG_20200821_131630-2.jpg?resize=1400%2C800&ssl=1 4x"},"classes":[]},{"id":2818,"url":"https:\/\/www.altimara.eu\/blog\/2018\/08\/27\/bois-flotte-2\/","url_meta":{"origin":3125,"position":5},"title":"Bois flott\u00e9","author":"Martiou","date":"27 ao\u00fbt 2018","format":false,"excerpt":"Fin de s\u00e9jour en terre bor\u00e9ale avec un bain dans une piscine d'eau chaude naturelle dans le Strandir. Les bois flott\u00e9s s'\u00e9chouent par dizaines sur la plage qui s\u00e9pare la piscine de l'oc\u00e9an arctique, ici groenlandaise. C'est l'occasion aussi de voir des icebergs qui d\u00e9rivent comme les bois tout en\u2026","rel":"","context":"Dans &quot;Bois d'Islande, bois flott\u00e9, bois plant\u00e9&quot;","block_context":{"text":"Bois d'Islande, bois flott\u00e9, bois plant\u00e9","link":"https:\/\/www.altimara.eu\/blog\/category\/charbon-de-bois-islande\/bois-dislande-bois-flotte-bois-plante\/"},"img":{"alt_text":"","src":"https:\/\/i0.wp.com\/www.altimara.eu\/blog\/wp-content\/uploads\/2018\/08\/MAR7778.jpg?resize=350%2C200","width":350,"height":200,"srcset":"https:\/\/i0.wp.com\/www.altimara.eu\/blog\/wp-content\/uploads\/2018\/08\/MAR7778.jpg?resize=350%2C200 1x, https:\/\/i0.wp.com\/www.altimara.eu\/blog\/wp-content\/uploads\/2018\/08\/MAR7778.jpg?resize=525%2C300 1.5x, https:\/\/i0.wp.com\/www.altimara.eu\/blog\/wp-content\/uploads\/2018\/08\/MAR7778.jpg?resize=700%2C400 2x"},"classes":[]}],"_links":{"self":[{"href":"https:\/\/www.altimara.eu\/blog\/wp-json\/wp\/v2\/posts\/3125","targetHints":{"allow":["GET"]}}],"collection":[{"href":"https:\/\/www.altimara.eu\/blog\/wp-json\/wp\/v2\/posts"}],"about":[{"href":"https:\/\/www.altimara.eu\/blog\/wp-json\/wp\/v2\/types\/post"}],"author":[{"embeddable":true,"href":"https:\/\/www.altimara.eu\/blog\/wp-json\/wp\/v2\/users\/3"}],"replies":[{"embeddable":true,"href":"https:\/\/www.altimara.eu\/blog\/wp-json\/wp\/v2\/comments?post=3125"}],"version-history":[{"count":0,"href":"https:\/\/www.altimara.eu\/blog\/wp-json\/wp\/v2\/posts\/3125\/revisions"}],"wp:attachment":[{"href":"https:\/\/www.altimara.eu\/blog\/wp-json\/wp\/v2\/media?parent=3125"}],"wp:term":[{"taxonomy":"category","embeddable":true,"href":"https:\/\/www.altimara.eu\/blog\/wp-json\/wp\/v2\/categories?post=3125"},{"taxonomy":"post_tag","embeddable":true,"href":"https:\/\/www.altimara.eu\/blog\/wp-json\/wp\/v2\/tags?post=3125"}],"curies":[{"name":"wp","href":"https:\/\/api.w.org\/{rel}","templated":true}]}}