{"id":3115,"date":"2019-06-19T18:59:25","date_gmt":"2019-06-19T17:59:25","guid":{"rendered":"https:\/\/www.altimara.eu\/blog\/?p=3115"},"modified":"2019-06-19T22:11:53","modified_gmt":"2019-06-19T21:11:53","slug":"village-carbone","status":"publish","type":"post","link":"https:\/\/www.altimara.eu\/blog\/2019\/06\/19\/village-carbone\/","title":{"rendered":"Village carbon\u00e9"},"content":{"rendered":"\n<p>Comment ne pas passer quelques temps dans un village qui s&rsquo;appelle \u00ab\u00a0Charbonni\u00e8res-Les-Vieilles\u00a0\u00bb. A l&rsquo;occasion d&rsquo;un s\u00e9jour dans les volcans d&rsquo;Auvergne, je n&rsquo;ai pas r\u00e9sist\u00e9 \u00e0 m\u2019arr\u00eater dans ce joli village. Bien sur plusieurs questions cherchaient des r\u00e9ponses, quel est le nom des habitants et pourquoi ce nom de charbonni\u00e8res (Vieilles a comme origine <em>Ville<\/em>, latin <em>Villa<\/em>, donc domaine rural Gallo-romain).<\/p>\n\n\n\n<figure class=\"wp-block-image\"><img data-recalc-dims=\"1\" loading=\"lazy\" decoding=\"async\" width=\"627\" height=\"418\" data-attachment-id=\"3117\" data-permalink=\"https:\/\/www.altimara.eu\/blog\/2019\/06\/19\/village-carbone\/mar9964\/\" data-orig-file=\"https:\/\/i0.wp.com\/www.altimara.eu\/blog\/wp-content\/uploads\/2019\/06\/MAR9964.jpg?fit=1000%2C667&amp;ssl=1\" data-orig-size=\"1000,667\" data-comments-opened=\"1\" data-image-meta=\"{&quot;aperture&quot;:&quot;20&quot;,&quot;credit&quot;:&quot;ACQUARONE Martial&quot;,&quot;camera&quot;:&quot;NIKON D800&quot;,&quot;caption&quot;:&quot;&quot;,&quot;created_timestamp&quot;:&quot;1558345860&quot;,&quot;copyright&quot;:&quot;ACQUARONE Martial&quot;,&quot;focal_length&quot;:&quot;70&quot;,&quot;iso&quot;:&quot;800&quot;,&quot;shutter_speed&quot;:&quot;0.00625&quot;,&quot;title&quot;:&quot;&quot;,&quot;orientation&quot;:&quot;0&quot;}\" data-image-title=\"MAR9964\" data-image-description=\"\" data-image-caption=\"\" data-large-file=\"https:\/\/i0.wp.com\/www.altimara.eu\/blog\/wp-content\/uploads\/2019\/06\/MAR9964.jpg?fit=627%2C418&amp;ssl=1\" src=\"https:\/\/i0.wp.com\/www.altimara.eu\/blog\/wp-content\/uploads\/2019\/06\/MAR9964.jpg?resize=627%2C418\" alt=\"\" class=\"wp-image-3117\" srcset=\"https:\/\/i0.wp.com\/www.altimara.eu\/blog\/wp-content\/uploads\/2019\/06\/MAR9964.jpg?w=1000&amp;ssl=1 1000w, https:\/\/i0.wp.com\/www.altimara.eu\/blog\/wp-content\/uploads\/2019\/06\/MAR9964.jpg?resize=300%2C200&amp;ssl=1 300w, https:\/\/i0.wp.com\/www.altimara.eu\/blog\/wp-content\/uploads\/2019\/06\/MAR9964.jpg?resize=768%2C512&amp;ssl=1 768w\" sizes=\"auto, (max-width: 627px) 100vw, 627px\" \/><\/figure>\n\n\n\n<figure class=\"wp-block-image\"><img loading=\"lazy\" decoding=\"async\" width=\"1234\" height=\"1084\" data-attachment-id=\"3116\" data-permalink=\"https:\/\/www.altimara.eu\/blog\/2019\/06\/19\/village-carbone\/capture-decran-2019-06-19-a-17-14-54\/\" data-orig-file=\"https:\/\/i0.wp.com\/www.altimara.eu\/blog\/wp-content\/uploads\/2019\/06\/Capture-d%E2%80%99e%CC%81cran-2019-06-19-a%CC%80-17.14.54.png?fit=1234%2C1084&amp;ssl=1\" data-orig-size=\"1234,1084\" data-comments-opened=\"1\" data-image-meta=\"{&quot;aperture&quot;:&quot;0&quot;,&quot;credit&quot;:&quot;&quot;,&quot;camera&quot;:&quot;&quot;,&quot;caption&quot;:&quot;&quot;,&quot;created_timestamp&quot;:&quot;0&quot;,&quot;copyright&quot;:&quot;&quot;,&quot;focal_length&quot;:&quot;0&quot;,&quot;iso&quot;:&quot;0&quot;,&quot;shutter_speed&quot;:&quot;0&quot;,&quot;title&quot;:&quot;&quot;,&quot;orientation&quot;:&quot;0&quot;}\" data-image-title=\"Capture-d\u2019e\u0301cran-2019-06-19-a\u0300-17.14.54\" data-image-description=\"\" data-image-caption=\"\" data-large-file=\"https:\/\/i0.wp.com\/www.altimara.eu\/blog\/wp-content\/uploads\/2019\/06\/Capture-d%E2%80%99e%CC%81cran-2019-06-19-a%CC%80-17.14.54.png?fit=627%2C551&amp;ssl=1\" src=\"https:\/\/i2.wp.com\/www.altimara.eu\/blog\/wp-content\/uploads\/2019\/06\/Capture-d\u2019e\u0301cran-2019-06-19-a\u0300-17.14.54.png?fit=627%2C551\" alt=\"\" class=\"wp-image-3116\" srcset=\"https:\/\/i0.wp.com\/www.altimara.eu\/blog\/wp-content\/uploads\/2019\/06\/Capture-d%E2%80%99e%CC%81cran-2019-06-19-a%CC%80-17.14.54.png?w=1234&amp;ssl=1 1234w, https:\/\/i0.wp.com\/www.altimara.eu\/blog\/wp-content\/uploads\/2019\/06\/Capture-d%E2%80%99e%CC%81cran-2019-06-19-a%CC%80-17.14.54.png?resize=300%2C264&amp;ssl=1 300w, https:\/\/i0.wp.com\/www.altimara.eu\/blog\/wp-content\/uploads\/2019\/06\/Capture-d%E2%80%99e%CC%81cran-2019-06-19-a%CC%80-17.14.54.png?resize=768%2C675&amp;ssl=1 768w, https:\/\/i0.wp.com\/www.altimara.eu\/blog\/wp-content\/uploads\/2019\/06\/Capture-d%E2%80%99e%CC%81cran-2019-06-19-a%CC%80-17.14.54.png?resize=1024%2C900&amp;ssl=1 1024w\" sizes=\"auto, (max-width: 627px) 100vw, 627px\" \/><\/figure>\n\n\n\n<p>Peu de r\u00e9ponses, il n&rsquo;y a pas de gentil\u00e9 d\u00e9fini pour nommer les habitants. Pas loin de l\u00e0, dans un autre village, Charbonni\u00e8res-Les-Varennes, les habitants ont comme d\u00e9signation: les Coupaux (cf. article <a rel=\"noreferrer noopener\" aria-label=\"https:\/\/www.altimara.eu\/blog\/?p=1838 (s\u2019ouvre dans un nouvel onglet)\" href=\"https:\/\/www.altimara.eu\/blog\/?p=1838\" target=\"_blank\">https:\/\/www.altimara.eu\/blog\/?p=1838<\/a>).<\/p>\n\n\n\n<p>La m\u00e9moire de l&rsquo;activit\u00e9 du charbon de bois s&rsquo;est un peu perdue. Nous avons questionn\u00e9 quelques habitants, au troquet du coin, mais personnes ne se rappelle vraiment. Un indice \u00e0 l&rsquo;une des entr\u00e9es du village, un four en fer de type Magnien (souvenir de la Seconde Guerre Mondiale?), d\u00e9core un carrefour.<\/p>\n\n\n\n<figure class=\"wp-block-image\"><img data-recalc-dims=\"1\" loading=\"lazy\" decoding=\"async\" width=\"627\" height=\"418\" data-attachment-id=\"3118\" data-permalink=\"https:\/\/www.altimara.eu\/blog\/2019\/06\/19\/village-carbone\/mar9962\/\" data-orig-file=\"https:\/\/i0.wp.com\/www.altimara.eu\/blog\/wp-content\/uploads\/2019\/06\/MAR9962.jpg?fit=1000%2C667&amp;ssl=1\" data-orig-size=\"1000,667\" data-comments-opened=\"1\" data-image-meta=\"{&quot;aperture&quot;:&quot;20&quot;,&quot;credit&quot;:&quot;ACQUARONE Martial&quot;,&quot;camera&quot;:&quot;NIKON D800&quot;,&quot;caption&quot;:&quot;&quot;,&quot;created_timestamp&quot;:&quot;1558345796&quot;,&quot;copyright&quot;:&quot;ACQUARONE Martial&quot;,&quot;focal_length&quot;:&quot;70&quot;,&quot;iso&quot;:&quot;800&quot;,&quot;shutter_speed&quot;:&quot;0.0125&quot;,&quot;title&quot;:&quot;&quot;,&quot;orientation&quot;:&quot;0&quot;}\" data-image-title=\"MAR9962\" data-image-description=\"\" data-image-caption=\"\" data-large-file=\"https:\/\/i0.wp.com\/www.altimara.eu\/blog\/wp-content\/uploads\/2019\/06\/MAR9962.jpg?fit=627%2C418&amp;ssl=1\" src=\"https:\/\/i0.wp.com\/www.altimara.eu\/blog\/wp-content\/uploads\/2019\/06\/MAR9962.jpg?resize=627%2C418\" alt=\"\" class=\"wp-image-3118\" srcset=\"https:\/\/i0.wp.com\/www.altimara.eu\/blog\/wp-content\/uploads\/2019\/06\/MAR9962.jpg?w=1000&amp;ssl=1 1000w, https:\/\/i0.wp.com\/www.altimara.eu\/blog\/wp-content\/uploads\/2019\/06\/MAR9962.jpg?resize=300%2C200&amp;ssl=1 300w, https:\/\/i0.wp.com\/www.altimara.eu\/blog\/wp-content\/uploads\/2019\/06\/MAR9962.jpg?resize=768%2C512&amp;ssl=1 768w\" sizes=\"auto, (max-width: 627px) 100vw, 627px\" \/><\/figure>\n\n\n\n<p>Voil\u00e0 un endroit o\u00f9 il serait bon de restituer la m\u00e9moire (Je pense que certains habitants ont des t\u00e9moignages \u00e0 nous livrer) en organisant une f\u00eate des charbonniers avec une belle carbonisation. Le bois ne manque pas dans la r\u00e9gion.<\/p>\n\n\n\n<p>Il y a \u00e0 proximit\u00e9 un magnifique lac de crat\u00e8re, le Gour de Tazenat, qui est issu d&rsquo;une \u00e9ruption phr\u00e9atomagnatique, un Maar, la rencontre de l&rsquo;eau et du magna. <\/p>\n\n\n\n<p>Une magnifique r\u00e9gion \u00e0 visiter.<\/p>\n","protected":false},"excerpt":{"rendered":"<p>Comment ne pas passer quelques temps dans un village qui s&rsquo;appelle \u00ab\u00a0Charbonni\u00e8res-Les-Vieilles\u00a0\u00bb. A l&rsquo;occasion d&rsquo;un s\u00e9jour dans les volcans d&rsquo;Auvergne, je n&rsquo;ai pas r\u00e9sist\u00e9 \u00e0 m\u2019arr\u00eater dans ce joli village. Bien sur plusieurs questions cherchaient des r\u00e9ponses, quel est le nom des habitants et pourquoi ce nom de charbonni\u00e8res (Vieilles a comme origine Ville, latin [&hellip;]<\/p>\n","protected":false},"author":3,"featured_media":0,"comment_status":"open","ping_status":"open","sticky":false,"template":"","format":"standard","meta":{"ngg_post_thumbnail":0,"jetpack_post_was_ever_published":false,"_jetpack_newsletter_access":"","_jetpack_dont_email_post_to_subs":false,"_jetpack_newsletter_tier_id":0,"_jetpack_memberships_contains_paywalled_content":false,"_jetpack_memberships_contains_paid_content":false,"footnotes":"","jetpack_publicize_message":"","jetpack_publicize_feature_enabled":true,"jetpack_social_post_already_shared":true,"jetpack_social_options":{"image_generator_settings":{"template":"highway","default_image_id":0,"font":"","enabled":false},"version":2}},"categories":[1],"tags":[],"class_list":["post-3115","post","type-post","status-publish","format-standard","hentry","category-non-classe"],"jetpack_publicize_connections":[],"jetpack_featured_media_url":"","jetpack_shortlink":"https:\/\/wp.me\/p4r91c-Of","jetpack_sharing_enabled":true,"jetpack-related-posts":[{"id":1838,"url":"https:\/\/www.altimara.eu\/blog\/2016\/10\/15\/village-charbonnieres-2\/","url_meta":{"origin":3115,"position":0},"title":"Villages Charbonni\u00e8res","author":"Martiou","date":"15 octobre 2016","format":false,"excerpt":"Dans le post (article) \"https:\/\/www.altimara.eu\/blog\/?p=1209\", j'ai pr\u00e9sent\u00e9 le village Charbonni\u00e8res dont les heureux habitants se nomment Charbonnier (i\u00e8re). Il y a en France plusieurs villages portant ce nom: Charbonni\u00e8res, est un petit village fran\u00e7ais, situ\u00e9 dans le d\u00e9partement d'Eure-et-Loir et la r\u00e9gion du Centre-Val de Loire. Ses habitants sont appel\u00e9s\u2026","rel":"","context":"Dans &quot;Autre&quot;","block_context":{"text":"Autre","link":"https:\/\/www.altimara.eu\/blog\/category\/autre\/"},"img":{"alt_text":"pohkpoogefedqp7-725-220","src":"https:\/\/i0.wp.com\/www.altimara.eu\/blog\/wp-content\/uploads\/2016\/09\/pohkpoogefedqp7-725-220.jpg?resize=350%2C200","width":350,"height":200,"srcset":"https:\/\/i0.wp.com\/www.altimara.eu\/blog\/wp-content\/uploads\/2016\/09\/pohkpoogefedqp7-725-220.jpg?resize=350%2C200 1x, https:\/\/i0.wp.com\/www.altimara.eu\/blog\/wp-content\/uploads\/2016\/09\/pohkpoogefedqp7-725-220.jpg?resize=525%2C300 1.5x, https:\/\/i0.wp.com\/www.altimara.eu\/blog\/wp-content\/uploads\/2016\/09\/pohkpoogefedqp7-725-220.jpg?resize=700%2C400 2x"},"classes":[]},{"id":1209,"url":"https:\/\/www.altimara.eu\/blog\/2015\/02\/17\/village-charbonnieres\/","url_meta":{"origin":3115,"position":1},"title":"Village Charbonni\u00e8res","author":"Martiou","date":"17 f\u00e9vrier 2015","format":false,"excerpt":"Un petit tour de France des villages ou lieux dit \"charbonni\u00e8res\" ou assimil\u00e9s. Commen\u00e7ons par un petit village dont les habitants ont la chance de s'appeler Charbonnier et Charbonni\u00e8re. Charbonni\u00e8res\u00a0est un petit village fran\u00e7ais, situ\u00e9 dans\u00a0le d\u00e9partement d'Eure-et-Loir\u00a0et\u00a0la r\u00e9gion du Centre. Ses habitants sont appel\u00e9s les Charbonniers et les Charbonni\u00e8res.La\u2026","rel":"","context":"Dans &quot;Autre&quot;","block_context":{"text":"Autre","link":"https:\/\/www.altimara.eu\/blog\/category\/autre\/"},"img":{"alt_text":"panneau-charbonnieres-71","src":"https:\/\/i0.wp.com\/www.altimara.eu\/blog\/wp-content\/uploads\/2015\/02\/panneau-charbonnieres-71.png?resize=350%2C200&ssl=1","width":350,"height":200},"classes":[]},{"id":3933,"url":"https:\/\/www.altimara.eu\/blog\/2022\/08\/03\/village-de-bourgogne\/","url_meta":{"origin":3115,"position":2},"title":"Village de Bourgogne","author":"Martiou","date":"3 ao\u00fbt 2022","format":false,"excerpt":"De passage dans cette belle r\u00e9gion aux grands noms de domaines viticoles, je ne pouvais pas rater un village qui s'appelle CHARBONNI\u00c8RES. L'activit\u00e9 du charbon de bois a totalement disparu et je n'ai pas trouv\u00e9 de vestiges non plus. Ce petit village, environ 300 \u00e2mes, est constitu\u00e9 de 4 hameaux.\u2026","rel":"","context":"Dans &quot;Charbon de bois&quot;","block_context":{"text":"Charbon de bois","link":"https:\/\/www.altimara.eu\/blog\/category\/charbon-de-bois-carbon-art\/"},"img":{"alt_text":"","src":"https:\/\/i0.wp.com\/www.altimara.eu\/blog\/wp-content\/uploads\/2022\/08\/IMG_20220731_122254-2.jpg?resize=350%2C200&ssl=1","width":350,"height":200,"srcset":"https:\/\/i0.wp.com\/www.altimara.eu\/blog\/wp-content\/uploads\/2022\/08\/IMG_20220731_122254-2.jpg?resize=350%2C200&ssl=1 1x, https:\/\/i0.wp.com\/www.altimara.eu\/blog\/wp-content\/uploads\/2022\/08\/IMG_20220731_122254-2.jpg?resize=525%2C300&ssl=1 1.5x, https:\/\/i0.wp.com\/www.altimara.eu\/blog\/wp-content\/uploads\/2022\/08\/IMG_20220731_122254-2.jpg?resize=700%2C400&ssl=1 2x, https:\/\/i0.wp.com\/www.altimara.eu\/blog\/wp-content\/uploads\/2022\/08\/IMG_20220731_122254-2.jpg?resize=1050%2C600&ssl=1 3x"},"classes":[]},{"id":4259,"url":"https:\/\/www.altimara.eu\/blog\/2024\/03\/14\/villaines-mais-belles\/","url_meta":{"origin":3115,"position":3},"title":"Villaines mais belles","author":"Martiou","date":"14 mars 2024","format":false,"excerpt":"Petit s\u00e9jour en Anjou, pas loin de la Loire avec ses ch\u00e2teaux, dans la petite ville de Villaines-Les-Rochers, capitale de la vannerie. Dans la rue principale les maisons accol\u00e9es \u00e0 une sorte de colline plate ont toutes des extensions troglodytiques. Creus\u00e9es dans le tuffeau, ces petites pi\u00e8ces servaient d'habitations et\u2026","rel":"","context":"Dans &quot;charbonnier en france&quot;","block_context":{"text":"charbonnier en france","link":"https:\/\/www.altimara.eu\/blog\/category\/charbonnier-en-france\/"},"img":{"alt_text":"","src":"https:\/\/i0.wp.com\/www.altimara.eu\/blog\/wp-content\/uploads\/2024\/03\/MA5_3220.jpg?resize=350%2C200&ssl=1","width":350,"height":200,"srcset":"https:\/\/i0.wp.com\/www.altimara.eu\/blog\/wp-content\/uploads\/2024\/03\/MA5_3220.jpg?resize=350%2C200&ssl=1 1x, https:\/\/i0.wp.com\/www.altimara.eu\/blog\/wp-content\/uploads\/2024\/03\/MA5_3220.jpg?resize=525%2C300&ssl=1 1.5x, https:\/\/i0.wp.com\/www.altimara.eu\/blog\/wp-content\/uploads\/2024\/03\/MA5_3220.jpg?resize=700%2C400&ssl=1 2x, https:\/\/i0.wp.com\/www.altimara.eu\/blog\/wp-content\/uploads\/2024\/03\/MA5_3220.jpg?resize=1050%2C600&ssl=1 3x, https:\/\/i0.wp.com\/www.altimara.eu\/blog\/wp-content\/uploads\/2024\/03\/MA5_3220.jpg?resize=1400%2C800&ssl=1 4x"},"classes":[]},{"id":1790,"url":"https:\/\/www.altimara.eu\/blog\/2016\/04\/18\/terrasses-gellone\/","url_meta":{"origin":3115,"position":4},"title":"Terrasses Gellone","author":"Martiou","date":"18 avril 2016","format":false,"excerpt":"Carbonisation en vall\u00e9e de l'H\u00e9rault, au lieu dit de Brunan, juste avant le village m\u00e9di\u00e9val de St-Guilhem-le-D\u00e9sert. L'emplacement de carbonisation \u00e9tait sur une des trois \"terrasses\", o\u00f9 se cultivait des oliviers et de la vigne. Seule l'olivette est rest\u00e9e. En contre bas, les puissants b\u00e2timents d\u00e9labr\u00e9s d'anciens moulins \u00e0 eau,\u2026","rel":"","context":"Dans &quot;Charbon de bois&quot;","block_context":{"text":"Charbon de bois","link":"https:\/\/www.altimara.eu\/blog\/category\/charbon-de-bois-carbon-art\/"},"img":{"alt_text":"_MAR9842","src":"https:\/\/i0.wp.com\/www.altimara.eu\/blog\/wp-content\/uploads\/2016\/04\/MAR9842.jpg?resize=350%2C200","width":350,"height":200,"srcset":"https:\/\/i0.wp.com\/www.altimara.eu\/blog\/wp-content\/uploads\/2016\/04\/MAR9842.jpg?resize=350%2C200 1x, https:\/\/i0.wp.com\/www.altimara.eu\/blog\/wp-content\/uploads\/2016\/04\/MAR9842.jpg?resize=525%2C300 1.5x, https:\/\/i0.wp.com\/www.altimara.eu\/blog\/wp-content\/uploads\/2016\/04\/MAR9842.jpg?resize=700%2C400 2x"},"classes":[]},{"id":2241,"url":"https:\/\/www.altimara.eu\/blog\/2017\/03\/30\/parcours-sensoriel-charbonniere\/","url_meta":{"origin":3115,"position":5},"title":"Parcours sensoriel charbonni\u00e8re","author":"Martiou","date":"30 mars 2017","format":false,"excerpt":"La for\u00eat en Bretagne est souvent synonyme de contes et d'enchanteurs. Celle de Brocielande, abrite le tombeau de Merlin et la source de jouvence. Pas tr\u00e8s loin au village de Paimpont, on peut visiter l'\u00e9comus\u00e9e des anciennes forges. Et qui dit m\u00e9tallurgie, pense charbon de bois. La m\u00e9moire des charbonniers\u2026","rel":"","context":"Dans &quot;Charbon de bois&quot;","block_context":{"text":"Charbon de bois","link":"https:\/\/www.altimara.eu\/blog\/category\/charbon-de-bois-carbon-art\/"},"img":{"alt_text":"","src":"https:\/\/i0.wp.com\/www.altimara.eu\/blog\/wp-content\/uploads\/2017\/03\/IMG_20170323_115033615_HDR-300x169.jpg?resize=350%2C200","width":350,"height":200},"classes":[]}],"_links":{"self":[{"href":"https:\/\/www.altimara.eu\/blog\/wp-json\/wp\/v2\/posts\/3115","targetHints":{"allow":["GET"]}}],"collection":[{"href":"https:\/\/www.altimara.eu\/blog\/wp-json\/wp\/v2\/posts"}],"about":[{"href":"https:\/\/www.altimara.eu\/blog\/wp-json\/wp\/v2\/types\/post"}],"author":[{"embeddable":true,"href":"https:\/\/www.altimara.eu\/blog\/wp-json\/wp\/v2\/users\/3"}],"replies":[{"embeddable":true,"href":"https:\/\/www.altimara.eu\/blog\/wp-json\/wp\/v2\/comments?post=3115"}],"version-history":[{"count":0,"href":"https:\/\/www.altimara.eu\/blog\/wp-json\/wp\/v2\/posts\/3115\/revisions"}],"wp:attachment":[{"href":"https:\/\/www.altimara.eu\/blog\/wp-json\/wp\/v2\/media?parent=3115"}],"wp:term":[{"taxonomy":"category","embeddable":true,"href":"https:\/\/www.altimara.eu\/blog\/wp-json\/wp\/v2\/categories?post=3115"},{"taxonomy":"post_tag","embeddable":true,"href":"https:\/\/www.altimara.eu\/blog\/wp-json\/wp\/v2\/tags?post=3115"}],"curies":[{"name":"wp","href":"https:\/\/api.w.org\/{rel}","templated":true}]}}