{"id":3089,"date":"2019-05-30T21:24:50","date_gmt":"2019-05-30T20:24:50","guid":{"rendered":"https:\/\/www.altimara.eu\/blog\/?p=3089"},"modified":"2019-06-12T17:41:39","modified_gmt":"2019-06-12T16:41:39","slug":"jean-2019","status":"publish","type":"post","link":"https:\/\/www.altimara.eu\/blog\/2019\/05\/30\/jean-2019\/","title":{"rendered":"Jean 2019"},"content":{"rendered":"\n<p>Un vent \u00e0 d\u00e9corner les taureaux a retard\u00e9 l&rsquo;allumage des charbonni\u00e8res. Jean, Krem et toute l&rsquo;\u00e9quipe avaient pr\u00e9par\u00e9 la meule. Pour ma part, j&rsquo;avais creus\u00e9 courageusement un plus grand trou que l&rsquo;ann\u00e9e derni\u00e8re \u00e0 l&#8217;emplacement de la charbonni\u00e8re en fosse. Elle \u00e9tait pr\u00eate avec son bois sous la terre. Enfin et apr\u00e8s accord des pompiers, nous avons allum\u00e9 conjointement nos \u00ab\u00a0fourneaux\u00a0\u00bb. Carbonisation en marche !<\/p>\n\n\n\n<figure class=\"wp-block-image\"><img data-recalc-dims=\"1\" loading=\"lazy\" decoding=\"async\" width=\"627\" height=\"418\" data-attachment-id=\"3090\" data-permalink=\"https:\/\/www.altimara.eu\/blog\/2019\/05\/30\/jean-2019\/mar9835\/\" data-orig-file=\"https:\/\/i0.wp.com\/www.altimara.eu\/blog\/wp-content\/uploads\/2019\/05\/MAR9835.jpg?fit=1000%2C667&amp;ssl=1\" data-orig-size=\"1000,667\" data-comments-opened=\"1\" data-image-meta=\"{&quot;aperture&quot;:&quot;10&quot;,&quot;credit&quot;:&quot;ACQUARONE Martial&quot;,&quot;camera&quot;:&quot;NIKON D800&quot;,&quot;caption&quot;:&quot;&quot;,&quot;created_timestamp&quot;:&quot;1557906342&quot;,&quot;copyright&quot;:&quot;ACQUARONE Martial&quot;,&quot;focal_length&quot;:&quot;32&quot;,&quot;iso&quot;:&quot;800&quot;,&quot;shutter_speed&quot;:&quot;0.003125&quot;,&quot;title&quot;:&quot;&quot;,&quot;orientation&quot;:&quot;0&quot;}\" data-image-title=\"MAR9835\" data-image-description=\"\" data-image-caption=\"\" data-large-file=\"https:\/\/i0.wp.com\/www.altimara.eu\/blog\/wp-content\/uploads\/2019\/05\/MAR9835.jpg?fit=627%2C418&amp;ssl=1\" src=\"https:\/\/i0.wp.com\/www.altimara.eu\/blog\/wp-content\/uploads\/2019\/05\/MAR9835.jpg?resize=627%2C418\" alt=\"\" class=\"wp-image-3090\" srcset=\"https:\/\/i0.wp.com\/www.altimara.eu\/blog\/wp-content\/uploads\/2019\/05\/MAR9835.jpg?w=1000&amp;ssl=1 1000w, https:\/\/i0.wp.com\/www.altimara.eu\/blog\/wp-content\/uploads\/2019\/05\/MAR9835.jpg?resize=300%2C200&amp;ssl=1 300w, https:\/\/i0.wp.com\/www.altimara.eu\/blog\/wp-content\/uploads\/2019\/05\/MAR9835.jpg?resize=768%2C512&amp;ssl=1 768w\" sizes=\"auto, (max-width: 627px) 100vw, 627px\" \/><\/figure>\n\n\n\n<p>Entre temps des classes scolaires nous ont rendu visite. Un atelier pain a aussi bien fonctionn\u00e9 avec le grand four et l&rsquo;\u00e9nergie de Lisa et Simon. Bien sur les marteaux n&rsquo;ont pas arr\u00eat\u00e9 de taper, actionn\u00e9 par les bras vigoureux des forgerons et forgeronnes. Une superbe structure en bambou a \u00e9tait construite en 3 jours, du beau travail. L&rsquo;atelier vannerie a \u00e9t\u00e9 un bon moment pour Martine qui a pu avec Simon, \u00e9l\u00e8ve studieux et dou\u00e9, fabriquer une grosse manne.<\/p>\n\n\n\n<figure class=\"wp-block-image\"><img data-recalc-dims=\"1\" loading=\"lazy\" decoding=\"async\" width=\"627\" height=\"418\" data-attachment-id=\"3091\" data-permalink=\"https:\/\/www.altimara.eu\/blog\/2019\/05\/30\/jean-2019\/mar9942\/\" data-orig-file=\"https:\/\/i0.wp.com\/www.altimara.eu\/blog\/wp-content\/uploads\/2019\/05\/MAR9942.jpg?fit=1000%2C667&amp;ssl=1\" data-orig-size=\"1000,667\" data-comments-opened=\"1\" data-image-meta=\"{&quot;aperture&quot;:&quot;11&quot;,&quot;credit&quot;:&quot;ACQUARONE Martial&quot;,&quot;camera&quot;:&quot;NIKON D800&quot;,&quot;caption&quot;:&quot;&quot;,&quot;created_timestamp&quot;:&quot;1558192519&quot;,&quot;copyright&quot;:&quot;ACQUARONE Martial&quot;,&quot;focal_length&quot;:&quot;32&quot;,&quot;iso&quot;:&quot;800&quot;,&quot;shutter_speed&quot;:&quot;0.025&quot;,&quot;title&quot;:&quot;&quot;,&quot;orientation&quot;:&quot;0&quot;}\" data-image-title=\"MAR9942\" data-image-description=\"\" data-image-caption=\"\" data-large-file=\"https:\/\/i0.wp.com\/www.altimara.eu\/blog\/wp-content\/uploads\/2019\/05\/MAR9942.jpg?fit=627%2C418&amp;ssl=1\" src=\"https:\/\/i0.wp.com\/www.altimara.eu\/blog\/wp-content\/uploads\/2019\/05\/MAR9942.jpg?resize=627%2C418\" alt=\"\" class=\"wp-image-3091\" srcset=\"https:\/\/i0.wp.com\/www.altimara.eu\/blog\/wp-content\/uploads\/2019\/05\/MAR9942.jpg?w=1000&amp;ssl=1 1000w, https:\/\/i0.wp.com\/www.altimara.eu\/blog\/wp-content\/uploads\/2019\/05\/MAR9942.jpg?resize=300%2C200&amp;ssl=1 300w, https:\/\/i0.wp.com\/www.altimara.eu\/blog\/wp-content\/uploads\/2019\/05\/MAR9942.jpg?resize=768%2C512&amp;ssl=1 768w\" sizes=\"auto, (max-width: 627px) 100vw, 627px\" \/><figcaption>Et un brin d&rsquo;Occitanie.<\/figcaption><\/figure>\n\n\n\n<p>Cette f\u00eate de la charbonni\u00e8re attire de nombreux jeunes qui veulent apprendre ou se perfectionner \u00e0 la forge. L&rsquo;ambiance est joyeuse et tr\u00e8s amicale et les anciens, comme moi, appr\u00e9cions cette \u00e9nergie en \u00e9closion. <\/p>\n\n\n\n<p>Le besoin de transmission se concr\u00e9tise et il est heureux de voir ces jeunes gens s&rsquo;int\u00e9resser autant \u00e0 ces vieux savoir faire. C&rsquo;est assez rare et donc important de le signaler.<\/p>\n\n\n\n<figure class=\"wp-block-image\"><img data-recalc-dims=\"1\" loading=\"lazy\" decoding=\"async\" width=\"627\" height=\"418\" data-attachment-id=\"3092\" data-permalink=\"https:\/\/www.altimara.eu\/blog\/2019\/05\/30\/jean-2019\/mar9919\/\" data-orig-file=\"https:\/\/i0.wp.com\/www.altimara.eu\/blog\/wp-content\/uploads\/2019\/05\/MAR9919.jpg?fit=1000%2C667&amp;ssl=1\" data-orig-size=\"1000,667\" data-comments-opened=\"1\" data-image-meta=\"{&quot;aperture&quot;:&quot;11&quot;,&quot;credit&quot;:&quot;ACQUARONE Martial&quot;,&quot;camera&quot;:&quot;NIKON D800&quot;,&quot;caption&quot;:&quot;&quot;,&quot;created_timestamp&quot;:&quot;1558190451&quot;,&quot;copyright&quot;:&quot;ACQUARONE Martial&quot;,&quot;focal_length&quot;:&quot;24&quot;,&quot;iso&quot;:&quot;800&quot;,&quot;shutter_speed&quot;:&quot;0.0008&quot;,&quot;title&quot;:&quot;&quot;,&quot;orientation&quot;:&quot;0&quot;}\" data-image-title=\"MAR9919\" data-image-description=\"\" data-image-caption=\"\" data-large-file=\"https:\/\/i0.wp.com\/www.altimara.eu\/blog\/wp-content\/uploads\/2019\/05\/MAR9919.jpg?fit=627%2C418&amp;ssl=1\" src=\"https:\/\/i0.wp.com\/www.altimara.eu\/blog\/wp-content\/uploads\/2019\/05\/MAR9919.jpg?resize=627%2C418\" alt=\"\" class=\"wp-image-3092\" srcset=\"https:\/\/i0.wp.com\/www.altimara.eu\/blog\/wp-content\/uploads\/2019\/05\/MAR9919.jpg?w=1000&amp;ssl=1 1000w, https:\/\/i0.wp.com\/www.altimara.eu\/blog\/wp-content\/uploads\/2019\/05\/MAR9919.jpg?resize=300%2C200&amp;ssl=1 300w, https:\/\/i0.wp.com\/www.altimara.eu\/blog\/wp-content\/uploads\/2019\/05\/MAR9919.jpg?resize=768%2C512&amp;ssl=1 768w\" sizes=\"auto, (max-width: 627px) 100vw, 627px\" \/><figcaption>La charbonni\u00e8re en fosse avant ouverture.<\/figcaption><\/figure>\n\n\n\n<p>Encore une belle f\u00eate, une \u00e9quipe h\u00e9t\u00e9rog\u00e8ne mais dynamique, de belles rencontres, la magie charbon a encore fonctionn\u00e9. <\/p>\n\n\n\n<p>Merci Jean.<\/p>\n\n\n\nngg_shortcode_0_placeholder\n","protected":false},"excerpt":{"rendered":"<p>Un vent \u00e0 d\u00e9corner les taureaux a retard\u00e9 l&rsquo;allumage des charbonni\u00e8res. Jean, Krem et toute l&rsquo;\u00e9quipe avaient pr\u00e9par\u00e9 la meule. Pour ma part, j&rsquo;avais creus\u00e9 courageusement un plus grand trou que l&rsquo;ann\u00e9e derni\u00e8re \u00e0 l&#8217;emplacement de la charbonni\u00e8re en fosse. Elle \u00e9tait pr\u00eate avec son bois sous la terre. Enfin et apr\u00e8s accord des pompiers, [&hellip;]<\/p>\n","protected":false},"author":3,"featured_media":0,"comment_status":"open","ping_status":"open","sticky":false,"template":"","format":"standard","meta":{"ngg_post_thumbnail":0,"jetpack_post_was_ever_published":false,"_jetpack_newsletter_access":"","_jetpack_dont_email_post_to_subs":false,"_jetpack_newsletter_tier_id":0,"_jetpack_memberships_contains_paywalled_content":false,"_jetpack_memberships_contains_paid_content":false,"footnotes":"","jetpack_publicize_message":"","jetpack_publicize_feature_enabled":true,"jetpack_social_post_already_shared":true,"jetpack_social_options":{"image_generator_settings":{"template":"highway","default_image_id":0,"font":"","enabled":false},"version":2}},"categories":[65,6,103,37],"tags":[],"class_list":["post-3089","post","type-post","status-publish","format-standard","hentry","category-mes-charbonnieres","category-charbon-de-bois-carbon-art","category-charbonnier-en-france","category-evenementiel"],"jetpack_publicize_connections":[],"jetpack_featured_media_url":"","jetpack_shortlink":"https:\/\/wp.me\/p4r91c-NP","jetpack_sharing_enabled":true,"jetpack-related-posts":[{"id":2765,"url":"https:\/\/www.altimara.eu\/blog\/2018\/05\/03\/jean-de-la-charbonniere-2018\/","url_meta":{"origin":3089,"position":0},"title":"Jean de la Charbonni\u00e8re&#8230;2018","author":"Martiou","date":"3 mai 2018","format":false,"excerpt":"4 jours de bonheur, bien arros\u00e9s...par la pluie, dans l'Eden de Jean. Nous nous sommes retrouv\u00e9s avec les ami(e)s de Jean, les forgerons et m\u00e9tallurgistes pour \"Charbonni\u00e8re en f\u00eate\". Cette manifestation a lieu pendant plus d'une semaine.\u00a0 La grosse meule a \u00e9t\u00e9 mont\u00e9e par de nombreux volontaires. La terre est\u2026","rel":"","context":"Dans &quot;charbonnier en france&quot;","block_context":{"text":"charbonnier en france","link":"https:\/\/www.altimara.eu\/blog\/category\/charbonnier-en-france\/"},"img":{"alt_text":"","src":"https:\/\/i0.wp.com\/www.altimara.eu\/blog\/wp-content\/uploads\/2018\/05\/MAR6861.jpg?resize=350%2C200","width":350,"height":200,"srcset":"https:\/\/i0.wp.com\/www.altimara.eu\/blog\/wp-content\/uploads\/2018\/05\/MAR6861.jpg?resize=350%2C200 1x, https:\/\/i0.wp.com\/www.altimara.eu\/blog\/wp-content\/uploads\/2018\/05\/MAR6861.jpg?resize=525%2C300 1.5x, https:\/\/i0.wp.com\/www.altimara.eu\/blog\/wp-content\/uploads\/2018\/05\/MAR6861.jpg?resize=700%2C400 2x"},"classes":[]},{"id":2315,"url":"https:\/\/www.altimara.eu\/blog\/2017\/05\/04\/chez-jean\/","url_meta":{"origin":3089,"position":1},"title":"Chez Jean","author":"Martiou","date":"4 mai 2017","format":false,"excerpt":"Belle activit\u00e9 que cette r\u00e9union entre charbonniers et forgerons. Et c'est m\u00eame plus que \u00e7a car il y a, aussi, de la m\u00e9tallurgie, de la vannerie et de la corderie. Nous nous sommes tous retrouv\u00e9s dans le petit domaine paradisiaque, quand on aime la garrigue, de Jean. Au fond il\u2026","rel":"","context":"Dans &quot;Charbon de bois&quot;","block_context":{"text":"Charbon de bois","link":"https:\/\/www.altimara.eu\/blog\/category\/charbon-de-bois-carbon-art\/"},"img":{"alt_text":"","src":"https:\/\/i0.wp.com\/www.altimara.eu\/blog\/wp-content\/uploads\/2017\/05\/MAR2668.jpg?resize=350%2C200","width":350,"height":200,"srcset":"https:\/\/i0.wp.com\/www.altimara.eu\/blog\/wp-content\/uploads\/2017\/05\/MAR2668.jpg?resize=350%2C200 1x, https:\/\/i0.wp.com\/www.altimara.eu\/blog\/wp-content\/uploads\/2017\/05\/MAR2668.jpg?resize=525%2C300 1.5x, https:\/\/i0.wp.com\/www.altimara.eu\/blog\/wp-content\/uploads\/2017\/05\/MAR2668.jpg?resize=700%2C400 2x"},"classes":[]},{"id":3002,"url":"https:\/\/www.altimara.eu\/blog\/2019\/04\/02\/charbonniere-caveirac\/","url_meta":{"origin":3089,"position":2},"title":"Charbonni\u00e8re Caveirac","author":"Martiou","date":"2 avril 2019","format":false,"excerpt":"Rendez vous les 27 et 28 avril \u00e0 Caveirac, pas loin de N\u00eemes, dans une garrigue magnifi\u00e9e, pour une nouvelle cuisson de charbonni\u00e8re. J'ai r\u00e9pondu avec plaisir \u00e0 l'invitation du pr\u00e9sident de l'association pierres s\u00e8ches et garrigue de ce village. Divers aspects des m\u00e9tiers et caract\u00e9ristiques des garrigues seront pr\u00e9sent\u00e9s\u2026","rel":"","context":"Dans &quot;0- MES CHARBONNI\u00c8RES&quot;","block_context":{"text":"0- MES CHARBONNI\u00c8RES","link":"https:\/\/www.altimara.eu\/blog\/category\/mes-charbonnieres\/"},"img":{"alt_text":"","src":"https:\/\/i0.wp.com\/www.altimara.eu\/blog\/wp-content\/uploads\/2019\/04\/Essai1_Charbonniere-2019-impression.jpg?resize=350%2C200&ssl=1","width":350,"height":200,"srcset":"https:\/\/i0.wp.com\/www.altimara.eu\/blog\/wp-content\/uploads\/2019\/04\/Essai1_Charbonniere-2019-impression.jpg?resize=350%2C200&ssl=1 1x, https:\/\/i0.wp.com\/www.altimara.eu\/blog\/wp-content\/uploads\/2019\/04\/Essai1_Charbonniere-2019-impression.jpg?resize=525%2C300&ssl=1 1.5x, https:\/\/i0.wp.com\/www.altimara.eu\/blog\/wp-content\/uploads\/2019\/04\/Essai1_Charbonniere-2019-impression.jpg?resize=700%2C400&ssl=1 2x, https:\/\/i0.wp.com\/www.altimara.eu\/blog\/wp-content\/uploads\/2019\/04\/Essai1_Charbonniere-2019-impression.jpg?resize=1050%2C600&ssl=1 3x, https:\/\/i0.wp.com\/www.altimara.eu\/blog\/wp-content\/uploads\/2019\/04\/Essai1_Charbonniere-2019-impression.jpg?resize=1400%2C800&ssl=1 4x"},"classes":[]},{"id":4759,"url":"https:\/\/www.altimara.eu\/blog\/2026\/04\/11\/22eme-fete-chez-jean\/","url_meta":{"origin":3089,"position":3},"title":"22\u00e8me f\u00eate chez Jean","author":"Martiou","date":"11 avril 2026","format":false,"excerpt":"Jean et ses co-charbonnier-es proposent la 22\u00e8me \u00e9dition de la f\u00eate de la charbonni\u00e8re en Ard\u00e8che. Une valeur sure dans le monde restreint des charbonniers. La semaine de cuisson est dans un endroit accueillant o\u00f9 il fait bon de visiter et rester voir ou participer aux nombreux ateliers de forge.\u2026","rel":"","context":"Dans &quot;charbonnier en france&quot;","block_context":{"text":"charbonnier en france","link":"https:\/\/www.altimara.eu\/blog\/category\/charbonnier-en-france\/"},"img":{"alt_text":"","src":"https:\/\/i0.wp.com\/www.altimara.eu\/blog\/wp-content\/uploads\/2026\/04\/Flyer-fete-charbo-2026-copie.jpg?resize=350%2C200&ssl=1","width":350,"height":200,"srcset":"https:\/\/i0.wp.com\/www.altimara.eu\/blog\/wp-content\/uploads\/2026\/04\/Flyer-fete-charbo-2026-copie.jpg?resize=350%2C200&ssl=1 1x, https:\/\/i0.wp.com\/www.altimara.eu\/blog\/wp-content\/uploads\/2026\/04\/Flyer-fete-charbo-2026-copie.jpg?resize=525%2C300&ssl=1 1.5x, https:\/\/i0.wp.com\/www.altimara.eu\/blog\/wp-content\/uploads\/2026\/04\/Flyer-fete-charbo-2026-copie.jpg?resize=700%2C400&ssl=1 2x, https:\/\/i0.wp.com\/www.altimara.eu\/blog\/wp-content\/uploads\/2026\/04\/Flyer-fete-charbo-2026-copie.jpg?resize=1050%2C600&ssl=1 3x, https:\/\/i0.wp.com\/www.altimara.eu\/blog\/wp-content\/uploads\/2026\/04\/Flyer-fete-charbo-2026-copie.jpg?resize=1400%2C800&ssl=1 4x"},"classes":[]},{"id":1840,"url":"https:\/\/www.altimara.eu\/blog\/2016\/05\/16\/jean-le-charbonnier-2\/","url_meta":{"origin":3089,"position":4},"title":"Jean le charbonnier","author":"Martiou","date":"16 mai 2016","format":false,"excerpt":"Pas tr\u00e8s loin de la belle vall\u00e9e de l\u2019Ard\u00e8che, vers la ville de Bourg-Saint-And\u00e9ol, Jean a une \"campagne\" id\u00e9ale. Mazet, capitelle, cabane de p\u00eacheur en roseaux , vaste abri couvert, avec de part et d'autre de la garrigue et un verger m\u00e9lang\u00e9. Mais surtout un superbe emplacement de charbonni\u00e8re. Depuis\u2026","rel":"","context":"Dans &quot;Charbon de bois&quot;","block_context":{"text":"Charbon de bois","link":"https:\/\/www.altimara.eu\/blog\/category\/charbon-de-bois-carbon-art\/"},"img":{"alt_text":"a_MAR0212-2","src":"https:\/\/i0.wp.com\/www.altimara.eu\/blog\/wp-content\/uploads\/2016\/05\/a_MAR0212-2-200x300.jpg?resize=350%2C200","width":350,"height":200},"classes":[]},{"id":3883,"url":"https:\/\/www.altimara.eu\/blog\/2022\/05\/27\/charbonnieres-chez-jean-1\/","url_meta":{"origin":3089,"position":5},"title":"Charbonni\u00e8res chez Jean-1","author":"Martiou","date":"27 mai 2022","format":false,"excerpt":"LES CHARBONNIERS, la meule. Nous nous sommes retrouv\u00e9s, charbonniers, forgerons, m\u00e9tallurgistes et autres artisans des savoir-faire ancestraux chez Jean, en Ard\u00e8che, comme chaque ann\u00e9e en mai. Il y avait la traditionnelle meule des forgerons et de Jean, une cuisson dans un four m\u00e9tallique et ma charbonni\u00e8re en fosse circulaire. J'\u00e9crirai\u2026","rel":"","context":"Dans &quot;Charbon de bois&quot;","block_context":{"text":"Charbon de bois","link":"https:\/\/www.altimara.eu\/blog\/category\/charbon-de-bois-carbon-art\/"},"img":{"alt_text":"","src":"https:\/\/i0.wp.com\/www.altimara.eu\/blog\/wp-content\/uploads\/2022\/05\/MAR8966.jpg?resize=350%2C200&ssl=1","width":350,"height":200,"srcset":"https:\/\/i0.wp.com\/www.altimara.eu\/blog\/wp-content\/uploads\/2022\/05\/MAR8966.jpg?resize=350%2C200&ssl=1 1x, https:\/\/i0.wp.com\/www.altimara.eu\/blog\/wp-content\/uploads\/2022\/05\/MAR8966.jpg?resize=525%2C300&ssl=1 1.5x, https:\/\/i0.wp.com\/www.altimara.eu\/blog\/wp-content\/uploads\/2022\/05\/MAR8966.jpg?resize=700%2C400&ssl=1 2x, https:\/\/i0.wp.com\/www.altimara.eu\/blog\/wp-content\/uploads\/2022\/05\/MAR8966.jpg?resize=1050%2C600&ssl=1 3x, https:\/\/i0.wp.com\/www.altimara.eu\/blog\/wp-content\/uploads\/2022\/05\/MAR8966.jpg?resize=1400%2C800&ssl=1 4x"},"classes":[]}],"_links":{"self":[{"href":"https:\/\/www.altimara.eu\/blog\/wp-json\/wp\/v2\/posts\/3089","targetHints":{"allow":["GET"]}}],"collection":[{"href":"https:\/\/www.altimara.eu\/blog\/wp-json\/wp\/v2\/posts"}],"about":[{"href":"https:\/\/www.altimara.eu\/blog\/wp-json\/wp\/v2\/types\/post"}],"author":[{"embeddable":true,"href":"https:\/\/www.altimara.eu\/blog\/wp-json\/wp\/v2\/users\/3"}],"replies":[{"embeddable":true,"href":"https:\/\/www.altimara.eu\/blog\/wp-json\/wp\/v2\/comments?post=3089"}],"version-history":[{"count":0,"href":"https:\/\/www.altimara.eu\/blog\/wp-json\/wp\/v2\/posts\/3089\/revisions"}],"wp:attachment":[{"href":"https:\/\/www.altimara.eu\/blog\/wp-json\/wp\/v2\/media?parent=3089"}],"wp:term":[{"taxonomy":"category","embeddable":true,"href":"https:\/\/www.altimara.eu\/blog\/wp-json\/wp\/v2\/categories?post=3089"},{"taxonomy":"post_tag","embeddable":true,"href":"https:\/\/www.altimara.eu\/blog\/wp-json\/wp\/v2\/tags?post=3089"}],"curies":[{"name":"wp","href":"https:\/\/api.w.org\/{rel}","templated":true}]}}