{"id":3084,"date":"2019-05-03T10:16:27","date_gmt":"2019-05-03T09:16:27","guid":{"rendered":"https:\/\/www.altimara.eu\/blog\/?p=3084"},"modified":"2019-05-03T10:16:33","modified_gmt":"2019-05-03T09:16:33","slug":"tous-chez-jean","status":"publish","type":"post","link":"https:\/\/www.altimara.eu\/blog\/2019\/05\/03\/tous-chez-jean\/","title":{"rendered":"Tous chez Jean"},"content":{"rendered":"\n<p>La f\u00eate de la charbonni\u00e8re chez Jean l&rsquo;Ard\u00e9chois commence dans une semaine. Un rendez vous incontournable, comme on dit dans les m\u00e9dias, et surtout une belle r\u00e9union de personnes sympathiques entre forgerons et charbonniers. Je vais m&rsquo;appliquer \u00e0 conduire une ou deux cuissons en fosse, avec une fosse en long et une petite \u00e0 l&rsquo;ancienne en rond. <\/p>\n\n\n\n<p>La journ\u00e9e grand public sera le samedi 18 mai. Attention de r\u00e9server le repas bien avant au 04 75 54 54 20, 15 \u20ac. L&rsquo;apport d&rsquo;une bonne bouteille, pas forc\u00e9ment alcoolis\u00e9e, est bienvenu.<\/p>\n\n\n\n<p>Pour les aficionados, vous pouvez venir en semaine avec un casse croute tir\u00e9 du sac.<\/p>\n\n\n\n<p>A bient\u00f4t !<\/p>\n\n\n\n<figure class=\"wp-block-image\"><img loading=\"lazy\" decoding=\"async\" width=\"2480\" height=\"3508\" data-attachment-id=\"3085\" data-permalink=\"https:\/\/www.altimara.eu\/blog\/2019\/05\/03\/tous-chez-jean\/affiche-a4-charbonniere-2019-2\/\" data-orig-file=\"https:\/\/i0.wp.com\/www.altimara.eu\/blog\/wp-content\/uploads\/2019\/05\/affiche-A4-charbonniere-2019-2.jpg?fit=2480%2C3508&amp;ssl=1\" data-orig-size=\"2480,3508\" data-comments-opened=\"1\" data-image-meta=\"{&quot;aperture&quot;:&quot;0&quot;,&quot;credit&quot;:&quot;&quot;,&quot;camera&quot;:&quot;&quot;,&quot;caption&quot;:&quot;&quot;,&quot;created_timestamp&quot;:&quot;0&quot;,&quot;copyright&quot;:&quot;&quot;,&quot;focal_length&quot;:&quot;0&quot;,&quot;iso&quot;:&quot;0&quot;,&quot;shutter_speed&quot;:&quot;0&quot;,&quot;title&quot;:&quot;affiche A4 charbonniere 2019.pdf&quot;,&quot;orientation&quot;:&quot;1&quot;}\" data-image-title=\"affiche A4 charbonniere 2019 (2)\" data-image-description=\"\" data-image-caption=\"\" data-large-file=\"https:\/\/i0.wp.com\/www.altimara.eu\/blog\/wp-content\/uploads\/2019\/05\/affiche-A4-charbonniere-2019-2.jpg?fit=627%2C887&amp;ssl=1\" src=\"https:\/\/i1.wp.com\/www.altimara.eu\/blog\/wp-content\/uploads\/2019\/05\/affiche-A4-charbonniere-2019-2.jpg?fit=627%2C887\" alt=\"\" class=\"wp-image-3085\" srcset=\"https:\/\/i0.wp.com\/www.altimara.eu\/blog\/wp-content\/uploads\/2019\/05\/affiche-A4-charbonniere-2019-2.jpg?w=2480&amp;ssl=1 2480w, https:\/\/i0.wp.com\/www.altimara.eu\/blog\/wp-content\/uploads\/2019\/05\/affiche-A4-charbonniere-2019-2.jpg?resize=212%2C300&amp;ssl=1 212w, https:\/\/i0.wp.com\/www.altimara.eu\/blog\/wp-content\/uploads\/2019\/05\/affiche-A4-charbonniere-2019-2.jpg?resize=768%2C1086&amp;ssl=1 768w, https:\/\/i0.wp.com\/www.altimara.eu\/blog\/wp-content\/uploads\/2019\/05\/affiche-A4-charbonniere-2019-2.jpg?resize=724%2C1024&amp;ssl=1 724w, https:\/\/i0.wp.com\/www.altimara.eu\/blog\/wp-content\/uploads\/2019\/05\/affiche-A4-charbonniere-2019-2.jpg?w=1254&amp;ssl=1 1254w, https:\/\/i0.wp.com\/www.altimara.eu\/blog\/wp-content\/uploads\/2019\/05\/affiche-A4-charbonniere-2019-2.jpg?w=1881&amp;ssl=1 1881w\" sizes=\"auto, (max-width: 627px) 100vw, 627px\" \/><figcaption>Direction Bidon&#8230;<\/figcaption><\/figure>\n","protected":false},"excerpt":{"rendered":"<p>La f\u00eate de la charbonni\u00e8re chez Jean l&rsquo;Ard\u00e9chois commence dans une semaine. Un rendez vous incontournable, comme on dit dans les m\u00e9dias, et surtout une belle r\u00e9union de personnes sympathiques entre forgerons et charbonniers. Je vais m&rsquo;appliquer \u00e0 conduire une ou deux cuissons en fosse, avec une fosse en long et une petite \u00e0 l&rsquo;ancienne [&hellip;]<\/p>\n","protected":false},"author":3,"featured_media":0,"comment_status":"open","ping_status":"open","sticky":false,"template":"","format":"standard","meta":{"ngg_post_thumbnail":0,"jetpack_post_was_ever_published":false,"_jetpack_newsletter_access":"","_jetpack_dont_email_post_to_subs":false,"_jetpack_newsletter_tier_id":0,"_jetpack_memberships_contains_paywalled_content":false,"_jetpack_memberships_contains_paid_content":false,"footnotes":"","jetpack_publicize_message":"","jetpack_publicize_feature_enabled":true,"jetpack_social_post_already_shared":true,"jetpack_social_options":{"image_generator_settings":{"template":"highway","default_image_id":0,"font":"","enabled":false},"version":2}},"categories":[65,6,37],"tags":[34,12],"class_list":["post-3084","post","type-post","status-publish","format-standard","hentry","category-mes-charbonnieres","category-charbon-de-bois-carbon-art","category-evenementiel","tag-charbon-de-bois-carbon-art","tag-charbonniere"],"jetpack_publicize_connections":[],"jetpack_featured_media_url":"","jetpack_shortlink":"https:\/\/wp.me\/p4r91c-NK","jetpack_sharing_enabled":true,"jetpack-related-posts":[{"id":3921,"url":"https:\/\/www.altimara.eu\/blog\/2022\/07\/17\/nouvelle-charbonniere-en-fosse\/","url_meta":{"origin":3084,"position":0},"title":"Nouvelle charbonni\u00e8re en\u00a0fosse","author":"Martiou","date":"17 juillet 2022","format":false,"excerpt":"Lors de la semaine pass\u00e9e chez Jean, j'ai r\u00e9alis\u00e9 une nouvelle cuisson en fosse. En Hollande nous avions exp\u00e9riment\u00e9 trois diff\u00e9rentes formes de fosses. J'avais d\u00e9j\u00e0 r\u00e9alis\u00e9 deux cuissons les ann\u00e9es pr\u00e9c\u00e9dentes chez Jean, avec des creusements en ligne. Il me fallait compl\u00e9ter mon apprentissage en r\u00e9ussissant une cuisson dans\u2026","rel":"","context":"Dans &quot;0- MES CHARBONNI\u00c8RES&quot;","block_context":{"text":"0- MES CHARBONNI\u00c8RES","link":"https:\/\/www.altimara.eu\/blog\/category\/mes-charbonnieres\/"},"img":{"alt_text":"","src":"https:\/\/i0.wp.com\/www.altimara.eu\/blog\/wp-content\/uploads\/2022\/07\/MAR9141-1.jpg?resize=350%2C200&ssl=1","width":350,"height":200,"srcset":"https:\/\/i0.wp.com\/www.altimara.eu\/blog\/wp-content\/uploads\/2022\/07\/MAR9141-1.jpg?resize=350%2C200&ssl=1 1x, https:\/\/i0.wp.com\/www.altimara.eu\/blog\/wp-content\/uploads\/2022\/07\/MAR9141-1.jpg?resize=525%2C300&ssl=1 1.5x, https:\/\/i0.wp.com\/www.altimara.eu\/blog\/wp-content\/uploads\/2022\/07\/MAR9141-1.jpg?resize=700%2C400&ssl=1 2x, https:\/\/i0.wp.com\/www.altimara.eu\/blog\/wp-content\/uploads\/2022\/07\/MAR9141-1.jpg?resize=1050%2C600&ssl=1 3x"},"classes":[]},{"id":3463,"url":"https:\/\/www.altimara.eu\/blog\/2020\/10\/12\/nouvelle-cuisson-en-fosse\/","url_meta":{"origin":3084,"position":1},"title":"Nouvelle cuisson en fosse","author":"Martiou","date":"12 octobre 2020","format":false,"excerpt":"Une cuisson bien men\u00e9e lors de la f\u00eate de la charbonni\u00e8re chez mon ami Jean l'Ard\u00e9chois. La terre \u00e9tait tremp\u00e9e suite \u00e0 de gros orages mais facile a travailler. J'ai utilis\u00e9 la m\u00eame tranch\u00e9e que l'ann\u00e9e derni\u00e8re. La profondeur \u00e9tant limit\u00e9e par une dalle de pierre, j'ai agrandi sur les\u2026","rel":"","context":"Dans &quot;0- MES CHARBONNI\u00c8RES&quot;","block_context":{"text":"0- MES CHARBONNI\u00c8RES","link":"https:\/\/www.altimara.eu\/blog\/category\/mes-charbonnieres\/"},"img":{"alt_text":"","src":"https:\/\/i0.wp.com\/www.altimara.eu\/blog\/wp-content\/uploads\/2020\/10\/MAR4117.jpg?resize=350%2C200&ssl=1","width":350,"height":200,"srcset":"https:\/\/i0.wp.com\/www.altimara.eu\/blog\/wp-content\/uploads\/2020\/10\/MAR4117.jpg?resize=350%2C200&ssl=1 1x, https:\/\/i0.wp.com\/www.altimara.eu\/blog\/wp-content\/uploads\/2020\/10\/MAR4117.jpg?resize=525%2C300&ssl=1 1.5x, https:\/\/i0.wp.com\/www.altimara.eu\/blog\/wp-content\/uploads\/2020\/10\/MAR4117.jpg?resize=700%2C400&ssl=1 2x, https:\/\/i0.wp.com\/www.altimara.eu\/blog\/wp-content\/uploads\/2020\/10\/MAR4117.jpg?resize=1050%2C600&ssl=1 3x, https:\/\/i0.wp.com\/www.altimara.eu\/blog\/wp-content\/uploads\/2020\/10\/MAR4117.jpg?resize=1400%2C800&ssl=1 4x"},"classes":[]},{"id":3716,"url":"https:\/\/www.altimara.eu\/blog\/2021\/10\/02\/charbonniere-hollandaise\/","url_meta":{"origin":3084,"position":2},"title":"Charbonni\u00e8re Hollandaise","author":"Martiou","date":"2 octobre 2021","format":false,"excerpt":"Adrien, un m\u00e9tallurgiste rencontr\u00e9 chez Jean en Ard\u00e8che, m'a invit\u00e9 \u00e0 une rencontre de charbonniers-\u00e8res en....Hollande. Dans la petite ville de Ulft, qui a un pass\u00e9 de fonderie, un symposium sur la m\u00e9tallurgie aura lieu fin Octobre. Les charbonniers nous seront en amont \u00e0 partir du 15 octobre. Au programme,\u2026","rel":"","context":"Dans &quot;Charbon de bois&quot;","block_context":{"text":"Charbon de bois","link":"https:\/\/www.altimara.eu\/blog\/category\/charbon-de-bois-carbon-art\/"},"img":{"alt_text":"","src":"https:\/\/i0.wp.com\/www.altimara.eu\/blog\/wp-content\/uploads\/2021\/10\/Capture-de%CC%81cran-2021-10-02-a%CC%80-14.16.18.jpg?resize=350%2C200&ssl=1","width":350,"height":200,"srcset":"https:\/\/i0.wp.com\/www.altimara.eu\/blog\/wp-content\/uploads\/2021\/10\/Capture-de%CC%81cran-2021-10-02-a%CC%80-14.16.18.jpg?resize=350%2C200&ssl=1 1x, https:\/\/i0.wp.com\/www.altimara.eu\/blog\/wp-content\/uploads\/2021\/10\/Capture-de%CC%81cran-2021-10-02-a%CC%80-14.16.18.jpg?resize=525%2C300&ssl=1 1.5x, https:\/\/i0.wp.com\/www.altimara.eu\/blog\/wp-content\/uploads\/2021\/10\/Capture-de%CC%81cran-2021-10-02-a%CC%80-14.16.18.jpg?resize=700%2C400&ssl=1 2x"},"classes":[]},{"id":2756,"url":"https:\/\/www.altimara.eu\/blog\/2018\/04\/22\/chez-jean-lardechois-2\/","url_meta":{"origin":3084,"position":3},"title":"Chez Jean l&rsquo;Ard\u00e9chois","author":"Martiou","date":"22 avril 2018","format":false,"excerpt":"CHARBONNI\u00c8RE EN F\u00caTE. 28 avril au 8 mai Nous nous retrouverons au beau maset de Jean, dans les garrigues rhodaniennes, pour une nouvelle rencontre autour du charbon de bois. Je vais tenter une cuisson en fosse, c'est \u00e0 dire dans un trou creus\u00e9 sous forme rectangulaire \u00e0 la m\u00e9thode romaine.\u2026","rel":"","context":"Dans &quot;Charbon de bois&quot;","block_context":{"text":"Charbon de bois","link":"https:\/\/www.altimara.eu\/blog\/category\/charbon-de-bois-carbon-art\/"},"img":{"alt_text":"","src":"https:\/\/i0.wp.com\/www.altimara.eu\/blog\/wp-content\/uploads\/2018\/04\/affiche-A4-charbonniere-20183-721x1024.jpg?resize=350%2C200","width":350,"height":200,"srcset":"https:\/\/i0.wp.com\/www.altimara.eu\/blog\/wp-content\/uploads\/2018\/04\/affiche-A4-charbonniere-20183-721x1024.jpg?resize=350%2C200 1x, https:\/\/i0.wp.com\/www.altimara.eu\/blog\/wp-content\/uploads\/2018\/04\/affiche-A4-charbonniere-20183-721x1024.jpg?resize=525%2C300 1.5x"},"classes":[]},{"id":2876,"url":"https:\/\/www.altimara.eu\/blog\/2018\/11\/09\/cuisson-a-la-fosse\/","url_meta":{"origin":3084,"position":4},"title":"Cuisson \u00e0 la fosse","author":"Martiou","date":"9 novembre 2018","format":false,"excerpt":"La cuisson en meule semble apparaitre dans nos contr\u00e9es au Moyen-\u00c2ge. Cette technique se serait d\u00e9velopp\u00e9e dans les territoires du nord d'o\u00f9 son nom : la meule su\u00e9doise. Depuis l'antiquit\u00e9 et peut \u00eatre m\u00eame avant, la production du charbon en zone sud se r\u00e9alisait en fosse, c'est \u00e0 dire en\u2026","rel":"","context":"Dans &quot;0- MES CHARBONNI\u00c8RES&quot;","block_context":{"text":"0- MES CHARBONNI\u00c8RES","link":"https:\/\/www.altimara.eu\/blog\/category\/mes-charbonnieres\/"},"img":{"alt_text":"","src":"https:\/\/i0.wp.com\/www.altimara.eu\/blog\/wp-content\/uploads\/2018\/11\/MAR6544-200x300.jpg?resize=350%2C200","width":350,"height":200},"classes":[]},{"id":3883,"url":"https:\/\/www.altimara.eu\/blog\/2022\/05\/27\/charbonnieres-chez-jean-1\/","url_meta":{"origin":3084,"position":5},"title":"Charbonni\u00e8res chez Jean-1","author":"Martiou","date":"27 mai 2022","format":false,"excerpt":"LES CHARBONNIERS, la meule. Nous nous sommes retrouv\u00e9s, charbonniers, forgerons, m\u00e9tallurgistes et autres artisans des savoir-faire ancestraux chez Jean, en Ard\u00e8che, comme chaque ann\u00e9e en mai. Il y avait la traditionnelle meule des forgerons et de Jean, une cuisson dans un four m\u00e9tallique et ma charbonni\u00e8re en fosse circulaire. J'\u00e9crirai\u2026","rel":"","context":"Dans &quot;Charbon de bois&quot;","block_context":{"text":"Charbon de bois","link":"https:\/\/www.altimara.eu\/blog\/category\/charbon-de-bois-carbon-art\/"},"img":{"alt_text":"","src":"https:\/\/i0.wp.com\/www.altimara.eu\/blog\/wp-content\/uploads\/2022\/05\/MAR8966.jpg?resize=350%2C200&ssl=1","width":350,"height":200,"srcset":"https:\/\/i0.wp.com\/www.altimara.eu\/blog\/wp-content\/uploads\/2022\/05\/MAR8966.jpg?resize=350%2C200&ssl=1 1x, https:\/\/i0.wp.com\/www.altimara.eu\/blog\/wp-content\/uploads\/2022\/05\/MAR8966.jpg?resize=525%2C300&ssl=1 1.5x, https:\/\/i0.wp.com\/www.altimara.eu\/blog\/wp-content\/uploads\/2022\/05\/MAR8966.jpg?resize=700%2C400&ssl=1 2x, https:\/\/i0.wp.com\/www.altimara.eu\/blog\/wp-content\/uploads\/2022\/05\/MAR8966.jpg?resize=1050%2C600&ssl=1 3x, https:\/\/i0.wp.com\/www.altimara.eu\/blog\/wp-content\/uploads\/2022\/05\/MAR8966.jpg?resize=1400%2C800&ssl=1 4x"},"classes":[]}],"_links":{"self":[{"href":"https:\/\/www.altimara.eu\/blog\/wp-json\/wp\/v2\/posts\/3084","targetHints":{"allow":["GET"]}}],"collection":[{"href":"https:\/\/www.altimara.eu\/blog\/wp-json\/wp\/v2\/posts"}],"about":[{"href":"https:\/\/www.altimara.eu\/blog\/wp-json\/wp\/v2\/types\/post"}],"author":[{"embeddable":true,"href":"https:\/\/www.altimara.eu\/blog\/wp-json\/wp\/v2\/users\/3"}],"replies":[{"embeddable":true,"href":"https:\/\/www.altimara.eu\/blog\/wp-json\/wp\/v2\/comments?post=3084"}],"version-history":[{"count":0,"href":"https:\/\/www.altimara.eu\/blog\/wp-json\/wp\/v2\/posts\/3084\/revisions"}],"wp:attachment":[{"href":"https:\/\/www.altimara.eu\/blog\/wp-json\/wp\/v2\/media?parent=3084"}],"wp:term":[{"taxonomy":"category","embeddable":true,"href":"https:\/\/www.altimara.eu\/blog\/wp-json\/wp\/v2\/categories?post=3084"},{"taxonomy":"post_tag","embeddable":true,"href":"https:\/\/www.altimara.eu\/blog\/wp-json\/wp\/v2\/tags?post=3084"}],"curies":[{"name":"wp","href":"https:\/\/api.w.org\/{rel}","templated":true}]}}