{"id":3044,"date":"2019-04-20T19:38:39","date_gmt":"2019-04-20T18:38:39","guid":{"rendered":"https:\/\/www.altimara.eu\/blog\/?p=3044"},"modified":"2019-04-21T11:09:36","modified_gmt":"2019-04-21T10:09:36","slug":"maitre-charbonnier","status":"publish","type":"post","link":"https:\/\/www.altimara.eu\/blog\/2019\/04\/20\/maitre-charbonnier\/","title":{"rendered":"Ma\u00eetre charbonnier"},"content":{"rendered":"\n<p>La premi\u00e8re fois que Louis a r\u00e9alis\u00e9 une charbonni\u00e8re pour la manifestation Lo Gabel, j&rsquo;ai \u00e9t\u00e9 conquis par cet assemblage de bois et de terre. Je d\u00e9couvrais un Art et je n&rsquo;aurais jamais pens\u00e9 \u00e0 ce moment l\u00e0, jusqu&rsquo;o\u00f9 cela allait me transporter.<\/p>\n\n\n\n<p>Pr\u00e8s de vingt ans apr\u00e8s, mon  horizon charbon, d&rsquo;un beau noir, scintillant comme du diamant, n&rsquo;arr\u00eate pas de s&rsquo;\u00e9largir. Je me suis fondu dans nos garrigues et j&rsquo;ai aussi charbonn\u00e9 en Suisse, en Islande et au Canada. Rencontr\u00e9 des passionn\u00e9s, gueules noires, des anciens, des femmes de charbonniers qui ont v\u00e9cu dans de pauvres cabanes, des jeunes attir\u00e9s par le myst\u00e8re de l&rsquo;alchimie du carbone.<\/p>\n\n\n\n<p>Charbonni\u00e8res, mati\u00e8re sensuelle, fum\u00e9es myst\u00e9rieuses porteuses de messages, transformation de la mati\u00e8re.<\/p>\n\n\n\n<p>Louis, ma\u00eetre charbonnier, tu as connu la pauvret\u00e9 et la rudesse de la vie de tes parents charbonniers. Merci de m&rsquo;avoir initi\u00e9, de m&rsquo;avoir ouvert cette loge, d&rsquo;\u00eatre aujourd&rsquo;hui celui qui te succ\u00e8de, d&rsquo;\u00eatre le ma\u00eetre du feu, un charbonnier.<\/p>\n\n\n\n<p>Je t&rsquo;ai vu pour la derni\u00e8re fois sous le belle photo de toi \u00e0 cot\u00e9 de ma charbonni\u00e8re. Tu m&rsquo;as initi\u00e9 au M\u00e9tier du Diable, je te souhaite le Paradis.<\/p>\n\n\n\n<p>Martial<\/p>\n\n\n\n<figure class=\"wp-block-image\"><img data-recalc-dims=\"1\" loading=\"lazy\" decoding=\"async\" width=\"627\" height=\"570\" data-attachment-id=\"3049\" data-permalink=\"https:\/\/www.altimara.eu\/blog\/2019\/04\/20\/maitre-charbonnier\/capture-decran-2019-04-21-a-12-00-03\/\" data-orig-file=\"https:\/\/i0.wp.com\/www.altimara.eu\/blog\/wp-content\/uploads\/2019\/04\/Capture-d%E2%80%99e%CC%81cran-2019-04-21-a%CC%80-12.00.03.png?fit=908%2C826&amp;ssl=1\" data-orig-size=\"908,826\" data-comments-opened=\"1\" data-image-meta=\"{&quot;aperture&quot;:&quot;0&quot;,&quot;credit&quot;:&quot;&quot;,&quot;camera&quot;:&quot;&quot;,&quot;caption&quot;:&quot;&quot;,&quot;created_timestamp&quot;:&quot;0&quot;,&quot;copyright&quot;:&quot;&quot;,&quot;focal_length&quot;:&quot;0&quot;,&quot;iso&quot;:&quot;0&quot;,&quot;shutter_speed&quot;:&quot;0&quot;,&quot;title&quot;:&quot;&quot;,&quot;orientation&quot;:&quot;0&quot;}\" data-image-title=\"Capture d\u2019e\u0301cran 2019-04-21 a\u0300 12.00.03\" data-image-description=\"\" data-image-caption=\"\" data-large-file=\"https:\/\/i0.wp.com\/www.altimara.eu\/blog\/wp-content\/uploads\/2019\/04\/Capture-d%E2%80%99e%CC%81cran-2019-04-21-a%CC%80-12.00.03.png?fit=627%2C570&amp;ssl=1\" src=\"https:\/\/i0.wp.com\/www.altimara.eu\/blog\/wp-content\/uploads\/2019\/04\/Capture-d%E2%80%99e%CC%81cran-2019-04-21-a%CC%80-12.00.03.png?resize=627%2C570\" alt=\"\" class=\"wp-image-3049\" srcset=\"https:\/\/i0.wp.com\/www.altimara.eu\/blog\/wp-content\/uploads\/2019\/04\/Capture-d%E2%80%99e%CC%81cran-2019-04-21-a%CC%80-12.00.03.png?w=908&amp;ssl=1 908w, https:\/\/i0.wp.com\/www.altimara.eu\/blog\/wp-content\/uploads\/2019\/04\/Capture-d%E2%80%99e%CC%81cran-2019-04-21-a%CC%80-12.00.03.png?resize=300%2C273&amp;ssl=1 300w, https:\/\/i0.wp.com\/www.altimara.eu\/blog\/wp-content\/uploads\/2019\/04\/Capture-d%E2%80%99e%CC%81cran-2019-04-21-a%CC%80-12.00.03.png?resize=768%2C699&amp;ssl=1 768w\" sizes=\"auto, (max-width: 627px) 100vw, 627px\" \/><figcaption>Extrait interview r\u00e9alis\u00e9 par Ren\u00e9.<a href=\"https:\/\/vimeo.com\/331579217\"> https:\/\/vimeo.com\/331579217<\/a><\/figcaption><\/figure>\n\n\n\n<p><br><\/p>\n\n\n\n<figure class=\"wp-block-image\"><img data-recalc-dims=\"1\" loading=\"lazy\" decoding=\"async\" width=\"627\" height=\"417\" data-attachment-id=\"1279\" data-permalink=\"https:\/\/www.altimara.eu\/blog\/2015\/03\/17\/charbonnieres-ecosite-retrospective\/louis-2012\/\" data-orig-file=\"https:\/\/i0.wp.com\/www.altimara.eu\/blog\/wp-content\/uploads\/2015\/03\/louis-2012.jpg?fit=640%2C426&amp;ssl=1\" data-orig-size=\"640,426\" data-comments-opened=\"1\" data-image-meta=\"{&quot;aperture&quot;:&quot;0&quot;,&quot;credit&quot;:&quot;&quot;,&quot;camera&quot;:&quot;&quot;,&quot;caption&quot;:&quot;&quot;,&quot;created_timestamp&quot;:&quot;0&quot;,&quot;copyright&quot;:&quot;MARTIAL ACQUARONE&quot;,&quot;focal_length&quot;:&quot;0&quot;,&quot;iso&quot;:&quot;0&quot;,&quot;shutter_speed&quot;:&quot;0&quot;,&quot;title&quot;:&quot;&quot;,&quot;orientation&quot;:&quot;0&quot;}\" data-image-title=\"louis 2012\" data-image-description=\"\" data-image-caption=\"&lt;p&gt;Maitre Louis Salvi&lt;\/p&gt;\n\" data-large-file=\"https:\/\/i0.wp.com\/www.altimara.eu\/blog\/wp-content\/uploads\/2015\/03\/louis-2012.jpg?fit=627%2C417&amp;ssl=1\" src=\"https:\/\/i0.wp.com\/www.altimara.eu\/blog\/wp-content\/uploads\/2015\/03\/louis-2012.jpg?resize=627%2C417\" alt=\"\" class=\"wp-image-1279\" srcset=\"https:\/\/i0.wp.com\/www.altimara.eu\/blog\/wp-content\/uploads\/2015\/03\/louis-2012.jpg?w=640&amp;ssl=1 640w, https:\/\/i0.wp.com\/www.altimara.eu\/blog\/wp-content\/uploads\/2015\/03\/louis-2012.jpg?resize=300%2C200&amp;ssl=1 300w\" sizes=\"auto, (max-width: 627px) 100vw, 627px\" \/><figcaption>Maitre Louis Salvi et Maitre Martial&#8230;<\/figcaption><\/figure>\n","protected":false},"excerpt":{"rendered":"<p>La premi\u00e8re fois que Louis a r\u00e9alis\u00e9 une charbonni\u00e8re pour la manifestation Lo Gabel, j&rsquo;ai \u00e9t\u00e9 conquis par cet assemblage de bois et de terre. Je d\u00e9couvrais un Art et je n&rsquo;aurais jamais pens\u00e9 \u00e0 ce moment l\u00e0, jusqu&rsquo;o\u00f9 cela allait me transporter. Pr\u00e8s de vingt ans apr\u00e8s, mon horizon charbon, d&rsquo;un beau noir, scintillant [&hellip;]<\/p>\n","protected":false},"author":3,"featured_media":0,"comment_status":"open","ping_status":"open","sticky":false,"template":"","format":"standard","meta":{"ngg_post_thumbnail":0,"jetpack_post_was_ever_published":false,"_jetpack_newsletter_access":"","_jetpack_dont_email_post_to_subs":false,"_jetpack_newsletter_tier_id":0,"_jetpack_memberships_contains_paywalled_content":false,"_jetpack_memberships_contains_paid_content":false,"footnotes":"","jetpack_publicize_message":"","jetpack_publicize_feature_enabled":true,"jetpack_social_post_already_shared":true,"jetpack_social_options":{"image_generator_settings":{"template":"highway","default_image_id":0,"font":"","enabled":false},"version":2}},"categories":[1],"tags":[],"class_list":["post-3044","post","type-post","status-publish","format-standard","hentry","category-non-classe"],"jetpack_publicize_connections":[],"jetpack_featured_media_url":"","jetpack_shortlink":"https:\/\/wp.me\/p4r91c-N6","jetpack_sharing_enabled":true,"jetpack-related-posts":[{"id":50,"url":"https:\/\/www.altimara.eu\/blog\/2013\/12\/18\/martial-le-charbonnier\/","url_meta":{"origin":3044,"position":0},"title":"Martial le charbonnier","author":"Martiou","date":"18 d\u00e9cembre 2013","format":false,"excerpt":"Longtemps photographe de m\u00e9tier, paysagiste de coeur, j'aime les vastes \u00e9tendues et essaye de transmettre la s\u00e9r\u00e9nit\u00e9 des lieux.\u00a0Mais le monde a \u00e9t\u00e9 boulevers\u00e9 par les Hommes et leurs savoirs. Ceux-ci me passionnent et m'ont fait guide. J'ai y rajouter l'exp\u00e9rience \u00e0 la connaissance pour maitriser un savoir-faire, un d'ici,\u2026","rel":"","context":"Dans &quot;Autre&quot;","block_context":{"text":"Autre","link":"https:\/\/www.altimara.eu\/blog\/category\/autre\/"},"img":{"alt_text":"Image","src":"https:\/\/i0.wp.com\/www.altimara.eu\/blog\/wp-content\/uploads\/2013\/12\/copie-de-we-soustelle-001-2.jpg?resize=350%2C200","width":350,"height":200},"classes":[]},{"id":3318,"url":"https:\/\/www.altimara.eu\/blog\/2020\/04\/14\/et-au-debut-etait-une-charbonniere\/","url_meta":{"origin":3044,"position":1},"title":"Et au d\u00e9but \u00e9tait une charbonni\u00e8re","author":"Martiou","date":"14 avril 2020","format":false,"excerpt":"Louis Salvi a \u00e9t\u00e9 mon maitre charbonnier, c'est gr\u00e2ce \u00e0 lui que j'ai pu acqu\u00e9rir ce savoir faire. C'\u00e9tait lors d'un beau printemps... Une petite histoire: \" il \u00e9tait une fois une magnifique manifestation dans le village de Sainte-Croix-de-Quintillargues. Tous les ans, les dynamiques b\u00e9n\u00e9voles, autant de femmes que d'hommes,\u2026","rel":"","context":"Dans &quot;Charbon de bois&quot;","block_context":{"text":"Charbon de bois","link":"https:\/\/www.altimara.eu\/blog\/category\/charbon-de-bois-carbon-art\/"},"img":{"alt_text":"","src":"https:\/\/i0.wp.com\/www.altimara.eu\/blog\/wp-content\/uploads\/2020\/04\/Louis-charbon.jpg?resize=350%2C200&ssl=1","width":350,"height":200,"srcset":"https:\/\/i0.wp.com\/www.altimara.eu\/blog\/wp-content\/uploads\/2020\/04\/Louis-charbon.jpg?resize=350%2C200&ssl=1 1x, https:\/\/i0.wp.com\/www.altimara.eu\/blog\/wp-content\/uploads\/2020\/04\/Louis-charbon.jpg?resize=525%2C300&ssl=1 1.5x, https:\/\/i0.wp.com\/www.altimara.eu\/blog\/wp-content\/uploads\/2020\/04\/Louis-charbon.jpg?resize=700%2C400&ssl=1 2x"},"classes":[]},{"id":3883,"url":"https:\/\/www.altimara.eu\/blog\/2022\/05\/27\/charbonnieres-chez-jean-1\/","url_meta":{"origin":3044,"position":2},"title":"Charbonni\u00e8res chez Jean-1","author":"Martiou","date":"27 mai 2022","format":false,"excerpt":"LES CHARBONNIERS, la meule. Nous nous sommes retrouv\u00e9s, charbonniers, forgerons, m\u00e9tallurgistes et autres artisans des savoir-faire ancestraux chez Jean, en Ard\u00e8che, comme chaque ann\u00e9e en mai. Il y avait la traditionnelle meule des forgerons et de Jean, une cuisson dans un four m\u00e9tallique et ma charbonni\u00e8re en fosse circulaire. J'\u00e9crirai\u2026","rel":"","context":"Dans &quot;Charbon de bois&quot;","block_context":{"text":"Charbon de bois","link":"https:\/\/www.altimara.eu\/blog\/category\/charbon-de-bois-carbon-art\/"},"img":{"alt_text":"","src":"https:\/\/i0.wp.com\/www.altimara.eu\/blog\/wp-content\/uploads\/2022\/05\/MAR8966.jpg?resize=350%2C200&ssl=1","width":350,"height":200,"srcset":"https:\/\/i0.wp.com\/www.altimara.eu\/blog\/wp-content\/uploads\/2022\/05\/MAR8966.jpg?resize=350%2C200&ssl=1 1x, https:\/\/i0.wp.com\/www.altimara.eu\/blog\/wp-content\/uploads\/2022\/05\/MAR8966.jpg?resize=525%2C300&ssl=1 1.5x, https:\/\/i0.wp.com\/www.altimara.eu\/blog\/wp-content\/uploads\/2022\/05\/MAR8966.jpg?resize=700%2C400&ssl=1 2x, https:\/\/i0.wp.com\/www.altimara.eu\/blog\/wp-content\/uploads\/2022\/05\/MAR8966.jpg?resize=1050%2C600&ssl=1 3x, https:\/\/i0.wp.com\/www.altimara.eu\/blog\/wp-content\/uploads\/2022\/05\/MAR8966.jpg?resize=1400%2C800&ssl=1 4x"},"classes":[]},{"id":2081,"url":"https:\/\/www.altimara.eu\/blog\/2016\/11\/14\/les-bons-cousins-2\/","url_meta":{"origin":3044,"position":3},"title":"Les Bons Cousins","author":"Martiou","date":"14 novembre 2016","format":false,"excerpt":"Pourquoi les titres de ces articles sont : \"Les bons cousins\"? La grande for\u00eat de Chaux, dans la partie sud ouest plate du Jura, r\u00e9sonne de cette id\u00e9e que le bois abrite des personnes cach\u00e9es. La for\u00eat a toujours inqui\u00e9t\u00e9 la bonne soci\u00e9t\u00e9. Elle est le lieu o\u00f9 l'on se\u2026","rel":"","context":"Dans &quot;Charbon de bois&quot;","block_context":{"text":"Charbon de bois","link":"https:\/\/www.altimara.eu\/blog\/category\/charbon-de-bois-carbon-art\/"},"img":{"alt_text":"_mar1605","src":"https:\/\/i0.wp.com\/www.altimara.eu\/blog\/wp-content\/uploads\/2016\/11\/MAR1605-300x200.jpg?resize=350%2C200","width":350,"height":200},"classes":[]},{"id":4159,"url":"https:\/\/www.altimara.eu\/blog\/2023\/10\/05\/charbonniere-de-lou-cambous\/","url_meta":{"origin":3044,"position":4},"title":"Charbonni\u00e8re de lou Cambous","author":"Martiou","date":"5 octobre 2023","format":false,"excerpt":"Aujourd'hui a \u00e9tait le jour des travaux les plus \u00e9reintants. Agrandissement de la faulde. Avec un niveau et un bastain comme pour du b\u00e9ton. Av\u00e9 le caritou...trois pierres au centre, tradition. Livraison de 6 st\u00e8res de ch\u00eanes verts, environ 4 T, voire un peu plus. C'est C\u00e9dric Lavabre de Sainte-Croix-De-Quintillargues\u2026","rel":"","context":"Dans &quot;0- MES CHARBONNI\u00c8RES&quot;","block_context":{"text":"0- MES CHARBONNI\u00c8RES","link":"https:\/\/www.altimara.eu\/blog\/category\/mes-charbonnieres\/"},"img":{"alt_text":"","src":"https:\/\/i0.wp.com\/www.altimara.eu\/blog\/wp-content\/uploads\/2023\/10\/MA5_2807.jpg?resize=350%2C200&ssl=1","width":350,"height":200,"srcset":"https:\/\/i0.wp.com\/www.altimara.eu\/blog\/wp-content\/uploads\/2023\/10\/MA5_2807.jpg?resize=350%2C200&ssl=1 1x, https:\/\/i0.wp.com\/www.altimara.eu\/blog\/wp-content\/uploads\/2023\/10\/MA5_2807.jpg?resize=525%2C300&ssl=1 1.5x, https:\/\/i0.wp.com\/www.altimara.eu\/blog\/wp-content\/uploads\/2023\/10\/MA5_2807.jpg?resize=700%2C400&ssl=1 2x, https:\/\/i0.wp.com\/www.altimara.eu\/blog\/wp-content\/uploads\/2023\/10\/MA5_2807.jpg?resize=1050%2C600&ssl=1 3x, https:\/\/i0.wp.com\/www.altimara.eu\/blog\/wp-content\/uploads\/2023\/10\/MA5_2807.jpg?resize=1400%2C800&ssl=1 4x"},"classes":[]},{"id":3933,"url":"https:\/\/www.altimara.eu\/blog\/2022\/08\/03\/village-de-bourgogne\/","url_meta":{"origin":3044,"position":5},"title":"Village de Bourgogne","author":"Martiou","date":"3 ao\u00fbt 2022","format":false,"excerpt":"De passage dans cette belle r\u00e9gion aux grands noms de domaines viticoles, je ne pouvais pas rater un village qui s'appelle CHARBONNI\u00c8RES. L'activit\u00e9 du charbon de bois a totalement disparu et je n'ai pas trouv\u00e9 de vestiges non plus. Ce petit village, environ 300 \u00e2mes, est constitu\u00e9 de 4 hameaux.\u2026","rel":"","context":"Dans &quot;Charbon de bois&quot;","block_context":{"text":"Charbon de bois","link":"https:\/\/www.altimara.eu\/blog\/category\/charbon-de-bois-carbon-art\/"},"img":{"alt_text":"","src":"https:\/\/i0.wp.com\/www.altimara.eu\/blog\/wp-content\/uploads\/2022\/08\/IMG_20220731_122254-2.jpg?resize=350%2C200&ssl=1","width":350,"height":200,"srcset":"https:\/\/i0.wp.com\/www.altimara.eu\/blog\/wp-content\/uploads\/2022\/08\/IMG_20220731_122254-2.jpg?resize=350%2C200&ssl=1 1x, https:\/\/i0.wp.com\/www.altimara.eu\/blog\/wp-content\/uploads\/2022\/08\/IMG_20220731_122254-2.jpg?resize=525%2C300&ssl=1 1.5x, https:\/\/i0.wp.com\/www.altimara.eu\/blog\/wp-content\/uploads\/2022\/08\/IMG_20220731_122254-2.jpg?resize=700%2C400&ssl=1 2x, https:\/\/i0.wp.com\/www.altimara.eu\/blog\/wp-content\/uploads\/2022\/08\/IMG_20220731_122254-2.jpg?resize=1050%2C600&ssl=1 3x"},"classes":[]}],"_links":{"self":[{"href":"https:\/\/www.altimara.eu\/blog\/wp-json\/wp\/v2\/posts\/3044","targetHints":{"allow":["GET"]}}],"collection":[{"href":"https:\/\/www.altimara.eu\/blog\/wp-json\/wp\/v2\/posts"}],"about":[{"href":"https:\/\/www.altimara.eu\/blog\/wp-json\/wp\/v2\/types\/post"}],"author":[{"embeddable":true,"href":"https:\/\/www.altimara.eu\/blog\/wp-json\/wp\/v2\/users\/3"}],"replies":[{"embeddable":true,"href":"https:\/\/www.altimara.eu\/blog\/wp-json\/wp\/v2\/comments?post=3044"}],"version-history":[{"count":0,"href":"https:\/\/www.altimara.eu\/blog\/wp-json\/wp\/v2\/posts\/3044\/revisions"}],"wp:attachment":[{"href":"https:\/\/www.altimara.eu\/blog\/wp-json\/wp\/v2\/media?parent=3044"}],"wp:term":[{"taxonomy":"category","embeddable":true,"href":"https:\/\/www.altimara.eu\/blog\/wp-json\/wp\/v2\/categories?post=3044"},{"taxonomy":"post_tag","embeddable":true,"href":"https:\/\/www.altimara.eu\/blog\/wp-json\/wp\/v2\/tags?post=3044"}],"curies":[{"name":"wp","href":"https:\/\/api.w.org\/{rel}","templated":true}]}}