{"id":3006,"date":"2019-04-12T22:26:14","date_gmt":"2019-04-12T21:26:14","guid":{"rendered":"https:\/\/www.altimara.eu\/blog\/?p=3006"},"modified":"2019-04-14T18:36:22","modified_gmt":"2019-04-14T17:36:22","slug":"stage-charbonniere","status":"publish","type":"post","link":"https:\/\/www.altimara.eu\/blog\/2019\/04\/12\/stage-charbonniere\/","title":{"rendered":"Stage charbonni\u00e8re"},"content":{"rendered":"\n<p>J&rsquo;ai eu le plaisir d&rsquo;animer un stage charbonni\u00e8re pour quatre jeunes plein d&rsquo;entrain. C&rsquo;est Luc, forgeron de l&rsquo;association ASTRE, qui a organis\u00e9 ce stage.<\/p>\n\n\n\n<p>L&rsquo;animation a eu lieu devant une immense b\u00e2tisse, en pleine for\u00eat de la montagne noire, non loin de Sor\u00e9ze (magnifique village \u00e0 1 h de Toulouse).<\/p>\n\n\n\n<p>Le bois utilis\u00e9 \u00e9tait du h\u00eatre assez sec. Environ 1 st\u00e8re et demi qui est un bon \u00e9quilibre pour trois jours d&rsquo;activit\u00e9. <\/p>\n\n\n\n<figure class=\"wp-block-image\"><img data-recalc-dims=\"1\" loading=\"lazy\" decoding=\"async\" width=\"627\" height=\"419\" data-attachment-id=\"3007\" data-permalink=\"https:\/\/www.altimara.eu\/blog\/2019\/04\/12\/stage-charbonniere\/_mar9252\/\" data-orig-file=\"https:\/\/i0.wp.com\/www.altimara.eu\/blog\/wp-content\/uploads\/2019\/04\/MAR9252.jpg?fit=2000%2C1335&amp;ssl=1\" data-orig-size=\"2000,1335\" data-comments-opened=\"1\" data-image-meta=\"{&quot;aperture&quot;:&quot;5&quot;,&quot;credit&quot;:&quot;ACQUARONE Martial&quot;,&quot;camera&quot;:&quot;NIKON D800&quot;,&quot;caption&quot;:&quot;&quot;,&quot;created_timestamp&quot;:&quot;1554743171&quot;,&quot;copyright&quot;:&quot;ACQUARONE Martial&quot;,&quot;focal_length&quot;:&quot;70&quot;,&quot;iso&quot;:&quot;800&quot;,&quot;shutter_speed&quot;:&quot;0.000625&quot;,&quot;title&quot;:&quot;&quot;,&quot;orientation&quot;:&quot;0&quot;}\" data-image-title=\"_MAR9252\" data-image-description=\"\" data-image-caption=\"\" data-large-file=\"https:\/\/i0.wp.com\/www.altimara.eu\/blog\/wp-content\/uploads\/2019\/04\/MAR9252.jpg?fit=627%2C419&amp;ssl=1\" src=\"https:\/\/i0.wp.com\/www.altimara.eu\/blog\/wp-content\/uploads\/2019\/04\/MAR9252-1024x684.jpg?resize=627%2C419\" alt=\"\" class=\"wp-image-3007\" srcset=\"https:\/\/i0.wp.com\/www.altimara.eu\/blog\/wp-content\/uploads\/2019\/04\/MAR9252.jpg?resize=1024%2C684&amp;ssl=1 1024w, https:\/\/i0.wp.com\/www.altimara.eu\/blog\/wp-content\/uploads\/2019\/04\/MAR9252.jpg?resize=300%2C200&amp;ssl=1 300w, https:\/\/i0.wp.com\/www.altimara.eu\/blog\/wp-content\/uploads\/2019\/04\/MAR9252.jpg?resize=768%2C513&amp;ssl=1 768w, https:\/\/i0.wp.com\/www.altimara.eu\/blog\/wp-content\/uploads\/2019\/04\/MAR9252.jpg?w=2000&amp;ssl=1 2000w, https:\/\/i0.wp.com\/www.altimara.eu\/blog\/wp-content\/uploads\/2019\/04\/MAR9252.jpg?w=1254&amp;ssl=1 1254w, https:\/\/i0.wp.com\/www.altimara.eu\/blog\/wp-content\/uploads\/2019\/04\/MAR9252.jpg?w=1881&amp;ssl=1 1881w\" sizes=\"auto, (max-width: 627px) 100vw, 627px\" \/><figcaption>Fr\u00eanette !<\/figcaption><\/figure>\n\n\n\n<p>Luc avait mis en place un abri qui nous a bien prot\u00e9g\u00e9 de la pluie mais avec le petit d\u00e9faut de retenir la fum\u00e9e..pouf pouf pouf !<\/p>\n\n\n\n<p>Il a fallut veiller deux nuits, ce que les jeunes ont accompli vaillamment.<\/p>\n\n\n\n<p>Chaque stagiaire a particip\u00e9 \u00e0 la conduite du feu de la charbonni\u00e8re et \u00e0 l&rsquo;entretien du feu dans le brasero autour duquel nous avons mang\u00e9 tous ensemble. <\/p>\n\n\n\n<p>Quelques morceaux de charbon retir\u00e9s en avance ont montr\u00e9 de belles qualit\u00e9s dans un essai \u00e0 la forge.<\/p>\n\n\n\n<p>Nous avons profit\u00e9 de temps libres pour voir d&rsquo;autres aspect de la carbonisation, faire des fusains, cuire dans une boite \u00e0 th\u00e9 et dans un trou de terre.<\/p>\n\n\n\n<p>\u00c7a a \u00e9t\u00e9 un agr\u00e9able exp\u00e9rience pour moi que je suis pr\u00eat \u00e0 recommencer.<\/p>\n\n\n\n<p>Merci les jeunes ! <\/p>\n\n\n\n<p><em>Envie d&rsquo;organiser un stage sur l&rsquo;art du feu, contact: <\/em><a href=\"altimara@altimara.eu\">altimara.eu\/blog<\/a><\/p>\n\n\n\nngg_shortcode_0_placeholder\n","protected":false},"excerpt":{"rendered":"<p>J&rsquo;ai eu le plaisir d&rsquo;animer un stage charbonni\u00e8re pour quatre jeunes plein d&rsquo;entrain. C&rsquo;est Luc, forgeron de l&rsquo;association ASTRE, qui a organis\u00e9 ce stage. L&rsquo;animation a eu lieu devant une immense b\u00e2tisse, en pleine for\u00eat de la montagne noire, non loin de Sor\u00e9ze (magnifique village \u00e0 1 h de Toulouse). Le bois utilis\u00e9 \u00e9tait du [&hellip;]<\/p>\n","protected":false},"author":3,"featured_media":0,"comment_status":"open","ping_status":"open","sticky":false,"template":"","format":"standard","meta":{"ngg_post_thumbnail":0,"jetpack_post_was_ever_published":false,"_jetpack_newsletter_access":"","_jetpack_dont_email_post_to_subs":false,"_jetpack_newsletter_tier_id":0,"_jetpack_memberships_contains_paywalled_content":false,"_jetpack_memberships_contains_paid_content":false,"footnotes":"","jetpack_publicize_message":"","jetpack_publicize_feature_enabled":true,"jetpack_social_post_already_shared":true,"jetpack_social_options":{"image_generator_settings":{"template":"highway","default_image_id":0,"font":"","enabled":false},"version":2}},"categories":[1],"tags":[34,144],"class_list":["post-3006","post","type-post","status-publish","format-standard","hentry","category-non-classe","tag-charbon-de-bois-carbon-art","tag-stage"],"jetpack_publicize_connections":[],"jetpack_featured_media_url":"","jetpack_shortlink":"https:\/\/wp.me\/p4r91c-Mu","jetpack_sharing_enabled":true,"jetpack-related-posts":[{"id":4640,"url":"https:\/\/www.altimara.eu\/blog\/2025\/09\/10\/cambous\/","url_meta":{"origin":3006,"position":0},"title":"Cambous ++","author":"Martiou","date":"10 septembre 2025","format":false,"excerpt":"Nouvelle charbonni\u00e8re au site de Cambous tr\u00e8s bient\u00f4t. Pour la troisi\u00e8me fois je vais r\u00e9aliser une cuisson en d\u00e9monstration pendant la Quinzaine de l'Arch\u00e9ologie. Montage de la meule le samedi 27, allumage le dimanche qui suit et cuisson toute la semaine jusqu'au 4 octobre. Ce samedi 4 octobre, il y\u2026","rel":"","context":"Dans &quot;0- MES CHARBONNI\u00c8RES&quot;","block_context":{"text":"0- MES CHARBONNI\u00c8RES","link":"https:\/\/www.altimara.eu\/blog\/category\/mes-charbonnieres\/"},"img":{"alt_text":"","src":"https:\/\/i0.wp.com\/www.altimara.eu\/blog\/wp-content\/uploads\/2025\/09\/Capture-decran-2025-09-10-a-11.39.20.jpg?resize=350%2C200&ssl=1","width":350,"height":200,"srcset":"https:\/\/i0.wp.com\/www.altimara.eu\/blog\/wp-content\/uploads\/2025\/09\/Capture-decran-2025-09-10-a-11.39.20.jpg?resize=350%2C200&ssl=1 1x, https:\/\/i0.wp.com\/www.altimara.eu\/blog\/wp-content\/uploads\/2025\/09\/Capture-decran-2025-09-10-a-11.39.20.jpg?resize=525%2C300&ssl=1 1.5x, https:\/\/i0.wp.com\/www.altimara.eu\/blog\/wp-content\/uploads\/2025\/09\/Capture-decran-2025-09-10-a-11.39.20.jpg?resize=700%2C400&ssl=1 2x"},"classes":[]},{"id":4669,"url":"https:\/\/www.altimara.eu\/blog\/2025\/10\/07\/cambous-noir-charbon\/","url_meta":{"origin":3006,"position":1},"title":"Cambous noir charbon","author":"Martiou","date":"7 octobre 2025","format":false,"excerpt":"J'ai allum\u00e9 la meule le lundi matin pour une extinction le vendredi midi soit 5 jours de cuisson et donc 4 nuits. La conduite du feu s'est parfaitement r\u00e9alis\u00e9e avec cette fois ci une terre moins capricieuse. Maya, Luc et Simon ont veill\u00e9 avec attention pendant les nuits. Ils ont\u2026","rel":"","context":"Dans &quot;0- MES CHARBONNI\u00c8RES&quot;","block_context":{"text":"0- MES CHARBONNI\u00c8RES","link":"https:\/\/www.altimara.eu\/blog\/category\/mes-charbonnieres\/"},"img":{"alt_text":"","src":"https:\/\/i0.wp.com\/www.altimara.eu\/blog\/wp-content\/uploads\/2025\/10\/MA5_7424-1.jpg?resize=350%2C200&ssl=1","width":350,"height":200,"srcset":"https:\/\/i0.wp.com\/www.altimara.eu\/blog\/wp-content\/uploads\/2025\/10\/MA5_7424-1.jpg?resize=350%2C200&ssl=1 1x, https:\/\/i0.wp.com\/www.altimara.eu\/blog\/wp-content\/uploads\/2025\/10\/MA5_7424-1.jpg?resize=525%2C300&ssl=1 1.5x, https:\/\/i0.wp.com\/www.altimara.eu\/blog\/wp-content\/uploads\/2025\/10\/MA5_7424-1.jpg?resize=700%2C400&ssl=1 2x, https:\/\/i0.wp.com\/www.altimara.eu\/blog\/wp-content\/uploads\/2025\/10\/MA5_7424-1.jpg?resize=1050%2C600&ssl=1 3x"},"classes":[]},{"id":4259,"url":"https:\/\/www.altimara.eu\/blog\/2024\/03\/14\/villaines-mais-belles\/","url_meta":{"origin":3006,"position":2},"title":"Villaines mais belles","author":"Martiou","date":"14 mars 2024","format":false,"excerpt":"Petit s\u00e9jour en Anjou, pas loin de la Loire avec ses ch\u00e2teaux, dans la petite ville de Villaines-Les-Rochers, capitale de la vannerie. Dans la rue principale les maisons accol\u00e9es \u00e0 une sorte de colline plate ont toutes des extensions troglodytiques. Creus\u00e9es dans le tuffeau, ces petites pi\u00e8ces servaient d'habitations et\u2026","rel":"","context":"Dans &quot;charbonnier en france&quot;","block_context":{"text":"charbonnier en france","link":"https:\/\/www.altimara.eu\/blog\/category\/charbonnier-en-france\/"},"img":{"alt_text":"","src":"https:\/\/i0.wp.com\/www.altimara.eu\/blog\/wp-content\/uploads\/2024\/03\/MA5_3220.jpg?resize=350%2C200&ssl=1","width":350,"height":200,"srcset":"https:\/\/i0.wp.com\/www.altimara.eu\/blog\/wp-content\/uploads\/2024\/03\/MA5_3220.jpg?resize=350%2C200&ssl=1 1x, https:\/\/i0.wp.com\/www.altimara.eu\/blog\/wp-content\/uploads\/2024\/03\/MA5_3220.jpg?resize=525%2C300&ssl=1 1.5x, https:\/\/i0.wp.com\/www.altimara.eu\/blog\/wp-content\/uploads\/2024\/03\/MA5_3220.jpg?resize=700%2C400&ssl=1 2x, https:\/\/i0.wp.com\/www.altimara.eu\/blog\/wp-content\/uploads\/2024\/03\/MA5_3220.jpg?resize=1050%2C600&ssl=1 3x, https:\/\/i0.wp.com\/www.altimara.eu\/blog\/wp-content\/uploads\/2024\/03\/MA5_3220.jpg?resize=1400%2C800&ssl=1 4x"},"classes":[]},{"id":628,"url":"https:\/\/www.altimara.eu\/blog\/2014\/02\/14\/charcoal-making-english\/","url_meta":{"origin":3006,"position":3},"title":"charcoal making (english)","author":"Martiou","date":"14 f\u00e9vrier 2014","format":false,"excerpt":"Charbonnier est maitre dans sa demeure:\u00a0\u00a0a coalman's home is his castle! The coalman \u00a0cleans a plane rounded surface of all vegetation to form the charcoal area or \"faulde\". He builds on it the wheel or \"meule\" which is the woodpile to be charcoaled.It thens covers it with leaves and dirt\u2026","rel":"","context":"Dans &quot;Charbon de bois&quot;","block_context":{"text":"Charbon de bois","link":"https:\/\/www.altimara.eu\/blog\/category\/charbon-de-bois-carbon-art\/"},"img":{"alt_text":"kiln","src":"https:\/\/i0.wp.com\/www.altimara.eu\/blog\/wp-content\/uploads\/2014\/02\/kiln.gif?resize=350%2C200","width":350,"height":200,"srcset":"https:\/\/i0.wp.com\/www.altimara.eu\/blog\/wp-content\/uploads\/2014\/02\/kiln.gif?resize=350%2C200 1x, https:\/\/i0.wp.com\/www.altimara.eu\/blog\/wp-content\/uploads\/2014\/02\/kiln.gif?resize=525%2C300 1.5x"},"classes":[]},{"id":4532,"url":"https:\/\/www.altimara.eu\/blog\/2024\/10\/10\/charbonniere-archeologique\/","url_meta":{"origin":3006,"position":4},"title":"Charbonni\u00e8re arch\u00e9ologique","author":"Martiou","date":"10 octobre 2024","format":false,"excerpt":"10 jours au site du village n\u00e9olithique de Cambous \u00e0 Viols-En-Laval. Tout a commenc\u00e9 avec la remise en \u00e9tat de l'aire de charbonnage et Fr\u00e9d\u00e9ric l'employ\u00e9 communal du village, qu'il soit remerci\u00e9 mille fois, est all\u00e9 chercher de la terre. Merci aussi \u00e0 Laurent Salvi, neveu de mon maitre charbonnier\u2026","rel":"","context":"Dans &quot;0- MES CHARBONNI\u00c8RES&quot;","block_context":{"text":"0- MES CHARBONNI\u00c8RES","link":"https:\/\/www.altimara.eu\/blog\/category\/mes-charbonnieres\/"},"img":{"alt_text":"","src":"https:\/\/i0.wp.com\/www.altimara.eu\/blog\/wp-content\/uploads\/2024\/10\/MA5_5296.jpg?resize=350%2C200&ssl=1","width":350,"height":200,"srcset":"https:\/\/i0.wp.com\/www.altimara.eu\/blog\/wp-content\/uploads\/2024\/10\/MA5_5296.jpg?resize=350%2C200&ssl=1 1x, https:\/\/i0.wp.com\/www.altimara.eu\/blog\/wp-content\/uploads\/2024\/10\/MA5_5296.jpg?resize=525%2C300&ssl=1 1.5x, https:\/\/i0.wp.com\/www.altimara.eu\/blog\/wp-content\/uploads\/2024\/10\/MA5_5296.jpg?resize=700%2C400&ssl=1 2x, https:\/\/i0.wp.com\/www.altimara.eu\/blog\/wp-content\/uploads\/2024\/10\/MA5_5296.jpg?resize=1050%2C600&ssl=1 3x, https:\/\/i0.wp.com\/www.altimara.eu\/blog\/wp-content\/uploads\/2024\/10\/MA5_5296.jpg?resize=1400%2C800&ssl=1 4x"},"classes":[]},{"id":3210,"url":"https:\/\/www.altimara.eu\/blog\/2019\/11\/23\/montoulieu\/","url_meta":{"origin":3006,"position":5},"title":"Charbonni\u00e8re Montoulieu","author":"Martiou","date":"23 novembre 2019","format":false,"excerpt":"Senteurs et Couleurs de la Garrigue \u00e0 Montoulieu, une journ\u00e9e dense avec une forte pr\u00e9sence de public. Les organisateurs avaient mis en place un bel ensemble d'exposants et d'animations. J'avais construit deux charbonni\u00e8res. Une en coupe pour montrer l'int\u00e9rieur et surtout le montage autour du piquet central. Beaucoup de visiteurs\u2026","rel":"","context":"Dans &quot;0- MES CHARBONNI\u00c8RES&quot;","block_context":{"text":"0- MES CHARBONNI\u00c8RES","link":"https:\/\/www.altimara.eu\/blog\/category\/mes-charbonnieres\/"},"img":{"alt_text":"","src":"https:\/\/i0.wp.com\/www.altimara.eu\/blog\/wp-content\/uploads\/2019\/11\/IMG_20191111_131333231.jpg?resize=350%2C200&ssl=1","width":350,"height":200,"srcset":"https:\/\/i0.wp.com\/www.altimara.eu\/blog\/wp-content\/uploads\/2019\/11\/IMG_20191111_131333231.jpg?resize=350%2C200&ssl=1 1x, https:\/\/i0.wp.com\/www.altimara.eu\/blog\/wp-content\/uploads\/2019\/11\/IMG_20191111_131333231.jpg?resize=525%2C300&ssl=1 1.5x, https:\/\/i0.wp.com\/www.altimara.eu\/blog\/wp-content\/uploads\/2019\/11\/IMG_20191111_131333231.jpg?resize=700%2C400&ssl=1 2x"},"classes":[]}],"_links":{"self":[{"href":"https:\/\/www.altimara.eu\/blog\/wp-json\/wp\/v2\/posts\/3006","targetHints":{"allow":["GET"]}}],"collection":[{"href":"https:\/\/www.altimara.eu\/blog\/wp-json\/wp\/v2\/posts"}],"about":[{"href":"https:\/\/www.altimara.eu\/blog\/wp-json\/wp\/v2\/types\/post"}],"author":[{"embeddable":true,"href":"https:\/\/www.altimara.eu\/blog\/wp-json\/wp\/v2\/users\/3"}],"replies":[{"embeddable":true,"href":"https:\/\/www.altimara.eu\/blog\/wp-json\/wp\/v2\/comments?post=3006"}],"version-history":[{"count":0,"href":"https:\/\/www.altimara.eu\/blog\/wp-json\/wp\/v2\/posts\/3006\/revisions"}],"wp:attachment":[{"href":"https:\/\/www.altimara.eu\/blog\/wp-json\/wp\/v2\/media?parent=3006"}],"wp:term":[{"taxonomy":"category","embeddable":true,"href":"https:\/\/www.altimara.eu\/blog\/wp-json\/wp\/v2\/categories?post=3006"},{"taxonomy":"post_tag","embeddable":true,"href":"https:\/\/www.altimara.eu\/blog\/wp-json\/wp\/v2\/tags?post=3006"}],"curies":[{"name":"wp","href":"https:\/\/api.w.org\/{rel}","templated":true}]}}