{"id":2995,"date":"2019-03-25T14:07:57","date_gmt":"2019-03-25T13:07:57","guid":{"rendered":"https:\/\/www.altimara.eu\/blog\/?p=2995"},"modified":"2019-03-25T14:13:00","modified_gmt":"2019-03-25T13:13:00","slug":"le-divin-nectar-charbonne","status":"publish","type":"post","link":"https:\/\/www.altimara.eu\/blog\/2019\/03\/25\/le-divin-nectar-charbonne\/","title":{"rendered":"Le divin nectar charbonn\u00e9"},"content":{"rendered":"\n<p>Bonne surprise et un chouette cadeau d&rsquo;anniversaire que j&rsquo;ai eu le plaisir d&rsquo;avoir et de d\u00e9guster, un vin du sud au doux nom de \u00ab\u00a0Charbonni\u00e8re\u00a0\u00bb. <\/p>\n\n\n\n<p>La volont\u00e9 des producteurs a \u00e9t\u00e9 de d\u00e9nommer ce vin du nom de la parcelle d&rsquo;o\u00f9 il est issu. C&rsquo;est donc un ancien emplacement  d&rsquo;une charbonni\u00e8re qui rappelle que comme de partout cette activit\u00e9 \u00e9tait pr\u00e9sente ici aussi. <\/p>\n\n\n\n<p>Du charbon au vin, une belle suite et un plaisir \u00e0 partager.<\/p>\n\n\n\n<div class=\"wp-block-image\"><figure class=\"aligncenter\"><img data-recalc-dims=\"1\" loading=\"lazy\" decoding=\"async\" width=\"399\" height=\"709\" data-attachment-id=\"2996\" data-permalink=\"https:\/\/www.altimara.eu\/blog\/2019\/03\/25\/le-divin-nectar-charbonne\/img_20190312_162317403\/\" data-orig-file=\"https:\/\/i0.wp.com\/www.altimara.eu\/blog\/wp-content\/uploads\/2019\/03\/IMG_20190312_162317403.jpg?fit=399%2C709&amp;ssl=1\" data-orig-size=\"399,709\" data-comments-opened=\"1\" data-image-meta=\"{&quot;aperture&quot;:&quot;2&quot;,&quot;credit&quot;:&quot;&quot;,&quot;camera&quot;:&quot;MotoG3&quot;,&quot;caption&quot;:&quot;&quot;,&quot;created_timestamp&quot;:&quot;1552407797&quot;,&quot;copyright&quot;:&quot;&quot;,&quot;focal_length&quot;:&quot;3.64&quot;,&quot;iso&quot;:&quot;500&quot;,&quot;shutter_speed&quot;:&quot;0.05001&quot;,&quot;title&quot;:&quot;&quot;,&quot;orientation&quot;:&quot;1&quot;}\" data-image-title=\"IMG_20190312_162317403\" data-image-description=\"\" data-image-caption=\"\" data-large-file=\"https:\/\/i0.wp.com\/www.altimara.eu\/blog\/wp-content\/uploads\/2019\/03\/IMG_20190312_162317403.jpg?fit=399%2C709&amp;ssl=1\" src=\"https:\/\/i0.wp.com\/www.altimara.eu\/blog\/wp-content\/uploads\/2019\/03\/IMG_20190312_162317403.jpg?resize=399%2C709\" alt=\"\" class=\"wp-image-2996\" srcset=\"https:\/\/i0.wp.com\/www.altimara.eu\/blog\/wp-content\/uploads\/2019\/03\/IMG_20190312_162317403.jpg?w=399&amp;ssl=1 399w, https:\/\/i0.wp.com\/www.altimara.eu\/blog\/wp-content\/uploads\/2019\/03\/IMG_20190312_162317403.jpg?resize=169%2C300&amp;ssl=1 169w\" sizes=\"auto, (max-width: 399px) 100vw, 399px\" \/><figcaption>vin de l\u00e9gende ?<\/figcaption><\/figure><\/div>\n\n\n\n<p>Ce vin est un de ceux produit au Domaine de Sulauze, pr\u00e8s de Miramas dans les Bouches du Rh\u00f4ne, https:\/\/www.domainedesulauze.com\/. <\/p>\n\n\n\n<p style=\"font-size:9px\">A boire mod\u00e9r\u00e9ment, attention \u00e0 la gueule de \u00ab\u00a0charbon de\u00a0\u00bb bois&#8230;<\/p>\n","protected":false},"excerpt":{"rendered":"<p>Bonne surprise et un chouette cadeau d&rsquo;anniversaire que j&rsquo;ai eu le plaisir d&rsquo;avoir et de d\u00e9guster, un vin du sud au doux nom de \u00ab\u00a0Charbonni\u00e8re\u00a0\u00bb. La volont\u00e9 des producteurs a \u00e9t\u00e9 de d\u00e9nommer ce vin du nom de la parcelle d&rsquo;o\u00f9 il est issu. C&rsquo;est donc un ancien emplacement d&rsquo;une charbonni\u00e8re qui rappelle que comme [&hellip;]<\/p>\n","protected":false},"author":3,"featured_media":0,"comment_status":"open","ping_status":"open","sticky":false,"template":"","format":"standard","meta":{"ngg_post_thumbnail":0,"jetpack_post_was_ever_published":false,"_jetpack_newsletter_access":"","_jetpack_dont_email_post_to_subs":false,"_jetpack_newsletter_tier_id":0,"_jetpack_memberships_contains_paywalled_content":false,"_jetpack_memberships_contains_paid_content":false,"footnotes":"","jetpack_publicize_message":"","jetpack_publicize_feature_enabled":true,"jetpack_social_post_already_shared":true,"jetpack_social_options":{"image_generator_settings":{"template":"highway","default_image_id":0,"font":"","enabled":false},"version":2}},"categories":[5,37,1],"tags":[],"class_list":["post-2995","post","type-post","status-publish","format-standard","hentry","category-autre","category-evenementiel","category-non-classe"],"jetpack_publicize_connections":[],"jetpack_featured_media_url":"","jetpack_shortlink":"https:\/\/wp.me\/p4r91c-Mj","jetpack_sharing_enabled":true,"jetpack-related-posts":[{"id":4604,"url":"https:\/\/www.altimara.eu\/blog\/2025\/05\/20\/vin-et-charbon\/","url_meta":{"origin":2995,"position":0},"title":"Vin et charbon","author":"Martiou","date":"20 mai 2025","format":false,"excerpt":"Deux jours pass\u00e9s au milieu d'un vignoble du Pic-St-Loup au domaine de Lancyre pour pr\u00e9senter l'activit\u00e9 charbonni\u00e8re de nos garrigues. Un pur plaisir \u00e0 la fois par le site, les rencontres et l'exceptionnelle qualit\u00e9 de l'\u00e9quipe du Ch\u00e2teau de Lancyre. Christel et R\u00e9gis Valentin, les heureux propri\u00e9taires de ce vignoble,\u2026","rel":"","context":"Dans &quot;0- MES CHARBONNI\u00c8RES&quot;","block_context":{"text":"0- MES CHARBONNI\u00c8RES","link":"https:\/\/www.altimara.eu\/blog\/category\/mes-charbonnieres\/"},"img":{"alt_text":"","src":"https:\/\/i0.wp.com\/www.altimara.eu\/blog\/wp-content\/uploads\/2025\/05\/IMG_20250518_110037-scaled.jpg?resize=350%2C200&ssl=1","width":350,"height":200,"srcset":"https:\/\/i0.wp.com\/www.altimara.eu\/blog\/wp-content\/uploads\/2025\/05\/IMG_20250518_110037-scaled.jpg?resize=350%2C200&ssl=1 1x, https:\/\/i0.wp.com\/www.altimara.eu\/blog\/wp-content\/uploads\/2025\/05\/IMG_20250518_110037-scaled.jpg?resize=525%2C300&ssl=1 1.5x, https:\/\/i0.wp.com\/www.altimara.eu\/blog\/wp-content\/uploads\/2025\/05\/IMG_20250518_110037-scaled.jpg?resize=700%2C400&ssl=1 2x, https:\/\/i0.wp.com\/www.altimara.eu\/blog\/wp-content\/uploads\/2025\/05\/IMG_20250518_110037-scaled.jpg?resize=1050%2C600&ssl=1 3x, https:\/\/i0.wp.com\/www.altimara.eu\/blog\/wp-content\/uploads\/2025\/05\/IMG_20250518_110037-scaled.jpg?resize=1400%2C800&ssl=1 4x"},"classes":[]},{"id":3855,"url":"https:\/\/www.altimara.eu\/blog\/2022\/05\/15\/charbonniere-vigneronne\/","url_meta":{"origin":2995,"position":1},"title":"Charbonni\u00e8re vigneronne","author":"Martiou","date":"15 mai 2022","format":false,"excerpt":"De tr\u00e8s bons moments dans un environnement superbe au milieu des vignes du Ch\u00e2teau de Lancyre et face au Pic-St-Loup. Les visiteurs avaient un parcours au travers des vignes et de la garrigue. J'\u00e9tais post\u00e9 dans une ancienne charbonni\u00e8re, au sommet d'une colline avec de la Syrah et du Carignan\u2026","rel":"","context":"Dans &quot;0- MES CHARBONNI\u00c8RES&quot;","block_context":{"text":"0- MES CHARBONNI\u00c8RES","link":"https:\/\/www.altimara.eu\/blog\/category\/mes-charbonnieres\/"},"img":{"alt_text":"","src":"https:\/\/i0.wp.com\/www.altimara.eu\/blog\/wp-content\/uploads\/2022\/05\/IMG_20220515_102518.jpg?resize=350%2C200&ssl=1","width":350,"height":200,"srcset":"https:\/\/i0.wp.com\/www.altimara.eu\/blog\/wp-content\/uploads\/2022\/05\/IMG_20220515_102518.jpg?resize=350%2C200&ssl=1 1x, https:\/\/i0.wp.com\/www.altimara.eu\/blog\/wp-content\/uploads\/2022\/05\/IMG_20220515_102518.jpg?resize=525%2C300&ssl=1 1.5x, https:\/\/i0.wp.com\/www.altimara.eu\/blog\/wp-content\/uploads\/2022\/05\/IMG_20220515_102518.jpg?resize=700%2C400&ssl=1 2x, https:\/\/i0.wp.com\/www.altimara.eu\/blog\/wp-content\/uploads\/2022\/05\/IMG_20220515_102518.jpg?resize=1050%2C600&ssl=1 3x, https:\/\/i0.wp.com\/www.altimara.eu\/blog\/wp-content\/uploads\/2022\/05\/IMG_20220515_102518.jpg?resize=1400%2C800&ssl=1 4x"},"classes":[]},{"id":3318,"url":"https:\/\/www.altimara.eu\/blog\/2020\/04\/14\/et-au-debut-etait-une-charbonniere\/","url_meta":{"origin":2995,"position":2},"title":"Et au d\u00e9but \u00e9tait une charbonni\u00e8re","author":"Martiou","date":"14 avril 2020","format":false,"excerpt":"Louis Salvi a \u00e9t\u00e9 mon maitre charbonnier, c'est gr\u00e2ce \u00e0 lui que j'ai pu acqu\u00e9rir ce savoir faire. C'\u00e9tait lors d'un beau printemps... Une petite histoire: \" il \u00e9tait une fois une magnifique manifestation dans le village de Sainte-Croix-de-Quintillargues. Tous les ans, les dynamiques b\u00e9n\u00e9voles, autant de femmes que d'hommes,\u2026","rel":"","context":"Dans &quot;Charbon de bois&quot;","block_context":{"text":"Charbon de bois","link":"https:\/\/www.altimara.eu\/blog\/category\/charbon-de-bois-carbon-art\/"},"img":{"alt_text":"","src":"https:\/\/i0.wp.com\/www.altimara.eu\/blog\/wp-content\/uploads\/2020\/04\/Louis-charbon.jpg?resize=350%2C200&ssl=1","width":350,"height":200,"srcset":"https:\/\/i0.wp.com\/www.altimara.eu\/blog\/wp-content\/uploads\/2020\/04\/Louis-charbon.jpg?resize=350%2C200&ssl=1 1x, https:\/\/i0.wp.com\/www.altimara.eu\/blog\/wp-content\/uploads\/2020\/04\/Louis-charbon.jpg?resize=525%2C300&ssl=1 1.5x, https:\/\/i0.wp.com\/www.altimara.eu\/blog\/wp-content\/uploads\/2020\/04\/Louis-charbon.jpg?resize=700%2C400&ssl=1 2x"},"classes":[]},{"id":4588,"url":"https:\/\/www.altimara.eu\/blog\/2025\/05\/05\/charbonniere-et-vin\/","url_meta":{"origin":2995,"position":3},"title":"Charbonni\u00e8re et vin","author":"Martiou","date":"5 mai 2025","format":false,"excerpt":"Cette ann\u00e9e j'ai \u00e0 nouveau l'occasion d'animer un stand charbonni\u00e8re lors de la f\u00eate du Ch\u00e2teau Lancyre, domaine viticole Pic-St-Loup. Samedi 17 mai et dimanche 18 mai. De 10h30 \u00e0 15 h. Un magnifique parcours entre vignes et garrigues sous le regard puissant et bienveillant du Pic-St-Loup. Je serai sur\u2026","rel":"","context":"Dans &quot;\u00e9v\u00e9nementiel&quot;","block_context":{"text":"\u00e9v\u00e9nementiel","link":"https:\/\/www.altimara.eu\/blog\/category\/evenementiel\/"},"img":{"alt_text":"","src":"https:\/\/i0.wp.com\/www.altimara.eu\/blog\/wp-content\/uploads\/2025\/05\/Capture-decran-2025-05-05-a-18.47.52.jpg?resize=350%2C200&ssl=1","width":350,"height":200},"classes":[]},{"id":4716,"url":"https:\/\/www.altimara.eu\/blog\/2026\/03\/22\/charbon-et-jura\/","url_meta":{"origin":2995,"position":4},"title":"Charbon et Jura","author":"Martiou","date":"22 mars 2026","format":false,"excerpt":"Dans le Jura Suisse, le lac de Joux est un lieu superbe entour\u00e9 de for\u00eats \u00e0 environ 1000 m d\u2019altitude. Dans ces montagnes qui paraissent un peu sauvages il y a curieusement des entreprises connues dans le mode entier, les fameuses fabriques de montres et horlogeries comme Jaeger ou Breguet.\u2026","rel":"","context":"Dans &quot;Charbon de bois&quot;","block_context":{"text":"Charbon de bois","link":"https:\/\/www.altimara.eu\/blog\/category\/charbon-de-bois-carbon-art\/"},"img":{"alt_text":"","src":"https:\/\/i0.wp.com\/www.altimara.eu\/blog\/wp-content\/uploads\/2026\/03\/2.png?resize=350%2C200&ssl=1","width":350,"height":200,"srcset":"https:\/\/i0.wp.com\/www.altimara.eu\/blog\/wp-content\/uploads\/2026\/03\/2.png?resize=350%2C200&ssl=1 1x, https:\/\/i0.wp.com\/www.altimara.eu\/blog\/wp-content\/uploads\/2026\/03\/2.png?resize=525%2C300&ssl=1 1.5x, https:\/\/i0.wp.com\/www.altimara.eu\/blog\/wp-content\/uploads\/2026\/03\/2.png?resize=700%2C400&ssl=1 2x"},"classes":[]},{"id":3933,"url":"https:\/\/www.altimara.eu\/blog\/2022\/08\/03\/village-de-bourgogne\/","url_meta":{"origin":2995,"position":5},"title":"Village de Bourgogne","author":"Martiou","date":"3 ao\u00fbt 2022","format":false,"excerpt":"De passage dans cette belle r\u00e9gion aux grands noms de domaines viticoles, je ne pouvais pas rater un village qui s'appelle CHARBONNI\u00c8RES. L'activit\u00e9 du charbon de bois a totalement disparu et je n'ai pas trouv\u00e9 de vestiges non plus. Ce petit village, environ 300 \u00e2mes, est constitu\u00e9 de 4 hameaux.\u2026","rel":"","context":"Dans &quot;Charbon de bois&quot;","block_context":{"text":"Charbon de bois","link":"https:\/\/www.altimara.eu\/blog\/category\/charbon-de-bois-carbon-art\/"},"img":{"alt_text":"","src":"https:\/\/i0.wp.com\/www.altimara.eu\/blog\/wp-content\/uploads\/2022\/08\/IMG_20220731_122254-2.jpg?resize=350%2C200&ssl=1","width":350,"height":200,"srcset":"https:\/\/i0.wp.com\/www.altimara.eu\/blog\/wp-content\/uploads\/2022\/08\/IMG_20220731_122254-2.jpg?resize=350%2C200&ssl=1 1x, https:\/\/i0.wp.com\/www.altimara.eu\/blog\/wp-content\/uploads\/2022\/08\/IMG_20220731_122254-2.jpg?resize=525%2C300&ssl=1 1.5x, https:\/\/i0.wp.com\/www.altimara.eu\/blog\/wp-content\/uploads\/2022\/08\/IMG_20220731_122254-2.jpg?resize=700%2C400&ssl=1 2x, https:\/\/i0.wp.com\/www.altimara.eu\/blog\/wp-content\/uploads\/2022\/08\/IMG_20220731_122254-2.jpg?resize=1050%2C600&ssl=1 3x"},"classes":[]}],"_links":{"self":[{"href":"https:\/\/www.altimara.eu\/blog\/wp-json\/wp\/v2\/posts\/2995","targetHints":{"allow":["GET"]}}],"collection":[{"href":"https:\/\/www.altimara.eu\/blog\/wp-json\/wp\/v2\/posts"}],"about":[{"href":"https:\/\/www.altimara.eu\/blog\/wp-json\/wp\/v2\/types\/post"}],"author":[{"embeddable":true,"href":"https:\/\/www.altimara.eu\/blog\/wp-json\/wp\/v2\/users\/3"}],"replies":[{"embeddable":true,"href":"https:\/\/www.altimara.eu\/blog\/wp-json\/wp\/v2\/comments?post=2995"}],"version-history":[{"count":0,"href":"https:\/\/www.altimara.eu\/blog\/wp-json\/wp\/v2\/posts\/2995\/revisions"}],"wp:attachment":[{"href":"https:\/\/www.altimara.eu\/blog\/wp-json\/wp\/v2\/media?parent=2995"}],"wp:term":[{"taxonomy":"category","embeddable":true,"href":"https:\/\/www.altimara.eu\/blog\/wp-json\/wp\/v2\/categories?post=2995"},{"taxonomy":"post_tag","embeddable":true,"href":"https:\/\/www.altimara.eu\/blog\/wp-json\/wp\/v2\/tags?post=2995"}],"curies":[{"name":"wp","href":"https:\/\/api.w.org\/{rel}","templated":true}]}}