{"id":2926,"date":"2019-01-11T18:08:41","date_gmt":"2019-01-11T17:08:41","guid":{"rendered":"https:\/\/www.altimara.eu\/blog\/?p=2926"},"modified":"2019-01-14T22:56:57","modified_gmt":"2019-01-14T21:56:57","slug":"les-fours-de-st-guillaume","status":"publish","type":"post","link":"https:\/\/www.altimara.eu\/blog\/2019\/01\/11\/les-fours-de-st-guillaume\/","title":{"rendered":"Les fours de St Guillaume"},"content":{"rendered":"\n<p>En ce d\u00e9but d&rsquo;ann\u00e9e, une visite agr\u00e9able dans une superbe for\u00eat du Tri\u00e8ves et en bordure du Vercors. La petite commune de St Guillaume peut s\u2019enorgueillir de poss\u00e9der un int\u00e9ressant site de fours \u00e0 charbonner. 4 fours m\u00e9talliques, du type Magnien, avec deux \u00e9tages (viroles) d\u00e9montables, ont \u00e9t\u00e9 d\u00e9pos\u00e9s \u00e0 flanc de montagne sur un replat. L&rsquo;un d&rsquo;eux \u00e0 fonctionn\u00e9 en 2010 pour une d\u00e9monstration souvenir de l&rsquo;utilisation de ces fours en 1940 lors de chantier de jeunesse. Des b\u00e9n\u00e9voles du village sur les conseils d&rsquo;un charbonnier ard\u00e9chois (cf. <a href=\"https:\/\/www.altimara.eu\/blog\/?p=2462\">https:\/\/www.altimara.eu\/blog\/?p=2462<\/a>) ont retrouv\u00e9s les gestes des jeunes charbonniers de la guerre. Depuis le site est interpr\u00e9t\u00e9 par deux grands panneaux qui donnent des explications de cette activit\u00e9 dans ce lieu.<\/p>\n\n\n\n<figure class=\"wp-block-image\"><img data-recalc-dims=\"1\" loading=\"lazy\" decoding=\"async\" width=\"627\" height=\"418\" data-attachment-id=\"2927\" data-permalink=\"https:\/\/www.altimara.eu\/blog\/2019\/01\/11\/les-fours-de-st-guillaume\/_mar8652-copie\/\" data-orig-file=\"https:\/\/i0.wp.com\/www.altimara.eu\/blog\/wp-content\/uploads\/2019\/01\/MAR8652-copie.jpg?fit=1000%2C667&amp;ssl=1\" data-orig-size=\"1000,667\" data-comments-opened=\"1\" data-image-meta=\"{&quot;aperture&quot;:&quot;11&quot;,&quot;credit&quot;:&quot;ACQUARONE Martial&quot;,&quot;camera&quot;:&quot;NIKON D800&quot;,&quot;caption&quot;:&quot;&quot;,&quot;created_timestamp&quot;:&quot;1546428576&quot;,&quot;copyright&quot;:&quot;ACQUARONE Martial&quot;,&quot;focal_length&quot;:&quot;70&quot;,&quot;iso&quot;:&quot;640&quot;,&quot;shutter_speed&quot;:&quot;0.04&quot;,&quot;title&quot;:&quot;&quot;,&quot;orientation&quot;:&quot;0&quot;}\" data-image-title=\"_MAR8652 &amp;#8211; copie\" data-image-description=\"\" data-image-caption=\"\" data-large-file=\"https:\/\/i0.wp.com\/www.altimara.eu\/blog\/wp-content\/uploads\/2019\/01\/MAR8652-copie.jpg?fit=627%2C418&amp;ssl=1\" src=\"https:\/\/i0.wp.com\/www.altimara.eu\/blog\/wp-content\/uploads\/2019\/01\/MAR8652-copie.jpg?resize=627%2C418\" alt=\"\" class=\"wp-image-2927\" srcset=\"https:\/\/i0.wp.com\/www.altimara.eu\/blog\/wp-content\/uploads\/2019\/01\/MAR8652-copie.jpg?w=1000&amp;ssl=1 1000w, https:\/\/i0.wp.com\/www.altimara.eu\/blog\/wp-content\/uploads\/2019\/01\/MAR8652-copie.jpg?resize=300%2C200&amp;ssl=1 300w, https:\/\/i0.wp.com\/www.altimara.eu\/blog\/wp-content\/uploads\/2019\/01\/MAR8652-copie.jpg?resize=768%2C512&amp;ssl=1 768w\" sizes=\"auto, (max-width: 627px) 100vw, 627px\" \/><\/figure>\n\n\n\n<figure class=\"wp-block-image\"><img data-recalc-dims=\"1\" loading=\"lazy\" decoding=\"async\" width=\"627\" height=\"418\" data-attachment-id=\"2928\" data-permalink=\"https:\/\/www.altimara.eu\/blog\/2019\/01\/11\/les-fours-de-st-guillaume\/_mar8663-copie\/\" data-orig-file=\"https:\/\/i0.wp.com\/www.altimara.eu\/blog\/wp-content\/uploads\/2019\/01\/MAR8663-copie.jpg?fit=1000%2C667&amp;ssl=1\" data-orig-size=\"1000,667\" data-comments-opened=\"1\" data-image-meta=\"{&quot;aperture&quot;:&quot;7.1&quot;,&quot;credit&quot;:&quot;ACQUARONE Martial&quot;,&quot;camera&quot;:&quot;NIKON D800&quot;,&quot;caption&quot;:&quot;&quot;,&quot;created_timestamp&quot;:&quot;1546429428&quot;,&quot;copyright&quot;:&quot;ACQUARONE Martial&quot;,&quot;focal_length&quot;:&quot;26&quot;,&quot;iso&quot;:&quot;1000&quot;,&quot;shutter_speed&quot;:&quot;0.02&quot;,&quot;title&quot;:&quot;&quot;,&quot;orientation&quot;:&quot;0&quot;}\" data-image-title=\"_MAR8663 &amp;#8211; copie\" data-image-description=\"\" data-image-caption=\"\" data-large-file=\"https:\/\/i0.wp.com\/www.altimara.eu\/blog\/wp-content\/uploads\/2019\/01\/MAR8663-copie.jpg?fit=627%2C418&amp;ssl=1\" src=\"https:\/\/i0.wp.com\/www.altimara.eu\/blog\/wp-content\/uploads\/2019\/01\/MAR8663-copie.jpg?resize=627%2C418\" alt=\"\" class=\"wp-image-2928\" srcset=\"https:\/\/i0.wp.com\/www.altimara.eu\/blog\/wp-content\/uploads\/2019\/01\/MAR8663-copie.jpg?w=1000&amp;ssl=1 1000w, https:\/\/i0.wp.com\/www.altimara.eu\/blog\/wp-content\/uploads\/2019\/01\/MAR8663-copie.jpg?resize=300%2C200&amp;ssl=1 300w, https:\/\/i0.wp.com\/www.altimara.eu\/blog\/wp-content\/uploads\/2019\/01\/MAR8663-copie.jpg?resize=768%2C512&amp;ssl=1 768w\" sizes=\"auto, (max-width: 627px) 100vw, 627px\" \/><\/figure>\n\n\n\n<p>Je serai ravi de participer \u00e0 un nouveau fonctionnement de ce four.<\/p>\n\n\n\nngg_shortcode_0_placeholder\n","protected":false},"excerpt":{"rendered":"<p>En ce d\u00e9but d&rsquo;ann\u00e9e, une visite agr\u00e9able dans une superbe for\u00eat du Tri\u00e8ves et en bordure du Vercors. La petite commune de St Guillaume peut s\u2019enorgueillir de poss\u00e9der un int\u00e9ressant site de fours \u00e0 charbonner. 4 fours m\u00e9talliques, du type Magnien, avec deux \u00e9tages (viroles) d\u00e9montables, ont \u00e9t\u00e9 d\u00e9pos\u00e9s \u00e0 flanc de montagne sur un [&hellip;]<\/p>\n","protected":false},"author":3,"featured_media":0,"comment_status":"open","ping_status":"open","sticky":false,"template":"","format":"standard","meta":{"ngg_post_thumbnail":0,"jetpack_post_was_ever_published":false,"_jetpack_newsletter_access":"","_jetpack_dont_email_post_to_subs":false,"_jetpack_newsletter_tier_id":0,"_jetpack_memberships_contains_paywalled_content":false,"_jetpack_memberships_contains_paid_content":false,"footnotes":"","jetpack_publicize_message":"","jetpack_publicize_feature_enabled":true,"jetpack_social_post_already_shared":true,"jetpack_social_options":{"image_generator_settings":{"template":"highway","default_image_id":0,"font":"","enabled":false},"version":2}},"categories":[6,103],"tags":[],"class_list":["post-2926","post","type-post","status-publish","format-standard","hentry","category-charbon-de-bois-carbon-art","category-charbonnier-en-france"],"jetpack_publicize_connections":[],"jetpack_featured_media_url":"","jetpack_shortlink":"https:\/\/wp.me\/p4r91c-Lc","jetpack_sharing_enabled":true,"jetpack-related-posts":[{"id":3150,"url":"https:\/\/www.altimara.eu\/blog\/2019\/09\/01\/cuisson-au-four-metallique\/","url_meta":{"origin":2926,"position":0},"title":"Cuisson au four m\u00e9tallique","author":"Martiou","date":"1 septembre 2019","format":false,"excerpt":"J'avais eu l'occasion de voir le site des fours m\u00e9talliques dans le for\u00eat des Baumaises de la commune de St Guillaume (https:\/\/www.altimara.eu\/blog\/?p=2926). Ce village est au pied du Vercors, \u00e0 cot\u00e9 du Mont Aiguille. Ces fours ont \u00e9t\u00e9 utilis\u00e9 comme partout en France pendant la Seconde Guerre Mondiale. Ce sont\u2026","rel":"","context":"Dans &quot;Charbon de bois&quot;","block_context":{"text":"Charbon de bois","link":"https:\/\/www.altimara.eu\/blog\/category\/charbon-de-bois-carbon-art\/"},"img":{"alt_text":"","src":"https:\/\/i0.wp.com\/www.altimara.eu\/blog\/wp-content\/uploads\/2019\/09\/Capture-d%E2%80%99e%CC%81cran-2019-09-01-a%CC%80-14.09.41.png?resize=350%2C200&ssl=1","width":350,"height":200,"srcset":"https:\/\/i0.wp.com\/www.altimara.eu\/blog\/wp-content\/uploads\/2019\/09\/Capture-d%E2%80%99e%CC%81cran-2019-09-01-a%CC%80-14.09.41.png?resize=350%2C200&ssl=1 1x, https:\/\/i0.wp.com\/www.altimara.eu\/blog\/wp-content\/uploads\/2019\/09\/Capture-d%E2%80%99e%CC%81cran-2019-09-01-a%CC%80-14.09.41.png?resize=525%2C300&ssl=1 1.5x"},"classes":[]},{"id":3156,"url":"https:\/\/www.altimara.eu\/blog\/2019\/09\/16\/cuisson-au-four-metallique-suite-et-fin\/","url_meta":{"origin":2926,"position":1},"title":"Cuisson au four m\u00e9tallique, suite et fin","author":"Martiou","date":"16 septembre 2019","format":false,"excerpt":"l'\u00e9quipe de St Guillaume a allum\u00e9 le feu dans la marmite remplie de 4 st\u00e8res de bois. les b\u00fbches une fois d\u00e9pos\u00e9es dans la \"marmite\", il est mis un cordon de terre dans les rainures des jonctions des viroles pour l'\u00e9tanch\u00e9it\u00e9. Colmatage Allumage par le haut comme en meule La\u2026","rel":"","context":"Dans &quot;Charbon de bois&quot;","block_context":{"text":"Charbon de bois","link":"https:\/\/www.altimara.eu\/blog\/category\/charbon-de-bois-carbon-art\/"},"img":{"alt_text":"","src":"https:\/\/i0.wp.com\/www.altimara.eu\/blog\/wp-content\/uploads\/2019\/09\/P1120459.jpg?resize=350%2C200&ssl=1","width":350,"height":200,"srcset":"https:\/\/i0.wp.com\/www.altimara.eu\/blog\/wp-content\/uploads\/2019\/09\/P1120459.jpg?resize=350%2C200&ssl=1 1x, https:\/\/i0.wp.com\/www.altimara.eu\/blog\/wp-content\/uploads\/2019\/09\/P1120459.jpg?resize=525%2C300&ssl=1 1.5x, https:\/\/i0.wp.com\/www.altimara.eu\/blog\/wp-content\/uploads\/2019\/09\/P1120459.jpg?resize=700%2C400&ssl=1 2x, https:\/\/i0.wp.com\/www.altimara.eu\/blog\/wp-content\/uploads\/2019\/09\/P1120459.jpg?resize=1050%2C600&ssl=1 3x, https:\/\/i0.wp.com\/www.altimara.eu\/blog\/wp-content\/uploads\/2019\/09\/P1120459.jpg?resize=1400%2C800&ssl=1 4x"},"classes":[]},{"id":2462,"url":"https:\/\/www.altimara.eu\/blog\/2017\/09\/21\/charbonnier-professionnel\/","url_meta":{"origin":2926,"position":2},"title":"Charbonnier professionnel","author":"Martiou","date":"21 septembre 2017","format":false,"excerpt":"A Bourg-St-And\u00e9ol, il y a une entreprise de fabrication de charbon de bois. La cuisson se pratique avec de grands fours en fer. Les cuves sont d'\u00e9normes cloches avec un gros couvercle sur le haut. 4 chemin\u00e9es \u00e9vacuent une \u00e9paisse fum\u00e9e dans un bonne odeur de carbonisation extr\u00eamement forte. Le\u2026","rel":"","context":"Dans &quot;Charbon de bois&quot;","block_context":{"text":"Charbon de bois","link":"https:\/\/www.altimara.eu\/blog\/category\/charbon-de-bois-carbon-art\/"},"img":{"alt_text":"","src":"https:\/\/i0.wp.com\/www.altimara.eu\/blog\/wp-content\/uploads\/2017\/09\/MAR2599.jpg?resize=350%2C200","width":350,"height":200,"srcset":"https:\/\/i0.wp.com\/www.altimara.eu\/blog\/wp-content\/uploads\/2017\/09\/MAR2599.jpg?resize=350%2C200 1x, https:\/\/i0.wp.com\/www.altimara.eu\/blog\/wp-content\/uploads\/2017\/09\/MAR2599.jpg?resize=525%2C300 1.5x"},"classes":[]},{"id":4623,"url":"https:\/\/www.altimara.eu\/blog\/2025\/08\/28\/kolakaka-episode-2-s\/","url_meta":{"origin":2926,"position":3},"title":"Kolakaka \u00e9pisode 2 s","author":"Martiou","date":"28 ao\u00fbt 2025","format":false,"excerpt":"Une belle rencontre avec un fermier qui charbonne au four m\u00e9tallique. Hulda et Tyrfingur ont une ferme dans le sud pas tr\u00e8s loin de la ville de Selfoss. Ils ont d\u00e9velopp\u00e9 des activit\u00e9s particuli\u00e8res avec un moulin \u00e0 laine, un \u00e9levage de porcs et des volailles, le tout en bio.\u2026","rel":"","context":"Dans &quot;0- MES CHARBONNI\u00c8RES&quot;","block_context":{"text":"0- MES CHARBONNI\u00c8RES","link":"https:\/\/www.altimara.eu\/blog\/category\/mes-charbonnieres\/"},"img":{"alt_text":"","src":"https:\/\/i0.wp.com\/www.altimara.eu\/blog\/wp-content\/uploads\/2025\/08\/kolakaka-25-42.jpg?resize=350%2C200&ssl=1","width":350,"height":200,"srcset":"https:\/\/i0.wp.com\/www.altimara.eu\/blog\/wp-content\/uploads\/2025\/08\/kolakaka-25-42.jpg?resize=350%2C200&ssl=1 1x, https:\/\/i0.wp.com\/www.altimara.eu\/blog\/wp-content\/uploads\/2025\/08\/kolakaka-25-42.jpg?resize=525%2C300&ssl=1 1.5x, https:\/\/i0.wp.com\/www.altimara.eu\/blog\/wp-content\/uploads\/2025\/08\/kolakaka-25-42.jpg?resize=700%2C400&ssl=1 2x"},"classes":[]},{"id":1707,"url":"https:\/\/www.altimara.eu\/blog\/2016\/03\/02\/four-a-chaux\/","url_meta":{"origin":2926,"position":4},"title":"Four \u00e0 chaux","author":"Martiou","date":"2 mars 2016","format":false,"excerpt":"En garrigues, nous trouvons aussi d'autres utilisations du bois pour chauffer. Les fours sont nombreux et diff\u00e9rents en fonction des usages. Fours \u00e0 poix, \u00e0 cades, \u00e0 tuiles et dans nos pays calcaires de nombreux fours \u00e0 chaux. La roche calcaire est compos\u00e9e de carbonate de calcium et d'acide carbonique.\u2026","rel":"","context":"Dans &quot;Autre&quot;","block_context":{"text":"Autre","link":"https:\/\/www.altimara.eu\/blog\/category\/autre\/"},"img":{"alt_text":"titre-noir","src":"https:\/\/i0.wp.com\/www.altimara.eu\/blog\/wp-content\/uploads\/2014\/02\/titre-noir2.jpg?resize=350%2C200","width":350,"height":200},"classes":[]},{"id":1573,"url":"https:\/\/www.altimara.eu\/blog\/2015\/12\/30\/les-petits-fours\/","url_meta":{"origin":2926,"position":5},"title":"Les petits fours","author":"Martiou","date":"30 d\u00e9cembre 2015","format":false,"excerpt":"A la veille de passer dans l'autre ann\u00e9e, nous sommes all\u00e9s d\u00e9couvrir le site des \"marmites\" du village de Les Cammazes (Tarn). Dans ces Montagnes Noires la for\u00eat est assez dense. Elle est bien sur fortement exploit\u00e9e et a beaucoup \u00e9t\u00e9 utilis\u00e9 pendant la derni\u00e8re guerre. Nous retrouvons l\u00e0 les\u2026","rel":"","context":"Dans &quot;Autre&quot;","block_context":{"text":"Autre","link":"https:\/\/www.altimara.eu\/blog\/category\/autre\/"},"img":{"alt_text":"_MAR8866","src":"https:\/\/i0.wp.com\/www.altimara.eu\/blog\/wp-content\/uploads\/2015\/12\/MAR8866-1024x683.jpg?resize=350%2C200","width":350,"height":200,"srcset":"https:\/\/i0.wp.com\/www.altimara.eu\/blog\/wp-content\/uploads\/2015\/12\/MAR8866-1024x683.jpg?resize=350%2C200 1x, https:\/\/i0.wp.com\/www.altimara.eu\/blog\/wp-content\/uploads\/2015\/12\/MAR8866-1024x683.jpg?resize=525%2C300 1.5x"},"classes":[]}],"_links":{"self":[{"href":"https:\/\/www.altimara.eu\/blog\/wp-json\/wp\/v2\/posts\/2926","targetHints":{"allow":["GET"]}}],"collection":[{"href":"https:\/\/www.altimara.eu\/blog\/wp-json\/wp\/v2\/posts"}],"about":[{"href":"https:\/\/www.altimara.eu\/blog\/wp-json\/wp\/v2\/types\/post"}],"author":[{"embeddable":true,"href":"https:\/\/www.altimara.eu\/blog\/wp-json\/wp\/v2\/users\/3"}],"replies":[{"embeddable":true,"href":"https:\/\/www.altimara.eu\/blog\/wp-json\/wp\/v2\/comments?post=2926"}],"version-history":[{"count":0,"href":"https:\/\/www.altimara.eu\/blog\/wp-json\/wp\/v2\/posts\/2926\/revisions"}],"wp:attachment":[{"href":"https:\/\/www.altimara.eu\/blog\/wp-json\/wp\/v2\/media?parent=2926"}],"wp:term":[{"taxonomy":"category","embeddable":true,"href":"https:\/\/www.altimara.eu\/blog\/wp-json\/wp\/v2\/categories?post=2926"},{"taxonomy":"post_tag","embeddable":true,"href":"https:\/\/www.altimara.eu\/blog\/wp-json\/wp\/v2\/tags?post=2926"}],"curies":[{"name":"wp","href":"https:\/\/api.w.org\/{rel}","templated":true}]}}