{"id":2906,"date":"2018-12-21T15:39:50","date_gmt":"2018-12-21T14:39:50","guid":{"rendered":"https:\/\/www.altimara.eu\/blog\/?p=2906"},"modified":"2019-02-21T22:22:45","modified_gmt":"2019-02-21T21:22:45","slug":"charbon-et-cosmetique","status":"publish","type":"post","link":"https:\/\/www.altimara.eu\/blog\/2018\/12\/21\/charbon-et-cosmetique\/","title":{"rendered":"Charbon et cosm\u00e9tiques"},"content":{"rendered":"\n<p>Une certaine mode envahit le monde parfum\u00e9 des cosm\u00e9tiques. Du charbon dans tous les produits, g\u00e9lules, cr\u00e8mes et autres onguents. J&rsquo;ai achet\u00e9 un dentifrice qui sent bon la menthe et qui est noir. Il est \u00e9crit sur la boite que ce produit noir me rendra les dents plus blanches. Le ying et le yang.<\/p>\n\n\n\n<p>Pour compl\u00e9ter ma panoplie, j&rsquo;ai aussi achet\u00e9, en pharmacie, une belle brosse \u00e0 dent toute noire. Elle aussi est au charbon.<\/p>\n\n\n\n<figure class=\"wp-block-image\"><img data-recalc-dims=\"1\" loading=\"lazy\" decoding=\"async\" width=\"627\" height=\"353\" data-attachment-id=\"2908\" data-permalink=\"https:\/\/www.altimara.eu\/blog\/2018\/12\/21\/charbon-et-cosmetique\/img_20181116_154746693\/\" data-orig-file=\"https:\/\/i0.wp.com\/www.altimara.eu\/blog\/wp-content\/uploads\/2018\/12\/IMG_20181116_154746693.jpg?fit=1134%2C638&amp;ssl=1\" data-orig-size=\"1134,638\" data-comments-opened=\"1\" data-image-meta=\"{&quot;aperture&quot;:&quot;2&quot;,&quot;credit&quot;:&quot;&quot;,&quot;camera&quot;:&quot;MotoG3&quot;,&quot;caption&quot;:&quot;&quot;,&quot;created_timestamp&quot;:&quot;1542383266&quot;,&quot;copyright&quot;:&quot;&quot;,&quot;focal_length&quot;:&quot;3.64&quot;,&quot;iso&quot;:&quot;320&quot;,&quot;shutter_speed&quot;:&quot;0.030009999896908&quot;,&quot;title&quot;:&quot;&quot;,&quot;orientation&quot;:&quot;1&quot;}\" data-image-title=\"IMG_20181116_154746693\" data-image-description=\"\" data-image-caption=\"\" data-large-file=\"https:\/\/i0.wp.com\/www.altimara.eu\/blog\/wp-content\/uploads\/2018\/12\/IMG_20181116_154746693.jpg?fit=627%2C353&amp;ssl=1\" src=\"https:\/\/i0.wp.com\/www.altimara.eu\/blog\/wp-content\/uploads\/2018\/12\/IMG_20181116_154746693-1024x576.jpg?resize=627%2C353\" alt=\"\" class=\"wp-image-2908\" srcset=\"https:\/\/i0.wp.com\/www.altimara.eu\/blog\/wp-content\/uploads\/2018\/12\/IMG_20181116_154746693.jpg?resize=1024%2C576&amp;ssl=1 1024w, https:\/\/i0.wp.com\/www.altimara.eu\/blog\/wp-content\/uploads\/2018\/12\/IMG_20181116_154746693.jpg?resize=300%2C169&amp;ssl=1 300w, https:\/\/i0.wp.com\/www.altimara.eu\/blog\/wp-content\/uploads\/2018\/12\/IMG_20181116_154746693.jpg?resize=768%2C432&amp;ssl=1 768w, https:\/\/i0.wp.com\/www.altimara.eu\/blog\/wp-content\/uploads\/2018\/12\/IMG_20181116_154746693.jpg?w=1134&amp;ssl=1 1134w\" sizes=\"auto, (max-width: 627px) 100vw, 627px\" \/><\/figure>\n\n\n\n<p>Charbon? actif, activ\u00e9, voire super activ\u00e9 ou v\u00e9g\u00e9tal, le charbon ne broie plus du noir tellement il est demand\u00e9.  <\/p>\n\n\n\n<p>Le principe physique du charbon actif est l&rsquo;absorption des gaz. Sa principale utilisation a \u00e9t\u00e9 dans les masques \u00e0 gaz au cours des guerres mondiales. On le trouve aujourd&rsquo;hui dans tout autre type de filtre ( hotte de cuisine, etc &#8230;).  Une petite g\u00e9lule de Belloc aval\u00e9e avec un grand verre d&rsquo;eau est de loin le rem\u00e8de le plus efficace pour supprimer tous les gaz non conviviaux qui encombrent parfois nos intestins. <\/p>\n\n\n\n<p>Pourquoi \u00e7a? Lors de la carbonisation, le complexe bois se transforme en carbone. La structure interne reste telle quelle, c&rsquo;est \u00e0 dire avec tous les vaisseaux qui parcourent le duramen et l&rsquo;aubier. Mais des poussi\u00e8res obstruent ses tuyaux. Par une nouvelle sur-carbonisation, entre 600\u00b0 et 1000\u00b0, avec de l&rsquo;eau ou d&rsquo;autres produits, ces poussi\u00e8res sont \u00e9limin\u00e9es. L&rsquo;espace lib\u00e9r\u00e9 est ph\u00e9nom\u00e9nal, 1 cm3 de charbon actif \u00e0 la m\u00eame surface qu&rsquo;un terrain de foot. D&rsquo;o\u00f9 la grande capacit\u00e9 d&rsquo;absorption de ce charbon.<\/p>\n\n\n\n<p>Le charbon v\u00e9g\u00e9tal, dit aussi biochar, agrichar est issu de v\u00e9g\u00e9taux non ligneux (le bois) comme les herbes, les feuilles voir les \u00e9corces. Moins carbon\u00e9 que le charbon de bois, il peut contenir jusqu&rsquo;\u00e0 80% de carbone. C&rsquo;est ce que nous pratiquons au sein de nos associations, ALTIMARA et COOPDEA, avec les briquettes d&rsquo;\u00e9cochar pour les pays en voie de d\u00e9veloppement.<\/p>\n\n\n\n<p>Le charbon v\u00e9g\u00e9tal est donc aujourd&rsquo;hui utilis\u00e9 \u00ab\u00a0activ\u00e9\u00a0\u00bb comme le charbon actif. Cela permet certainement de r\u00e9duire les co\u00fbts des mati\u00e8res premi\u00e8res ainsi que les transformations car il est plus facile \u00e0 r\u00e9duire en poudre.<\/p>\n\n\n\n<p>Reste un souci dont j&rsquo;attends la r\u00e9ponse. J&rsquo;ai pos\u00e9 la question \u00e0 l&rsquo;un des fabricant de ces produits. Comment ces complexes qui m\u00e9langent du charbon activ\u00e9 et des mol\u00e9cules autres (Myrtille, curcuma, etc) peuvent \u00e0 la fois absorber et diffuser, cela me semble incompatible. Nous le comprendrons quand j&rsquo;aurai la r\u00e9ponse. <\/p>\n\n\n\n<p>En attendant, la magie du charbon continue de s&rsquo;exercer et tous ces produits peuvent \u00eatre de petits cadeaux de No\u00ebl originaux.<\/p>\n\n\n\n<div class=\"wp-block-cover has-background-dim is-layout-flow wp-block-cover-is-layout-flow\" style=\"background-image:url(https:\/\/www.altimara.eu\/blog\/wp-content\/uploads\/2018\/12\/dentifrice.jpg)\"><p class=\"wp-block-cover-text\">Joyeux Noel<br><br>tout blanc<br><br>tout noir !<\/p><\/div>\n\n\n\n<p><em>Mon petit cadeau est la mise en ligne de mon autre passion l&rsquo;Islande: <a href=\"http:\/\/ile-denfer.eu\/\" target=\"_blank\" rel=\"noreferrer noopener\" aria-label=\"http:\/\/ile-denfer.eu\/ (opens in a new tab)\">http:\/\/ile-denfer.eu\/<\/a><\/em><\/p>\n","protected":false},"excerpt":{"rendered":"<p>Une certaine mode envahit le monde parfum\u00e9 des cosm\u00e9tiques. Du charbon dans tous les produits, g\u00e9lules, cr\u00e8mes et autres onguents. J&rsquo;ai achet\u00e9 un dentifrice qui sent bon la menthe et qui est noir. Il est \u00e9crit sur la boite que ce produit noir me rendra les dents plus blanches. Le ying et le yang. Pour [&hellip;]<\/p>\n","protected":false},"author":3,"featured_media":0,"comment_status":"open","ping_status":"open","sticky":false,"template":"","format":"standard","meta":{"ngg_post_thumbnail":0,"jetpack_post_was_ever_published":false,"_jetpack_newsletter_access":"","_jetpack_dont_email_post_to_subs":false,"_jetpack_newsletter_tier_id":0,"_jetpack_memberships_contains_paywalled_content":false,"_jetpack_memberships_contains_paid_content":false,"footnotes":"","jetpack_publicize_message":"","jetpack_publicize_feature_enabled":true,"jetpack_social_post_already_shared":true,"jetpack_social_options":{"image_generator_settings":{"template":"highway","default_image_id":0,"font":"","enabled":false},"version":2}},"categories":[86],"tags":[],"class_list":["post-2906","post","type-post","status-publish","format-standard","hentry","category-charbon-vegetal"],"jetpack_publicize_connections":[],"jetpack_featured_media_url":"","jetpack_shortlink":"https:\/\/wp.me\/p4r91c-KS","jetpack_sharing_enabled":true,"jetpack-related-posts":[{"id":2985,"url":"https:\/\/www.altimara.eu\/blog\/2019\/03\/13\/charbon-et-cosmetiques-une-reponse\/","url_meta":{"origin":2906,"position":0},"title":"Charbon et cosm\u00e9tiques&#8230;une r\u00e9ponse","author":"Martiou","date":"13 mars 2019","format":false,"excerpt":"Dans l'article du 21 d\u00e9cembre 2018 j'indiquais que j'avais pos\u00e9 une question* \u00e0 un fabricant de produits cosm\u00e9tiques... et j'ai eu une r\u00e9ponse. Je m\u2019interrogeais sur le fait que la charbon actif est par d\u00e9finition tr\u00e8s absorbant, il est utilis\u00e9 dans de nombreux filtres, alors comment se fait il qu'il\u2026","rel":"","context":"Dans &quot;Non class\u00e9&quot;","block_context":{"text":"Non class\u00e9","link":"https:\/\/www.altimara.eu\/blog\/category\/non-classe\/"},"img":{"alt_text":"","src":"https:\/\/i0.wp.com\/www.altimara.eu\/blog\/wp-content\/uploads\/2018\/12\/IMG_20181116_154746693-300x169.jpg?resize=350%2C200","width":350,"height":200},"classes":[]},{"id":2486,"url":"https:\/\/www.altimara.eu\/blog\/2017\/10\/23\/baguette-noire\/","url_meta":{"origin":2906,"position":1},"title":"Baguette noire","author":"Martiou","date":"23 octobre 2017","format":false,"excerpt":"Charbon tu me rends fou!!! Encore une espace que le charbon v\u00e9g\u00e9tal (charbon actif ici) investit, la boulangerie. Un reportage que FR3 Normandie a diffus\u00e9. Une boulangerie \u00e0 Vernon dans l'Eure produit des baguettes noires car m\u00e9lang\u00e9es avec du charbon v\u00e9g\u00e9tal actif. Vendues comme detox, je me demande si l\u2019absorption\u2026","rel":"","context":"Dans &quot;Charbon v\u00e9g\u00e9tal&quot;","block_context":{"text":"Charbon v\u00e9g\u00e9tal","link":"https:\/\/www.altimara.eu\/blog\/category\/charbon-vegetal\/"},"img":{"alt_text":"","src":"https:\/\/i0.wp.com\/www.altimara.eu\/blog\/wp-content\/uploads\/2017\/10\/effrayant-tete-de-citrouille-d-39-halloween_318-30163-150x150.jpg?resize=350%2C200","width":350,"height":200},"classes":[]},{"id":2174,"url":"https:\/\/www.altimara.eu\/blog\/2017\/01\/05\/charbon-de-noel\/","url_meta":{"origin":2906,"position":2},"title":"Charbon de No\u00ebl","author":"Martiou","date":"5 janvier 2017","format":false,"excerpt":"Le P\u00e8re No\u00ebl a apport\u00e9 un petit objet assez particulier. Venu du Japon, ce pays o\u00f9 la tradition est fondamentale, o\u00f9 le travail du charbon de bois est toujours important et o\u00f9 la carbonisation est pouss\u00e9e aux extr\u00eames. Les charbonniers de la r\u00e9gion de Kishu, zone montagneuse pas tr\u00e8s loin\u2026","rel":"","context":"Dans &quot;Charbon de bois&quot;","block_context":{"text":"Charbon de bois","link":"https:\/\/www.altimara.eu\/blog\/category\/charbon-de-bois-carbon-art\/"},"img":{"alt_text":"","src":"https:\/\/i0.wp.com\/www.altimara.eu\/blog\/wp-content\/uploads\/2017\/01\/IMG_20170105_082211858_HDR-169x300.jpg?resize=350%2C200","width":350,"height":200},"classes":[]},{"id":3509,"url":"https:\/\/www.altimara.eu\/blog\/2020\/10\/31\/charbon-ecologique\/","url_meta":{"origin":2906,"position":3},"title":"Charbon \u00e9cologique","author":"Martiou","date":"31 octobre 2020","format":false,"excerpt":"Le charbon a mauvaise presse et c'est tout \u00e0 fait justifi\u00e9. L'utilisation des ressources fossiles provoque l'acc\u00e9l\u00e9ration du changement climatique et participe \u00e0 son d\u00e9r\u00e8glement. Le charbon est multiple. Il peut \u00eatre issu de terre, de bois, d'os, d'hydrocarbure, etc. Celui qui nous int\u00e9resse est d'origine v\u00e9g\u00e9tale et \u00e0 contrario\u2026","rel":"","context":"Dans &quot;Charbon v\u00e9g\u00e9tal&quot;","block_context":{"text":"Charbon v\u00e9g\u00e9tal","link":"https:\/\/www.altimara.eu\/blog\/category\/charbon-vegetal\/"},"img":{"alt_text":"","src":"https:\/\/i0.wp.com\/www.altimara.eu\/blog\/wp-content\/uploads\/2020\/10\/nuit1.jpg?resize=350%2C200&ssl=1","width":350,"height":200,"srcset":"https:\/\/i0.wp.com\/www.altimara.eu\/blog\/wp-content\/uploads\/2020\/10\/nuit1.jpg?resize=350%2C200&ssl=1 1x, https:\/\/i0.wp.com\/www.altimara.eu\/blog\/wp-content\/uploads\/2020\/10\/nuit1.jpg?resize=525%2C300&ssl=1 1.5x, https:\/\/i0.wp.com\/www.altimara.eu\/blog\/wp-content\/uploads\/2020\/10\/nuit1.jpg?resize=700%2C400&ssl=1 2x"},"classes":[]},{"id":1409,"url":"https:\/\/www.altimara.eu\/blog\/2015\/07\/14\/bois-dislande-13\/","url_meta":{"origin":2906,"position":4},"title":"Charbon de bois d&rsquo;Islande","author":"Martiou","date":"14 juillet 2015","format":false,"excerpt":"Depuis longtemps je cherche du sel noir d\u2019Hawa\u00ef. Ce sel est extrait de l'eau du Pacifique dans l'\u00eele de Moloka\u00ef. Il est ensuite m\u00e9lang\u00e9 \u00e0 du charbon actif qui lui donne sa couleur noire. Recherch\u00e9 pour sa qualit\u00e9 gustative moins agressive que le sel standard des salins on ne le\u2026","rel":"","context":"Dans &quot;3 Charbon de bois Islande&quot;","block_context":{"text":"3 Charbon de bois Islande","link":"https:\/\/www.altimara.eu\/blog\/category\/charbon-de-bois-islande\/"},"img":{"alt_text":"black-lava.jpg-for-web","src":"https:\/\/i0.wp.com\/www.altimara.eu\/blog\/wp-content\/uploads\/2015\/07\/black-lava.jpg-for-web-162x300.jpg?resize=350%2C200","width":350,"height":200},"classes":[]},{"id":3611,"url":"https:\/\/www.altimara.eu\/blog\/2021\/03\/30\/charbon-dolivier\/","url_meta":{"origin":2906,"position":5},"title":"Charbon d&rsquo;olivier","author":"Martiou","date":"30 mars 2021","format":false,"excerpt":"Les tailles des oliviers g\u00e9n\u00e8rent un grand volume de branches dont il faut se d\u00e9barrasser. La carbonisation est parfaite pour transformer cette bio-masse en biochar qui la valorise. Les feuilles et les petites branches se carbonisent facilement car elles donnent une grande quantit\u00e9 de bio-gaz inflammable. Les temp\u00e9ratures des fours\u2026","rel":"","context":"Dans &quot;biochar&quot;","block_context":{"text":"biochar","link":"https:\/\/www.altimara.eu\/blog\/category\/charbon-vegetal\/biochar\/"},"img":{"alt_text":"","src":"https:\/\/i0.wp.com\/www.altimara.eu\/blog\/wp-content\/uploads\/2021\/03\/IMG_20210326_165438.jpg?resize=350%2C200&ssl=1","width":350,"height":200,"srcset":"https:\/\/i0.wp.com\/www.altimara.eu\/blog\/wp-content\/uploads\/2021\/03\/IMG_20210326_165438.jpg?resize=350%2C200&ssl=1 1x, https:\/\/i0.wp.com\/www.altimara.eu\/blog\/wp-content\/uploads\/2021\/03\/IMG_20210326_165438.jpg?resize=525%2C300&ssl=1 1.5x, https:\/\/i0.wp.com\/www.altimara.eu\/blog\/wp-content\/uploads\/2021\/03\/IMG_20210326_165438.jpg?resize=700%2C400&ssl=1 2x"},"classes":[]}],"_links":{"self":[{"href":"https:\/\/www.altimara.eu\/blog\/wp-json\/wp\/v2\/posts\/2906","targetHints":{"allow":["GET"]}}],"collection":[{"href":"https:\/\/www.altimara.eu\/blog\/wp-json\/wp\/v2\/posts"}],"about":[{"href":"https:\/\/www.altimara.eu\/blog\/wp-json\/wp\/v2\/types\/post"}],"author":[{"embeddable":true,"href":"https:\/\/www.altimara.eu\/blog\/wp-json\/wp\/v2\/users\/3"}],"replies":[{"embeddable":true,"href":"https:\/\/www.altimara.eu\/blog\/wp-json\/wp\/v2\/comments?post=2906"}],"version-history":[{"count":0,"href":"https:\/\/www.altimara.eu\/blog\/wp-json\/wp\/v2\/posts\/2906\/revisions"}],"wp:attachment":[{"href":"https:\/\/www.altimara.eu\/blog\/wp-json\/wp\/v2\/media?parent=2906"}],"wp:term":[{"taxonomy":"category","embeddable":true,"href":"https:\/\/www.altimara.eu\/blog\/wp-json\/wp\/v2\/categories?post=2906"},{"taxonomy":"post_tag","embeddable":true,"href":"https:\/\/www.altimara.eu\/blog\/wp-json\/wp\/v2\/tags?post=2906"}],"curies":[{"name":"wp","href":"https:\/\/api.w.org\/{rel}","templated":true}]}}