{"id":2828,"date":"2018-09-18T21:07:59","date_gmt":"2018-09-18T20:07:59","guid":{"rendered":"https:\/\/www.altimara.eu\/blog\/?p=2828"},"modified":"2018-09-19T22:04:08","modified_gmt":"2018-09-19T21:04:08","slug":"festa-del-bosc-ii","status":"publish","type":"post","link":"https:\/\/www.altimara.eu\/blog\/2018\/09\/18\/festa-del-bosc-ii\/","title":{"rendered":"Festa del Bosc II"},"content":{"rendered":"<p>Toujours aussi sympathique cette manifestation dans la scierie de Campredon (Commune de Ferrals-les-Montagnes). Nous nous sommes retrouv\u00e9s entre passionn\u00e9s du bois et de son utilisation. Puis le public a d\u00e9fil\u00e9 pendant ces deux jours.<\/p>\n<p>J&rsquo;ai r\u00e9alis\u00e9 une cuisson de meule charbonni\u00e8re avec une premi\u00e8re pour moi, la carbonisation de cypr\u00e8s&#8230; Le bois \u00e9tait sec, en buches de diam\u00e8tre de 10 cm. Avec un volume faible mais suffisant pour les deux jours de d\u00e9monstration. Bien que anhydre ce bois g\u00e9n\u00e8re une fum\u00e9e tr\u00e8s dense, au grand plaisir des autres exposants, avec une forte odeur. L&rsquo;allumage a \u00e9t\u00e9 rapide et j&rsquo;ai pu mesurer la temp\u00e9rature, 540\u00b0, au bout de seulement une demi heure.<\/p>\n<p>Pendant ces deux jours, j&rsquo;ai eu le plaisir d&rsquo;\u00e9changer avec des personnes fort int\u00e9ress\u00e9es. En autre un ancien berger qui, du coup, va essayer de carboniser un tas de branches de Douglas. Mais aussi une dame, grand m\u00e8re, qui veut montrer \u00e0 ces petits enfants comment cela se pratique. Elle a pris tous les renseignements et photos possibles. Va t&rsquo;elle r\u00e9ussir sa meule? Je lui souhaite. Et ainsi de suite avec aussi un grand int\u00e9r\u00eat par l&rsquo;\u00e9cochar et les briquettes de charbon v\u00e9g\u00e9tal.<\/p>\n<p>Dimanche en fin d&rsquo;apr\u00e8s midi, je sentais que la cuisson avait bien fonctionn\u00e9 et j&rsquo;ai d\u00e9cid\u00e9 alors de d\u00e9monter la meule pour le plus grand plaisir des participants. Une belle r\u00e9ussite, seule les parties basses des buches au contact de la terre n&rsquo;ont pas totalement carbonis\u00e9es comme d&rsquo;habitude. Le reste est superbe, avec une teinte noire bleut\u00e9e, tr\u00e8s brillante du \u00e0 l&rsquo;arrosage pour \u00e9teindre les braises.<\/p>\n<p>En duo, Martine la sorci\u00e8re a anim\u00e9 un bel atelier de fabrication de balais en gen\u00eat.. \u00e0 balais. Un savoir faire qui donne de beaux r\u00e9sultats que sont ces balais, super efficaces sur des surfaces difficiles.<\/p>\n<p>Beaucoup de plaisir par l&rsquo;ambiance de la manifestation, des organisateurs adorables, j&rsquo;aimerai que ce soit toujours comme \u00e7a dans toutes les manifestations.<\/p>\n<p>Merci aux organisateurs et b\u00e9n\u00e9voles de la Festa Del Bosc. Merci \u00e0 Benjamin et Arnaud.<\/p>\n<p><img data-recalc-dims=\"1\" loading=\"lazy\" decoding=\"async\" data-attachment-id=\"2830\" data-permalink=\"https:\/\/www.altimara.eu\/blog\/2018\/09\/18\/festa-del-bosc-ii\/_mar8566\/\" data-orig-file=\"https:\/\/i0.wp.com\/www.altimara.eu\/blog\/wp-content\/uploads\/2018\/09\/MAR8566.jpg?fit=1000%2C667&amp;ssl=1\" data-orig-size=\"1000,667\" data-comments-opened=\"1\" data-image-meta=\"{&quot;aperture&quot;:&quot;11&quot;,&quot;credit&quot;:&quot;ACQUARONE Martial&quot;,&quot;camera&quot;:&quot;NIKON D800&quot;,&quot;caption&quot;:&quot;&quot;,&quot;created_timestamp&quot;:&quot;1537115120&quot;,&quot;copyright&quot;:&quot;ACQUARONE Martial&quot;,&quot;focal_length&quot;:&quot;32&quot;,&quot;iso&quot;:&quot;640&quot;,&quot;shutter_speed&quot;:&quot;0.0008&quot;,&quot;title&quot;:&quot;&quot;,&quot;orientation&quot;:&quot;0&quot;}\" data-image-title=\"_MAR8566\" data-image-description=\"\" data-image-caption=\"\" data-large-file=\"https:\/\/i0.wp.com\/www.altimara.eu\/blog\/wp-content\/uploads\/2018\/09\/MAR8566.jpg?fit=627%2C418&amp;ssl=1\" class=\"aligncenter size-full wp-image-2830\" src=\"https:\/\/i0.wp.com\/www.altimara.eu\/blog\/wp-content\/uploads\/2018\/09\/MAR8566.jpg?resize=627%2C418\" alt=\"\" width=\"627\" height=\"418\" srcset=\"https:\/\/i0.wp.com\/www.altimara.eu\/blog\/wp-content\/uploads\/2018\/09\/MAR8566.jpg?w=1000&amp;ssl=1 1000w, https:\/\/i0.wp.com\/www.altimara.eu\/blog\/wp-content\/uploads\/2018\/09\/MAR8566.jpg?resize=300%2C200&amp;ssl=1 300w, https:\/\/i0.wp.com\/www.altimara.eu\/blog\/wp-content\/uploads\/2018\/09\/MAR8566.jpg?resize=768%2C512&amp;ssl=1 768w\" sizes=\"auto, (max-width: 627px) 100vw, 627px\" \/><\/p>\nngg_shortcode_0_placeholder\n","protected":false},"excerpt":{"rendered":"<p>Toujours aussi sympathique cette manifestation dans la scierie de Campredon (Commune de Ferrals-les-Montagnes). Nous nous sommes retrouv\u00e9s entre passionn\u00e9s du bois et de son utilisation. Puis le public a d\u00e9fil\u00e9 pendant ces deux jours. J&rsquo;ai r\u00e9alis\u00e9 une cuisson de meule charbonni\u00e8re avec une premi\u00e8re pour moi, la carbonisation de cypr\u00e8s&#8230; Le bois \u00e9tait sec, en [&hellip;]<\/p>\n","protected":false},"author":3,"featured_media":0,"comment_status":"open","ping_status":"open","sticky":false,"template":"","format":"standard","meta":{"ngg_post_thumbnail":0,"jetpack_post_was_ever_published":false,"_jetpack_newsletter_access":"","_jetpack_dont_email_post_to_subs":false,"_jetpack_newsletter_tier_id":0,"_jetpack_memberships_contains_paywalled_content":false,"_jetpack_memberships_contains_paid_content":false,"footnotes":"","jetpack_publicize_message":"","jetpack_publicize_feature_enabled":true,"jetpack_social_post_already_shared":true,"jetpack_social_options":{"image_generator_settings":{"template":"highway","default_image_id":0,"font":"","enabled":false},"version":2}},"categories":[65,6,86,110,37],"tags":[34,138],"class_list":["post-2828","post","type-post","status-publish","format-standard","hentry","category-mes-charbonnieres","category-charbon-de-bois-carbon-art","category-charbon-vegetal","category-ecochar","category-evenementiel","tag-charbon-de-bois-carbon-art","tag-festa-del-bosc"],"jetpack_publicize_connections":[],"jetpack_featured_media_url":"","jetpack_shortlink":"https:\/\/wp.me\/p4r91c-JC","jetpack_sharing_enabled":true,"jetpack-related-posts":[{"id":1998,"url":"https:\/\/www.altimara.eu\/blog\/2016\/09\/06\/festa-del-bosc\/","url_meta":{"origin":2828,"position":0},"title":"Festa Del Bosc","author":"Martiou","date":"6 septembre 2016","format":false,"excerpt":"LA F\u00caTE DU BOIS Les 16, 17 et 18 septembre, je serai \u00e0 la f\u00eate de la foret organis\u00e9e par l'association \"La route du bois\". Ce sera un long week-end d'animations sur le th\u00e8me du bois. J'y serai, avec Martine, ma compagne vanni\u00e8re, pour une cuisson d'une petite meule. Il\u2026","rel":"","context":"Dans &quot;Charbon de bois&quot;","block_context":{"text":"Charbon de bois","link":"https:\/\/www.altimara.eu\/blog\/category\/charbon-de-bois-carbon-art\/"},"img":{"alt_text":"affiche ok imp","src":"https:\/\/i0.wp.com\/www.altimara.eu\/blog\/wp-content\/uploads\/2016\/09\/affiche-ok-imp.jpg?resize=350%2C200","width":350,"height":200},"classes":[]},{"id":2006,"url":"https:\/\/www.altimara.eu\/blog\/2016\/09\/21\/festa-del-bosc-2\/","url_meta":{"origin":2828,"position":1},"title":"Festa Del Bosc","author":"Martiou","date":"21 septembre 2016","format":false,"excerpt":"Une manifestation fort sympathique dans les bois de la montagne noire. C'est dans une scierie, celle d'Arno, que la f\u00eate a eu lieu. Une pluie diluvienne avait d\u00e9tremp\u00e9e la terre argileuse et heureusement tous les artisans avait un bon abris dans le hangar. Sauf moi, charbonni\u00e8re oblige. faire du feu\u2026","rel":"","context":"Dans &quot;Charbon de bois&quot;","block_context":{"text":"Charbon de bois","link":"https:\/\/www.altimara.eu\/blog\/category\/charbon-de-bois-carbon-art\/"},"img":{"alt_text":"_mar1409","src":"https:\/\/i0.wp.com\/www.altimara.eu\/blog\/wp-content\/uploads\/2016\/09\/MAR1409.jpg?resize=350%2C200","width":350,"height":200,"srcset":"https:\/\/i0.wp.com\/www.altimara.eu\/blog\/wp-content\/uploads\/2016\/09\/MAR1409.jpg?resize=350%2C200 1x, https:\/\/i0.wp.com\/www.altimara.eu\/blog\/wp-content\/uploads\/2016\/09\/MAR1409.jpg?resize=525%2C300 1.5x, https:\/\/i0.wp.com\/www.altimara.eu\/blog\/wp-content\/uploads\/2016\/09\/MAR1409.jpg?resize=700%2C400 2x"},"classes":[]},{"id":2822,"url":"https:\/\/www.altimara.eu\/blog\/2018\/09\/06\/festa-del-bosc-3\/","url_meta":{"origin":2828,"position":2},"title":"Festa del bosc","author":"Martiou","date":"6 septembre 2018","format":false,"excerpt":"Les 14, 15 et 16 septembre, il y aura la f\u00eate du bois \u00e0 Ferral-Les-Montagnes. J'y r\u00e9aliserai la cuisson d'une petite meule pour d\u00e9monstration. Ce sera aussi l'occasion de faire fonctionner le four \u00e0 charbon v\u00e9g\u00e9tal. Martine animera un atelier de fabrication de balais avec du gen\u00eat. Cette festa est\u2026","rel":"","context":"Dans &quot;Charbon de bois&quot;","block_context":{"text":"Charbon de bois","link":"https:\/\/www.altimara.eu\/blog\/category\/charbon-de-bois-carbon-art\/"},"img":{"alt_text":"","src":"https:\/\/i0.wp.com\/www.altimara.eu\/blog\/wp-content\/uploads\/2018\/09\/festa-del-bosc-2018-affiche-ok-all.jpg?resize=350%2C200","width":350,"height":200,"srcset":"https:\/\/i0.wp.com\/www.altimara.eu\/blog\/wp-content\/uploads\/2018\/09\/festa-del-bosc-2018-affiche-ok-all.jpg?resize=350%2C200 1x, https:\/\/i0.wp.com\/www.altimara.eu\/blog\/wp-content\/uploads\/2018\/09\/festa-del-bosc-2018-affiche-ok-all.jpg?resize=525%2C300 1.5x, https:\/\/i0.wp.com\/www.altimara.eu\/blog\/wp-content\/uploads\/2018\/09\/festa-del-bosc-2018-affiche-ok-all.jpg?resize=700%2C400 2x"},"classes":[]},{"id":2818,"url":"https:\/\/www.altimara.eu\/blog\/2018\/08\/27\/bois-flotte-2\/","url_meta":{"origin":2828,"position":3},"title":"Bois flott\u00e9","author":"Martiou","date":"27 ao\u00fbt 2018","format":false,"excerpt":"Fin de s\u00e9jour en terre bor\u00e9ale avec un bain dans une piscine d'eau chaude naturelle dans le Strandir. Les bois flott\u00e9s s'\u00e9chouent par dizaines sur la plage qui s\u00e9pare la piscine de l'oc\u00e9an arctique, ici groenlandaise. C'est l'occasion aussi de voir des icebergs qui d\u00e9rivent comme les bois tout en\u2026","rel":"","context":"Dans &quot;Bois d'Islande, bois flott\u00e9, bois plant\u00e9&quot;","block_context":{"text":"Bois d'Islande, bois flott\u00e9, bois plant\u00e9","link":"https:\/\/www.altimara.eu\/blog\/category\/charbon-de-bois-islande\/bois-dislande-bois-flotte-bois-plante\/"},"img":{"alt_text":"","src":"https:\/\/i0.wp.com\/www.altimara.eu\/blog\/wp-content\/uploads\/2018\/08\/MAR7778.jpg?resize=350%2C200","width":350,"height":200,"srcset":"https:\/\/i0.wp.com\/www.altimara.eu\/blog\/wp-content\/uploads\/2018\/08\/MAR7778.jpg?resize=350%2C200 1x, https:\/\/i0.wp.com\/www.altimara.eu\/blog\/wp-content\/uploads\/2018\/08\/MAR7778.jpg?resize=525%2C300 1.5x, https:\/\/i0.wp.com\/www.altimara.eu\/blog\/wp-content\/uploads\/2018\/08\/MAR7778.jpg?resize=700%2C400 2x"},"classes":[]},{"id":2481,"url":"https:\/\/www.altimara.eu\/blog\/2017\/10\/16\/nouveau-four-2\/","url_meta":{"origin":2828,"position":4},"title":"Nouveau four 2","author":"Martiou","date":"16 octobre 2017","format":false,"excerpt":"Et voil\u00e0 c'est fini, il nous manque juste un peu de cendre pour terminer l'isolation. Dommage, en cette p\u00e9riode de chaleurs, du d\u00e9r\u00e8glement climatique, peu de personnes font des feux de chemin\u00e9e. La technique des cendres en isolant, je l'ai apprise \u00e0 la Festa Del Bosc. Des intervenants nous avaient\u2026","rel":"","context":"Dans &quot;Charbon v\u00e9g\u00e9tal&quot;","block_context":{"text":"Charbon v\u00e9g\u00e9tal","link":"https:\/\/www.altimara.eu\/blog\/category\/charbon-vegetal\/"},"img":{"alt_text":"","src":"https:\/\/i0.wp.com\/www.altimara.eu\/blog\/wp-content\/uploads\/2017\/10\/IMG_20171016_161305.jpg?resize=350%2C200","width":350,"height":200,"srcset":"https:\/\/i0.wp.com\/www.altimara.eu\/blog\/wp-content\/uploads\/2017\/10\/IMG_20171016_161305.jpg?resize=350%2C200 1x, https:\/\/i0.wp.com\/www.altimara.eu\/blog\/wp-content\/uploads\/2017\/10\/IMG_20171016_161305.jpg?resize=525%2C300 1.5x, https:\/\/i0.wp.com\/www.altimara.eu\/blog\/wp-content\/uploads\/2017\/10\/IMG_20171016_161305.jpg?resize=700%2C400 2x"},"classes":[]},{"id":4669,"url":"https:\/\/www.altimara.eu\/blog\/2025\/10\/07\/cambous-noir-charbon\/","url_meta":{"origin":2828,"position":5},"title":"Cambous noir charbon","author":"Martiou","date":"7 octobre 2025","format":false,"excerpt":"J'ai allum\u00e9 la meule le lundi matin pour une extinction le vendredi midi soit 5 jours de cuisson et donc 4 nuits. La conduite du feu s'est parfaitement r\u00e9alis\u00e9e avec cette fois ci une terre moins capricieuse. Maya, Luc et Simon ont veill\u00e9 avec attention pendant les nuits. Ils ont\u2026","rel":"","context":"Dans &quot;0- MES CHARBONNI\u00c8RES&quot;","block_context":{"text":"0- MES CHARBONNI\u00c8RES","link":"https:\/\/www.altimara.eu\/blog\/category\/mes-charbonnieres\/"},"img":{"alt_text":"","src":"https:\/\/i0.wp.com\/www.altimara.eu\/blog\/wp-content\/uploads\/2025\/10\/MA5_7424-1.jpg?resize=350%2C200&ssl=1","width":350,"height":200,"srcset":"https:\/\/i0.wp.com\/www.altimara.eu\/blog\/wp-content\/uploads\/2025\/10\/MA5_7424-1.jpg?resize=350%2C200&ssl=1 1x, https:\/\/i0.wp.com\/www.altimara.eu\/blog\/wp-content\/uploads\/2025\/10\/MA5_7424-1.jpg?resize=525%2C300&ssl=1 1.5x, https:\/\/i0.wp.com\/www.altimara.eu\/blog\/wp-content\/uploads\/2025\/10\/MA5_7424-1.jpg?resize=700%2C400&ssl=1 2x, https:\/\/i0.wp.com\/www.altimara.eu\/blog\/wp-content\/uploads\/2025\/10\/MA5_7424-1.jpg?resize=1050%2C600&ssl=1 3x"},"classes":[]}],"_links":{"self":[{"href":"https:\/\/www.altimara.eu\/blog\/wp-json\/wp\/v2\/posts\/2828","targetHints":{"allow":["GET"]}}],"collection":[{"href":"https:\/\/www.altimara.eu\/blog\/wp-json\/wp\/v2\/posts"}],"about":[{"href":"https:\/\/www.altimara.eu\/blog\/wp-json\/wp\/v2\/types\/post"}],"author":[{"embeddable":true,"href":"https:\/\/www.altimara.eu\/blog\/wp-json\/wp\/v2\/users\/3"}],"replies":[{"embeddable":true,"href":"https:\/\/www.altimara.eu\/blog\/wp-json\/wp\/v2\/comments?post=2828"}],"version-history":[{"count":0,"href":"https:\/\/www.altimara.eu\/blog\/wp-json\/wp\/v2\/posts\/2828\/revisions"}],"wp:attachment":[{"href":"https:\/\/www.altimara.eu\/blog\/wp-json\/wp\/v2\/media?parent=2828"}],"wp:term":[{"taxonomy":"category","embeddable":true,"href":"https:\/\/www.altimara.eu\/blog\/wp-json\/wp\/v2\/categories?post=2828"},{"taxonomy":"post_tag","embeddable":true,"href":"https:\/\/www.altimara.eu\/blog\/wp-json\/wp\/v2\/tags?post=2828"}],"curies":[{"name":"wp","href":"https:\/\/api.w.org\/{rel}","templated":true}]}}