{"id":2822,"date":"2018-09-06T18:31:16","date_gmt":"2018-09-06T17:31:16","guid":{"rendered":"https:\/\/www.altimara.eu\/blog\/?p=2822"},"modified":"2018-09-06T18:31:38","modified_gmt":"2018-09-06T17:31:38","slug":"festa-del-bosc-3","status":"publish","type":"post","link":"https:\/\/www.altimara.eu\/blog\/2018\/09\/06\/festa-del-bosc-3\/","title":{"rendered":"Festa del bosc"},"content":{"rendered":"<p>Les 14, 15 et 16 septembre, il y aura la f\u00eate du bois \u00e0 Ferral-Les-Montagnes.<\/p>\n<p>J&rsquo;y r\u00e9aliserai la cuisson d&rsquo;une petite meule pour d\u00e9monstration. Ce sera aussi l&rsquo;occasion de faire fonctionner le four \u00e0 charbon v\u00e9g\u00e9tal.<\/p>\n<p>Martine animera un atelier de fabrication de balais avec du gen\u00eat.<\/p>\n<p>Cette festa est tr\u00e8s anim\u00e9e et pleine de ressources. L&rsquo;ambiance est conviviale, j&rsquo;avais ador\u00e9 la pr\u00e9c\u00e9dente \u00e9dition (<a href=\"https:\/\/wp.me\/p4r91c-wm\" target=\"_blank\" rel=\"noopener\">2016<\/a>).<\/p>\n<div id=\"attachment_2823\" style=\"width: 734px\" class=\"wp-caption aligncenter\"><img data-recalc-dims=\"1\" loading=\"lazy\" decoding=\"async\" aria-describedby=\"caption-attachment-2823\" data-attachment-id=\"2823\" data-permalink=\"https:\/\/www.altimara.eu\/blog\/2018\/09\/06\/festa-del-bosc-3\/print\/\" data-orig-file=\"https:\/\/i0.wp.com\/www.altimara.eu\/blog\/wp-content\/uploads\/2018\/09\/festa-del-bosc-2018-affiche-ok-all.jpg?fit=724%2C1024&amp;ssl=1\" data-orig-size=\"724,1024\" data-comments-opened=\"1\" data-image-meta=\"{&quot;aperture&quot;:&quot;0&quot;,&quot;credit&quot;:&quot;&quot;,&quot;camera&quot;:&quot;&quot;,&quot;caption&quot;:&quot;Print&quot;,&quot;created_timestamp&quot;:&quot;1528767515&quot;,&quot;copyright&quot;:&quot;&quot;,&quot;focal_length&quot;:&quot;0&quot;,&quot;iso&quot;:&quot;0&quot;,&quot;shutter_speed&quot;:&quot;0&quot;,&quot;title&quot;:&quot;Print&quot;,&quot;orientation&quot;:&quot;1&quot;}\" data-image-title=\"Print\" data-image-description=\"\" data-image-caption=\"&lt;p&gt;Print&lt;\/p&gt;\n\" data-large-file=\"https:\/\/i0.wp.com\/www.altimara.eu\/blog\/wp-content\/uploads\/2018\/09\/festa-del-bosc-2018-affiche-ok-all.jpg?fit=627%2C887&amp;ssl=1\" class=\"size-full wp-image-2823\" src=\"https:\/\/i0.wp.com\/www.altimara.eu\/blog\/wp-content\/uploads\/2018\/09\/festa-del-bosc-2018-affiche-ok-all.jpg?resize=627%2C887\" alt=\"\" width=\"627\" height=\"887\" srcset=\"https:\/\/i0.wp.com\/www.altimara.eu\/blog\/wp-content\/uploads\/2018\/09\/festa-del-bosc-2018-affiche-ok-all.jpg?w=724&amp;ssl=1 724w, https:\/\/i0.wp.com\/www.altimara.eu\/blog\/wp-content\/uploads\/2018\/09\/festa-del-bosc-2018-affiche-ok-all.jpg?resize=212%2C300&amp;ssl=1 212w\" sizes=\"auto, (max-width: 627px) 100vw, 627px\" \/><p id=\"caption-attachment-2823\" class=\"wp-caption-text\">Print<\/p><\/div>\n<p><img data-recalc-dims=\"1\" loading=\"lazy\" decoding=\"async\" data-attachment-id=\"2824\" data-permalink=\"https:\/\/www.altimara.eu\/blog\/2018\/09\/06\/festa-del-bosc-3\/capture-decran-2018-09-06-a-19-25-37\/\" data-orig-file=\"https:\/\/i0.wp.com\/www.altimara.eu\/blog\/wp-content\/uploads\/2018\/09\/Capture-d%E2%80%99e%CC%81cran-2018-09-06-a%CC%80-19.25.37.png?fit=750%2C421&amp;ssl=1\" data-orig-size=\"750,421\" data-comments-opened=\"1\" data-image-meta=\"{&quot;aperture&quot;:&quot;0&quot;,&quot;credit&quot;:&quot;&quot;,&quot;camera&quot;:&quot;&quot;,&quot;caption&quot;:&quot;&quot;,&quot;created_timestamp&quot;:&quot;0&quot;,&quot;copyright&quot;:&quot;&quot;,&quot;focal_length&quot;:&quot;0&quot;,&quot;iso&quot;:&quot;0&quot;,&quot;shutter_speed&quot;:&quot;0&quot;,&quot;title&quot;:&quot;&quot;,&quot;orientation&quot;:&quot;0&quot;}\" data-image-title=\"Capture d\u2019e\u0301cran 2018-09-06 a\u0300 19.25.37\" data-image-description=\"\" data-image-caption=\"\" data-large-file=\"https:\/\/i0.wp.com\/www.altimara.eu\/blog\/wp-content\/uploads\/2018\/09\/Capture-d%E2%80%99e%CC%81cran-2018-09-06-a%CC%80-19.25.37.png?fit=627%2C352&amp;ssl=1\" class=\"aligncenter size-full wp-image-2824\" src=\"https:\/\/i0.wp.com\/www.altimara.eu\/blog\/wp-content\/uploads\/2018\/09\/Capture-d%E2%80%99e%CC%81cran-2018-09-06-a%CC%80-19.25.37.png?resize=627%2C352\" alt=\"\" width=\"627\" height=\"352\" srcset=\"https:\/\/i0.wp.com\/www.altimara.eu\/blog\/wp-content\/uploads\/2018\/09\/Capture-d%E2%80%99e%CC%81cran-2018-09-06-a%CC%80-19.25.37.png?w=750&amp;ssl=1 750w, https:\/\/i0.wp.com\/www.altimara.eu\/blog\/wp-content\/uploads\/2018\/09\/Capture-d%E2%80%99e%CC%81cran-2018-09-06-a%CC%80-19.25.37.png?resize=300%2C168&amp;ssl=1 300w\" sizes=\"auto, (max-width: 627px) 100vw, 627px\" \/><\/p>\n","protected":false},"excerpt":{"rendered":"<p>Les 14, 15 et 16 septembre, il y aura la f\u00eate du bois \u00e0 Ferral-Les-Montagnes. J&rsquo;y r\u00e9aliserai la cuisson d&rsquo;une petite meule pour d\u00e9monstration. Ce sera aussi l&rsquo;occasion de faire fonctionner le four \u00e0 charbon v\u00e9g\u00e9tal. Martine animera un atelier de fabrication de balais avec du gen\u00eat. Cette festa est tr\u00e8s anim\u00e9e et pleine de [&hellip;]<\/p>\n","protected":false},"author":3,"featured_media":0,"comment_status":"open","ping_status":"open","sticky":false,"template":"","format":"standard","meta":{"ngg_post_thumbnail":0,"jetpack_post_was_ever_published":false,"_jetpack_newsletter_access":"","_jetpack_dont_email_post_to_subs":false,"_jetpack_newsletter_tier_id":0,"_jetpack_memberships_contains_paywalled_content":false,"_jetpack_memberships_contains_paid_content":false,"footnotes":"","jetpack_publicize_message":"","jetpack_publicize_feature_enabled":true,"jetpack_social_post_already_shared":true,"jetpack_social_options":{"image_generator_settings":{"template":"highway","default_image_id":0,"font":"","enabled":false},"version":2}},"categories":[6,86,103,37],"tags":[34,138],"class_list":["post-2822","post","type-post","status-publish","format-standard","hentry","category-charbon-de-bois-carbon-art","category-charbon-vegetal","category-charbonnier-en-france","category-evenementiel","tag-charbon-de-bois-carbon-art","tag-festa-del-bosc"],"jetpack_publicize_connections":[],"jetpack_featured_media_url":"","jetpack_shortlink":"https:\/\/wp.me\/p4r91c-Jw","jetpack_sharing_enabled":true,"jetpack-related-posts":[{"id":1998,"url":"https:\/\/www.altimara.eu\/blog\/2016\/09\/06\/festa-del-bosc\/","url_meta":{"origin":2822,"position":0},"title":"Festa Del Bosc","author":"Martiou","date":"6 septembre 2016","format":false,"excerpt":"LA F\u00caTE DU BOIS Les 16, 17 et 18 septembre, je serai \u00e0 la f\u00eate de la foret organis\u00e9e par l'association \"La route du bois\". Ce sera un long week-end d'animations sur le th\u00e8me du bois. J'y serai, avec Martine, ma compagne vanni\u00e8re, pour une cuisson d'une petite meule. Il\u2026","rel":"","context":"Dans &quot;Charbon de bois&quot;","block_context":{"text":"Charbon de bois","link":"https:\/\/www.altimara.eu\/blog\/category\/charbon-de-bois-carbon-art\/"},"img":{"alt_text":"affiche ok imp","src":"https:\/\/i0.wp.com\/www.altimara.eu\/blog\/wp-content\/uploads\/2016\/09\/affiche-ok-imp.jpg?resize=350%2C200","width":350,"height":200},"classes":[]},{"id":2828,"url":"https:\/\/www.altimara.eu\/blog\/2018\/09\/18\/festa-del-bosc-ii\/","url_meta":{"origin":2822,"position":1},"title":"Festa del Bosc II","author":"Martiou","date":"18 septembre 2018","format":false,"excerpt":"Toujours aussi sympathique cette manifestation dans la scierie de Campredon (Commune de Ferrals-les-Montagnes). Nous nous sommes retrouv\u00e9s entre passionn\u00e9s du bois et de son utilisation. Puis le public a d\u00e9fil\u00e9 pendant ces deux jours. J'ai r\u00e9alis\u00e9 une cuisson de meule charbonni\u00e8re avec une premi\u00e8re pour moi, la carbonisation de cypr\u00e8s...\u2026","rel":"","context":"Dans &quot;0- MES CHARBONNI\u00c8RES&quot;","block_context":{"text":"0- MES CHARBONNI\u00c8RES","link":"https:\/\/www.altimara.eu\/blog\/category\/mes-charbonnieres\/"},"img":{"alt_text":"","src":"https:\/\/i0.wp.com\/www.altimara.eu\/blog\/wp-content\/uploads\/2018\/09\/MAR8566.jpg?resize=350%2C200","width":350,"height":200,"srcset":"https:\/\/i0.wp.com\/www.altimara.eu\/blog\/wp-content\/uploads\/2018\/09\/MAR8566.jpg?resize=350%2C200 1x, https:\/\/i0.wp.com\/www.altimara.eu\/blog\/wp-content\/uploads\/2018\/09\/MAR8566.jpg?resize=525%2C300 1.5x, https:\/\/i0.wp.com\/www.altimara.eu\/blog\/wp-content\/uploads\/2018\/09\/MAR8566.jpg?resize=700%2C400 2x"},"classes":[]},{"id":2006,"url":"https:\/\/www.altimara.eu\/blog\/2016\/09\/21\/festa-del-bosc-2\/","url_meta":{"origin":2822,"position":2},"title":"Festa Del Bosc","author":"Martiou","date":"21 septembre 2016","format":false,"excerpt":"Une manifestation fort sympathique dans les bois de la montagne noire. C'est dans une scierie, celle d'Arno, que la f\u00eate a eu lieu. Une pluie diluvienne avait d\u00e9tremp\u00e9e la terre argileuse et heureusement tous les artisans avait un bon abris dans le hangar. Sauf moi, charbonni\u00e8re oblige. faire du feu\u2026","rel":"","context":"Dans &quot;Charbon de bois&quot;","block_context":{"text":"Charbon de bois","link":"https:\/\/www.altimara.eu\/blog\/category\/charbon-de-bois-carbon-art\/"},"img":{"alt_text":"_mar1409","src":"https:\/\/i0.wp.com\/www.altimara.eu\/blog\/wp-content\/uploads\/2016\/09\/MAR1409.jpg?resize=350%2C200","width":350,"height":200,"srcset":"https:\/\/i0.wp.com\/www.altimara.eu\/blog\/wp-content\/uploads\/2016\/09\/MAR1409.jpg?resize=350%2C200 1x, https:\/\/i0.wp.com\/www.altimara.eu\/blog\/wp-content\/uploads\/2016\/09\/MAR1409.jpg?resize=525%2C300 1.5x, https:\/\/i0.wp.com\/www.altimara.eu\/blog\/wp-content\/uploads\/2016\/09\/MAR1409.jpg?resize=700%2C400 2x"},"classes":[]},{"id":2481,"url":"https:\/\/www.altimara.eu\/blog\/2017\/10\/16\/nouveau-four-2\/","url_meta":{"origin":2822,"position":3},"title":"Nouveau four 2","author":"Martiou","date":"16 octobre 2017","format":false,"excerpt":"Et voil\u00e0 c'est fini, il nous manque juste un peu de cendre pour terminer l'isolation. Dommage, en cette p\u00e9riode de chaleurs, du d\u00e9r\u00e8glement climatique, peu de personnes font des feux de chemin\u00e9e. La technique des cendres en isolant, je l'ai apprise \u00e0 la Festa Del Bosc. Des intervenants nous avaient\u2026","rel":"","context":"Dans &quot;Charbon v\u00e9g\u00e9tal&quot;","block_context":{"text":"Charbon v\u00e9g\u00e9tal","link":"https:\/\/www.altimara.eu\/blog\/category\/charbon-vegetal\/"},"img":{"alt_text":"","src":"https:\/\/i0.wp.com\/www.altimara.eu\/blog\/wp-content\/uploads\/2017\/10\/IMG_20171016_161305.jpg?resize=350%2C200","width":350,"height":200,"srcset":"https:\/\/i0.wp.com\/www.altimara.eu\/blog\/wp-content\/uploads\/2017\/10\/IMG_20171016_161305.jpg?resize=350%2C200 1x, https:\/\/i0.wp.com\/www.altimara.eu\/blog\/wp-content\/uploads\/2017\/10\/IMG_20171016_161305.jpg?resize=525%2C300 1.5x, https:\/\/i0.wp.com\/www.altimara.eu\/blog\/wp-content\/uploads\/2017\/10\/IMG_20171016_161305.jpg?resize=700%2C400 2x"},"classes":[]},{"id":2818,"url":"https:\/\/www.altimara.eu\/blog\/2018\/08\/27\/bois-flotte-2\/","url_meta":{"origin":2822,"position":4},"title":"Bois flott\u00e9","author":"Martiou","date":"27 ao\u00fbt 2018","format":false,"excerpt":"Fin de s\u00e9jour en terre bor\u00e9ale avec un bain dans une piscine d'eau chaude naturelle dans le Strandir. Les bois flott\u00e9s s'\u00e9chouent par dizaines sur la plage qui s\u00e9pare la piscine de l'oc\u00e9an arctique, ici groenlandaise. C'est l'occasion aussi de voir des icebergs qui d\u00e9rivent comme les bois tout en\u2026","rel":"","context":"Dans &quot;Bois d'Islande, bois flott\u00e9, bois plant\u00e9&quot;","block_context":{"text":"Bois d'Islande, bois flott\u00e9, bois plant\u00e9","link":"https:\/\/www.altimara.eu\/blog\/category\/charbon-de-bois-islande\/bois-dislande-bois-flotte-bois-plante\/"},"img":{"alt_text":"","src":"https:\/\/i0.wp.com\/www.altimara.eu\/blog\/wp-content\/uploads\/2018\/08\/MAR7778.jpg?resize=350%2C200","width":350,"height":200,"srcset":"https:\/\/i0.wp.com\/www.altimara.eu\/blog\/wp-content\/uploads\/2018\/08\/MAR7778.jpg?resize=350%2C200 1x, https:\/\/i0.wp.com\/www.altimara.eu\/blog\/wp-content\/uploads\/2018\/08\/MAR7778.jpg?resize=525%2C300 1.5x, https:\/\/i0.wp.com\/www.altimara.eu\/blog\/wp-content\/uploads\/2018\/08\/MAR7778.jpg?resize=700%2C400 2x"},"classes":[]},{"id":1913,"url":"https:\/\/www.altimara.eu\/blog\/2016\/07\/03\/charbon-vegetal-2\/","url_meta":{"origin":2822,"position":5},"title":"Charbon v\u00e9g\u00e9tal","author":"Martiou","date":"3 juillet 2016","format":false,"excerpt":"Il existe tout un tas de techniques pour fabriquer des \"briquettes\" ou \"galets\" de charbon de bois \u00e0 partir de poudre de charbon. Il faut avoir un stock de charbon v\u00e9g\u00e9tal assez cons\u00e9quent pour produire, \u00e0 l'\u00e9chelle artisanale, une quantit\u00e9 suffisante qui soit rentable. La mati\u00e8re premi\u00e8re, celle qu'il faut\u2026","rel":"","context":"Dans &quot;Charbon de bois&quot;","block_context":{"text":"Charbon de bois","link":"https:\/\/www.altimara.eu\/blog\/category\/charbon-de-bois-carbon-art\/"},"img":{"alt_text":"12039617_473223816213736_6462458700753161519_n","src":"https:\/\/i0.wp.com\/www.altimara.eu\/blog\/wp-content\/uploads\/2016\/06\/12039617_473223816213736_6462458700753161519_n-150x150.png?resize=350%2C200","width":350,"height":200},"classes":[]}],"_links":{"self":[{"href":"https:\/\/www.altimara.eu\/blog\/wp-json\/wp\/v2\/posts\/2822","targetHints":{"allow":["GET"]}}],"collection":[{"href":"https:\/\/www.altimara.eu\/blog\/wp-json\/wp\/v2\/posts"}],"about":[{"href":"https:\/\/www.altimara.eu\/blog\/wp-json\/wp\/v2\/types\/post"}],"author":[{"embeddable":true,"href":"https:\/\/www.altimara.eu\/blog\/wp-json\/wp\/v2\/users\/3"}],"replies":[{"embeddable":true,"href":"https:\/\/www.altimara.eu\/blog\/wp-json\/wp\/v2\/comments?post=2822"}],"version-history":[{"count":0,"href":"https:\/\/www.altimara.eu\/blog\/wp-json\/wp\/v2\/posts\/2822\/revisions"}],"wp:attachment":[{"href":"https:\/\/www.altimara.eu\/blog\/wp-json\/wp\/v2\/media?parent=2822"}],"wp:term":[{"taxonomy":"category","embeddable":true,"href":"https:\/\/www.altimara.eu\/blog\/wp-json\/wp\/v2\/categories?post=2822"},{"taxonomy":"post_tag","embeddable":true,"href":"https:\/\/www.altimara.eu\/blog\/wp-json\/wp\/v2\/tags?post=2822"}],"curies":[{"name":"wp","href":"https:\/\/api.w.org\/{rel}","templated":true}]}}