{"id":2818,"date":"2018-08-27T11:36:23","date_gmt":"2018-08-27T10:36:23","guid":{"rendered":"https:\/\/www.altimara.eu\/blog\/?p=2818"},"modified":"2018-08-27T11:37:18","modified_gmt":"2018-08-27T10:37:18","slug":"bois-flotte-2","status":"publish","type":"post","link":"https:\/\/www.altimara.eu\/blog\/2018\/08\/27\/bois-flotte-2\/","title":{"rendered":"Bois flott\u00e9"},"content":{"rendered":"<p>Fin de s\u00e9jour en terre bor\u00e9ale avec un bain dans une piscine d&rsquo;eau chaude naturelle dans le Strandir.<\/p>\n<p>Les bois flott\u00e9s s&rsquo;\u00e9chouent par dizaines sur la plage qui s\u00e9pare la piscine de l&rsquo;oc\u00e9an arctique, ici groenlandaise. C&rsquo;est l&rsquo;occasion aussi de voir des icebergs qui d\u00e9rivent comme les bois tout en se relaxant dans l&rsquo;eau chaude&#8230;<\/p>\n<p><img data-recalc-dims=\"1\" loading=\"lazy\" decoding=\"async\" data-attachment-id=\"2819\" data-permalink=\"https:\/\/www.altimara.eu\/blog\/2018\/08\/27\/bois-flotte-2\/_mar7778\/\" data-orig-file=\"https:\/\/i0.wp.com\/www.altimara.eu\/blog\/wp-content\/uploads\/2018\/08\/MAR7778.jpg?fit=1000%2C667&amp;ssl=1\" data-orig-size=\"1000,667\" data-comments-opened=\"1\" data-image-meta=\"{&quot;aperture&quot;:&quot;8&quot;,&quot;credit&quot;:&quot;ACQUARONE Martial&quot;,&quot;camera&quot;:&quot;NIKON D800&quot;,&quot;caption&quot;:&quot;&quot;,&quot;created_timestamp&quot;:&quot;1532691172&quot;,&quot;copyright&quot;:&quot;ACQUARONE Martial&quot;,&quot;focal_length&quot;:&quot;34&quot;,&quot;iso&quot;:&quot;640&quot;,&quot;shutter_speed&quot;:&quot;0.000125&quot;,&quot;title&quot;:&quot;&quot;,&quot;orientation&quot;:&quot;0&quot;}\" data-image-title=\"_MAR7778\" data-image-description=\"\" data-image-caption=\"\" data-large-file=\"https:\/\/i0.wp.com\/www.altimara.eu\/blog\/wp-content\/uploads\/2018\/08\/MAR7778.jpg?fit=627%2C418&amp;ssl=1\" class=\"aligncenter size-full wp-image-2819\" src=\"https:\/\/i0.wp.com\/www.altimara.eu\/blog\/wp-content\/uploads\/2018\/08\/MAR7778.jpg?resize=627%2C418\" alt=\"\" width=\"627\" height=\"418\" srcset=\"https:\/\/i0.wp.com\/www.altimara.eu\/blog\/wp-content\/uploads\/2018\/08\/MAR7778.jpg?w=1000&amp;ssl=1 1000w, https:\/\/i0.wp.com\/www.altimara.eu\/blog\/wp-content\/uploads\/2018\/08\/MAR7778.jpg?resize=300%2C200&amp;ssl=1 300w, https:\/\/i0.wp.com\/www.altimara.eu\/blog\/wp-content\/uploads\/2018\/08\/MAR7778.jpg?resize=768%2C512&amp;ssl=1 768w\" sizes=\"auto, (max-width: 627px) 100vw, 627px\" \/><\/p>\n<p>Bient\u00f4t la Festa Del Bosc dans la montagne noire au nord de Carcassonne, on s&rsquo;y retrouve pour une nouvelle charbonni\u00e8re et des balais en gen\u00eat. A suivre !<\/p>\n","protected":false},"excerpt":{"rendered":"<p>Fin de s\u00e9jour en terre bor\u00e9ale avec un bain dans une piscine d&rsquo;eau chaude naturelle dans le Strandir. Les bois flott\u00e9s s&rsquo;\u00e9chouent par dizaines sur la plage qui s\u00e9pare la piscine de l&rsquo;oc\u00e9an arctique, ici groenlandaise. C&rsquo;est l&rsquo;occasion aussi de voir des icebergs qui d\u00e9rivent comme les bois tout en se relaxant dans l&rsquo;eau chaude&#8230; [&hellip;]<\/p>\n","protected":false},"author":3,"featured_media":0,"comment_status":"open","ping_status":"open","sticky":false,"template":"","format":"standard","meta":{"ngg_post_thumbnail":0,"jetpack_post_was_ever_published":false,"_jetpack_newsletter_access":"","_jetpack_dont_email_post_to_subs":false,"_jetpack_newsletter_tier_id":0,"_jetpack_memberships_contains_paywalled_content":false,"_jetpack_memberships_contains_paid_content":false,"footnotes":"","jetpack_publicize_message":"","jetpack_publicize_feature_enabled":true,"jetpack_social_post_already_shared":true,"jetpack_social_options":{"image_generator_settings":{"template":"highway","default_image_id":0,"font":"","enabled":false},"version":2}},"categories":[35],"tags":[32],"class_list":["post-2818","post","type-post","status-publish","format-standard","hentry","category-bois-dislande-bois-flotte-bois-plante","tag-bois-flotte"],"jetpack_publicize_connections":[],"jetpack_featured_media_url":"","jetpack_shortlink":"https:\/\/wp.me\/p4r91c-Js","jetpack_sharing_enabled":true,"jetpack-related-posts":[{"id":994,"url":"https:\/\/www.altimara.eu\/blog\/2014\/08\/18\/bois-dislande-7\/","url_meta":{"origin":2818,"position":0},"title":"Bois d&rsquo;Islande","author":"Martiou","date":"18 ao\u00fbt 2014","format":false,"excerpt":"Bois flott\u00e9, bois de flottage, bois par flottage, la d\u00e9finition du bois qui flotte est diverse. Le bois flott\u00e9 d\u00e9signe plus les arbres, branches et m\u00eame les planches qui naviguent quelques temps dans l'eau de mer. Le bois par flottage se r\u00e9f\u00e8re aux transport des grumes via les fleuves. Les\u2026","rel":"","context":"Dans &quot;Bois d'Islande, bois flott\u00e9, bois plant\u00e9&quot;","block_context":{"text":"Bois d'Islande, bois flott\u00e9, bois plant\u00e9","link":"https:\/\/www.altimara.eu\/blog\/category\/charbon-de-bois-islande\/bois-dislande-bois-flotte-bois-plante\/"},"img":{"alt_text":"640px-Odin,_Lodur,_Hoenir_skabe_Ask_og_Embla_by_Fr\u00f8lich","src":"https:\/\/i0.wp.com\/www.altimara.eu\/blog\/wp-content\/uploads\/2014\/08\/640px-Odin_Lodur_Hoenir_skabe_Ask_og_Embla_by_Fr%C3%B8lich.jpg?resize=350%2C200","width":350,"height":200,"srcset":"https:\/\/i0.wp.com\/www.altimara.eu\/blog\/wp-content\/uploads\/2014\/08\/640px-Odin_Lodur_Hoenir_skabe_Ask_og_Embla_by_Fr%C3%B8lich.jpg?resize=350%2C200 1x, https:\/\/i0.wp.com\/www.altimara.eu\/blog\/wp-content\/uploads\/2014\/08\/640px-Odin_Lodur_Hoenir_skabe_Ask_og_Embla_by_Fr%C3%B8lich.jpg?resize=525%2C300 1.5x"},"classes":[]},{"id":1424,"url":"https:\/\/www.altimara.eu\/blog\/2015\/08\/07\/bois-dislande-16\/","url_meta":{"origin":2818,"position":1},"title":"Bois d&rsquo;Islande","author":"Martiou","date":"7 ao\u00fbt 2015","format":false,"excerpt":"Des bois flott\u00e9s peuvent se trouver au milieu d'un d\u00e9sert. Dans celui de Kj\u00f6lur un magnifique lac glaci\u00e8re, le Hvitavatn, aux eaux laiteuses est entour\u00e9 de roches et d'un peu de toundra. Au bord de l'eau quelques restes d'embarcad\u00e8re rappelle une pr\u00e9sence humaine lointaine dans le temps et l'espace.","rel":"","context":"Dans &quot;Bois d'Islande, bois flott\u00e9, bois plant\u00e9&quot;","block_context":{"text":"Bois d'Islande, bois flott\u00e9, bois plant\u00e9","link":"https:\/\/www.altimara.eu\/blog\/category\/charbon-de-bois-islande\/bois-dislande-bois-flotte-bois-plante\/"},"img":{"alt_text":"_MAR7696","src":"https:\/\/i0.wp.com\/www.altimara.eu\/blog\/wp-content\/uploads\/2015\/08\/MAR7696.jpg?resize=350%2C200","width":350,"height":200,"srcset":"https:\/\/i0.wp.com\/www.altimara.eu\/blog\/wp-content\/uploads\/2015\/08\/MAR7696.jpg?resize=350%2C200 1x, https:\/\/i0.wp.com\/www.altimara.eu\/blog\/wp-content\/uploads\/2015\/08\/MAR7696.jpg?resize=525%2C300 1.5x, https:\/\/i0.wp.com\/www.altimara.eu\/blog\/wp-content\/uploads\/2015\/08\/MAR7696.jpg?resize=700%2C400 2x"},"classes":[]},{"id":2387,"url":"https:\/\/www.altimara.eu\/blog\/2017\/07\/20\/bois-flotte\/","url_meta":{"origin":2818,"position":2},"title":"Bois flott\u00e9","author":"Martiou","date":"20 juillet 2017","format":false,"excerpt":"Retour dans le th\u00e8me des bois flott\u00e9s en Islande. Cote sud, les bois arrivent des Am\u00e9riques via le Gulf Stream. Un reste de tronc est venu s'\u00e9chouer au milieu des gla\u00e7ons du c\u00e9l\u00e8bre lagon glaci\u00e8re J\u00f6kuls\u00e1rl\u00f3n.","rel":"","context":"Dans &quot;Bois d'Islande, bois flott\u00e9, bois plant\u00e9&quot;","block_context":{"text":"Bois d'Islande, bois flott\u00e9, bois plant\u00e9","link":"https:\/\/www.altimara.eu\/blog\/category\/charbon-de-bois-islande\/bois-dislande-bois-flotte-bois-plante\/"},"img":{"alt_text":"","src":"https:\/\/i0.wp.com\/www.altimara.eu\/blog\/wp-content\/uploads\/2017\/07\/20170720_144859.jpg?resize=350%2C200","width":350,"height":200,"srcset":"https:\/\/i0.wp.com\/www.altimara.eu\/blog\/wp-content\/uploads\/2017\/07\/20170720_144859.jpg?resize=350%2C200 1x, https:\/\/i0.wp.com\/www.altimara.eu\/blog\/wp-content\/uploads\/2017\/07\/20170720_144859.jpg?resize=525%2C300 1.5x, https:\/\/i0.wp.com\/www.altimara.eu\/blog\/wp-content\/uploads\/2017\/07\/20170720_144859.jpg?resize=700%2C400 2x"},"classes":[]},{"id":4686,"url":"https:\/\/www.altimara.eu\/blog\/2025\/11\/17\/bois-flotte-arctique\/","url_meta":{"origin":2818,"position":3},"title":"Bois flott\u00e9 arctique","author":"Martiou","date":"17 novembre 2025","format":false,"excerpt":"Une \u00e9tude r\u00e9cente des bois flott\u00e9s dans le nord de l\u2019oc\u00e9an Atlantique m\u2019a interpell\u00e9 pour diff\u00e9rentes raisons. Depuis deux d\u00e9cennies je photographie les bois flott\u00e9s en Islande. Et dans les derni\u00e8res ann\u00e9es comme cet \u00e9t\u00e9 2025 j\u2019ai pu carboniser de ce bois sur la c\u00f4te sud. Les bois flott\u00e9s s\u2019\u00e9chouent\u2026","rel":"","context":"Dans &quot;Bois d'Islande, bois flott\u00e9, bois plant\u00e9&quot;","block_context":{"text":"Bois d'Islande, bois flott\u00e9, bois plant\u00e9","link":"https:\/\/www.altimara.eu\/blog\/category\/charbon-de-bois-islande\/bois-dislande-bois-flotte-bois-plante\/"},"img":{"alt_text":"","src":"https:\/\/i0.wp.com\/www.altimara.eu\/blog\/wp-content\/uploads\/2025\/11\/Capture-decran-2025-11-17-a-17.32.24.png?resize=350%2C200&ssl=1","width":350,"height":200,"srcset":"https:\/\/i0.wp.com\/www.altimara.eu\/blog\/wp-content\/uploads\/2025\/11\/Capture-decran-2025-11-17-a-17.32.24.png?resize=350%2C200&ssl=1 1x, https:\/\/i0.wp.com\/www.altimara.eu\/blog\/wp-content\/uploads\/2025\/11\/Capture-decran-2025-11-17-a-17.32.24.png?resize=525%2C300&ssl=1 1.5x"},"classes":[]},{"id":3398,"url":"https:\/\/www.altimara.eu\/blog\/2020\/06\/30\/un-bois-flotte-de-15-m\/","url_meta":{"origin":2818,"position":4},"title":"Un bois flott\u00e9 de 15 m","author":"Martiou","date":"30 juin 2020","format":false,"excerpt":"Nouvelle d'Islande, les bois flott\u00e9s qui arrivent pour la plupart de Sib\u00e9rie via le courant nord atlantique, ont \u00e9t\u00e9 dans les si\u00e8cles pass\u00e9s difficiles un mat\u00e9riau de premier choix. Le pays manque dramatiquement de ressources naturelles pour la construction dont le bois. Si ces bois de mer ont \u00e9t\u00e9 ramass\u00e9\u2026","rel":"","context":"Dans &quot;Bois d'Islande, bois flott\u00e9, bois plant\u00e9&quot;","block_context":{"text":"Bois d'Islande, bois flott\u00e9, bois plant\u00e9","link":"https:\/\/www.altimara.eu\/blog\/category\/charbon-de-bois-islande\/bois-dislande-bois-flotte-bois-plante\/"},"img":{"alt_text":"","src":"https:\/\/i0.wp.com\/www.altimara.eu\/blog\/wp-content\/uploads\/2020\/06\/Capture-d%E2%80%99e%CC%81cran-2020-06-19-a%CC%80-22.53.03.png?resize=350%2C200&ssl=1","width":350,"height":200},"classes":[]},{"id":1381,"url":"https:\/\/www.altimara.eu\/blog\/2015\/06\/27\/islande-3\/","url_meta":{"origin":2818,"position":5},"title":"Bois d&rsquo;Islande","author":"Martiou","date":"27 juin 2015","format":false,"excerpt":"Premier bois flott\u00e9 rencontr\u00e9 sur la route. Dans le port de la ville de H\u00f6fn (qui veut dite port...) les initiales de la commune sont en bois flott\u00e9 dans une \u0153uvre face aux bateaux. Un simple H avec trois restes d'arbres. \u00a0","rel":"","context":"Dans &quot;Autre&quot;","block_context":{"text":"Autre","link":"https:\/\/www.altimara.eu\/blog\/category\/autre\/"},"img":{"alt_text":"_MAR7114","src":"https:\/\/i0.wp.com\/www.altimara.eu\/blog\/wp-content\/uploads\/2015\/06\/MAR7114.jpg?resize=350%2C200","width":350,"height":200,"srcset":"https:\/\/i0.wp.com\/www.altimara.eu\/blog\/wp-content\/uploads\/2015\/06\/MAR7114.jpg?resize=350%2C200 1x, https:\/\/i0.wp.com\/www.altimara.eu\/blog\/wp-content\/uploads\/2015\/06\/MAR7114.jpg?resize=525%2C300 1.5x"},"classes":[]}],"_links":{"self":[{"href":"https:\/\/www.altimara.eu\/blog\/wp-json\/wp\/v2\/posts\/2818","targetHints":{"allow":["GET"]}}],"collection":[{"href":"https:\/\/www.altimara.eu\/blog\/wp-json\/wp\/v2\/posts"}],"about":[{"href":"https:\/\/www.altimara.eu\/blog\/wp-json\/wp\/v2\/types\/post"}],"author":[{"embeddable":true,"href":"https:\/\/www.altimara.eu\/blog\/wp-json\/wp\/v2\/users\/3"}],"replies":[{"embeddable":true,"href":"https:\/\/www.altimara.eu\/blog\/wp-json\/wp\/v2\/comments?post=2818"}],"version-history":[{"count":0,"href":"https:\/\/www.altimara.eu\/blog\/wp-json\/wp\/v2\/posts\/2818\/revisions"}],"wp:attachment":[{"href":"https:\/\/www.altimara.eu\/blog\/wp-json\/wp\/v2\/media?parent=2818"}],"wp:term":[{"taxonomy":"category","embeddable":true,"href":"https:\/\/www.altimara.eu\/blog\/wp-json\/wp\/v2\/categories?post=2818"},{"taxonomy":"post_tag","embeddable":true,"href":"https:\/\/www.altimara.eu\/blog\/wp-json\/wp\/v2\/tags?post=2818"}],"curies":[{"name":"wp","href":"https:\/\/api.w.org\/{rel}","templated":true}]}}