{"id":2791,"date":"2018-07-02T22:35:23","date_gmt":"2018-07-02T21:35:23","guid":{"rendered":"https:\/\/www.altimara.eu\/blog\/?p=2791"},"modified":"2018-07-25T13:55:17","modified_gmt":"2018-07-25T12:55:17","slug":"bois-plante-2","status":"publish","type":"post","link":"https:\/\/www.altimara.eu\/blog\/2018\/07\/02\/bois-plante-2\/","title":{"rendered":"Bois plant\u00e9"},"content":{"rendered":"<p>\u00c7a pousse un peu partout les arbres \u00e0 l&rsquo;envers ! Ma collection s\u2019enrichit de jour en jour.<\/p>\n<p><img data-recalc-dims=\"1\" loading=\"lazy\" decoding=\"async\" data-attachment-id=\"2792\" data-permalink=\"https:\/\/www.altimara.eu\/blog\/2018\/07\/02\/bois-plante-2\/img_20180630_211026059\/\" data-orig-file=\"https:\/\/i0.wp.com\/www.altimara.eu\/blog\/wp-content\/uploads\/2018\/07\/IMG_20180630_211026059.jpg?fit=1000%2C563&amp;ssl=1\" data-orig-size=\"1000,563\" data-comments-opened=\"1\" data-image-meta=\"{&quot;aperture&quot;:&quot;2&quot;,&quot;credit&quot;:&quot;&quot;,&quot;camera&quot;:&quot;MotoG3&quot;,&quot;caption&quot;:&quot;&quot;,&quot;created_timestamp&quot;:&quot;1530393026&quot;,&quot;copyright&quot;:&quot;&quot;,&quot;focal_length&quot;:&quot;3.64&quot;,&quot;iso&quot;:&quot;50&quot;,&quot;shutter_speed&quot;:&quot;0.0013333333333333&quot;,&quot;title&quot;:&quot;&quot;,&quot;orientation&quot;:&quot;0&quot;}\" data-image-title=\"IMG_20180630_211026059\" data-image-description=\"\" data-image-caption=\"\" data-large-file=\"https:\/\/i0.wp.com\/www.altimara.eu\/blog\/wp-content\/uploads\/2018\/07\/IMG_20180630_211026059.jpg?fit=627%2C353&amp;ssl=1\" class=\"aligncenter size-medium wp-image-2792\" src=\"https:\/\/i0.wp.com\/www.altimara.eu\/blog\/wp-content\/uploads\/2018\/07\/IMG_20180630_211026059-300x169.jpg?resize=300%2C169\" alt=\"\" width=\"300\" height=\"169\" srcset=\"https:\/\/i0.wp.com\/www.altimara.eu\/blog\/wp-content\/uploads\/2018\/07\/IMG_20180630_211026059.jpg?resize=300%2C169&amp;ssl=1 300w, https:\/\/i0.wp.com\/www.altimara.eu\/blog\/wp-content\/uploads\/2018\/07\/IMG_20180630_211026059.jpg?resize=768%2C432&amp;ssl=1 768w, https:\/\/i0.wp.com\/www.altimara.eu\/blog\/wp-content\/uploads\/2018\/07\/IMG_20180630_211026059.jpg?w=1000&amp;ssl=1 1000w\" sizes=\"auto, (max-width: 300px) 100vw, 300px\" \/><\/p>\n<p><img data-recalc-dims=\"1\" loading=\"lazy\" decoding=\"async\" data-attachment-id=\"2794\" data-permalink=\"https:\/\/www.altimara.eu\/blog\/2018\/07\/02\/bois-plante-2\/img_20180701_171256128\/\" data-orig-file=\"https:\/\/i0.wp.com\/www.altimara.eu\/blog\/wp-content\/uploads\/2018\/07\/IMG_20180701_171256128.jpg?fit=1000%2C620&amp;ssl=1\" data-orig-size=\"1000,620\" data-comments-opened=\"1\" data-image-meta=\"{&quot;aperture&quot;:&quot;2&quot;,&quot;credit&quot;:&quot;&quot;,&quot;camera&quot;:&quot;MotoG3&quot;,&quot;caption&quot;:&quot;&quot;,&quot;created_timestamp&quot;:&quot;1530465176&quot;,&quot;copyright&quot;:&quot;&quot;,&quot;focal_length&quot;:&quot;3.64&quot;,&quot;iso&quot;:&quot;50&quot;,&quot;shutter_speed&quot;:&quot;0.00066666666666667&quot;,&quot;title&quot;:&quot;&quot;,&quot;orientation&quot;:&quot;0&quot;}\" data-image-title=\"IMG_20180701_171256128\" data-image-description=\"\" data-image-caption=\"\" data-large-file=\"https:\/\/i0.wp.com\/www.altimara.eu\/blog\/wp-content\/uploads\/2018\/07\/IMG_20180701_171256128.jpg?fit=627%2C389&amp;ssl=1\" class=\"aligncenter size-medium wp-image-2794\" src=\"https:\/\/i0.wp.com\/www.altimara.eu\/blog\/wp-content\/uploads\/2018\/07\/IMG_20180701_171256128-300x186.jpg?resize=300%2C186\" alt=\"\" width=\"300\" height=\"186\" srcset=\"https:\/\/i0.wp.com\/www.altimara.eu\/blog\/wp-content\/uploads\/2018\/07\/IMG_20180701_171256128.jpg?resize=300%2C186&amp;ssl=1 300w, https:\/\/i0.wp.com\/www.altimara.eu\/blog\/wp-content\/uploads\/2018\/07\/IMG_20180701_171256128.jpg?resize=768%2C476&amp;ssl=1 768w, https:\/\/i0.wp.com\/www.altimara.eu\/blog\/wp-content\/uploads\/2018\/07\/IMG_20180701_171256128.jpg?w=1000&amp;ssl=1 1000w\" sizes=\"auto, (max-width: 300px) 100vw, 300px\" \/><\/p>\n<p><img data-recalc-dims=\"1\" loading=\"lazy\" decoding=\"async\" data-attachment-id=\"2795\" data-permalink=\"https:\/\/www.altimara.eu\/blog\/2018\/07\/02\/bois-plante-2\/img_20180630_205642025\/\" data-orig-file=\"https:\/\/i0.wp.com\/www.altimara.eu\/blog\/wp-content\/uploads\/2018\/07\/IMG_20180630_205642025.jpg?fit=563%2C1000&amp;ssl=1\" data-orig-size=\"563,1000\" data-comments-opened=\"1\" data-image-meta=\"{&quot;aperture&quot;:&quot;2&quot;,&quot;credit&quot;:&quot;&quot;,&quot;camera&quot;:&quot;MotoG3&quot;,&quot;caption&quot;:&quot;&quot;,&quot;created_timestamp&quot;:&quot;1530392201&quot;,&quot;copyright&quot;:&quot;&quot;,&quot;focal_length&quot;:&quot;3.64&quot;,&quot;iso&quot;:&quot;50&quot;,&quot;shutter_speed&quot;:&quot;0.00090909090909091&quot;,&quot;title&quot;:&quot;&quot;,&quot;orientation&quot;:&quot;0&quot;}\" data-image-title=\"IMG_20180630_205642025\" data-image-description=\"\" data-image-caption=\"\" data-large-file=\"https:\/\/i0.wp.com\/www.altimara.eu\/blog\/wp-content\/uploads\/2018\/07\/IMG_20180630_205642025.jpg?fit=563%2C1000&amp;ssl=1\" class=\"aligncenter size-full wp-image-2795\" src=\"https:\/\/i0.wp.com\/www.altimara.eu\/blog\/wp-content\/uploads\/2018\/07\/IMG_20180630_205642025.jpg?resize=563%2C1000\" alt=\"\" width=\"563\" height=\"1000\" srcset=\"https:\/\/i0.wp.com\/www.altimara.eu\/blog\/wp-content\/uploads\/2018\/07\/IMG_20180630_205642025.jpg?w=563&amp;ssl=1 563w, https:\/\/i0.wp.com\/www.altimara.eu\/blog\/wp-content\/uploads\/2018\/07\/IMG_20180630_205642025.jpg?resize=169%2C300&amp;ssl=1 169w\" sizes=\"auto, (max-width: 563px) 100vw, 563px\" \/><\/p>\n","protected":false},"excerpt":{"rendered":"<p>\u00c7a pousse un peu partout les arbres \u00e0 l&rsquo;envers ! Ma collection s\u2019enrichit de jour en jour.<\/p>\n","protected":false},"author":3,"featured_media":0,"comment_status":"open","ping_status":"open","sticky":false,"template":"","format":"standard","meta":{"ngg_post_thumbnail":0,"jetpack_post_was_ever_published":false,"_jetpack_newsletter_access":"","_jetpack_dont_email_post_to_subs":false,"_jetpack_newsletter_tier_id":0,"_jetpack_memberships_contains_paywalled_content":false,"_jetpack_memberships_contains_paid_content":false,"footnotes":"","jetpack_publicize_message":"","jetpack_publicize_feature_enabled":true,"jetpack_social_post_already_shared":true,"jetpack_social_options":{"image_generator_settings":{"template":"highway","default_image_id":0,"font":"","enabled":false},"version":2}},"categories":[35],"tags":[32,33],"class_list":["post-2791","post","type-post","status-publish","format-standard","hentry","category-bois-dislande-bois-flotte-bois-plante","tag-bois-flotte","tag-islande"],"jetpack_publicize_connections":[],"jetpack_featured_media_url":"","jetpack_shortlink":"https:\/\/wp.me\/p4r91c-J1","jetpack_sharing_enabled":true,"jetpack-related-posts":[{"id":3417,"url":"https:\/\/www.altimara.eu\/blog\/2020\/08\/18\/plante\/","url_meta":{"origin":2791,"position":0},"title":"Plant\u00e9","author":"Martiou","date":"18 ao\u00fbt 2020","format":false,"excerpt":"Je profite de mon court s\u00e9jour pour compl\u00e9ter ma collection de photos de bois plant\u00e9. Arriv\u00e9s par la mer, ils s'\u00e9chouent lors des temp\u00eates. Les islandais habitant les bords de mer, la plupart, plantent ces bois \u00e0 l'envers, les racines vers le ciel. J'ai fait de m\u00eame aujourd'hui ! Vient\u2026","rel":"","context":"Dans &quot;Bois d'Islande, bois flott\u00e9, bois plant\u00e9&quot;","block_context":{"text":"Bois d'Islande, bois flott\u00e9, bois plant\u00e9","link":"https:\/\/www.altimara.eu\/blog\/category\/charbon-de-bois-islande\/bois-dislande-bois-flotte-bois-plante\/"},"img":{"alt_text":"","src":"https:\/\/i0.wp.com\/www.altimara.eu\/blog\/wp-content\/uploads\/2020\/08\/mon-bois-plante%CC%81.png?resize=350%2C200&ssl=1","width":350,"height":200},"classes":[]},{"id":1381,"url":"https:\/\/www.altimara.eu\/blog\/2015\/06\/27\/islande-3\/","url_meta":{"origin":2791,"position":1},"title":"Bois d&rsquo;Islande","author":"Martiou","date":"27 juin 2015","format":false,"excerpt":"Premier bois flott\u00e9 rencontr\u00e9 sur la route. Dans le port de la ville de H\u00f6fn (qui veut dite port...) les initiales de la commune sont en bois flott\u00e9 dans une \u0153uvre face aux bateaux. Un simple H avec trois restes d'arbres. \u00a0","rel":"","context":"Dans &quot;Autre&quot;","block_context":{"text":"Autre","link":"https:\/\/www.altimara.eu\/blog\/category\/autre\/"},"img":{"alt_text":"_MAR7114","src":"https:\/\/i0.wp.com\/www.altimara.eu\/blog\/wp-content\/uploads\/2015\/06\/MAR7114.jpg?resize=350%2C200","width":350,"height":200,"srcset":"https:\/\/i0.wp.com\/www.altimara.eu\/blog\/wp-content\/uploads\/2015\/06\/MAR7114.jpg?resize=350%2C200 1x, https:\/\/i0.wp.com\/www.altimara.eu\/blog\/wp-content\/uploads\/2015\/06\/MAR7114.jpg?resize=525%2C300 1.5x"},"classes":[]},{"id":4686,"url":"https:\/\/www.altimara.eu\/blog\/2025\/11\/17\/bois-flotte-arctique\/","url_meta":{"origin":2791,"position":2},"title":"Bois flott\u00e9 arctique","author":"Martiou","date":"17 novembre 2025","format":false,"excerpt":"Une \u00e9tude r\u00e9cente des bois flott\u00e9s dans le nord de l\u2019oc\u00e9an Atlantique m\u2019a interpell\u00e9 pour diff\u00e9rentes raisons. Depuis deux d\u00e9cennies je photographie les bois flott\u00e9s en Islande. Et dans les derni\u00e8res ann\u00e9es comme cet \u00e9t\u00e9 2025 j\u2019ai pu carboniser de ce bois sur la c\u00f4te sud. Les bois flott\u00e9s s\u2019\u00e9chouent\u2026","rel":"","context":"Dans &quot;Bois d'Islande, bois flott\u00e9, bois plant\u00e9&quot;","block_context":{"text":"Bois d'Islande, bois flott\u00e9, bois plant\u00e9","link":"https:\/\/www.altimara.eu\/blog\/category\/charbon-de-bois-islande\/bois-dislande-bois-flotte-bois-plante\/"},"img":{"alt_text":"","src":"https:\/\/i0.wp.com\/www.altimara.eu\/blog\/wp-content\/uploads\/2025\/11\/Capture-decran-2025-11-17-a-17.32.24.png?resize=350%2C200&ssl=1","width":350,"height":200,"srcset":"https:\/\/i0.wp.com\/www.altimara.eu\/blog\/wp-content\/uploads\/2025\/11\/Capture-decran-2025-11-17-a-17.32.24.png?resize=350%2C200&ssl=1 1x, https:\/\/i0.wp.com\/www.altimara.eu\/blog\/wp-content\/uploads\/2025\/11\/Capture-decran-2025-11-17-a-17.32.24.png?resize=525%2C300&ssl=1 1.5x"},"classes":[]},{"id":2387,"url":"https:\/\/www.altimara.eu\/blog\/2017\/07\/20\/bois-flotte\/","url_meta":{"origin":2791,"position":3},"title":"Bois flott\u00e9","author":"Martiou","date":"20 juillet 2017","format":false,"excerpt":"Retour dans le th\u00e8me des bois flott\u00e9s en Islande. Cote sud, les bois arrivent des Am\u00e9riques via le Gulf Stream. Un reste de tronc est venu s'\u00e9chouer au milieu des gla\u00e7ons du c\u00e9l\u00e8bre lagon glaci\u00e8re J\u00f6kuls\u00e1rl\u00f3n.","rel":"","context":"Dans &quot;Bois d'Islande, bois flott\u00e9, bois plant\u00e9&quot;","block_context":{"text":"Bois d'Islande, bois flott\u00e9, bois plant\u00e9","link":"https:\/\/www.altimara.eu\/blog\/category\/charbon-de-bois-islande\/bois-dislande-bois-flotte-bois-plante\/"},"img":{"alt_text":"","src":"https:\/\/i0.wp.com\/www.altimara.eu\/blog\/wp-content\/uploads\/2017\/07\/20170720_144859.jpg?resize=350%2C200","width":350,"height":200,"srcset":"https:\/\/i0.wp.com\/www.altimara.eu\/blog\/wp-content\/uploads\/2017\/07\/20170720_144859.jpg?resize=350%2C200 1x, https:\/\/i0.wp.com\/www.altimara.eu\/blog\/wp-content\/uploads\/2017\/07\/20170720_144859.jpg?resize=525%2C300 1.5x, https:\/\/i0.wp.com\/www.altimara.eu\/blog\/wp-content\/uploads\/2017\/07\/20170720_144859.jpg?resize=700%2C400 2x"},"classes":[]},{"id":1419,"url":"https:\/\/www.altimara.eu\/blog\/2015\/07\/28\/bois-dislande-15\/","url_meta":{"origin":2791,"position":4},"title":"Bois d&rsquo;Islande","author":"Martiou","date":"28 juillet 2015","format":false,"excerpt":"Balade en bord de mer et un alignement photog\u00e9nique de poteaux. Bois plant\u00e9, bois de mer, bois flott\u00e9, la mer est proche et les arbres lointains. Ici c'est dans les Vestmanneyjar. \u00a0","rel":"","context":"Dans &quot;Bois d'Islande, bois flott\u00e9, bois plant\u00e9&quot;","block_context":{"text":"Bois d'Islande, bois flott\u00e9, bois plant\u00e9","link":"https:\/\/www.altimara.eu\/blog\/category\/charbon-de-bois-islande\/bois-dislande-bois-flotte-bois-plante\/"},"img":{"alt_text":"_MAR7639","src":"https:\/\/i0.wp.com\/www.altimara.eu\/blog\/wp-content\/uploads\/2015\/07\/MAR7639.jpg?resize=350%2C200","width":350,"height":200,"srcset":"https:\/\/i0.wp.com\/www.altimara.eu\/blog\/wp-content\/uploads\/2015\/07\/MAR7639.jpg?resize=350%2C200 1x, https:\/\/i0.wp.com\/www.altimara.eu\/blog\/wp-content\/uploads\/2015\/07\/MAR7639.jpg?resize=525%2C300 1.5x, https:\/\/i0.wp.com\/www.altimara.eu\/blog\/wp-content\/uploads\/2015\/07\/MAR7639.jpg?resize=700%2C400 2x"},"classes":[]},{"id":1940,"url":"https:\/\/www.altimara.eu\/blog\/2016\/07\/23\/bois-dislande-20\/","url_meta":{"origin":2791,"position":5},"title":"Bois d&rsquo;Islande","author":"Martiou","date":"23 juillet 2016","format":false,"excerpt":"C'est dans le sud, sur la plage du beau lagon glaciaire de J\u00f6kuls\u00e1rl\u00f3n, que j'ai vu un bois flott\u00e9 au milieu des petits \"icebergs\". Cette partie de l'Islande est l\u00e9ch\u00e9e par le Gulf Stream qui r\u00e9chauffe l'ensemble des cotes. Les bois flott\u00e9s sont plut\u00f4t d'origine du golfe du Mexique. A\u2026","rel":"","context":"Dans &quot;Bois d'Islande, bois flott\u00e9, bois plant\u00e9&quot;","block_context":{"text":"Bois d'Islande, bois flott\u00e9, bois plant\u00e9","link":"https:\/\/www.altimara.eu\/blog\/category\/charbon-de-bois-islande\/bois-dislande-bois-flotte-bois-plante\/"},"img":{"alt_text":"IMG_20160712_171439523_HDR","src":"https:\/\/i0.wp.com\/www.altimara.eu\/blog\/wp-content\/uploads\/2016\/07\/IMG_20160712_171439523_HDR-1.jpg?resize=350%2C200","width":350,"height":200,"srcset":"https:\/\/i0.wp.com\/www.altimara.eu\/blog\/wp-content\/uploads\/2016\/07\/IMG_20160712_171439523_HDR-1.jpg?resize=350%2C200 1x, https:\/\/i0.wp.com\/www.altimara.eu\/blog\/wp-content\/uploads\/2016\/07\/IMG_20160712_171439523_HDR-1.jpg?resize=525%2C300 1.5x"},"classes":[]}],"_links":{"self":[{"href":"https:\/\/www.altimara.eu\/blog\/wp-json\/wp\/v2\/posts\/2791","targetHints":{"allow":["GET"]}}],"collection":[{"href":"https:\/\/www.altimara.eu\/blog\/wp-json\/wp\/v2\/posts"}],"about":[{"href":"https:\/\/www.altimara.eu\/blog\/wp-json\/wp\/v2\/types\/post"}],"author":[{"embeddable":true,"href":"https:\/\/www.altimara.eu\/blog\/wp-json\/wp\/v2\/users\/3"}],"replies":[{"embeddable":true,"href":"https:\/\/www.altimara.eu\/blog\/wp-json\/wp\/v2\/comments?post=2791"}],"version-history":[{"count":0,"href":"https:\/\/www.altimara.eu\/blog\/wp-json\/wp\/v2\/posts\/2791\/revisions"}],"wp:attachment":[{"href":"https:\/\/www.altimara.eu\/blog\/wp-json\/wp\/v2\/media?parent=2791"}],"wp:term":[{"taxonomy":"category","embeddable":true,"href":"https:\/\/www.altimara.eu\/blog\/wp-json\/wp\/v2\/categories?post=2791"},{"taxonomy":"post_tag","embeddable":true,"href":"https:\/\/www.altimara.eu\/blog\/wp-json\/wp\/v2\/tags?post=2791"}],"curies":[{"name":"wp","href":"https:\/\/api.w.org\/{rel}","templated":true}]}}