{"id":2782,"date":"2018-06-13T22:00:15","date_gmt":"2018-06-13T21:00:15","guid":{"rendered":"https:\/\/www.altimara.eu\/blog\/?p=2782"},"modified":"2018-06-13T22:02:28","modified_gmt":"2018-06-13T21:02:28","slug":"coupe-du-monde-charbonnier","status":"publish","type":"post","link":"https:\/\/www.altimara.eu\/blog\/2018\/06\/13\/coupe-du-monde-charbonnier\/","title":{"rendered":"Coupe du monde &#038; charbonnier"},"content":{"rendered":"<p>Au moment o\u00f9 va se d\u00e9rouler l&rsquo;\u00e9v\u00e9nement plan\u00e9taire, un petit rappel.<\/p>\n<p>Il y avait un Charbonnier dans l&rsquo;\u00e9quipe de France championne du monde 98.<\/p>\n<p>Lionel Charbonnier, gardien rempla\u00e7ant&#8230;<\/p>\n<p>Le n\u00b0 22, et bien sur il est en noir<\/p>\n<p><img data-recalc-dims=\"1\" loading=\"lazy\" decoding=\"async\" data-attachment-id=\"2783\" data-permalink=\"https:\/\/www.altimara.eu\/blog\/2018\/06\/13\/coupe-du-monde-charbonnier\/gardien-charbonnier\/\" data-orig-file=\"https:\/\/i0.wp.com\/www.altimara.eu\/blog\/wp-content\/uploads\/2018\/06\/gardien-Charbonnier.jpg?fit=930%2C620&amp;ssl=1\" data-orig-size=\"930,620\" data-comments-opened=\"1\" data-image-meta=\"{&quot;aperture&quot;:&quot;0&quot;,&quot;credit&quot;:&quot;&quot;,&quot;camera&quot;:&quot;&quot;,&quot;caption&quot;:&quot;&quot;,&quot;created_timestamp&quot;:&quot;0&quot;,&quot;copyright&quot;:&quot;&quot;,&quot;focal_length&quot;:&quot;0&quot;,&quot;iso&quot;:&quot;0&quot;,&quot;shutter_speed&quot;:&quot;0&quot;,&quot;title&quot;:&quot;&quot;,&quot;orientation&quot;:&quot;0&quot;}\" data-image-title=\"gardien Charbonnier\" data-image-description=\"\" data-image-caption=\"\" data-large-file=\"https:\/\/i0.wp.com\/www.altimara.eu\/blog\/wp-content\/uploads\/2018\/06\/gardien-Charbonnier.jpg?fit=627%2C418&amp;ssl=1\" class=\"aligncenter wp-image-2783\" src=\"https:\/\/i0.wp.com\/www.altimara.eu\/blog\/wp-content\/uploads\/2018\/06\/gardien-Charbonnier.jpg?resize=600%2C400\" alt=\"\" width=\"600\" height=\"400\" srcset=\"https:\/\/i0.wp.com\/www.altimara.eu\/blog\/wp-content\/uploads\/2018\/06\/gardien-Charbonnier.jpg?w=930&amp;ssl=1 930w, https:\/\/i0.wp.com\/www.altimara.eu\/blog\/wp-content\/uploads\/2018\/06\/gardien-Charbonnier.jpg?resize=300%2C200&amp;ssl=1 300w, https:\/\/i0.wp.com\/www.altimara.eu\/blog\/wp-content\/uploads\/2018\/06\/gardien-Charbonnier.jpg?resize=768%2C512&amp;ssl=1 768w\" sizes=\"auto, (max-width: 600px) 100vw, 600px\" \/><\/p>\n<p style=\"text-align: center;\">Au charbon les gars !<\/p>\n<p>https:\/\/fr.wikipedia.org\/wiki\/Lionel_Charbonnier<\/p>\n<p>&nbsp;<\/p>\n<p>&nbsp;<\/p>\n","protected":false},"excerpt":{"rendered":"<p>Au moment o\u00f9 va se d\u00e9rouler l&rsquo;\u00e9v\u00e9nement plan\u00e9taire, un petit rappel. Il y avait un Charbonnier dans l&rsquo;\u00e9quipe de France championne du monde 98. Lionel Charbonnier, gardien rempla\u00e7ant&#8230; Le n\u00b0 22, et bien sur il est en noir Au charbon les gars ! https:\/\/fr.wikipedia.org\/wiki\/Lionel_Charbonnier &nbsp; &nbsp;<\/p>\n","protected":false},"author":3,"featured_media":0,"comment_status":"open","ping_status":"open","sticky":false,"template":"","format":"standard","meta":{"ngg_post_thumbnail":0,"jetpack_post_was_ever_published":false,"_jetpack_newsletter_access":"","_jetpack_dont_email_post_to_subs":false,"_jetpack_newsletter_tier_id":0,"_jetpack_memberships_contains_paywalled_content":false,"_jetpack_memberships_contains_paid_content":false,"footnotes":"","jetpack_publicize_message":"","jetpack_publicize_feature_enabled":true,"jetpack_social_post_already_shared":true,"jetpack_social_options":{"image_generator_settings":{"template":"highway","default_image_id":0,"font":"","enabled":false},"version":2}},"categories":[5,37,1],"tags":[],"class_list":["post-2782","post","type-post","status-publish","format-standard","hentry","category-autre","category-evenementiel","category-non-classe"],"jetpack_publicize_connections":[],"jetpack_featured_media_url":"","jetpack_shortlink":"https:\/\/wp.me\/p4r91c-IS","jetpack_sharing_enabled":true,"jetpack-related-posts":[{"id":2527,"url":"https:\/\/www.altimara.eu\/blog\/2017\/11\/28\/le-charbonnier-et-la-radio\/","url_meta":{"origin":2782,"position":0},"title":"Le charbonnier et la radio","author":"Martiou","date":"28 novembre 2017","format":false,"excerpt":"L'H\u00e9raultais du jour. Invit\u00e9 par A. Blin, l'animateur de la matinale sur France Bleu H\u00e9rault, j'ai pu en cinq petites minutes parler de ma passion de charbonnier. Tr\u00e8s sympathique et chaleureux, Antoine Blin m\u2019a permis,\u00a0dans ce court temps, de faire d\u00e9couvrir aux auditeurs mon exp\u00e9rience de maitre charbonnier. A \u00e9couter:\u2026","rel":"","context":"Dans &quot;Charbon de bois&quot;","block_context":{"text":"Charbon de bois","link":"https:\/\/www.altimara.eu\/blog\/category\/charbon-de-bois-carbon-art\/"},"img":{"alt_text":"","src":"https:\/\/i0.wp.com\/www.altimara.eu\/blog\/wp-content\/uploads\/2017\/11\/Capture-d%E2%80%99e%CC%81cran-2017-11-28-a%CC%80-10.12.08.png?resize=350%2C200&ssl=1","width":350,"height":200,"srcset":"https:\/\/i0.wp.com\/www.altimara.eu\/blog\/wp-content\/uploads\/2017\/11\/Capture-d%E2%80%99e%CC%81cran-2017-11-28-a%CC%80-10.12.08.png?resize=350%2C200&ssl=1 1x, https:\/\/i0.wp.com\/www.altimara.eu\/blog\/wp-content\/uploads\/2017\/11\/Capture-d%E2%80%99e%CC%81cran-2017-11-28-a%CC%80-10.12.08.png?resize=525%2C300&ssl=1 1.5x, https:\/\/i0.wp.com\/www.altimara.eu\/blog\/wp-content\/uploads\/2017\/11\/Capture-d%E2%80%99e%CC%81cran-2017-11-28-a%CC%80-10.12.08.png?resize=700%2C400&ssl=1 2x"},"classes":[]},{"id":3142,"url":"https:\/\/www.altimara.eu\/blog\/2019\/08\/14\/manga-charbonnier\/","url_meta":{"origin":2782,"position":1},"title":"Manga charbonnier","author":"Martiou","date":"14 ao\u00fbt 2019","format":false,"excerpt":"Un joli cadeau de la part de ma fille, un manga qui raconte la vie d'un charbonnier au Japon. Il pratique la cuisson tr\u00e8s sp\u00e9ciale des charbonniers japonais, celle qui produit du Binchotan, un charbon de bois cuit \u00e0 tr\u00e8s haute temp\u00e9rature. L'auteur raconte la vie d'un jeune charbonnier qui\u2026","rel":"","context":"Dans &quot;Charbon de bois&quot;","block_context":{"text":"Charbon de bois","link":"https:\/\/www.altimara.eu\/blog\/category\/charbon-de-bois-carbon-art\/"},"img":{"alt_text":"","src":"https:\/\/i0.wp.com\/www.altimara.eu\/blog\/wp-content\/uploads\/2019\/08\/IMG_20190602_085131173-2.jpg?resize=350%2C200&ssl=1","width":350,"height":200,"srcset":"https:\/\/i0.wp.com\/www.altimara.eu\/blog\/wp-content\/uploads\/2019\/08\/IMG_20190602_085131173-2.jpg?resize=350%2C200&ssl=1 1x, https:\/\/i0.wp.com\/www.altimara.eu\/blog\/wp-content\/uploads\/2019\/08\/IMG_20190602_085131173-2.jpg?resize=525%2C300&ssl=1 1.5x, https:\/\/i0.wp.com\/www.altimara.eu\/blog\/wp-content\/uploads\/2019\/08\/IMG_20190602_085131173-2.jpg?resize=700%2C400&ssl=1 2x"},"classes":[]},{"id":3443,"url":"https:\/\/www.altimara.eu\/blog\/2020\/09\/05\/charbonnier-et-roi\/","url_meta":{"origin":2782,"position":2},"title":"Charbonnier et roi","author":"Martiou","date":"5 septembre 2020","format":false,"excerpt":"Un conte impliquant un charbonnier et un roi, Henri IV. Cela se passe \u00e9videmment dans la sud-ouest, av\u00e9 l'accent ! Le charbonnier de Capchicot Le sud-ouest rec\u00e8le un certain nombre de sites qui \u00e9voquent le souvenir du roi Henri IV. Parmi eux, se trouve le ch\u00e2teau de Capchicot, domaine du\u2026","rel":"","context":"Dans &quot;Autre&quot;","block_context":{"text":"Autre","link":"https:\/\/www.altimara.eu\/blog\/category\/autre\/"},"img":{"alt_text":"","src":"","width":0,"height":0},"classes":[]},{"id":1527,"url":"https:\/\/www.altimara.eu\/blog\/2015\/11\/24\/metier-du-diable\/","url_meta":{"origin":2782,"position":3},"title":"M\u00e9tier du Diable et foi du Charbonnier","author":"Martiou","date":"24 novembre 2015","format":false,"excerpt":"Dans notre Monde qui poussent les exclus a s'affirmer dans des actes d\u00e9sesp\u00e9r\u00e9s...d\u00e9sesp\u00e9ramment meurtriers, o\u00f9 les r\u00e8gles de la croyance spirituelle sont d\u00e9r\u00e9gl\u00e9es et les actes lourds d'incons\u00e9quences, le charbonnier a depuis longtemps port\u00e9 le fardeau du r\u00f4le de l'\u00e9trange \u00e9tranger. Perdu dans sa for\u00eat, lieu de toutes les m\u00e9fiances,\u2026","rel":"","context":"Dans &quot;Charbon de bois&quot;","block_context":{"text":"Charbon de bois","link":"https:\/\/www.altimara.eu\/blog\/category\/charbon-de-bois-carbon-art\/"},"img":{"alt_text":"Coste - Charbonniers 01","src":"https:\/\/i0.wp.com\/www.altimara.eu\/blog\/wp-content\/uploads\/2015\/11\/Coste-Charbonniers-01.jpg?resize=350%2C200","width":350,"height":200,"srcset":"https:\/\/i0.wp.com\/www.altimara.eu\/blog\/wp-content\/uploads\/2015\/11\/Coste-Charbonniers-01.jpg?resize=350%2C200 1x, https:\/\/i0.wp.com\/www.altimara.eu\/blog\/wp-content\/uploads\/2015\/11\/Coste-Charbonniers-01.jpg?resize=525%2C300 1.5x, https:\/\/i0.wp.com\/www.altimara.eu\/blog\/wp-content\/uploads\/2015\/11\/Coste-Charbonniers-01.jpg?resize=700%2C400 2x"},"classes":[]},{"id":2081,"url":"https:\/\/www.altimara.eu\/blog\/2016\/11\/14\/les-bons-cousins-2\/","url_meta":{"origin":2782,"position":4},"title":"Les Bons Cousins","author":"Martiou","date":"14 novembre 2016","format":false,"excerpt":"Pourquoi les titres de ces articles sont : \"Les bons cousins\"? La grande for\u00eat de Chaux, dans la partie sud ouest plate du Jura, r\u00e9sonne de cette id\u00e9e que le bois abrite des personnes cach\u00e9es. La for\u00eat a toujours inqui\u00e9t\u00e9 la bonne soci\u00e9t\u00e9. Elle est le lieu o\u00f9 l'on se\u2026","rel":"","context":"Dans &quot;Charbon de bois&quot;","block_context":{"text":"Charbon de bois","link":"https:\/\/www.altimara.eu\/blog\/category\/charbon-de-bois-carbon-art\/"},"img":{"alt_text":"_mar1605","src":"https:\/\/i0.wp.com\/www.altimara.eu\/blog\/wp-content\/uploads\/2016\/11\/MAR1605-300x200.jpg?resize=350%2C200","width":350,"height":200},"classes":[]},{"id":4759,"url":"https:\/\/www.altimara.eu\/blog\/2026\/04\/11\/22eme-fete-chez-jean\/","url_meta":{"origin":2782,"position":5},"title":"22\u00e8me f\u00eate chez Jean","author":"Martiou","date":"11 avril 2026","format":false,"excerpt":"Jean et ses co-charbonnier-es proposent la 22\u00e8me \u00e9dition de la f\u00eate de la charbonni\u00e8re en Ard\u00e8che. Une valeur sure dans le monde restreint des charbonniers. La semaine de cuisson est dans un endroit accueillant o\u00f9 il fait bon de visiter et rester voir ou participer aux nombreux ateliers de forge.\u2026","rel":"","context":"Dans &quot;charbonnier en france&quot;","block_context":{"text":"charbonnier en france","link":"https:\/\/www.altimara.eu\/blog\/category\/charbonnier-en-france\/"},"img":{"alt_text":"","src":"https:\/\/i0.wp.com\/www.altimara.eu\/blog\/wp-content\/uploads\/2026\/04\/Flyer-fete-charbo-2026-copie.jpg?resize=350%2C200&ssl=1","width":350,"height":200,"srcset":"https:\/\/i0.wp.com\/www.altimara.eu\/blog\/wp-content\/uploads\/2026\/04\/Flyer-fete-charbo-2026-copie.jpg?resize=350%2C200&ssl=1 1x, https:\/\/i0.wp.com\/www.altimara.eu\/blog\/wp-content\/uploads\/2026\/04\/Flyer-fete-charbo-2026-copie.jpg?resize=525%2C300&ssl=1 1.5x, https:\/\/i0.wp.com\/www.altimara.eu\/blog\/wp-content\/uploads\/2026\/04\/Flyer-fete-charbo-2026-copie.jpg?resize=700%2C400&ssl=1 2x, https:\/\/i0.wp.com\/www.altimara.eu\/blog\/wp-content\/uploads\/2026\/04\/Flyer-fete-charbo-2026-copie.jpg?resize=1050%2C600&ssl=1 3x, https:\/\/i0.wp.com\/www.altimara.eu\/blog\/wp-content\/uploads\/2026\/04\/Flyer-fete-charbo-2026-copie.jpg?resize=1400%2C800&ssl=1 4x"},"classes":[]}],"_links":{"self":[{"href":"https:\/\/www.altimara.eu\/blog\/wp-json\/wp\/v2\/posts\/2782","targetHints":{"allow":["GET"]}}],"collection":[{"href":"https:\/\/www.altimara.eu\/blog\/wp-json\/wp\/v2\/posts"}],"about":[{"href":"https:\/\/www.altimara.eu\/blog\/wp-json\/wp\/v2\/types\/post"}],"author":[{"embeddable":true,"href":"https:\/\/www.altimara.eu\/blog\/wp-json\/wp\/v2\/users\/3"}],"replies":[{"embeddable":true,"href":"https:\/\/www.altimara.eu\/blog\/wp-json\/wp\/v2\/comments?post=2782"}],"version-history":[{"count":0,"href":"https:\/\/www.altimara.eu\/blog\/wp-json\/wp\/v2\/posts\/2782\/revisions"}],"wp:attachment":[{"href":"https:\/\/www.altimara.eu\/blog\/wp-json\/wp\/v2\/media?parent=2782"}],"wp:term":[{"taxonomy":"category","embeddable":true,"href":"https:\/\/www.altimara.eu\/blog\/wp-json\/wp\/v2\/categories?post=2782"},{"taxonomy":"post_tag","embeddable":true,"href":"https:\/\/www.altimara.eu\/blog\/wp-json\/wp\/v2\/tags?post=2782"}],"curies":[{"name":"wp","href":"https:\/\/api.w.org\/{rel}","templated":true}]}}