{"id":2747,"date":"2018-04-16T23:09:35","date_gmt":"2018-04-16T22:09:35","guid":{"rendered":"https:\/\/www.altimara.eu\/blog\/?p=2747"},"modified":"2018-04-18T17:31:17","modified_gmt":"2018-04-18T16:31:17","slug":"fusain-au-musee","status":"publish","type":"post","link":"https:\/\/www.altimara.eu\/blog\/2018\/04\/16\/fusain-au-musee\/","title":{"rendered":"Fusain au mus\u00e9e"},"content":{"rendered":"<p>Marseille et son extraordinaire mus\u00e9e du MUCEM. Une \u0153uvre qui abrite des \u0153uvres diverses au gr\u00e9 des expositions qui y passent.<\/p>\n<p>L&rsquo;exposition \u00ab\u00a0Voyages imaginaires : Picasso et les ballets russes\u00a0\u00bb est visible dans le fort St Jean attenant au MUCEM. Cette \u00e9pop\u00e9e th\u00e9\u00e2trale de Picasso est associ\u00e9e \u00e0 d&rsquo;autres artistes de renom. L&rsquo;un d&rsquo;eux est un marionnettiste futuriste Fortunato Depero. Il donne sa touche aux costumes de \u00ab\u00a0Parade\u00a0\u00bb.<\/p>\n<p>Il dessine avec des fusains. Crayon de charbon de bois.<img data-recalc-dims=\"1\" loading=\"lazy\" decoding=\"async\" data-attachment-id=\"2749\" data-permalink=\"https:\/\/www.altimara.eu\/blog\/2018\/04\/16\/fusain-au-musee\/img_20180411_153132190\/\" data-orig-file=\"https:\/\/i0.wp.com\/www.altimara.eu\/blog\/wp-content\/uploads\/2018\/04\/IMG_20180411_153132190.jpg?fit=1000%2C957&amp;ssl=1\" data-orig-size=\"1000,957\" data-comments-opened=\"1\" data-image-meta=\"{&quot;aperture&quot;:&quot;2&quot;,&quot;credit&quot;:&quot;&quot;,&quot;camera&quot;:&quot;MotoG3&quot;,&quot;caption&quot;:&quot;&quot;,&quot;created_timestamp&quot;:&quot;1523460691&quot;,&quot;copyright&quot;:&quot;&quot;,&quot;focal_length&quot;:&quot;3.64&quot;,&quot;iso&quot;:&quot;800&quot;,&quot;shutter_speed&quot;:&quot;0.058823529411765&quot;,&quot;title&quot;:&quot;&quot;,&quot;orientation&quot;:&quot;0&quot;}\" data-image-title=\"IMG_20180411_153132190\" data-image-description=\"\" data-image-caption=\"\" data-large-file=\"https:\/\/i0.wp.com\/www.altimara.eu\/blog\/wp-content\/uploads\/2018\/04\/IMG_20180411_153132190.jpg?fit=627%2C600&amp;ssl=1\" class=\"alignright size-medium wp-image-2749\" src=\"https:\/\/i0.wp.com\/www.altimara.eu\/blog\/wp-content\/uploads\/2018\/04\/IMG_20180411_153132190-300x287.jpg?resize=300%2C287\" alt=\"\" width=\"300\" height=\"287\" srcset=\"https:\/\/i0.wp.com\/www.altimara.eu\/blog\/wp-content\/uploads\/2018\/04\/IMG_20180411_153132190.jpg?resize=300%2C287&amp;ssl=1 300w, https:\/\/i0.wp.com\/www.altimara.eu\/blog\/wp-content\/uploads\/2018\/04\/IMG_20180411_153132190.jpg?resize=768%2C735&amp;ssl=1 768w, https:\/\/i0.wp.com\/www.altimara.eu\/blog\/wp-content\/uploads\/2018\/04\/IMG_20180411_153132190.jpg?w=1000&amp;ssl=1 1000w\" sizes=\"auto, (max-width: 300px) 100vw, 300px\" \/><\/p>\n<p><img data-recalc-dims=\"1\" loading=\"lazy\" decoding=\"async\" data-attachment-id=\"2748\" data-permalink=\"https:\/\/www.altimara.eu\/blog\/2018\/04\/16\/fusain-au-musee\/img_20180411_153100261\/\" data-orig-file=\"https:\/\/i0.wp.com\/www.altimara.eu\/blog\/wp-content\/uploads\/2018\/04\/IMG_20180411_153100261.jpg?fit=755%2C1000&amp;ssl=1\" data-orig-size=\"755,1000\" data-comments-opened=\"1\" data-image-meta=\"{&quot;aperture&quot;:&quot;2&quot;,&quot;credit&quot;:&quot;&quot;,&quot;camera&quot;:&quot;MotoG3&quot;,&quot;caption&quot;:&quot;&quot;,&quot;created_timestamp&quot;:&quot;1523460659&quot;,&quot;copyright&quot;:&quot;&quot;,&quot;focal_length&quot;:&quot;3.64&quot;,&quot;iso&quot;:&quot;400&quot;,&quot;shutter_speed&quot;:&quot;0.04&quot;,&quot;title&quot;:&quot;&quot;,&quot;orientation&quot;:&quot;0&quot;}\" data-image-title=\"IMG_20180411_153100261\" data-image-description=\"\" data-image-caption=\"\" data-large-file=\"https:\/\/i0.wp.com\/www.altimara.eu\/blog\/wp-content\/uploads\/2018\/04\/IMG_20180411_153100261.jpg?fit=627%2C830&amp;ssl=1\" class=\"alignleft wp-image-2748 size-medium\" src=\"https:\/\/i0.wp.com\/www.altimara.eu\/blog\/wp-content\/uploads\/2018\/04\/IMG_20180411_153100261-227x300.jpg?resize=227%2C300\" alt=\"\" width=\"227\" height=\"300\" srcset=\"https:\/\/i0.wp.com\/www.altimara.eu\/blog\/wp-content\/uploads\/2018\/04\/IMG_20180411_153100261.jpg?resize=227%2C300&amp;ssl=1 227w, https:\/\/i0.wp.com\/www.altimara.eu\/blog\/wp-content\/uploads\/2018\/04\/IMG_20180411_153100261.jpg?w=755&amp;ssl=1 755w\" sizes=\"auto, (max-width: 227px) 100vw, 227px\" \/><\/p>\n<p>&nbsp;<\/p>\n<p>&nbsp;<\/p>\n<p>&nbsp;<\/p>\n<p>&nbsp;<\/p>\n<p>&nbsp;<\/p>\n<p>&nbsp;<\/p>\n<p>&nbsp;<\/p>\n<p>&nbsp;<\/p>\n<p>&nbsp;<\/p>\n<p style=\"text-align: center;\">Le MUCEM<\/p>\n<p><img data-recalc-dims=\"1\" loading=\"lazy\" decoding=\"async\" data-attachment-id=\"2750\" data-permalink=\"https:\/\/www.altimara.eu\/blog\/2018\/04\/16\/fusain-au-musee\/img_20180411_151734013\/\" data-orig-file=\"https:\/\/i0.wp.com\/www.altimara.eu\/blog\/wp-content\/uploads\/2018\/04\/IMG_20180411_151734013.jpg?fit=1000%2C563&amp;ssl=1\" data-orig-size=\"1000,563\" data-comments-opened=\"1\" data-image-meta=\"{&quot;aperture&quot;:&quot;2&quot;,&quot;credit&quot;:&quot;&quot;,&quot;camera&quot;:&quot;MotoG3&quot;,&quot;caption&quot;:&quot;&quot;,&quot;created_timestamp&quot;:&quot;1523459853&quot;,&quot;copyright&quot;:&quot;&quot;,&quot;focal_length&quot;:&quot;3.64&quot;,&quot;iso&quot;:&quot;50&quot;,&quot;shutter_speed&quot;:&quot;0.0021276595744681&quot;,&quot;title&quot;:&quot;&quot;,&quot;orientation&quot;:&quot;0&quot;}\" data-image-title=\"IMG_20180411_151734013\" data-image-description=\"\" data-image-caption=\"\" data-large-file=\"https:\/\/i0.wp.com\/www.altimara.eu\/blog\/wp-content\/uploads\/2018\/04\/IMG_20180411_151734013.jpg?fit=627%2C353&amp;ssl=1\" class=\"aligncenter wp-image-2750 size-full\" src=\"https:\/\/i0.wp.com\/www.altimara.eu\/blog\/wp-content\/uploads\/2018\/04\/IMG_20180411_151734013.jpg?resize=627%2C353\" alt=\"\" width=\"627\" height=\"353\" srcset=\"https:\/\/i0.wp.com\/www.altimara.eu\/blog\/wp-content\/uploads\/2018\/04\/IMG_20180411_151734013.jpg?w=1000&amp;ssl=1 1000w, https:\/\/i0.wp.com\/www.altimara.eu\/blog\/wp-content\/uploads\/2018\/04\/IMG_20180411_151734013.jpg?resize=300%2C169&amp;ssl=1 300w, https:\/\/i0.wp.com\/www.altimara.eu\/blog\/wp-content\/uploads\/2018\/04\/IMG_20180411_151734013.jpg?resize=768%2C432&amp;ssl=1 768w\" sizes=\"auto, (max-width: 627px) 100vw, 627px\" \/><\/p>\n<p><a href=\"http:\/\/www.mucem.org\/programme\/exposition-et-temps-forts\/voyages-imaginaires-picasso-et-les-ballets-russes\" target=\"_blank\" rel=\"noopener\">http:\/\/www.mucem.org\/programme\/exposition-et-temps-forts\/voyages-imaginaires-picasso-et-les-ballets-russes<\/a><\/p>\n<p>&nbsp;<\/p>\n<p>&nbsp;<\/p>\n<p>&nbsp;<\/p>\n","protected":false},"excerpt":{"rendered":"<p>Marseille et son extraordinaire mus\u00e9e du MUCEM. Une \u0153uvre qui abrite des \u0153uvres diverses au gr\u00e9 des expositions qui y passent. L&rsquo;exposition \u00ab\u00a0Voyages imaginaires : Picasso et les ballets russes\u00a0\u00bb est visible dans le fort St Jean attenant au MUCEM. Cette \u00e9pop\u00e9e th\u00e9\u00e2trale de Picasso est associ\u00e9e \u00e0 d&rsquo;autres artistes de renom. L&rsquo;un d&rsquo;eux est [&hellip;]<\/p>\n","protected":false},"author":3,"featured_media":0,"comment_status":"open","ping_status":"open","sticky":false,"template":"","format":"standard","meta":{"ngg_post_thumbnail":0,"jetpack_post_was_ever_published":false,"_jetpack_newsletter_access":"","_jetpack_dont_email_post_to_subs":false,"_jetpack_newsletter_tier_id":0,"_jetpack_memberships_contains_paywalled_content":false,"_jetpack_memberships_contains_paid_content":false,"footnotes":"","jetpack_publicize_message":"","jetpack_publicize_feature_enabled":true,"jetpack_social_post_already_shared":true,"jetpack_social_options":{"image_generator_settings":{"template":"highway","default_image_id":0,"font":"","enabled":false},"version":2}},"categories":[30,6,37],"tags":[126,137],"class_list":["post-2747","post","type-post","status-publish","format-standard","hentry","category-carbon-art","category-charbon-de-bois-carbon-art","category-evenementiel","tag-fusain","tag-mucem"],"jetpack_publicize_connections":[],"jetpack_featured_media_url":"","jetpack_shortlink":"https:\/\/wp.me\/p4r91c-Ij","jetpack_sharing_enabled":true,"jetpack-related-posts":[{"id":2521,"url":"https:\/\/www.altimara.eu\/blog\/2017\/11\/17\/fusain-art\/","url_meta":{"origin":2747,"position":0},"title":"Fusain art","author":"Martiou","date":"17 novembre 2017","format":false,"excerpt":"Visite de la tr\u00e8s belle cit\u00e9 d'Albi, dans le Tarn, avec sa merveilleuse cath\u00e9drale. Nous avons \"rencontr\u00e9\" le grand peintre de la ville, Toulouse-Lautrec, dans le mus\u00e9e qui lui est d\u00e9di\u00e9. Un certain nombre de ses \u0153uvres sont r\u00e9alis\u00e9es au fusain. Le fusain, charbon de bois utilis\u00e9 depuis la pr\u00e9histoire\u2026","rel":"","context":"Dans &quot;Autre&quot;","block_context":{"text":"Autre","link":"https:\/\/www.altimara.eu\/blog\/category\/autre\/"},"img":{"alt_text":"","src":"https:\/\/i0.wp.com\/www.altimara.eu\/blog\/wp-content\/uploads\/2017\/11\/IMG_20171113_150435442-169x300.jpg?resize=350%2C200","width":350,"height":200},"classes":[]},{"id":3248,"url":"https:\/\/www.altimara.eu\/blog\/2019\/12\/20\/leonard-de-carbonari\/","url_meta":{"origin":2747,"position":1},"title":"L\u00e9onard de Carbonari","author":"Martiou","date":"20 d\u00e9cembre 2019","format":false,"excerpt":"Visite \u00e0 l'exceptionnelle exposition des \u0153uvres de L\u00e9onard de Vinci au Louvre. L'immense L\u00e9onard a dessin\u00e9 ses fameux croquis de machines dans un style patte de mouche et m\u00eame que ses \u00e9crit sont \u00e0 l'envers en miroir. Entre le magnifique tableau parfaitement restaur\u00e9 La Vierge, l'Enfant J\u00e9sus et sainte Anne,\u2026","rel":"","context":"Dans &quot;Non class\u00e9&quot;","block_context":{"text":"Non class\u00e9","link":"https:\/\/www.altimara.eu\/blog\/category\/non-classe\/"},"img":{"alt_text":"","src":"https:\/\/i0.wp.com\/www.altimara.eu\/blog\/wp-content\/uploads\/2019\/12\/IMG_20191119_162943548.jpg?resize=350%2C200&ssl=1","width":350,"height":200,"srcset":"https:\/\/i0.wp.com\/www.altimara.eu\/blog\/wp-content\/uploads\/2019\/12\/IMG_20191119_162943548.jpg?resize=350%2C200&ssl=1 1x, https:\/\/i0.wp.com\/www.altimara.eu\/blog\/wp-content\/uploads\/2019\/12\/IMG_20191119_162943548.jpg?resize=525%2C300&ssl=1 1.5x"},"classes":[]},{"id":3800,"url":"https:\/\/www.altimara.eu\/blog\/2022\/01\/13\/noir-soulages\/","url_meta":{"origin":2747,"position":2},"title":"Noir Soulages","author":"Martiou","date":"13 janvier 2022","format":false,"excerpt":"L'artiste Pierre Soulages est connu pour ses \u0153uvres \u00e0 dominance noire. Il rejoint en \u00e7a les charbonniers, diables noirs, alchimistes de l'absence de couleurs. Rodez accueille son enfant peintre dans un magnifique mus\u00e9e aux fa\u00e7ades rouill\u00e9es. \u00c9videmment le fusain est \u00e0 l'honneur, nul vrai artiste ne peut pas l'employer. Trois\u2026","rel":"","context":"Dans &quot;Autre&quot;","block_context":{"text":"Autre","link":"https:\/\/www.altimara.eu\/blog\/category\/autre\/"},"img":{"alt_text":"","src":"https:\/\/i0.wp.com\/www.altimara.eu\/blog\/wp-content\/uploads\/2022\/01\/IMG_20211111_160847.jpg?resize=350%2C200&ssl=1","width":350,"height":200,"srcset":"https:\/\/i0.wp.com\/www.altimara.eu\/blog\/wp-content\/uploads\/2022\/01\/IMG_20211111_160847.jpg?resize=350%2C200&ssl=1 1x, https:\/\/i0.wp.com\/www.altimara.eu\/blog\/wp-content\/uploads\/2022\/01\/IMG_20211111_160847.jpg?resize=525%2C300&ssl=1 1.5x, https:\/\/i0.wp.com\/www.altimara.eu\/blog\/wp-content\/uploads\/2022\/01\/IMG_20211111_160847.jpg?resize=700%2C400&ssl=1 2x, https:\/\/i0.wp.com\/www.altimara.eu\/blog\/wp-content\/uploads\/2022\/01\/IMG_20211111_160847.jpg?resize=1050%2C600&ssl=1 3x"},"classes":[]},{"id":3652,"url":"https:\/\/www.altimara.eu\/blog\/2021\/05\/31\/kjarval-et-les-fusains\/","url_meta":{"origin":2747,"position":3},"title":"Kjarval et les fusains","author":"Martiou","date":"31 mai 2021","format":false,"excerpt":"Dans la grande agence de la banque Landsbankin du centre historique, il y a une exposition des \u0153uvres de Kjarval. J\u00f3hannes Sveinsson Kjarval est certainement le premier peintre islandais ayant connu une reconnaissance internationale. https:\/\/www.wikiart.org\/fr\/johannes-sveinsson-kjarval Parmi toutes ses \u0153uvres expos\u00e9es, j'en ai bien sur rep\u00e9r\u00e9 deux qui sont ex\u00e9cut\u00e9es au\u2026","rel":"","context":"Dans &quot;Carbon-art&quot;","block_context":{"text":"Carbon-art","link":"https:\/\/www.altimara.eu\/blog\/category\/carbon-art\/"},"img":{"alt_text":"","src":"https:\/\/i0.wp.com\/www.altimara.eu\/blog\/wp-content\/uploads\/2021\/05\/kjarval-2.png?resize=350%2C200&ssl=1","width":350,"height":200,"srcset":"https:\/\/i0.wp.com\/www.altimara.eu\/blog\/wp-content\/uploads\/2021\/05\/kjarval-2.png?resize=350%2C200&ssl=1 1x, https:\/\/i0.wp.com\/www.altimara.eu\/blog\/wp-content\/uploads\/2021\/05\/kjarval-2.png?resize=525%2C300&ssl=1 1.5x, https:\/\/i0.wp.com\/www.altimara.eu\/blog\/wp-content\/uploads\/2021\/05\/kjarval-2.png?resize=700%2C400&ssl=1 2x"},"classes":[]},{"id":1540,"url":"https:\/\/www.altimara.eu\/blog\/2015\/12\/01\/la-grotte-au-fusain-chauvet\/","url_meta":{"origin":2747,"position":4},"title":"La grotte au fusain: Chauvet","author":"Martiou","date":"1 d\u00e9cembre 2015","format":false,"excerpt":"Les gorges de l'Ard\u00e8che sont farouches, tortueuses et profondes. La rivi\u00e8re a creus\u00e9 un magnifique canyon dans les masses calcaires. L'eau a dissout dans des parties plus intimes de nombreuses grottes.\u00a0 Si ces gorges sont tr\u00e8s connues et sur fr\u00e9quent\u00e9es avec comme point d'orgue l'arche du Pont d'Arc, un \u00e9l\u00e9ment\u2026","rel":"","context":"Dans &quot;Carbon-art&quot;","block_context":{"text":"Carbon-art","link":"https:\/\/www.altimara.eu\/blog\/category\/carbon-art\/"},"img":{"alt_text":"_MAR8820","src":"https:\/\/i0.wp.com\/www.altimara.eu\/blog\/wp-content\/uploads\/2015\/12\/MAR8820-300x200.jpg?resize=350%2C200","width":350,"height":200},"classes":[]},{"id":3412,"url":"https:\/\/www.altimara.eu\/blog\/2020\/08\/18\/balade-islandaise\/","url_meta":{"origin":2747,"position":5},"title":"Balade islandaise","author":"Martiou","date":"18 ao\u00fbt 2020","format":false,"excerpt":"Deux semaines en terres lointaine dans ma ch\u00e8re Islande. Lors d'une rencontre tr\u00e8s passionnante avec Mar\u00eda \u00d3skarsd\u00f3ttir (https:\/\/ile-denfer.eu\/balade-2020\/) qui est historienne des p\u00eacheurs fran\u00e7ais \u00e0 Islande, j'ai vu dans son int\u00e9ressant mus\u00e9e un dessin au fusain. Du charbon de bois \u00e0 Patreksfjo\u0308r\u00f0ur, un fjord du bout du Monde.","rel":"","context":"Dans &quot;Bois d'Islande, bois flott\u00e9, bois plant\u00e9&quot;","block_context":{"text":"Bois d'Islande, bois flott\u00e9, bois plant\u00e9","link":"https:\/\/www.altimara.eu\/blog\/category\/charbon-de-bois-islande\/bois-dislande-bois-flotte-bois-plante\/"},"img":{"alt_text":"","src":"https:\/\/i0.wp.com\/www.altimara.eu\/blog\/wp-content\/uploads\/2020\/08\/dessin-patreksfjordur.png?resize=350%2C200&ssl=1","width":350,"height":200},"classes":[]}],"_links":{"self":[{"href":"https:\/\/www.altimara.eu\/blog\/wp-json\/wp\/v2\/posts\/2747","targetHints":{"allow":["GET"]}}],"collection":[{"href":"https:\/\/www.altimara.eu\/blog\/wp-json\/wp\/v2\/posts"}],"about":[{"href":"https:\/\/www.altimara.eu\/blog\/wp-json\/wp\/v2\/types\/post"}],"author":[{"embeddable":true,"href":"https:\/\/www.altimara.eu\/blog\/wp-json\/wp\/v2\/users\/3"}],"replies":[{"embeddable":true,"href":"https:\/\/www.altimara.eu\/blog\/wp-json\/wp\/v2\/comments?post=2747"}],"version-history":[{"count":0,"href":"https:\/\/www.altimara.eu\/blog\/wp-json\/wp\/v2\/posts\/2747\/revisions"}],"wp:attachment":[{"href":"https:\/\/www.altimara.eu\/blog\/wp-json\/wp\/v2\/media?parent=2747"}],"wp:term":[{"taxonomy":"category","embeddable":true,"href":"https:\/\/www.altimara.eu\/blog\/wp-json\/wp\/v2\/categories?post=2747"},{"taxonomy":"post_tag","embeddable":true,"href":"https:\/\/www.altimara.eu\/blog\/wp-json\/wp\/v2\/tags?post=2747"}],"curies":[{"name":"wp","href":"https:\/\/api.w.org\/{rel}","templated":true}]}}