{"id":2637,"date":"2018-02-14T12:12:58","date_gmt":"2018-02-14T11:12:58","guid":{"rendered":"https:\/\/www.altimara.eu\/blog\/?p=2637"},"modified":"2018-02-14T12:14:52","modified_gmt":"2018-02-14T11:14:52","slug":"guide-pierres-seches","status":"publish","type":"post","link":"https:\/\/www.altimara.eu\/blog\/2018\/02\/14\/guide-pierres-seches\/","title":{"rendered":"Guide pierres s\u00e8ches"},"content":{"rendered":"<p>Heureux donateurs voil\u00e0 l&rsquo;occasion de se procurer un tr\u00e8s beau guide pr\u00e9sentant un des patrimoines importants de nos garrigues. A Montpellier nous parlons de clapas, \u00e0 N\u00eemes sont connues les capitelles, un peu partout il y a les cabanes de berger, des restanques, des fa\u00efsses ou bancels. Tous ces termes d\u00e9signent les tas de pierres d&rsquo;un travail important de petites mains. Tas de pierres ordonn\u00e9s, calibr\u00e9s, align\u00e9s que sont les capitelles, les murs des terrasses, les fours \u00e0 chaux et bien plus. Notre r\u00e9gion est exceptionnellement riche de ce patrimoine vernaculaire. Ces lieux sont la&nbsp; m\u00e9moire de cette t\u00e2che ardue de ces femmes et hommes qui ont d\u2019\u00e9pierr\u00e9 les champs et les collines des garrigues, pour pouvoir cultiver.<\/p>\n<p>Les associations de pierres s\u00e8ches, le collectif des garrigues et d&rsquo;autres intervenants, vous proposent un Guide des Pierres S\u00e8ches. Ce livre propose 20 circuits de d\u00e9couverte dans tout le territoire des garrigues. J&rsquo;y pr\u00e9sente le sentier des charbonni\u00e8res avec ses cabanes de charbonniers et les fours \u00e0 chaux.<\/p>\n<p>Un financement participatif est propos\u00e9: <a href=\"https:\/\/www.kisskissbankbank.com\/guide-pierres-seches\" target=\"_blank\" rel=\"noopener\">https:\/\/www.kisskissbankbank.com\/guide-pierres-seches<\/a> (image ci-dessous). Il nous faut 5000\u20ac, \u00e0 ce jour nous en sommes \u00e0 environ 2000\u20ac. Encore un petit effort.<\/p>\n<p>En fonction de votre contribution vous aurez en retour de beaux cadeaux.<\/p>\n<p><img data-recalc-dims=\"1\" loading=\"lazy\" decoding=\"async\" data-attachment-id=\"2638\" data-permalink=\"https:\/\/www.altimara.eu\/blog\/2018\/02\/14\/guide-pierres-seches\/capture-decran-2018-02-14-a-11-47-31\/\" data-orig-file=\"https:\/\/i0.wp.com\/www.altimara.eu\/blog\/wp-content\/uploads\/2018\/02\/Capture-d%E2%80%99e%CC%81cran-2018-02-14-a%CC%80-11.47.31.jpg?fit=567%2C572&amp;ssl=1\" data-orig-size=\"567,572\" data-comments-opened=\"1\" data-image-meta=\"{&quot;aperture&quot;:&quot;0&quot;,&quot;credit&quot;:&quot;&quot;,&quot;camera&quot;:&quot;&quot;,&quot;caption&quot;:&quot;&quot;,&quot;created_timestamp&quot;:&quot;0&quot;,&quot;copyright&quot;:&quot;&quot;,&quot;focal_length&quot;:&quot;0&quot;,&quot;iso&quot;:&quot;0&quot;,&quot;shutter_speed&quot;:&quot;0&quot;,&quot;title&quot;:&quot;&quot;,&quot;orientation&quot;:&quot;1&quot;}\" data-image-title=\"Capture d\u2019e\u0301cran 2018-02-14 a\u0300 11.47.31\" data-image-description=\"\" data-image-caption=\"\" data-large-file=\"https:\/\/i0.wp.com\/www.altimara.eu\/blog\/wp-content\/uploads\/2018\/02\/Capture-d%E2%80%99e%CC%81cran-2018-02-14-a%CC%80-11.47.31.jpg?fit=567%2C572&amp;ssl=1\" class=\"aligncenter size-full wp-image-2638\" src=\"https:\/\/i0.wp.com\/www.altimara.eu\/blog\/wp-content\/uploads\/2018\/02\/Capture-d%E2%80%99e%CC%81cran-2018-02-14-a%CC%80-11.47.31.jpg?resize=567%2C572\" alt=\"\" height=\"572\" width=\"567\" srcset=\"https:\/\/i0.wp.com\/www.altimara.eu\/blog\/wp-content\/uploads\/2018\/02\/Capture-d%E2%80%99e%CC%81cran-2018-02-14-a%CC%80-11.47.31.jpg?w=567&amp;ssl=1 567w, https:\/\/i0.wp.com\/www.altimara.eu\/blog\/wp-content\/uploads\/2018\/02\/Capture-d%E2%80%99e%CC%81cran-2018-02-14-a%CC%80-11.47.31.jpg?resize=150%2C150&amp;ssl=1 150w, https:\/\/i0.wp.com\/www.altimara.eu\/blog\/wp-content\/uploads\/2018\/02\/Capture-d%E2%80%99e%CC%81cran-2018-02-14-a%CC%80-11.47.31.jpg?resize=297%2C300&amp;ssl=1 297w\" sizes=\"auto, (max-width: 567px) 100vw, 567px\" \/><\/p>\n","protected":false},"excerpt":{"rendered":"<p>Heureux donateurs voil\u00e0 l&rsquo;occasion de se procurer un tr\u00e8s beau guide pr\u00e9sentant un des patrimoines importants de nos garrigues. A Montpellier nous parlons de clapas, \u00e0 N\u00eemes sont connues les capitelles, un peu partout il y a les cabanes de berger, des restanques, des fa\u00efsses ou bancels. Tous ces termes d\u00e9signent les tas de pierres [&hellip;]<\/p>\n","protected":false},"author":3,"featured_media":0,"comment_status":"open","ping_status":"open","sticky":false,"template":"","format":"standard","meta":{"ngg_post_thumbnail":0,"jetpack_post_was_ever_published":false,"_jetpack_newsletter_access":"","_jetpack_dont_email_post_to_subs":false,"_jetpack_newsletter_tier_id":0,"_jetpack_memberships_contains_paywalled_content":false,"_jetpack_memberships_contains_paid_content":false,"footnotes":"","jetpack_publicize_message":"","jetpack_publicize_feature_enabled":true,"jetpack_social_post_already_shared":true,"jetpack_social_options":{"image_generator_settings":{"template":"highway","default_image_id":0,"font":"","enabled":false},"version":2}},"categories":[37],"tags":[18,133],"class_list":["post-2637","post","type-post","status-publish","format-standard","hentry","category-evenementiel","tag-garrigue","tag-pierres-seches"],"jetpack_publicize_connections":[],"jetpack_featured_media_url":"","jetpack_shortlink":"https:\/\/wp.me\/p4r91c-Gx","jetpack_sharing_enabled":true,"jetpack-related-posts":[{"id":3057,"url":"https:\/\/www.altimara.eu\/blog\/2019\/04\/30\/charbonniere-a-caveirac-suite\/","url_meta":{"origin":2637,"position":0},"title":"Charbonni\u00e8re \u00e0 Caveirac, suite","author":"Martiou","date":"30 avril 2019","format":false,"excerpt":"Le site en garrigue de la colline de St Roch \u00e0 Caveirac est tr\u00e8s plaisant et magnifiquement mis en valeur par l'association Pierre S\u00e8che et Garrigue pr\u00e9sid\u00e9e par Andr\u00e9 Calvini. L'allumage, un moment important. J'ai pass\u00e9 l\u00e0 3 jours agr\u00e9ables, dans ce lieu de capitelles magnifiques, avec les membres de\u2026","rel":"","context":"Dans &quot;Charbon de bois&quot;","block_context":{"text":"Charbon de bois","link":"https:\/\/www.altimara.eu\/blog\/category\/charbon-de-bois-carbon-art\/"},"img":{"alt_text":"","src":"https:\/\/i0.wp.com\/www.altimara.eu\/blog\/wp-content\/uploads\/2019\/04\/MAR9571.jpg?resize=350%2C200&ssl=1","width":350,"height":200,"srcset":"https:\/\/i0.wp.com\/www.altimara.eu\/blog\/wp-content\/uploads\/2019\/04\/MAR9571.jpg?resize=350%2C200&ssl=1 1x, https:\/\/i0.wp.com\/www.altimara.eu\/blog\/wp-content\/uploads\/2019\/04\/MAR9571.jpg?resize=525%2C300&ssl=1 1.5x"},"classes":[]},{"id":2945,"url":"https:\/\/www.altimara.eu\/blog\/2019\/01\/16\/conference-charbonniere\/","url_meta":{"origin":2637,"position":1},"title":"Conf\u00e9rence charbonni\u00e8re","author":"Martiou","date":"16 janvier 2019","format":false,"excerpt":"Le 24 janvier \u00e0 18h30, j'aurai le plaisir de parler des charbonni\u00e8res \u00e0 l'invitation de l'association Pierre s\u00e8che et Garrigue Caveirac. Mon ami Ren\u00e9 interviendra aussi pour les techniques d'allumage du feu. Caveirac est une petite commune du Gard, entre Sommi\u00e8res et N\u00eemes. L'association est tr\u00e8s active dans la valorisation\u2026","rel":"","context":"Dans &quot;Charbon de bois&quot;","block_context":{"text":"Charbon de bois","link":"https:\/\/www.altimara.eu\/blog\/category\/charbon-de-bois-carbon-art\/"},"img":{"alt_text":"","src":"https:\/\/i0.wp.com\/www.altimara.eu\/blog\/wp-content\/uploads\/2019\/01\/affi-caveirac.jpg?resize=350%2C200&ssl=1","width":350,"height":200,"srcset":"https:\/\/i0.wp.com\/www.altimara.eu\/blog\/wp-content\/uploads\/2019\/01\/affi-caveirac.jpg?resize=350%2C200&ssl=1 1x, https:\/\/i0.wp.com\/www.altimara.eu\/blog\/wp-content\/uploads\/2019\/01\/affi-caveirac.jpg?resize=525%2C300&ssl=1 1.5x, https:\/\/i0.wp.com\/www.altimara.eu\/blog\/wp-content\/uploads\/2019\/01\/affi-caveirac.jpg?resize=700%2C400&ssl=1 2x, https:\/\/i0.wp.com\/www.altimara.eu\/blog\/wp-content\/uploads\/2019\/01\/affi-caveirac.jpg?resize=1050%2C600&ssl=1 3x"},"classes":[]},{"id":4343,"url":"https:\/\/www.altimara.eu\/blog\/2024\/04\/02\/four-a-chaux-a-lagrasse\/","url_meta":{"origin":2637,"position":2},"title":"Four \u00e0 chaux \u00e0 Lagrasse","author":"Martiou","date":"2 avril 2024","format":false,"excerpt":"Le village de Lagrasse dans l'Aude est connu pour son abbaye et ses moines int\u00e9gristes. La vie est douce au milieu de cette garrigue et le village ne manque pas de charme avec ses ruelles pav\u00e9es et son avenue bord\u00e9e de platane. Si le cot\u00e9 spirituel du lieu me laisse\u2026","rel":"","context":"Dans &quot;Four \u00e0 chaux&quot;","block_context":{"text":"Four \u00e0 chaux","link":"https:\/\/www.altimara.eu\/blog\/category\/four-a-chaux\/"},"img":{"alt_text":"","src":"https:\/\/i0.wp.com\/www.altimara.eu\/blog\/wp-content\/uploads\/2024\/04\/20240330_170912-2.jpg?resize=350%2C200&ssl=1","width":350,"height":200,"srcset":"https:\/\/i0.wp.com\/www.altimara.eu\/blog\/wp-content\/uploads\/2024\/04\/20240330_170912-2.jpg?resize=350%2C200&ssl=1 1x, https:\/\/i0.wp.com\/www.altimara.eu\/blog\/wp-content\/uploads\/2024\/04\/20240330_170912-2.jpg?resize=525%2C300&ssl=1 1.5x, https:\/\/i0.wp.com\/www.altimara.eu\/blog\/wp-content\/uploads\/2024\/04\/20240330_170912-2.jpg?resize=700%2C400&ssl=1 2x, https:\/\/i0.wp.com\/www.altimara.eu\/blog\/wp-content\/uploads\/2024\/04\/20240330_170912-2.jpg?resize=1050%2C600&ssl=1 3x"},"classes":[]},{"id":2545,"url":"https:\/\/www.altimara.eu\/blog\/2017\/12\/04\/un-four-a-chaux\/","url_meta":{"origin":2637,"position":3},"title":"Un four \u00e0 chaux","author":"Martiou","date":"4 d\u00e9cembre 2017","format":false,"excerpt":"Parmi les activit\u00e9s dont il reste beaucoup vestiges en garrigue il y a celle des chaufourniers. La production de chaux pour la construction mais aussi l'agriculture a n\u00e9cessit\u00e9 le montage de fours en pierres s\u00e8ches pendant plus d'un mill\u00e9naire. Ces fours partiellement d\u00e9truits sont reconnaissables par leurs formes en \"fer\u2026","rel":"","context":"Dans &quot;Four \u00e0 chaux&quot;","block_context":{"text":"Four \u00e0 chaux","link":"https:\/\/www.altimara.eu\/blog\/category\/four-a-chaux\/"},"img":{"alt_text":"","src":"https:\/\/i0.wp.com\/www.altimara.eu\/blog\/wp-content\/uploads\/2017\/12\/MAR4176.jpg?resize=350%2C200&ssl=1","width":350,"height":200,"srcset":"https:\/\/i0.wp.com\/www.altimara.eu\/blog\/wp-content\/uploads\/2017\/12\/MAR4176.jpg?resize=350%2C200&ssl=1 1x, https:\/\/i0.wp.com\/www.altimara.eu\/blog\/wp-content\/uploads\/2017\/12\/MAR4176.jpg?resize=525%2C300&ssl=1 1.5x, https:\/\/i0.wp.com\/www.altimara.eu\/blog\/wp-content\/uploads\/2017\/12\/MAR4176.jpg?resize=700%2C400&ssl=1 2x"},"classes":[]},{"id":4746,"url":"https:\/\/www.altimara.eu\/blog\/2026\/04\/05\/charbonnier-des-garrigues\/","url_meta":{"origin":2637,"position":4},"title":"Charbonnier des garrigues","author":"Martiou","date":"5 avril 2026","format":false,"excerpt":"J'ai eu le plaisir d'obtenir enfin une photo de charbonniers de nos garrigues. M. Philippe Tourrier, maire de Claret, m'a offert ce rare document o\u00f9 l'on voit des membres de sa famille, charbonniers des garrigues saintlouviennes. L'un des hommes est Fernand Gaubiac, grand p\u00e8re de M. Tourrier, n\u00e9 en 1899.\u2026","rel":"","context":"Dans &quot;Charbon de bois&quot;","block_context":{"text":"Charbon de bois","link":"https:\/\/www.altimara.eu\/blog\/category\/charbon-de-bois-carbon-art\/"},"img":{"alt_text":"","src":"https:\/\/i0.wp.com\/www.altimara.eu\/blog\/wp-content\/uploads\/2026\/04\/Tourrier.png?resize=350%2C200&ssl=1","width":350,"height":200,"srcset":"https:\/\/i0.wp.com\/www.altimara.eu\/blog\/wp-content\/uploads\/2026\/04\/Tourrier.png?resize=350%2C200&ssl=1 1x, https:\/\/i0.wp.com\/www.altimara.eu\/blog\/wp-content\/uploads\/2026\/04\/Tourrier.png?resize=525%2C300&ssl=1 1.5x, https:\/\/i0.wp.com\/www.altimara.eu\/blog\/wp-content\/uploads\/2026\/04\/Tourrier.png?resize=700%2C400&ssl=1 2x"},"classes":[]},{"id":2134,"url":"https:\/\/www.altimara.eu\/blog\/2016\/12\/12\/four-a-chaux-2\/","url_meta":{"origin":2637,"position":5},"title":"Four \u00e0 chaux","author":"Martiou","date":"12 d\u00e9cembre 2016","format":false,"excerpt":"Animation avec le groupe de la section patrimoine du foyer rural Les Quintillades. Dans la continuit\u00e9 de notre exp\u00e9rience de vouloir faire une cuisson de calcaire dans un four \u00e0 chaux ramier, nous avons organis\u00e9 une journ\u00e9e de rencontre avec d'autres passionn\u00e9s, des membres du Collectif des Garrigues. Apr\u00e8s la\u2026","rel":"","context":"Dans &quot;Autre&quot;","block_context":{"text":"Autre","link":"https:\/\/www.altimara.eu\/blog\/category\/autre\/"},"img":{"alt_text":"titre-noir","src":"https:\/\/i0.wp.com\/www.altimara.eu\/blog\/wp-content\/uploads\/2014\/02\/titre-noir2.jpg?resize=350%2C200","width":350,"height":200},"classes":[]}],"_links":{"self":[{"href":"https:\/\/www.altimara.eu\/blog\/wp-json\/wp\/v2\/posts\/2637","targetHints":{"allow":["GET"]}}],"collection":[{"href":"https:\/\/www.altimara.eu\/blog\/wp-json\/wp\/v2\/posts"}],"about":[{"href":"https:\/\/www.altimara.eu\/blog\/wp-json\/wp\/v2\/types\/post"}],"author":[{"embeddable":true,"href":"https:\/\/www.altimara.eu\/blog\/wp-json\/wp\/v2\/users\/3"}],"replies":[{"embeddable":true,"href":"https:\/\/www.altimara.eu\/blog\/wp-json\/wp\/v2\/comments?post=2637"}],"version-history":[{"count":0,"href":"https:\/\/www.altimara.eu\/blog\/wp-json\/wp\/v2\/posts\/2637\/revisions"}],"wp:attachment":[{"href":"https:\/\/www.altimara.eu\/blog\/wp-json\/wp\/v2\/media?parent=2637"}],"wp:term":[{"taxonomy":"category","embeddable":true,"href":"https:\/\/www.altimara.eu\/blog\/wp-json\/wp\/v2\/categories?post=2637"},{"taxonomy":"post_tag","embeddable":true,"href":"https:\/\/www.altimara.eu\/blog\/wp-json\/wp\/v2\/tags?post=2637"}],"curies":[{"name":"wp","href":"https:\/\/api.w.org\/{rel}","templated":true}]}}