{"id":2631,"date":"2018-02-11T14:32:55","date_gmt":"2018-02-11T13:32:55","guid":{"rendered":"https:\/\/www.altimara.eu\/blog\/?p=2631"},"modified":"2018-02-25T12:40:39","modified_gmt":"2018-02-25T11:40:39","slug":"ecochar-togo","status":"publish","type":"post","link":"https:\/\/www.altimara.eu\/blog\/2018\/02\/11\/ecochar-togo\/","title":{"rendered":"\u00c9cochar Togo"},"content":{"rendered":"<p>Sous l&rsquo;impulsion de Marc, une belle op\u00e9ration de fabrique d&rsquo;\u00e9cochar se d\u00e9roule en ce moment au Togo. Le but est de transformer les restes de paille de riz, car il y a des rizi\u00e8res exploit\u00e9es dans ce pays. Nous avons l\u00e0 un beau potentiel de mat\u00e9riels avec une structure innovante. La possibilit\u00e9 de construire les fours et le mat\u00e9riel n\u00e9cessaire comme les presses \u00e0 \u00e9cochar est r\u00e9elle. Pour l&rsquo;instant tout les acteurs techniciens sont dans la phase d&rsquo;exp\u00e9rimentation. Nous allons pouvoir bien d\u00e9velopper toute la chaine de traitement des sous-produits v\u00e9g\u00e9taux.<\/p>\n<p><img data-recalc-dims=\"1\" loading=\"lazy\" decoding=\"async\" data-attachment-id=\"2632\" data-permalink=\"https:\/\/www.altimara.eu\/blog\/2018\/02\/11\/ecochar-togo\/dscf1668-2\/\" data-orig-file=\"https:\/\/i0.wp.com\/www.altimara.eu\/blog\/wp-content\/uploads\/2018\/02\/DSCF1668-2.jpg?fit=1000%2C750&amp;ssl=1\" data-orig-size=\"1000,750\" data-comments-opened=\"1\" data-image-meta=\"{&quot;aperture&quot;:&quot;2.9&quot;,&quot;credit&quot;:&quot;&quot;,&quot;camera&quot;:&quot;FinePix J40&quot;,&quot;caption&quot;:&quot;&quot;,&quot;created_timestamp&quot;:&quot;1268532446&quot;,&quot;copyright&quot;:&quot;&quot;,&quot;focal_length&quot;:&quot;5.7&quot;,&quot;iso&quot;:&quot;160&quot;,&quot;shutter_speed&quot;:&quot;0.022222222222222&quot;,&quot;title&quot;:&quot;&quot;,&quot;orientation&quot;:&quot;0&quot;}\" data-image-title=\"DSCF1668-2\" data-image-description=\"\" data-image-caption=\"\" data-large-file=\"https:\/\/i0.wp.com\/www.altimara.eu\/blog\/wp-content\/uploads\/2018\/02\/DSCF1668-2.jpg?fit=627%2C470&amp;ssl=1\" class=\"alignleft size-medium wp-image-2632\" src=\"https:\/\/i0.wp.com\/www.altimara.eu\/blog\/wp-content\/uploads\/2018\/02\/DSCF1668-2-300x225.jpg?resize=300%2C225\" alt=\"\" width=\"300\" height=\"225\" srcset=\"https:\/\/i0.wp.com\/www.altimara.eu\/blog\/wp-content\/uploads\/2018\/02\/DSCF1668-2.jpg?resize=300%2C225&amp;ssl=1 300w, https:\/\/i0.wp.com\/www.altimara.eu\/blog\/wp-content\/uploads\/2018\/02\/DSCF1668-2.jpg?resize=768%2C576&amp;ssl=1 768w, https:\/\/i0.wp.com\/www.altimara.eu\/blog\/wp-content\/uploads\/2018\/02\/DSCF1668-2.jpg?w=1000&amp;ssl=1 1000w\" sizes=\"auto, (max-width: 300px) 100vw, 300px\" \/><img data-recalc-dims=\"1\" loading=\"lazy\" decoding=\"async\" data-attachment-id=\"2634\" data-permalink=\"https:\/\/www.altimara.eu\/blog\/2018\/02\/11\/ecochar-togo\/dscf1796-2\/\" data-orig-file=\"https:\/\/i0.wp.com\/www.altimara.eu\/blog\/wp-content\/uploads\/2018\/02\/DSCF1796-2.jpg?fit=1000%2C750&amp;ssl=1\" data-orig-size=\"1000,750\" data-comments-opened=\"1\" data-image-meta=\"{&quot;aperture&quot;:&quot;2.9&quot;,&quot;credit&quot;:&quot;&quot;,&quot;camera&quot;:&quot;FinePix J40&quot;,&quot;caption&quot;:&quot;&quot;,&quot;created_timestamp&quot;:&quot;1268856191&quot;,&quot;copyright&quot;:&quot;&quot;,&quot;focal_length&quot;:&quot;5.7&quot;,&quot;iso&quot;:&quot;100&quot;,&quot;shutter_speed&quot;:&quot;0.0047619047619048&quot;,&quot;title&quot;:&quot;&quot;,&quot;orientation&quot;:&quot;0&quot;}\" data-image-title=\"DSCF1796-2\" data-image-description=\"\" data-image-caption=\"\" data-large-file=\"https:\/\/i0.wp.com\/www.altimara.eu\/blog\/wp-content\/uploads\/2018\/02\/DSCF1796-2.jpg?fit=627%2C470&amp;ssl=1\" class=\"alignright size-medium wp-image-2634\" src=\"https:\/\/i0.wp.com\/www.altimara.eu\/blog\/wp-content\/uploads\/2018\/02\/DSCF1796-2-300x225.jpg?resize=300%2C225\" alt=\"\" width=\"300\" height=\"225\" srcset=\"https:\/\/i0.wp.com\/www.altimara.eu\/blog\/wp-content\/uploads\/2018\/02\/DSCF1796-2.jpg?resize=300%2C225&amp;ssl=1 300w, https:\/\/i0.wp.com\/www.altimara.eu\/blog\/wp-content\/uploads\/2018\/02\/DSCF1796-2.jpg?resize=768%2C576&amp;ssl=1 768w, https:\/\/i0.wp.com\/www.altimara.eu\/blog\/wp-content\/uploads\/2018\/02\/DSCF1796-2.jpg?w=1000&amp;ssl=1 1000w\" sizes=\"auto, (max-width: 300px) 100vw, 300px\" \/><\/p>\n<p><img data-recalc-dims=\"1\" loading=\"lazy\" decoding=\"async\" data-attachment-id=\"2633\" data-permalink=\"https:\/\/www.altimara.eu\/blog\/2018\/02\/11\/ecochar-togo\/dscf1683-2\/\" data-orig-file=\"https:\/\/i0.wp.com\/www.altimara.eu\/blog\/wp-content\/uploads\/2018\/02\/DSCF1683-2.jpg?fit=1000%2C750&amp;ssl=1\" data-orig-size=\"1000,750\" data-comments-opened=\"1\" data-image-meta=\"{&quot;aperture&quot;:&quot;2.9&quot;,&quot;credit&quot;:&quot;&quot;,&quot;camera&quot;:&quot;FinePix J40&quot;,&quot;caption&quot;:&quot;&quot;,&quot;created_timestamp&quot;:&quot;1268589130&quot;,&quot;copyright&quot;:&quot;&quot;,&quot;focal_length&quot;:&quot;5.7&quot;,&quot;iso&quot;:&quot;100&quot;,&quot;shutter_speed&quot;:&quot;0.0029411764705882&quot;,&quot;title&quot;:&quot;&quot;,&quot;orientation&quot;:&quot;0&quot;}\" data-image-title=\"DSCF1683-2\" data-image-description=\"\" data-image-caption=\"\" data-large-file=\"https:\/\/i0.wp.com\/www.altimara.eu\/blog\/wp-content\/uploads\/2018\/02\/DSCF1683-2.jpg?fit=627%2C470&amp;ssl=1\" class=\"aligncenter size-medium wp-image-2633\" src=\"https:\/\/i0.wp.com\/www.altimara.eu\/blog\/wp-content\/uploads\/2018\/02\/DSCF1683-2-300x225.jpg?resize=300%2C225\" alt=\"\" width=\"300\" height=\"225\" srcset=\"https:\/\/i0.wp.com\/www.altimara.eu\/blog\/wp-content\/uploads\/2018\/02\/DSCF1683-2.jpg?resize=300%2C225&amp;ssl=1 300w, https:\/\/i0.wp.com\/www.altimara.eu\/blog\/wp-content\/uploads\/2018\/02\/DSCF1683-2.jpg?resize=768%2C576&amp;ssl=1 768w, https:\/\/i0.wp.com\/www.altimara.eu\/blog\/wp-content\/uploads\/2018\/02\/DSCF1683-2.jpg?w=1000&amp;ssl=1 1000w\" sizes=\"auto, (max-width: 300px) 100vw, 300px\" \/><\/p>\n<p><img data-recalc-dims=\"1\" loading=\"lazy\" decoding=\"async\" data-attachment-id=\"2635\" data-permalink=\"https:\/\/www.altimara.eu\/blog\/2018\/02\/11\/ecochar-togo\/dscf1768-2\/\" data-orig-file=\"https:\/\/i0.wp.com\/www.altimara.eu\/blog\/wp-content\/uploads\/2018\/02\/DSCF1768-2.jpg?fit=1000%2C750&amp;ssl=1\" data-orig-size=\"1000,750\" data-comments-opened=\"1\" data-image-meta=\"{&quot;aperture&quot;:&quot;8.8&quot;,&quot;credit&quot;:&quot;&quot;,&quot;camera&quot;:&quot;FinePix J40&quot;,&quot;caption&quot;:&quot;&quot;,&quot;created_timestamp&quot;:&quot;1268853293&quot;,&quot;copyright&quot;:&quot;&quot;,&quot;focal_length&quot;:&quot;5.7&quot;,&quot;iso&quot;:&quot;100&quot;,&quot;shutter_speed&quot;:&quot;0.0090909090909091&quot;,&quot;title&quot;:&quot;&quot;,&quot;orientation&quot;:&quot;0&quot;}\" data-image-title=\"DSCF1768-2\" data-image-description=\"\" data-image-caption=\"\" data-large-file=\"https:\/\/i0.wp.com\/www.altimara.eu\/blog\/wp-content\/uploads\/2018\/02\/DSCF1768-2.jpg?fit=627%2C470&amp;ssl=1\" class=\"aligncenter size-full wp-image-2635\" src=\"https:\/\/i0.wp.com\/www.altimara.eu\/blog\/wp-content\/uploads\/2018\/02\/DSCF1768-2.jpg?resize=627%2C470\" alt=\"\" width=\"627\" height=\"470\" srcset=\"https:\/\/i0.wp.com\/www.altimara.eu\/blog\/wp-content\/uploads\/2018\/02\/DSCF1768-2.jpg?w=1000&amp;ssl=1 1000w, https:\/\/i0.wp.com\/www.altimara.eu\/blog\/wp-content\/uploads\/2018\/02\/DSCF1768-2.jpg?resize=300%2C225&amp;ssl=1 300w, https:\/\/i0.wp.com\/www.altimara.eu\/blog\/wp-content\/uploads\/2018\/02\/DSCF1768-2.jpg?resize=768%2C576&amp;ssl=1 768w\" sizes=\"auto, (max-width: 627px) 100vw, 627px\" \/><\/p>\n","protected":false},"excerpt":{"rendered":"<p>Sous l&rsquo;impulsion de Marc, une belle op\u00e9ration de fabrique d&rsquo;\u00e9cochar se d\u00e9roule en ce moment au Togo. Le but est de transformer les restes de paille de riz, car il y a des rizi\u00e8res exploit\u00e9es dans ce pays. Nous avons l\u00e0 un beau potentiel de mat\u00e9riels avec une structure innovante. La possibilit\u00e9 de construire les [&hellip;]<\/p>\n","protected":false},"author":3,"featured_media":0,"comment_status":"open","ping_status":"open","sticky":false,"template":"","format":"standard","meta":{"ngg_post_thumbnail":0,"jetpack_post_was_ever_published":false,"_jetpack_newsletter_access":"","_jetpack_dont_email_post_to_subs":false,"_jetpack_newsletter_tier_id":0,"_jetpack_memberships_contains_paywalled_content":false,"_jetpack_memberships_contains_paid_content":false,"footnotes":"","jetpack_publicize_message":"","jetpack_publicize_feature_enabled":true,"jetpack_social_post_already_shared":true,"jetpack_social_options":{"image_generator_settings":{"template":"highway","default_image_id":0,"font":"","enabled":false},"version":2}},"categories":[86,110],"tags":[93,91,104,132],"class_list":["post-2631","post","type-post","status-publish","format-standard","hentry","category-charbon-vegetal","category-ecochar","tag-biochar","tag-charbon-vegetal","tag-ecochar","tag-togo"],"jetpack_publicize_connections":[],"jetpack_featured_media_url":"","jetpack_shortlink":"https:\/\/wp.me\/p4r91c-Gr","jetpack_sharing_enabled":true,"jetpack-related-posts":[{"id":2153,"url":"https:\/\/www.altimara.eu\/blog\/2016\/12\/19\/ecochar\/","url_meta":{"origin":2631,"position":0},"title":"\u00c9cochar","author":"Martiou","date":"19 d\u00e9cembre 2016","format":false,"excerpt":"Les galettes de charbon v\u00e9g\u00e9tal reconstitu\u00e9es ont un nom de code: \u00e9cochar. Ce proc\u00e9d\u00e9 qui consiste a agglom\u00e9rer de la poudre de restes de v\u00e9g\u00e9taux carbonis\u00e9 (feuilles, brindilles et autres laiss\u00e9s de coupes) donne des galettes ou briquettes de charbon. \u00a0 Avec l'ONG COOPDEA, je travaille comme conseiller technique pour\u2026","rel":"","context":"Dans &quot;Charbon v\u00e9g\u00e9tal&quot;","block_context":{"text":"Charbon v\u00e9g\u00e9tal","link":"https:\/\/www.altimara.eu\/blog\/category\/charbon-vegetal\/"},"img":{"alt_text":"","src":"https:\/\/i0.wp.com\/www.altimara.eu\/blog\/wp-content\/uploads\/2016\/12\/MAR1464.jpg?resize=350%2C200","width":350,"height":200,"srcset":"https:\/\/i0.wp.com\/www.altimara.eu\/blog\/wp-content\/uploads\/2016\/12\/MAR1464.jpg?resize=350%2C200 1x, https:\/\/i0.wp.com\/www.altimara.eu\/blog\/wp-content\/uploads\/2016\/12\/MAR1464.jpg?resize=525%2C300 1.5x, https:\/\/i0.wp.com\/www.altimara.eu\/blog\/wp-content\/uploads\/2016\/12\/MAR1464.jpg?resize=700%2C400 2x"},"classes":[]},{"id":3840,"url":"https:\/\/www.altimara.eu\/blog\/2022\/04\/20\/stage-ingenieurs\/","url_meta":{"origin":2631,"position":1},"title":"Stage ing\u00e9nieurs","author":"Martiou","date":"20 avril 2022","format":false,"excerpt":"Depuis plusieurs jours j'ai le plaisir d'accueillir deux stagiaires. Pierre et Thibault, en fin d'\u00e9tudes d'ing\u00e9nieurs \u00e0 l'\u00e9cole EPF, ont choisi l'ONG COOPDEA pour r\u00e9aliser leurs stages en entreprise. Ils vont partir au Togo pour mettre en place des unit\u00e9s de carbonisation de charbon v\u00e9g\u00e9tal. L'op\u00e9ration se d\u00e9roulera avec une\u2026","rel":"","context":"Dans &quot;biochar&quot;","block_context":{"text":"biochar","link":"https:\/\/www.altimara.eu\/blog\/category\/charbon-vegetal\/biochar\/"},"img":{"alt_text":"","src":"https:\/\/i0.wp.com\/www.altimara.eu\/blog\/wp-content\/uploads\/2022\/04\/IMG_20220404_115203.jpg?resize=350%2C200&ssl=1","width":350,"height":200,"srcset":"https:\/\/i0.wp.com\/www.altimara.eu\/blog\/wp-content\/uploads\/2022\/04\/IMG_20220404_115203.jpg?resize=350%2C200&ssl=1 1x, https:\/\/i0.wp.com\/www.altimara.eu\/blog\/wp-content\/uploads\/2022\/04\/IMG_20220404_115203.jpg?resize=525%2C300&ssl=1 1.5x, https:\/\/i0.wp.com\/www.altimara.eu\/blog\/wp-content\/uploads\/2022\/04\/IMG_20220404_115203.jpg?resize=700%2C400&ssl=1 2x, https:\/\/i0.wp.com\/www.altimara.eu\/blog\/wp-content\/uploads\/2022\/04\/IMG_20220404_115203.jpg?resize=1050%2C600&ssl=1 3x, https:\/\/i0.wp.com\/www.altimara.eu\/blog\/wp-content\/uploads\/2022\/04\/IMG_20220404_115203.jpg?resize=1400%2C800&ssl=1 4x"},"classes":[]},{"id":3280,"url":"https:\/\/www.altimara.eu\/blog\/2020\/02\/08\/ecochar-4\/","url_meta":{"origin":2631,"position":2},"title":"\u00c9cochar","author":"Martiou","date":"8 f\u00e9vrier 2020","format":false,"excerpt":"La production de briquettes de charbon, dites \u00e9cochar, \u00e0 partir de sous produits v\u00e9g\u00e9taux doit \u00eatre consid\u00e9r\u00e9e comme une alternative \u00e9cologique. Un charbon \u00e9colo Notre action premi\u00e8re a \u00e9t\u00e9 de nous int\u00e9resser aux probl\u00e9matiques de l'acc\u00e8s \u00e0 une \u00e9nergie domestique pour les populations vuln\u00e9rables qui utilisent quotidiennement du charbon de\u2026","rel":"","context":"Dans &quot;Charbon v\u00e9g\u00e9tal&quot;","block_context":{"text":"Charbon v\u00e9g\u00e9tal","link":"https:\/\/www.altimara.eu\/blog\/category\/charbon-vegetal\/"},"img":{"alt_text":"","src":"https:\/\/i0.wp.com\/www.altimara.eu\/blog\/wp-content\/uploads\/2020\/02\/DSCF1768-2.jpg?resize=350%2C200&ssl=1","width":350,"height":200,"srcset":"https:\/\/i0.wp.com\/www.altimara.eu\/blog\/wp-content\/uploads\/2020\/02\/DSCF1768-2.jpg?resize=350%2C200&ssl=1 1x, https:\/\/i0.wp.com\/www.altimara.eu\/blog\/wp-content\/uploads\/2020\/02\/DSCF1768-2.jpg?resize=525%2C300&ssl=1 1.5x, https:\/\/i0.wp.com\/www.altimara.eu\/blog\/wp-content\/uploads\/2020\/02\/DSCF1768-2.jpg?resize=700%2C400&ssl=1 2x"},"classes":[]},{"id":2303,"url":"https:\/\/www.altimara.eu\/blog\/2017\/04\/21\/chez-jean-lardechois\/","url_meta":{"origin":2631,"position":3},"title":"Chez Jean l&rsquo;Ard\u00e9chois","author":"Martiou","date":"21 avril 2017","format":false,"excerpt":"C'est reparti pour une belle f\u00eate de la charbonni\u00e8re, pr\u00e8s de Bourg St And\u00e9ol, chez Jean Chaudi\u00e8re. J'y serai avec Martine la vanni\u00e8re. L'occase de faire de l'\u00e9cochar, le charbon reconstitu\u00e9, dans le projet de d\u00e9veloppement durable en Guin\u00e9e et Togo.","rel":"","context":"Dans &quot;Charbon de bois&quot;","block_context":{"text":"Charbon de bois","link":"https:\/\/www.altimara.eu\/blog\/category\/charbon-de-bois-carbon-art\/"},"img":{"alt_text":"","src":"https:\/\/i0.wp.com\/www.altimara.eu\/blog\/wp-content\/uploads\/2017\/04\/recto-flyer-charbon-2017.jpg?resize=350%2C200","width":350,"height":200,"srcset":"https:\/\/i0.wp.com\/www.altimara.eu\/blog\/wp-content\/uploads\/2017\/04\/recto-flyer-charbon-2017.jpg?resize=350%2C200 1x, https:\/\/i0.wp.com\/www.altimara.eu\/blog\/wp-content\/uploads\/2017\/04\/recto-flyer-charbon-2017.jpg?resize=525%2C300 1.5x, https:\/\/i0.wp.com\/www.altimara.eu\/blog\/wp-content\/uploads\/2017\/04\/recto-flyer-charbon-2017.jpg?resize=700%2C400 2x"},"classes":[]},{"id":2394,"url":"https:\/\/www.altimara.eu\/blog\/2017\/08\/04\/ecochar-guinee-cest-parti\/","url_meta":{"origin":2631,"position":4},"title":"\u00c9cochar Guin\u00e9e c&rsquo;est parti","author":"Martiou","date":"4 ao\u00fbt 2017","format":false,"excerpt":"Beau travail \u00e0 Macenta, dans l'est de la Guin\u00e9e Conakry, o\u00f9 mon fils Antonin a rejoint le groupe de travail \u00e9cochar. Le syst\u00e8me du four \u00e0 r\u00e9cup\u00e9ration des gaz a \u00e9t\u00e9 rapidement remani\u00e9 avec plusieurs am\u00e9liorations. Doublage du grand tonneau, avec une t\u00f4le \u00e0 l'int\u00e9rieur o\u00f9 le vide laiss\u00e9 et\u2026","rel":"","context":"Dans &quot;Charbon v\u00e9g\u00e9tal&quot;","block_context":{"text":"Charbon v\u00e9g\u00e9tal","link":"https:\/\/www.altimara.eu\/blog\/category\/charbon-vegetal\/"},"img":{"alt_text":"","src":"https:\/\/i0.wp.com\/www.altimara.eu\/blog\/wp-content\/uploads\/2017\/08\/received_535668743431542-1024x768.jpeg?resize=350%2C200","width":350,"height":200,"srcset":"https:\/\/i0.wp.com\/www.altimara.eu\/blog\/wp-content\/uploads\/2017\/08\/received_535668743431542-1024x768.jpeg?resize=350%2C200 1x, https:\/\/i0.wp.com\/www.altimara.eu\/blog\/wp-content\/uploads\/2017\/08\/received_535668743431542-1024x768.jpeg?resize=525%2C300 1.5x"},"classes":[]},{"id":3300,"url":"https:\/\/www.altimara.eu\/blog\/2020\/03\/11\/dechets-vegetaux\/","url_meta":{"origin":2631,"position":5},"title":"D\u00e9chets v\u00e9g\u00e9taux","author":"Martiou","date":"11 mars 2020","format":false,"excerpt":"A la sortie de l'hiver, la taille des haies et le nettoyage des jardins vont produire un grand volume de d\u00e9chets v\u00e9g\u00e9taux. Le brulage de ces v\u00e9g\u00e9taux est aujourd'hui tr\u00e8s r\u00e9glement\u00e9 et interdit dans la plupart des cas. Les p\u00e9riodes autoris\u00e9es sont tr\u00e8s courtes et totalement prohib\u00e9es en \u00e9t\u00e9. La\u2026","rel":"","context":"Dans &quot;Charbon v\u00e9g\u00e9tal&quot;","block_context":{"text":"Charbon v\u00e9g\u00e9tal","link":"https:\/\/www.altimara.eu\/blog\/category\/charbon-vegetal\/"},"img":{"alt_text":"","src":"https:\/\/i0.wp.com\/www.altimara.eu\/blog\/wp-content\/uploads\/2020\/03\/Charbonnier-Martial-Acquarone-2.jpg?resize=350%2C200&ssl=1","width":350,"height":200,"srcset":"https:\/\/i0.wp.com\/www.altimara.eu\/blog\/wp-content\/uploads\/2020\/03\/Charbonnier-Martial-Acquarone-2.jpg?resize=350%2C200&ssl=1 1x, https:\/\/i0.wp.com\/www.altimara.eu\/blog\/wp-content\/uploads\/2020\/03\/Charbonnier-Martial-Acquarone-2.jpg?resize=525%2C300&ssl=1 1.5x, https:\/\/i0.wp.com\/www.altimara.eu\/blog\/wp-content\/uploads\/2020\/03\/Charbonnier-Martial-Acquarone-2.jpg?resize=700%2C400&ssl=1 2x"},"classes":[]}],"_links":{"self":[{"href":"https:\/\/www.altimara.eu\/blog\/wp-json\/wp\/v2\/posts\/2631","targetHints":{"allow":["GET"]}}],"collection":[{"href":"https:\/\/www.altimara.eu\/blog\/wp-json\/wp\/v2\/posts"}],"about":[{"href":"https:\/\/www.altimara.eu\/blog\/wp-json\/wp\/v2\/types\/post"}],"author":[{"embeddable":true,"href":"https:\/\/www.altimara.eu\/blog\/wp-json\/wp\/v2\/users\/3"}],"replies":[{"embeddable":true,"href":"https:\/\/www.altimara.eu\/blog\/wp-json\/wp\/v2\/comments?post=2631"}],"version-history":[{"count":0,"href":"https:\/\/www.altimara.eu\/blog\/wp-json\/wp\/v2\/posts\/2631\/revisions"}],"wp:attachment":[{"href":"https:\/\/www.altimara.eu\/blog\/wp-json\/wp\/v2\/media?parent=2631"}],"wp:term":[{"taxonomy":"category","embeddable":true,"href":"https:\/\/www.altimara.eu\/blog\/wp-json\/wp\/v2\/categories?post=2631"},{"taxonomy":"post_tag","embeddable":true,"href":"https:\/\/www.altimara.eu\/blog\/wp-json\/wp\/v2\/tags?post=2631"}],"curies":[{"name":"wp","href":"https:\/\/api.w.org\/{rel}","templated":true}]}}