{"id":2619,"date":"2018-02-04T14:43:00","date_gmt":"2018-02-04T13:43:00","guid":{"rendered":"https:\/\/www.altimara.eu\/blog\/?p=2619"},"modified":"2018-02-04T14:43:00","modified_gmt":"2018-02-04T13:43:00","slug":"dans-la-valise","status":"publish","type":"post","link":"https:\/\/www.altimara.eu\/blog\/2018\/02\/04\/dans-la-valise\/","title":{"rendered":"Dans la valise"},"content":{"rendered":"<p>Vuitton ne fait pas que des sacs, la fondation est \u00e0 l&rsquo;origine de la construction d&rsquo;un magnifique b\u00e2timent \u00e0 cot\u00e9 du jardin d&rsquo;acclimatation de Paris, en bordure du bois de Boulogne. C&rsquo;est l&rsquo;espace culturel et d&rsquo;art \u00ab\u00a0La Fondation Louis Vuitton\u00a0\u00bb.<\/p>\n<p>L&rsquo;architecture de Franck Gehry est audacieuse et de toute beaut\u00e9. Il ne faut pas se priver d&rsquo;aller rendre visite \u00e0 ce lieu unique.<\/p>\n<p>L&rsquo;exposition du moment s&rsquo;intitule \u00ab\u00a0Etre moderne, le Moma \u00e0 Paris\u00a0\u00bb. Nombre d&rsquo;artistes r\u00e9put\u00e9s sont expos\u00e9s. Et parmi ces c\u00e9l\u00e8bres cr\u00e9ateurs, un a interpell\u00e9 mon attention&#8230;.<\/p>\n<p>Dessin au <strong>fusain<\/strong> et crayon de Ludwig Mies Van Der Rohe, 1923. Projet de b\u00e2timent de bureau en b\u00e9ton, Berlin, Allemagne.<\/p>\n<p><img data-recalc-dims=\"1\" loading=\"lazy\" decoding=\"async\" data-attachment-id=\"2621\" data-permalink=\"https:\/\/www.altimara.eu\/blog\/2018\/02\/04\/dans-la-valise\/img_20180129_155224465\/\" data-orig-file=\"https:\/\/i0.wp.com\/www.altimara.eu\/blog\/wp-content\/uploads\/2018\/02\/IMG_20180129_155224465.jpg?fit=1000%2C562&amp;ssl=1\" data-orig-size=\"1000,562\" data-comments-opened=\"1\" data-image-meta=\"{&quot;aperture&quot;:&quot;2&quot;,&quot;credit&quot;:&quot;&quot;,&quot;camera&quot;:&quot;MotoG3&quot;,&quot;caption&quot;:&quot;&quot;,&quot;created_timestamp&quot;:&quot;1517241144&quot;,&quot;copyright&quot;:&quot;&quot;,&quot;focal_length&quot;:&quot;3.64&quot;,&quot;iso&quot;:&quot;320&quot;,&quot;shutter_speed&quot;:&quot;0.028571428571429&quot;,&quot;title&quot;:&quot;&quot;,&quot;orientation&quot;:&quot;0&quot;}\" data-image-title=\"IMG_20180129_155224465\" data-image-description=\"\" data-image-caption=\"\" data-large-file=\"https:\/\/i0.wp.com\/www.altimara.eu\/blog\/wp-content\/uploads\/2018\/02\/IMG_20180129_155224465.jpg?fit=627%2C352&amp;ssl=1\" class=\"aligncenter size-full wp-image-2621\" src=\"https:\/\/i0.wp.com\/www.altimara.eu\/blog\/wp-content\/uploads\/2018\/02\/IMG_20180129_155224465.jpg?resize=627%2C352\" alt=\"\" width=\"627\" height=\"352\" srcset=\"https:\/\/i0.wp.com\/www.altimara.eu\/blog\/wp-content\/uploads\/2018\/02\/IMG_20180129_155224465.jpg?w=1000&amp;ssl=1 1000w, https:\/\/i0.wp.com\/www.altimara.eu\/blog\/wp-content\/uploads\/2018\/02\/IMG_20180129_155224465.jpg?resize=300%2C169&amp;ssl=1 300w, https:\/\/i0.wp.com\/www.altimara.eu\/blog\/wp-content\/uploads\/2018\/02\/IMG_20180129_155224465.jpg?resize=768%2C432&amp;ssl=1 768w\" sizes=\"auto, (max-width: 627px) 100vw, 627px\" \/><\/p>\n<p>&nbsp;<\/p>\n<p><a href=\"http:\/\/www.fondationlouisvuitton.fr\/\" target=\"_blank\" rel=\"noopener\">Pour la visite suivre ce lien<\/a><\/p>\n","protected":false},"excerpt":{"rendered":"<p>Vuitton ne fait pas que des sacs, la fondation est \u00e0 l&rsquo;origine de la construction d&rsquo;un magnifique b\u00e2timent \u00e0 cot\u00e9 du jardin d&rsquo;acclimatation de Paris, en bordure du bois de Boulogne. C&rsquo;est l&rsquo;espace culturel et d&rsquo;art \u00ab\u00a0La Fondation Louis Vuitton\u00a0\u00bb. L&rsquo;architecture de Franck Gehry est audacieuse et de toute beaut\u00e9. Il ne faut pas se [&hellip;]<\/p>\n","protected":false},"author":3,"featured_media":0,"comment_status":"open","ping_status":"open","sticky":false,"template":"","format":"standard","meta":{"ngg_post_thumbnail":0,"jetpack_post_was_ever_published":false,"_jetpack_newsletter_access":"","_jetpack_dont_email_post_to_subs":false,"_jetpack_newsletter_tier_id":0,"_jetpack_memberships_contains_paywalled_content":false,"_jetpack_memberships_contains_paid_content":false,"footnotes":"","jetpack_publicize_message":"","jetpack_publicize_feature_enabled":true,"jetpack_social_post_already_shared":true,"jetpack_social_options":{"image_generator_settings":{"template":"highway","default_image_id":0,"font":"","enabled":false},"version":2}},"categories":[37],"tags":[126],"class_list":["post-2619","post","type-post","status-publish","format-standard","hentry","category-evenementiel","tag-fusain"],"jetpack_publicize_connections":[],"jetpack_featured_media_url":"","jetpack_shortlink":"https:\/\/wp.me\/p4r91c-Gf","jetpack_sharing_enabled":true,"jetpack-related-posts":[{"id":2521,"url":"https:\/\/www.altimara.eu\/blog\/2017\/11\/17\/fusain-art\/","url_meta":{"origin":2619,"position":0},"title":"Fusain art","author":"Martiou","date":"17 novembre 2017","format":false,"excerpt":"Visite de la tr\u00e8s belle cit\u00e9 d'Albi, dans le Tarn, avec sa merveilleuse cath\u00e9drale. Nous avons \"rencontr\u00e9\" le grand peintre de la ville, Toulouse-Lautrec, dans le mus\u00e9e qui lui est d\u00e9di\u00e9. Un certain nombre de ses \u0153uvres sont r\u00e9alis\u00e9es au fusain. Le fusain, charbon de bois utilis\u00e9 depuis la pr\u00e9histoire\u2026","rel":"","context":"Dans &quot;Autre&quot;","block_context":{"text":"Autre","link":"https:\/\/www.altimara.eu\/blog\/category\/autre\/"},"img":{"alt_text":"","src":"https:\/\/i0.wp.com\/www.altimara.eu\/blog\/wp-content\/uploads\/2017\/11\/IMG_20171113_150435442-169x300.jpg?resize=350%2C200","width":350,"height":200},"classes":[]},{"id":3800,"url":"https:\/\/www.altimara.eu\/blog\/2022\/01\/13\/noir-soulages\/","url_meta":{"origin":2619,"position":1},"title":"Noir Soulages","author":"Martiou","date":"13 janvier 2022","format":false,"excerpt":"L'artiste Pierre Soulages est connu pour ses \u0153uvres \u00e0 dominance noire. Il rejoint en \u00e7a les charbonniers, diables noirs, alchimistes de l'absence de couleurs. Rodez accueille son enfant peintre dans un magnifique mus\u00e9e aux fa\u00e7ades rouill\u00e9es. \u00c9videmment le fusain est \u00e0 l'honneur, nul vrai artiste ne peut pas l'employer. Trois\u2026","rel":"","context":"Dans &quot;Autre&quot;","block_context":{"text":"Autre","link":"https:\/\/www.altimara.eu\/blog\/category\/autre\/"},"img":{"alt_text":"","src":"https:\/\/i0.wp.com\/www.altimara.eu\/blog\/wp-content\/uploads\/2022\/01\/IMG_20211111_160847.jpg?resize=350%2C200&ssl=1","width":350,"height":200,"srcset":"https:\/\/i0.wp.com\/www.altimara.eu\/blog\/wp-content\/uploads\/2022\/01\/IMG_20211111_160847.jpg?resize=350%2C200&ssl=1 1x, https:\/\/i0.wp.com\/www.altimara.eu\/blog\/wp-content\/uploads\/2022\/01\/IMG_20211111_160847.jpg?resize=525%2C300&ssl=1 1.5x, https:\/\/i0.wp.com\/www.altimara.eu\/blog\/wp-content\/uploads\/2022\/01\/IMG_20211111_160847.jpg?resize=700%2C400&ssl=1 2x, https:\/\/i0.wp.com\/www.altimara.eu\/blog\/wp-content\/uploads\/2022\/01\/IMG_20211111_160847.jpg?resize=1050%2C600&ssl=1 3x"},"classes":[]},{"id":3248,"url":"https:\/\/www.altimara.eu\/blog\/2019\/12\/20\/leonard-de-carbonari\/","url_meta":{"origin":2619,"position":2},"title":"L\u00e9onard de Carbonari","author":"Martiou","date":"20 d\u00e9cembre 2019","format":false,"excerpt":"Visite \u00e0 l'exceptionnelle exposition des \u0153uvres de L\u00e9onard de Vinci au Louvre. L'immense L\u00e9onard a dessin\u00e9 ses fameux croquis de machines dans un style patte de mouche et m\u00eame que ses \u00e9crit sont \u00e0 l'envers en miroir. Entre le magnifique tableau parfaitement restaur\u00e9 La Vierge, l'Enfant J\u00e9sus et sainte Anne,\u2026","rel":"","context":"Dans &quot;Non class\u00e9&quot;","block_context":{"text":"Non class\u00e9","link":"https:\/\/www.altimara.eu\/blog\/category\/non-classe\/"},"img":{"alt_text":"","src":"https:\/\/i0.wp.com\/www.altimara.eu\/blog\/wp-content\/uploads\/2019\/12\/IMG_20191119_162943548.jpg?resize=350%2C200&ssl=1","width":350,"height":200,"srcset":"https:\/\/i0.wp.com\/www.altimara.eu\/blog\/wp-content\/uploads\/2019\/12\/IMG_20191119_162943548.jpg?resize=350%2C200&ssl=1 1x, https:\/\/i0.wp.com\/www.altimara.eu\/blog\/wp-content\/uploads\/2019\/12\/IMG_20191119_162943548.jpg?resize=525%2C300&ssl=1 1.5x"},"classes":[]},{"id":2747,"url":"https:\/\/www.altimara.eu\/blog\/2018\/04\/16\/fusain-au-musee\/","url_meta":{"origin":2619,"position":3},"title":"Fusain au mus\u00e9e","author":"Martiou","date":"16 avril 2018","format":false,"excerpt":"Marseille et son extraordinaire mus\u00e9e du MUCEM. Une \u0153uvre qui abrite des \u0153uvres diverses au gr\u00e9 des expositions qui y passent. L'exposition \"Voyages imaginaires : Picasso et les ballets russes\" est visible dans le fort St Jean attenant au MUCEM. Cette \u00e9pop\u00e9e th\u00e9\u00e2trale de Picasso est associ\u00e9e \u00e0 d'autres artistes\u2026","rel":"","context":"Dans &quot;Carbon-art&quot;","block_context":{"text":"Carbon-art","link":"https:\/\/www.altimara.eu\/blog\/category\/carbon-art\/"},"img":{"alt_text":"","src":"https:\/\/i0.wp.com\/www.altimara.eu\/blog\/wp-content\/uploads\/2018\/04\/IMG_20180411_153132190-300x287.jpg?resize=350%2C200","width":350,"height":200},"classes":[]},{"id":3652,"url":"https:\/\/www.altimara.eu\/blog\/2021\/05\/31\/kjarval-et-les-fusains\/","url_meta":{"origin":2619,"position":4},"title":"Kjarval et les fusains","author":"Martiou","date":"31 mai 2021","format":false,"excerpt":"Dans la grande agence de la banque Landsbankin du centre historique, il y a une exposition des \u0153uvres de Kjarval. J\u00f3hannes Sveinsson Kjarval est certainement le premier peintre islandais ayant connu une reconnaissance internationale. https:\/\/www.wikiart.org\/fr\/johannes-sveinsson-kjarval Parmi toutes ses \u0153uvres expos\u00e9es, j'en ai bien sur rep\u00e9r\u00e9 deux qui sont ex\u00e9cut\u00e9es au\u2026","rel":"","context":"Dans &quot;Carbon-art&quot;","block_context":{"text":"Carbon-art","link":"https:\/\/www.altimara.eu\/blog\/category\/carbon-art\/"},"img":{"alt_text":"","src":"https:\/\/i0.wp.com\/www.altimara.eu\/blog\/wp-content\/uploads\/2021\/05\/kjarval-2.png?resize=350%2C200&ssl=1","width":350,"height":200,"srcset":"https:\/\/i0.wp.com\/www.altimara.eu\/blog\/wp-content\/uploads\/2021\/05\/kjarval-2.png?resize=350%2C200&ssl=1 1x, https:\/\/i0.wp.com\/www.altimara.eu\/blog\/wp-content\/uploads\/2021\/05\/kjarval-2.png?resize=525%2C300&ssl=1 1.5x, https:\/\/i0.wp.com\/www.altimara.eu\/blog\/wp-content\/uploads\/2021\/05\/kjarval-2.png?resize=700%2C400&ssl=1 2x"},"classes":[]},{"id":2613,"url":"https:\/\/www.altimara.eu\/blog\/2018\/01\/26\/homo-sapiens-homo-carbonarius\/","url_meta":{"origin":2619,"position":5},"title":"Homo Sapiens, Homo Carbonarius","author":"Martiou","date":"26 janvier 2018","format":false,"excerpt":"Grottes orn\u00e9es, art pari\u00e9tal ou des cavernes, j'avais eu l'occasion d'en parler lors de la visite de la reconstitution de la grotte Chauvet. Cette grotte qui contient l'un des plus ancien vestige de peintures pr\u00e9historique, env. 36 000 ans, a la particularit\u00e9 que ses dessins sont en grande partie fait\u2026","rel":"","context":"Dans &quot;Non class\u00e9&quot;","block_context":{"text":"Non class\u00e9","link":"https:\/\/www.altimara.eu\/blog\/category\/non-classe\/"},"img":{"alt_text":"","src":"https:\/\/i0.wp.com\/www.altimara.eu\/blog\/wp-content\/uploads\/2018\/01\/chevaux-1024x607.jpg?resize=350%2C200","width":350,"height":200,"srcset":"https:\/\/i0.wp.com\/www.altimara.eu\/blog\/wp-content\/uploads\/2018\/01\/chevaux-1024x607.jpg?resize=350%2C200 1x, https:\/\/i0.wp.com\/www.altimara.eu\/blog\/wp-content\/uploads\/2018\/01\/chevaux-1024x607.jpg?resize=525%2C300 1.5x"},"classes":[]}],"_links":{"self":[{"href":"https:\/\/www.altimara.eu\/blog\/wp-json\/wp\/v2\/posts\/2619","targetHints":{"allow":["GET"]}}],"collection":[{"href":"https:\/\/www.altimara.eu\/blog\/wp-json\/wp\/v2\/posts"}],"about":[{"href":"https:\/\/www.altimara.eu\/blog\/wp-json\/wp\/v2\/types\/post"}],"author":[{"embeddable":true,"href":"https:\/\/www.altimara.eu\/blog\/wp-json\/wp\/v2\/users\/3"}],"replies":[{"embeddable":true,"href":"https:\/\/www.altimara.eu\/blog\/wp-json\/wp\/v2\/comments?post=2619"}],"version-history":[{"count":0,"href":"https:\/\/www.altimara.eu\/blog\/wp-json\/wp\/v2\/posts\/2619\/revisions"}],"wp:attachment":[{"href":"https:\/\/www.altimara.eu\/blog\/wp-json\/wp\/v2\/media?parent=2619"}],"wp:term":[{"taxonomy":"category","embeddable":true,"href":"https:\/\/www.altimara.eu\/blog\/wp-json\/wp\/v2\/categories?post=2619"},{"taxonomy":"post_tag","embeddable":true,"href":"https:\/\/www.altimara.eu\/blog\/wp-json\/wp\/v2\/tags?post=2619"}],"curies":[{"name":"wp","href":"https:\/\/api.w.org\/{rel}","templated":true}]}}