{"id":2605,"date":"2018-01-14T22:22:23","date_gmt":"2018-01-14T21:22:23","guid":{"rendered":"https:\/\/www.altimara.eu\/blog\/?p=2605"},"modified":"2018-01-14T22:28:04","modified_gmt":"2018-01-14T21:28:04","slug":"voyons-voir-chez-les-grecs","status":"publish","type":"post","link":"https:\/\/www.altimara.eu\/blog\/2018\/01\/14\/voyons-voir-chez-les-grecs\/","title":{"rendered":"Voyons voir chez les Grecs"},"content":{"rendered":"<p>Nous sommes all\u00e9s voir l&rsquo;exposition \u00ab\u00a0Rituel grecs\u00a0\u00bb au mus\u00e9e St Raymond de Toulouse.<\/p>\n<p><img data-recalc-dims=\"1\" loading=\"lazy\" decoding=\"async\" data-attachment-id=\"2606\" data-permalink=\"https:\/\/www.altimara.eu\/blog\/2018\/01\/14\/voyons-voir-chez-les-grecs\/capture-decran-2018-01-14-a-21-03-44\/\" data-orig-file=\"https:\/\/i0.wp.com\/www.altimara.eu\/blog\/wp-content\/uploads\/2018\/01\/Capture-d%E2%80%99e%CC%81cran-2018-01-14-a%CC%80-21.03.44.jpg?fit=1000%2C507&amp;ssl=1\" data-orig-size=\"1000,507\" data-comments-opened=\"1\" data-image-meta=\"{&quot;aperture&quot;:&quot;0&quot;,&quot;credit&quot;:&quot;&quot;,&quot;camera&quot;:&quot;&quot;,&quot;caption&quot;:&quot;&quot;,&quot;created_timestamp&quot;:&quot;0&quot;,&quot;copyright&quot;:&quot;&quot;,&quot;focal_length&quot;:&quot;0&quot;,&quot;iso&quot;:&quot;0&quot;,&quot;shutter_speed&quot;:&quot;0&quot;,&quot;title&quot;:&quot;&quot;,&quot;orientation&quot;:&quot;0&quot;}\" data-image-title=\"Capture d\u2019e\u0301cran 2018-01-14 a\u0300 21.03.44\" data-image-description=\"\" data-image-caption=\"\" data-large-file=\"https:\/\/i0.wp.com\/www.altimara.eu\/blog\/wp-content\/uploads\/2018\/01\/Capture-d%E2%80%99e%CC%81cran-2018-01-14-a%CC%80-21.03.44.jpg?fit=627%2C318&amp;ssl=1\" class=\"aligncenter size-medium wp-image-2606\" src=\"https:\/\/i0.wp.com\/www.altimara.eu\/blog\/wp-content\/uploads\/2018\/01\/Capture-d%E2%80%99e%CC%81cran-2018-01-14-a%CC%80-21.03.44-300x152.jpg?resize=300%2C152\" alt=\"\" width=\"300\" height=\"152\" srcset=\"https:\/\/i0.wp.com\/www.altimara.eu\/blog\/wp-content\/uploads\/2018\/01\/Capture-d%E2%80%99e%CC%81cran-2018-01-14-a%CC%80-21.03.44.jpg?resize=300%2C152&amp;ssl=1 300w, https:\/\/i0.wp.com\/www.altimara.eu\/blog\/wp-content\/uploads\/2018\/01\/Capture-d%E2%80%99e%CC%81cran-2018-01-14-a%CC%80-21.03.44.jpg?resize=768%2C389&amp;ssl=1 768w, https:\/\/i0.wp.com\/www.altimara.eu\/blog\/wp-content\/uploads\/2018\/01\/Capture-d%E2%80%99e%CC%81cran-2018-01-14-a%CC%80-21.03.44.jpg?w=1000&amp;ssl=1 1000w\" sizes=\"auto, (max-width: 300px) 100vw, 300px\" \/><\/p>\n<p>Bien sur le charbon de bois est pr\u00e9sent. Un Thymiaterion Apulien du IVe Si\u00e8cle avant notre \u00e8re, c&rsquo;est \u00e0 dire un br\u00fble-encens. Dans divers rituels cet objet \u00e9tait utilis\u00e9 pour br\u00fbler des r\u00e9sines. Dans la coupelle du haut des braises de charbon sont d\u00e9pos\u00e9es avec les encens qui vont diffuser ainsi leurs odeurs.<\/p>\n<p><img data-recalc-dims=\"1\" loading=\"lazy\" decoding=\"async\" data-attachment-id=\"2607\" data-permalink=\"https:\/\/www.altimara.eu\/blog\/2018\/01\/14\/voyons-voir-chez-les-grecs\/img_20180114_165705833_hdr-2\/\" data-orig-file=\"https:\/\/i0.wp.com\/www.altimara.eu\/blog\/wp-content\/uploads\/2018\/01\/IMG_20180114_165705833_HDR-2.jpg?fit=652%2C1000&amp;ssl=1\" data-orig-size=\"652,1000\" data-comments-opened=\"1\" data-image-meta=\"{&quot;aperture&quot;:&quot;2&quot;,&quot;credit&quot;:&quot;&quot;,&quot;camera&quot;:&quot;MotoG3&quot;,&quot;caption&quot;:&quot;&quot;,&quot;created_timestamp&quot;:&quot;1515949026&quot;,&quot;copyright&quot;:&quot;&quot;,&quot;focal_length&quot;:&quot;3.64&quot;,&quot;iso&quot;:&quot;400&quot;,&quot;shutter_speed&quot;:&quot;0.028571428571429&quot;,&quot;title&quot;:&quot;&quot;,&quot;orientation&quot;:&quot;0&quot;}\" data-image-title=\"IMG_20180114_165705833_HDR-2\" data-image-description=\"\" data-image-caption=\"\" data-large-file=\"https:\/\/i0.wp.com\/www.altimara.eu\/blog\/wp-content\/uploads\/2018\/01\/IMG_20180114_165705833_HDR-2.jpg?fit=627%2C962&amp;ssl=1\" class=\"aligncenter size-medium wp-image-2607\" src=\"https:\/\/i0.wp.com\/www.altimara.eu\/blog\/wp-content\/uploads\/2018\/01\/IMG_20180114_165705833_HDR-2-196x300.jpg?resize=196%2C300\" alt=\"\" width=\"196\" height=\"300\" srcset=\"https:\/\/i0.wp.com\/www.altimara.eu\/blog\/wp-content\/uploads\/2018\/01\/IMG_20180114_165705833_HDR-2.jpg?resize=196%2C300&amp;ssl=1 196w, https:\/\/i0.wp.com\/www.altimara.eu\/blog\/wp-content\/uploads\/2018\/01\/IMG_20180114_165705833_HDR-2.jpg?w=652&amp;ssl=1 652w\" sizes=\"auto, (max-width: 196px) 100vw, 196px\" \/><\/p>\n<p>Puis le maquillage des dames c&rsquo;est le charbon v\u00e9g\u00e9tal qui est employ\u00e9. C&rsquo;est la premi\u00e8re fois que ce type de charbon est cit\u00e9 dans tous les mus\u00e9es que j&rsquo;ai pu d\u00e9couvrir.<\/p>\n<p><img data-recalc-dims=\"1\" loading=\"lazy\" decoding=\"async\" data-attachment-id=\"2608\" data-permalink=\"https:\/\/www.altimara.eu\/blog\/2018\/01\/14\/voyons-voir-chez-les-grecs\/img_20180114_165150504-2\/\" data-orig-file=\"https:\/\/i0.wp.com\/www.altimara.eu\/blog\/wp-content\/uploads\/2018\/01\/IMG_20180114_165150504-2.jpg?fit=1000%2C530&amp;ssl=1\" data-orig-size=\"1000,530\" data-comments-opened=\"1\" data-image-meta=\"{&quot;aperture&quot;:&quot;2&quot;,&quot;credit&quot;:&quot;&quot;,&quot;camera&quot;:&quot;MotoG3&quot;,&quot;caption&quot;:&quot;&quot;,&quot;created_timestamp&quot;:&quot;1515948710&quot;,&quot;copyright&quot;:&quot;&quot;,&quot;focal_length&quot;:&quot;3.64&quot;,&quot;iso&quot;:&quot;320&quot;,&quot;shutter_speed&quot;:&quot;0.028571428571429&quot;,&quot;title&quot;:&quot;&quot;,&quot;orientation&quot;:&quot;0&quot;}\" data-image-title=\"IMG_20180114_165150504-2\" data-image-description=\"\" data-image-caption=\"\" data-large-file=\"https:\/\/i0.wp.com\/www.altimara.eu\/blog\/wp-content\/uploads\/2018\/01\/IMG_20180114_165150504-2.jpg?fit=627%2C332&amp;ssl=1\" class=\"aligncenter wp-image-2608 size-full\" src=\"https:\/\/i0.wp.com\/www.altimara.eu\/blog\/wp-content\/uploads\/2018\/01\/IMG_20180114_165150504-2.jpg?resize=627%2C332\" alt=\"\" width=\"627\" height=\"332\" srcset=\"https:\/\/i0.wp.com\/www.altimara.eu\/blog\/wp-content\/uploads\/2018\/01\/IMG_20180114_165150504-2.jpg?w=1000&amp;ssl=1 1000w, https:\/\/i0.wp.com\/www.altimara.eu\/blog\/wp-content\/uploads\/2018\/01\/IMG_20180114_165150504-2.jpg?resize=300%2C159&amp;ssl=1 300w, https:\/\/i0.wp.com\/www.altimara.eu\/blog\/wp-content\/uploads\/2018\/01\/IMG_20180114_165150504-2.jpg?resize=768%2C407&amp;ssl=1 768w\" sizes=\"auto, (max-width: 627px) 100vw, 627px\" \/><\/p>\n<p>Au sous sol du mus\u00e9e, les fouilles sur place ont r\u00e9v\u00e9l\u00e9 des vestiges de construction et une n\u00e9cropole. Avec entre autre un four \u00e0 chaux antique. Comme il se doit \u00e0 Toulouse, le parement est en briques. La forme g\u00e9n\u00e9rale est quand m\u00eame identique \u00e0 ceux de nos garrigues, avec un foyer central et un mur circulaire.<\/p>\n<p><img data-recalc-dims=\"1\" loading=\"lazy\" decoding=\"async\" data-attachment-id=\"2609\" data-permalink=\"https:\/\/www.altimara.eu\/blog\/2018\/01\/14\/voyons-voir-chez-les-grecs\/img_20180114_174017000-2\/\" data-orig-file=\"https:\/\/i0.wp.com\/www.altimara.eu\/blog\/wp-content\/uploads\/2018\/01\/IMG_20180114_174017000-2.jpg?fit=563%2C1000&amp;ssl=1\" data-orig-size=\"563,1000\" data-comments-opened=\"1\" data-image-meta=\"{&quot;aperture&quot;:&quot;2&quot;,&quot;credit&quot;:&quot;&quot;,&quot;camera&quot;:&quot;MotoG3&quot;,&quot;caption&quot;:&quot;&quot;,&quot;created_timestamp&quot;:&quot;1515951616&quot;,&quot;copyright&quot;:&quot;&quot;,&quot;focal_length&quot;:&quot;3.64&quot;,&quot;iso&quot;:&quot;800&quot;,&quot;shutter_speed&quot;:&quot;0.058823529411765&quot;,&quot;title&quot;:&quot;&quot;,&quot;orientation&quot;:&quot;0&quot;}\" data-image-title=\"IMG_20180114_174017000-2\" data-image-description=\"\" data-image-caption=\"\" data-large-file=\"https:\/\/i0.wp.com\/www.altimara.eu\/blog\/wp-content\/uploads\/2018\/01\/IMG_20180114_174017000-2.jpg?fit=563%2C1000&amp;ssl=1\" class=\"aligncenter wp-image-2609 size-full\" src=\"https:\/\/i0.wp.com\/www.altimara.eu\/blog\/wp-content\/uploads\/2018\/01\/IMG_20180114_174017000-2.jpg?resize=563%2C1000\" alt=\"\" width=\"563\" height=\"1000\" srcset=\"https:\/\/i0.wp.com\/www.altimara.eu\/blog\/wp-content\/uploads\/2018\/01\/IMG_20180114_174017000-2.jpg?w=563&amp;ssl=1 563w, https:\/\/i0.wp.com\/www.altimara.eu\/blog\/wp-content\/uploads\/2018\/01\/IMG_20180114_174017000-2.jpg?resize=169%2C300&amp;ssl=1 169w\" sizes=\"auto, (max-width: 563px) 100vw, 563px\" \/><\/p>\n<p>Mus\u00e9e \u00e0 visiter, l&rsquo;expo se termine en Mars. <a href=\"https:\/\/saintraymond.toulouse.fr\/Rituels-grecs-Une-experience-sensible_a1086.html\" target=\"_blank\" rel=\"noopener\">Rituel grecs<\/a><\/p>\n","protected":false},"excerpt":{"rendered":"<p>Nous sommes all\u00e9s voir l&rsquo;exposition \u00ab\u00a0Rituel grecs\u00a0\u00bb au mus\u00e9e St Raymond de Toulouse. Bien sur le charbon de bois est pr\u00e9sent. Un Thymiaterion Apulien du IVe Si\u00e8cle avant notre \u00e8re, c&rsquo;est \u00e0 dire un br\u00fble-encens. Dans divers rituels cet objet \u00e9tait utilis\u00e9 pour br\u00fbler des r\u00e9sines. Dans la coupelle du haut des braises de charbon [&hellip;]<\/p>\n","protected":false},"author":3,"featured_media":0,"comment_status":"open","ping_status":"open","sticky":false,"template":"","format":"standard","meta":{"ngg_post_thumbnail":0,"jetpack_post_was_ever_published":false,"_jetpack_newsletter_access":"","_jetpack_dont_email_post_to_subs":false,"_jetpack_newsletter_tier_id":0,"_jetpack_memberships_contains_paywalled_content":false,"_jetpack_memberships_contains_paid_content":false,"footnotes":"","jetpack_publicize_message":"","jetpack_publicize_feature_enabled":true,"jetpack_social_post_already_shared":true,"jetpack_social_options":{"image_generator_settings":{"template":"highway","default_image_id":0,"font":"","enabled":false},"version":2}},"categories":[37,129],"tags":[91,102],"class_list":["post-2605","post","type-post","status-publish","format-standard","hentry","category-evenementiel","category-four-a-chaux","tag-charbon-vegetal","tag-four-a-chaux"],"jetpack_publicize_connections":[],"jetpack_featured_media_url":"","jetpack_shortlink":"https:\/\/wp.me\/p4r91c-G1","jetpack_sharing_enabled":true,"jetpack-related-posts":[{"id":3371,"url":"https:\/\/www.altimara.eu\/blog\/2020\/06\/05\/re-ouverture\/","url_meta":{"origin":2605,"position":0},"title":"R\u00e9-ouverture !!","author":"Martiou","date":"5 juin 2020","format":false,"excerpt":"Les mus\u00e9es et les bars ouvrent, \u00e7a d\u00e9confine, moi je carbonise !! Le site de carbonisation d'\u00e9cochar au Jardin de Fontan\u00e8s a bien \u00e9volu\u00e9. La construction d'un grand s\u00e9choir des v\u00e9g\u00e9taux permet maintenant de stocker les d\u00e9chets verts avant leur carbonisation. Cette semaine et jusqu'au 15 juin, je r\u00e9alise en\u2026","rel":"","context":"Dans &quot;Charbon v\u00e9g\u00e9tal&quot;","block_context":{"text":"Charbon v\u00e9g\u00e9tal","link":"https:\/\/www.altimara.eu\/blog\/category\/charbon-vegetal\/"},"img":{"alt_text":"","src":"https:\/\/i0.wp.com\/www.altimara.eu\/blog\/wp-content\/uploads\/2020\/06\/400-e%CC%81cochar.png?resize=350%2C200&ssl=1","width":350,"height":200,"srcset":"https:\/\/i0.wp.com\/www.altimara.eu\/blog\/wp-content\/uploads\/2020\/06\/400-e%CC%81cochar.png?resize=350%2C200&ssl=1 1x, https:\/\/i0.wp.com\/www.altimara.eu\/blog\/wp-content\/uploads\/2020\/06\/400-e%CC%81cochar.png?resize=525%2C300&ssl=1 1.5x"},"classes":[]},{"id":3818,"url":"https:\/\/www.altimara.eu\/blog\/2022\/02\/21\/four-jardin\/","url_meta":{"origin":2605,"position":1},"title":"Four jardin","author":"Martiou","date":"21 f\u00e9vrier 2022","format":false,"excerpt":"Retour en cette presque fin d'hiver au Jardin de Fontan\u00e8s. Je vais reprendre la carbonisation des v\u00e9g\u00e9taux. Le four en terre est bien mal en point. A priori nous n'allons plus l'utiliser, tout au moins dans cette forme. Le stock est bien sec, biochar en vue. Kevin a taill\u00e9 ses\u2026","rel":"","context":"Dans &quot;biochar&quot;","block_context":{"text":"biochar","link":"https:\/\/www.altimara.eu\/blog\/category\/charbon-vegetal\/biochar\/"},"img":{"alt_text":"","src":"https:\/\/i0.wp.com\/www.altimara.eu\/blog\/wp-content\/uploads\/2022\/02\/IMG_20220218_151012-2-scaled.jpg?resize=350%2C200&ssl=1","width":350,"height":200,"srcset":"https:\/\/i0.wp.com\/www.altimara.eu\/blog\/wp-content\/uploads\/2022\/02\/IMG_20220218_151012-2-scaled.jpg?resize=350%2C200&ssl=1 1x, https:\/\/i0.wp.com\/www.altimara.eu\/blog\/wp-content\/uploads\/2022\/02\/IMG_20220218_151012-2-scaled.jpg?resize=525%2C300&ssl=1 1.5x, https:\/\/i0.wp.com\/www.altimara.eu\/blog\/wp-content\/uploads\/2022\/02\/IMG_20220218_151012-2-scaled.jpg?resize=700%2C400&ssl=1 2x, https:\/\/i0.wp.com\/www.altimara.eu\/blog\/wp-content\/uploads\/2022\/02\/IMG_20220218_151012-2-scaled.jpg?resize=1050%2C600&ssl=1 3x, https:\/\/i0.wp.com\/www.altimara.eu\/blog\/wp-content\/uploads\/2022\/02\/IMG_20220218_151012-2-scaled.jpg?resize=1400%2C800&ssl=1 4x"},"classes":[]},{"id":3594,"url":"https:\/\/www.altimara.eu\/blog\/2021\/03\/19\/fin-dhiver\/","url_meta":{"origin":2605,"position":2},"title":"Fin d&rsquo;hiver","author":"Martiou","date":"19 mars 2021","format":false,"excerpt":"De nombreux travaux au Jardin et \u00e0 l'atelier. La taille des olivier donne un bon volume de v\u00e9g\u00e9tal a carboniser. C'est une piste int\u00e9ressante pour tous les exploitants d'olivettes (oliveraies) pour valoriser leurs d\u00e9chets. Cuissons au Jardin de Fontan\u00e8s avec le four n\u00b01, le plus ancien, retap\u00e9 pour l'occasion. L'autre\u2026","rel":"","context":"Dans &quot;biochar&quot;","block_context":{"text":"biochar","link":"https:\/\/www.altimara.eu\/blog\/category\/charbon-vegetal\/biochar\/"},"img":{"alt_text":"","src":"https:\/\/i0.wp.com\/www.altimara.eu\/blog\/wp-content\/uploads\/2021\/03\/IMG_20210316_154021-scaled.jpg?resize=350%2C200&ssl=1","width":350,"height":200,"srcset":"https:\/\/i0.wp.com\/www.altimara.eu\/blog\/wp-content\/uploads\/2021\/03\/IMG_20210316_154021-scaled.jpg?resize=350%2C200&ssl=1 1x, https:\/\/i0.wp.com\/www.altimara.eu\/blog\/wp-content\/uploads\/2021\/03\/IMG_20210316_154021-scaled.jpg?resize=525%2C300&ssl=1 1.5x, https:\/\/i0.wp.com\/www.altimara.eu\/blog\/wp-content\/uploads\/2021\/03\/IMG_20210316_154021-scaled.jpg?resize=700%2C400&ssl=1 2x, https:\/\/i0.wp.com\/www.altimara.eu\/blog\/wp-content\/uploads\/2021\/03\/IMG_20210316_154021-scaled.jpg?resize=1050%2C600&ssl=1 3x, https:\/\/i0.wp.com\/www.altimara.eu\/blog\/wp-content\/uploads\/2021\/03\/IMG_20210316_154021-scaled.jpg?resize=1400%2C800&ssl=1 4x"},"classes":[]},{"id":2468,"url":"https:\/\/www.altimara.eu\/blog\/2017\/10\/15\/nouveau-four\/","url_meta":{"origin":2605,"position":3},"title":"Nouveau four","author":"Martiou","date":"15 octobre 2017","format":false,"excerpt":"C'est parti pour la construction d'un autre four avec des futs m\u00e9talliques. Dans le cadre des activit\u00e9s de COOPDEA, ONG franco-africaine, le d\u00e9veloppement des techniques dites \"simples\" est l'objet de la r\u00e9alisation de ce four, am\u00e9lior\u00e9 par nos exp\u00e9riences. Ce four a carboniser sert de r\u00e9f\u00e9rent pour une \u00e9tude par\u2026","rel":"","context":"Dans &quot;Charbon v\u00e9g\u00e9tal&quot;","block_context":{"text":"Charbon v\u00e9g\u00e9tal","link":"https:\/\/www.altimara.eu\/blog\/category\/charbon-vegetal\/"},"img":{"alt_text":"","src":"https:\/\/i0.wp.com\/www.altimara.eu\/blog\/wp-content\/uploads\/2017\/10\/IMG_20171003_115121114_HDR-300x169.jpg?resize=350%2C200","width":350,"height":200},"classes":[]},{"id":4623,"url":"https:\/\/www.altimara.eu\/blog\/2025\/08\/28\/kolakaka-episode-2-s\/","url_meta":{"origin":2605,"position":4},"title":"Kolakaka \u00e9pisode 2 s","author":"Martiou","date":"28 ao\u00fbt 2025","format":false,"excerpt":"Une belle rencontre avec un fermier qui charbonne au four m\u00e9tallique. Hulda et Tyrfingur ont une ferme dans le sud pas tr\u00e8s loin de la ville de Selfoss. Ils ont d\u00e9velopp\u00e9 des activit\u00e9s particuli\u00e8res avec un moulin \u00e0 laine, un \u00e9levage de porcs et des volailles, le tout en bio.\u2026","rel":"","context":"Dans &quot;0- MES CHARBONNI\u00c8RES&quot;","block_context":{"text":"0- MES CHARBONNI\u00c8RES","link":"https:\/\/www.altimara.eu\/blog\/category\/mes-charbonnieres\/"},"img":{"alt_text":"","src":"https:\/\/i0.wp.com\/www.altimara.eu\/blog\/wp-content\/uploads\/2025\/08\/kolakaka-25-42.jpg?resize=350%2C200&ssl=1","width":350,"height":200,"srcset":"https:\/\/i0.wp.com\/www.altimara.eu\/blog\/wp-content\/uploads\/2025\/08\/kolakaka-25-42.jpg?resize=350%2C200&ssl=1 1x, https:\/\/i0.wp.com\/www.altimara.eu\/blog\/wp-content\/uploads\/2025\/08\/kolakaka-25-42.jpg?resize=525%2C300&ssl=1 1.5x, https:\/\/i0.wp.com\/www.altimara.eu\/blog\/wp-content\/uploads\/2025\/08\/kolakaka-25-42.jpg?resize=700%2C400&ssl=1 2x"},"classes":[]},{"id":1904,"url":"https:\/\/www.altimara.eu\/blog\/2016\/06\/21\/charbon-vegetal\/","url_meta":{"origin":2605,"position":5},"title":"Charbon v\u00e9g\u00e9tal","author":"Martiou","date":"21 juin 2016","format":false,"excerpt":"Suite \u00e0 sa mission avec la Croix Rouge \u00e0 Macenta, en Guin\u00e9e Conakry, pour la terrible \u00e9pid\u00e9mie d'Ebola, mon fils Antonin a gard\u00e9 des contacts positifs avec des acteurs de terrain guin\u00e9ens. Regroup\u00e9s dans l'association (ou ONG) COOPEDA, ils d\u00e9veloppent des programmes d\u2019autonomie \u00e9nerg\u00e9tique, dans le solaire principalement. Le charbon\u2026","rel":"","context":"Dans &quot;Charbon de bois&quot;","block_context":{"text":"Charbon de bois","link":"https:\/\/www.altimara.eu\/blog\/category\/charbon-de-bois-carbon-art\/"},"img":{"alt_text":"12039617_473223816213736_6462458700753161519_n","src":"https:\/\/i0.wp.com\/www.altimara.eu\/blog\/wp-content\/uploads\/2016\/06\/12039617_473223816213736_6462458700753161519_n.png?resize=350%2C200","width":350,"height":200},"classes":[]}],"_links":{"self":[{"href":"https:\/\/www.altimara.eu\/blog\/wp-json\/wp\/v2\/posts\/2605","targetHints":{"allow":["GET"]}}],"collection":[{"href":"https:\/\/www.altimara.eu\/blog\/wp-json\/wp\/v2\/posts"}],"about":[{"href":"https:\/\/www.altimara.eu\/blog\/wp-json\/wp\/v2\/types\/post"}],"author":[{"embeddable":true,"href":"https:\/\/www.altimara.eu\/blog\/wp-json\/wp\/v2\/users\/3"}],"replies":[{"embeddable":true,"href":"https:\/\/www.altimara.eu\/blog\/wp-json\/wp\/v2\/comments?post=2605"}],"version-history":[{"count":0,"href":"https:\/\/www.altimara.eu\/blog\/wp-json\/wp\/v2\/posts\/2605\/revisions"}],"wp:attachment":[{"href":"https:\/\/www.altimara.eu\/blog\/wp-json\/wp\/v2\/media?parent=2605"}],"wp:term":[{"taxonomy":"category","embeddable":true,"href":"https:\/\/www.altimara.eu\/blog\/wp-json\/wp\/v2\/categories?post=2605"},{"taxonomy":"post_tag","embeddable":true,"href":"https:\/\/www.altimara.eu\/blog\/wp-json\/wp\/v2\/tags?post=2605"}],"curies":[{"name":"wp","href":"https:\/\/api.w.org\/{rel}","templated":true}]}}