{"id":2545,"date":"2017-12-04T22:16:19","date_gmt":"2017-12-04T21:16:19","guid":{"rendered":"https:\/\/www.altimara.eu\/blog\/?p=2545"},"modified":"2024-03-15T10:16:13","modified_gmt":"2024-03-15T09:16:13","slug":"un-four-a-chaux","status":"publish","type":"post","link":"https:\/\/www.altimara.eu\/blog\/2017\/12\/04\/un-four-a-chaux\/","title":{"rendered":"Un four \u00e0 chaux"},"content":{"rendered":"<div class=\"wp-block-image\">\n<figure class=\"alignleft\"><img data-recalc-dims=\"1\" loading=\"lazy\" decoding=\"async\" width=\"100\" height=\"116\" data-attachment-id=\"687\" data-permalink=\"https:\/\/www.altimara.eu\/blog\/2014\/02\/20\/festival-des-charbonnieres-5\/titre-noir\/\" data-orig-file=\"https:\/\/i0.wp.com\/www.altimara.eu\/blog\/wp-content\/uploads\/2014\/02\/titre-noir2.jpg?fit=100%2C116&amp;ssl=1\" data-orig-size=\"100,116\" data-comments-opened=\"0\" data-image-meta=\"{&quot;aperture&quot;:&quot;0&quot;,&quot;credit&quot;:&quot;&quot;,&quot;camera&quot;:&quot;&quot;,&quot;caption&quot;:&quot;&quot;,&quot;created_timestamp&quot;:&quot;0&quot;,&quot;copyright&quot;:&quot;&quot;,&quot;focal_length&quot;:&quot;0&quot;,&quot;iso&quot;:&quot;0&quot;,&quot;shutter_speed&quot;:&quot;0&quot;,&quot;title&quot;:&quot;&quot;}\" data-image-title=\"titre-noir\" data-image-description=\"\" data-image-caption=\"\" data-large-file=\"https:\/\/i0.wp.com\/www.altimara.eu\/blog\/wp-content\/uploads\/2014\/02\/titre-noir2.jpg?fit=100%2C116&amp;ssl=1\" src=\"https:\/\/i0.wp.com\/www.altimara.eu\/blog\/wp-content\/uploads\/2014\/02\/titre-noir2.jpg?resize=100%2C116&#038;ssl=1\" alt=\"\" class=\"wp-image-687\"\/><\/figure>\n<\/div>\n\n\n<p>Parmi les activit\u00e9s dont il reste beaucoup vestiges en garrigue il y a celle des chaufourniers. La production de chaux pour la construction mais aussi l&rsquo;agriculture a n\u00e9cessit\u00e9 le montage de fours en pierres s\u00e8ches pendant plus d&rsquo;un mill\u00e9naire. Ces fours partiellement d\u00e9truits sont reconnaissables par leurs formes en \u00ab\u00a0fer \u00e0 cheval\u00a0\u00bb.<\/p>\n\n\n\n<p>Notre projet (cf. <a href=\"https:\/\/www.altimara.eu\/blog\/?p=2134\" target=\"_blank\" rel=\"noopener\">https:\/\/www.altimara.eu\/blog\/?p=2134<\/a>), port\u00e9 par la section patrimoine du foyer rural, est d&rsquo;abord de construire un four dit \u00ab\u00a0ramier\u00a0\u00bb (technique romaine?) puis de r\u00e9aliser une cuisson. Cette premi\u00e8re \u00e9tape s&rsquo;est concr\u00e9tis\u00e9e ce week-end avec la fin de la construction de la structure.&nbsp;<\/p>\n\n\n\n<p>Nous avons eu le renfort des grands sp\u00e9cialistes de la pierres s\u00e8ches, l&rsquo;\u00e9quipe de \u00ab\u00a0Nages, Garrigues et Pierres S\u00e8ches\u00a0\u00bb et de la pr\u00e9sidente du Collectif des Garrigues. Une tr\u00e8s bonne collaboration que l&rsquo;apparition de la neige n&rsquo;a pas ralentie. Des savoir faire crois\u00e9s ont permis \u00e0 chacun de progresser dans une technique que nous d\u00e9couvrons tous ensemble.&nbsp; Une main d\u2019\u0153uvre enthousiaste, l&rsquo;envie de r\u00e9ussir ce challenge ont fait de cette journ\u00e9e une r\u00e9ussite. Nous l&rsquo;avons compl\u00e9t\u00e9e par la visite d&rsquo;un autre four exceptionnellement bien conserv\u00e9 dans le versant nord de la Suques.<\/p>\n\n\n\n<p>Photos: La charge de pierres calcaires en forme de d\u00f4me. le tube servira \u00e0 introduire une sonde thermique.<\/p>\n\n\n<div class=\"wp-block-image\">\n<figure class=\"aligncenter\"><img data-recalc-dims=\"1\" loading=\"lazy\" decoding=\"async\" width=\"627\" height=\"418\" data-attachment-id=\"2570\" data-permalink=\"https:\/\/www.altimara.eu\/blog\/2017\/12\/04\/un-four-a-chaux\/_mar4160\/\" data-orig-file=\"https:\/\/i0.wp.com\/www.altimara.eu\/blog\/wp-content\/uploads\/2017\/12\/MAR4160.jpg?fit=1000%2C667&amp;ssl=1\" data-orig-size=\"1000,667\" data-comments-opened=\"1\" data-image-meta=\"{&quot;aperture&quot;:&quot;7.1&quot;,&quot;credit&quot;:&quot;ACQUARONE Martial&quot;,&quot;camera&quot;:&quot;NIKON D800&quot;,&quot;caption&quot;:&quot;&quot;,&quot;created_timestamp&quot;:&quot;1512215878&quot;,&quot;copyright&quot;:&quot;ACQUARONE Martial&quot;,&quot;focal_length&quot;:&quot;24&quot;,&quot;iso&quot;:&quot;1250&quot;,&quot;shutter_speed&quot;:&quot;0.016666666666667&quot;,&quot;title&quot;:&quot;&quot;,&quot;orientation&quot;:&quot;0&quot;}\" data-image-title=\"_MAR4160\" data-image-description=\"\" data-image-caption=\"\" data-large-file=\"https:\/\/i0.wp.com\/www.altimara.eu\/blog\/wp-content\/uploads\/2017\/12\/MAR4160.jpg?fit=627%2C418&amp;ssl=1\" src=\"https:\/\/i0.wp.com\/www.altimara.eu\/blog\/wp-content\/uploads\/2017\/12\/MAR4160.jpg?resize=627%2C418&#038;ssl=1\" alt=\"\" class=\"wp-image-2570\" srcset=\"https:\/\/i0.wp.com\/www.altimara.eu\/blog\/wp-content\/uploads\/2017\/12\/MAR4160.jpg?w=1000&amp;ssl=1 1000w, https:\/\/i0.wp.com\/www.altimara.eu\/blog\/wp-content\/uploads\/2017\/12\/MAR4160.jpg?resize=300%2C200&amp;ssl=1 300w, https:\/\/i0.wp.com\/www.altimara.eu\/blog\/wp-content\/uploads\/2017\/12\/MAR4160.jpg?resize=768%2C512&amp;ssl=1 768w\" sizes=\"auto, (max-width: 627px) 100vw, 627px\" \/><\/figure>\n<\/div>\n\n\n<p>Le four fini avec la couverture de pierrailles et de terre.<\/p>\n\n\n<div class=\"wp-block-image\">\n<figure class=\"aligncenter\"><img data-recalc-dims=\"1\" loading=\"lazy\" decoding=\"async\" width=\"627\" height=\"418\" data-attachment-id=\"2571\" data-permalink=\"https:\/\/www.altimara.eu\/blog\/2017\/12\/04\/un-four-a-chaux\/_mar4176\/\" data-orig-file=\"https:\/\/i0.wp.com\/www.altimara.eu\/blog\/wp-content\/uploads\/2017\/12\/MAR4176.jpg?fit=1000%2C667&amp;ssl=1\" data-orig-size=\"1000,667\" data-comments-opened=\"1\" data-image-meta=\"{&quot;aperture&quot;:&quot;7.1&quot;,&quot;credit&quot;:&quot;ACQUARONE Martial&quot;,&quot;camera&quot;:&quot;NIKON D800&quot;,&quot;caption&quot;:&quot;&quot;,&quot;created_timestamp&quot;:&quot;1512217684&quot;,&quot;copyright&quot;:&quot;ACQUARONE Martial&quot;,&quot;focal_length&quot;:&quot;42&quot;,&quot;iso&quot;:&quot;1250&quot;,&quot;shutter_speed&quot;:&quot;0.02&quot;,&quot;title&quot;:&quot;&quot;,&quot;orientation&quot;:&quot;0&quot;}\" data-image-title=\"_MAR4176\" data-image-description=\"\" data-image-caption=\"\" data-large-file=\"https:\/\/i0.wp.com\/www.altimara.eu\/blog\/wp-content\/uploads\/2017\/12\/MAR4176.jpg?fit=627%2C418&amp;ssl=1\" src=\"https:\/\/i0.wp.com\/www.altimara.eu\/blog\/wp-content\/uploads\/2017\/12\/MAR4176.jpg?resize=627%2C418&#038;ssl=1\" alt=\"\" class=\"wp-image-2571\" srcset=\"https:\/\/i0.wp.com\/www.altimara.eu\/blog\/wp-content\/uploads\/2017\/12\/MAR4176.jpg?w=1000&amp;ssl=1 1000w, https:\/\/i0.wp.com\/www.altimara.eu\/blog\/wp-content\/uploads\/2017\/12\/MAR4176.jpg?resize=300%2C200&amp;ssl=1 300w, https:\/\/i0.wp.com\/www.altimara.eu\/blog\/wp-content\/uploads\/2017\/12\/MAR4176.jpg?resize=768%2C512&amp;ssl=1 768w\" sizes=\"auto, (max-width: 627px) 100vw, 627px\" \/><\/figure>\n<\/div>\n\n\n<p>Nous devons faire diff\u00e9rentes exp\u00e9riences de cuissons pour d\u00e9terminer comment alimenter en bois ou fagots le foyer. Quelle quantit\u00e9? Comment approcher la gueule du foyer \u00e0 900\u00b0 sans se br\u00fbler? Des questions pour l&rsquo;instant sans r\u00e9ponses pr\u00e9cises.<\/p>\n\n\n\n<p>la suite dans l&rsquo;ann\u00e9e 2018.\nngg_shortcode_0_placeholder\n","protected":false},"excerpt":{"rendered":"<p>Parmi les activit\u00e9s dont il reste beaucoup vestiges en garrigue il y a celle des chaufourniers. La production de chaux pour la construction mais aussi l&rsquo;agriculture a n\u00e9cessit\u00e9 le montage de fours en pierres s\u00e8ches pendant plus d&rsquo;un mill\u00e9naire. Ces fours partiellement d\u00e9truits sont reconnaissables par leurs formes en \u00ab\u00a0fer \u00e0 cheval\u00a0\u00bb. Notre projet (cf. [&hellip;]<\/p>\n","protected":false},"author":3,"featured_media":0,"comment_status":"open","ping_status":"open","sticky":false,"template":"","format":"standard","meta":{"ngg_post_thumbnail":0,"jetpack_post_was_ever_published":false,"_jetpack_newsletter_access":"","_jetpack_dont_email_post_to_subs":false,"_jetpack_newsletter_tier_id":0,"_jetpack_memberships_contains_paywalled_content":false,"_jetpack_memberships_contains_paid_content":false,"footnotes":"","jetpack_publicize_message":"","jetpack_publicize_feature_enabled":true,"jetpack_social_post_already_shared":true,"jetpack_social_options":{"image_generator_settings":{"template":"highway","default_image_id":0,"font":"","enabled":false},"version":2}},"categories":[129],"tags":[102,18],"class_list":["post-2545","post","type-post","status-publish","format-standard","hentry","category-four-a-chaux","tag-four-a-chaux","tag-garrigue"],"jetpack_publicize_connections":[],"jetpack_featured_media_url":"","jetpack_shortlink":"https:\/\/wp.me\/p4r91c-F3","jetpack_sharing_enabled":true,"jetpack-related-posts":[{"id":4343,"url":"https:\/\/www.altimara.eu\/blog\/2024\/04\/02\/four-a-chaux-a-lagrasse\/","url_meta":{"origin":2545,"position":0},"title":"Four \u00e0 chaux \u00e0 Lagrasse","author":"Martiou","date":"2 avril 2024","format":false,"excerpt":"Le village de Lagrasse dans l'Aude est connu pour son abbaye et ses moines int\u00e9gristes. La vie est douce au milieu de cette garrigue et le village ne manque pas de charme avec ses ruelles pav\u00e9es et son avenue bord\u00e9e de platane. Si le cot\u00e9 spirituel du lieu me laisse\u2026","rel":"","context":"Dans &quot;Four \u00e0 chaux&quot;","block_context":{"text":"Four \u00e0 chaux","link":"https:\/\/www.altimara.eu\/blog\/category\/four-a-chaux\/"},"img":{"alt_text":"","src":"https:\/\/i0.wp.com\/www.altimara.eu\/blog\/wp-content\/uploads\/2024\/04\/20240330_170912-2.jpg?resize=350%2C200&ssl=1","width":350,"height":200,"srcset":"https:\/\/i0.wp.com\/www.altimara.eu\/blog\/wp-content\/uploads\/2024\/04\/20240330_170912-2.jpg?resize=350%2C200&ssl=1 1x, https:\/\/i0.wp.com\/www.altimara.eu\/blog\/wp-content\/uploads\/2024\/04\/20240330_170912-2.jpg?resize=525%2C300&ssl=1 1.5x, https:\/\/i0.wp.com\/www.altimara.eu\/blog\/wp-content\/uploads\/2024\/04\/20240330_170912-2.jpg?resize=700%2C400&ssl=1 2x, https:\/\/i0.wp.com\/www.altimara.eu\/blog\/wp-content\/uploads\/2024\/04\/20240330_170912-2.jpg?resize=1050%2C600&ssl=1 3x"},"classes":[]},{"id":1707,"url":"https:\/\/www.altimara.eu\/blog\/2016\/03\/02\/four-a-chaux\/","url_meta":{"origin":2545,"position":1},"title":"Four \u00e0 chaux","author":"Martiou","date":"2 mars 2016","format":false,"excerpt":"En garrigues, nous trouvons aussi d'autres utilisations du bois pour chauffer. Les fours sont nombreux et diff\u00e9rents en fonction des usages. Fours \u00e0 poix, \u00e0 cades, \u00e0 tuiles et dans nos pays calcaires de nombreux fours \u00e0 chaux. La roche calcaire est compos\u00e9e de carbonate de calcium et d'acide carbonique.\u2026","rel":"","context":"Dans &quot;Autre&quot;","block_context":{"text":"Autre","link":"https:\/\/www.altimara.eu\/blog\/category\/autre\/"},"img":{"alt_text":"titre-noir","src":"https:\/\/i0.wp.com\/www.altimara.eu\/blog\/wp-content\/uploads\/2014\/02\/titre-noir2.jpg?resize=350%2C200","width":350,"height":200},"classes":[]},{"id":2134,"url":"https:\/\/www.altimara.eu\/blog\/2016\/12\/12\/four-a-chaux-2\/","url_meta":{"origin":2545,"position":2},"title":"Four \u00e0 chaux","author":"Martiou","date":"12 d\u00e9cembre 2016","format":false,"excerpt":"Animation avec le groupe de la section patrimoine du foyer rural Les Quintillades. Dans la continuit\u00e9 de notre exp\u00e9rience de vouloir faire une cuisson de calcaire dans un four \u00e0 chaux ramier, nous avons organis\u00e9 une journ\u00e9e de rencontre avec d'autres passionn\u00e9s, des membres du Collectif des Garrigues. Apr\u00e8s la\u2026","rel":"","context":"Dans &quot;Autre&quot;","block_context":{"text":"Autre","link":"https:\/\/www.altimara.eu\/blog\/category\/autre\/"},"img":{"alt_text":"titre-noir","src":"https:\/\/i0.wp.com\/www.altimara.eu\/blog\/wp-content\/uploads\/2014\/02\/titre-noir2.jpg?resize=350%2C200","width":350,"height":200},"classes":[]},{"id":4574,"url":"https:\/\/www.altimara.eu\/blog\/2025\/02\/11\/garrigues-en-transition\/","url_meta":{"origin":2545,"position":3},"title":"Garrigues en Transition","author":"Martiou","date":"11 f\u00e9vrier 2025","format":false,"excerpt":"Une publication fort int\u00e9ressante qui vient de sortir. A Radio Escapade Dani\u00e8le Caraux Garson* a anim\u00e9 avec G\u00e9rard Souche une s\u00e9rie d'\u00e9missions intitul\u00e9es \"Escapades en Garrigues\". A chaque \u00e9mission sp\u00e9cialistes ou passionn\u00e9s des garrigues dans diff\u00e9rents domaines \u00e9taient invit\u00e9s. G\u00e9ologue, \u00e9cologue, biologiste, etc et m\u00eame un charbonnier ont particip\u00e9 \u00e0\u2026","rel":"","context":"Dans &quot;\u00e9v\u00e9nementiel&quot;","block_context":{"text":"\u00e9v\u00e9nementiel","link":"https:\/\/www.altimara.eu\/blog\/category\/evenementiel\/"},"img":{"alt_text":"","src":"https:\/\/i0.wp.com\/www.altimara.eu\/blog\/wp-content\/uploads\/2025\/02\/IMG_5202_-petit-format-scaled.jpg?resize=350%2C200&ssl=1","width":350,"height":200,"srcset":"https:\/\/i0.wp.com\/www.altimara.eu\/blog\/wp-content\/uploads\/2025\/02\/IMG_5202_-petit-format-scaled.jpg?resize=350%2C200&ssl=1 1x, https:\/\/i0.wp.com\/www.altimara.eu\/blog\/wp-content\/uploads\/2025\/02\/IMG_5202_-petit-format-scaled.jpg?resize=525%2C300&ssl=1 1.5x, https:\/\/i0.wp.com\/www.altimara.eu\/blog\/wp-content\/uploads\/2025\/02\/IMG_5202_-petit-format-scaled.jpg?resize=700%2C400&ssl=1 2x, https:\/\/i0.wp.com\/www.altimara.eu\/blog\/wp-content\/uploads\/2025\/02\/IMG_5202_-petit-format-scaled.jpg?resize=1050%2C600&ssl=1 3x, https:\/\/i0.wp.com\/www.altimara.eu\/blog\/wp-content\/uploads\/2025\/02\/IMG_5202_-petit-format-scaled.jpg?resize=1400%2C800&ssl=1 4x"},"classes":[]},{"id":2605,"url":"https:\/\/www.altimara.eu\/blog\/2018\/01\/14\/voyons-voir-chez-les-grecs\/","url_meta":{"origin":2545,"position":4},"title":"Voyons voir chez les Grecs","author":"Martiou","date":"14 janvier 2018","format":false,"excerpt":"Nous sommes all\u00e9s voir l'exposition \"Rituel grecs\" au mus\u00e9e St Raymond de Toulouse. Bien sur le charbon de bois est pr\u00e9sent. Un Thymiaterion Apulien du IVe Si\u00e8cle avant notre \u00e8re, c'est \u00e0 dire un br\u00fble-encens. Dans divers rituels cet objet \u00e9tait utilis\u00e9 pour br\u00fbler des r\u00e9sines. Dans la coupelle du\u2026","rel":"","context":"Dans &quot;\u00e9v\u00e9nementiel&quot;","block_context":{"text":"\u00e9v\u00e9nementiel","link":"https:\/\/www.altimara.eu\/blog\/category\/evenementiel\/"},"img":{"alt_text":"","src":"https:\/\/i0.wp.com\/www.altimara.eu\/blog\/wp-content\/uploads\/2018\/01\/Capture-d%E2%80%99e%CC%81cran-2018-01-14-a%CC%80-21.03.44-300x152.jpg?resize=350%2C200","width":350,"height":200},"classes":[]},{"id":2065,"url":"https:\/\/www.altimara.eu\/blog\/2016\/10\/22\/patrimoine\/","url_meta":{"origin":2545,"position":5},"title":"Patrimoine vernaculaire","author":"Martiou","date":"22 octobre 2016","format":false,"excerpt":"La section patrimoine du foyer rural Les Quintillades a repris ses activit\u00e9s. Cette ann\u00e9e nous continuons notre recherche et valorisation des fours \u00e0 chaux des garrigues. Ces fours \u00e0 chaux sont tout au long du parcours du Sentier des Charbonni\u00e8res de l'\u00e9cosite de Sainte-Croix-De-Qintillargues. Il y a deux fours anciens\u2026","rel":"","context":"Dans &quot;Autre&quot;","block_context":{"text":"Autre","link":"https:\/\/www.altimara.eu\/blog\/category\/autre\/"},"img":{"alt_text":"sigle noir","src":"https:\/\/i0.wp.com\/www.altimara.eu\/blog\/wp-content\/uploads\/2013\/12\/sigle-noir-150x150.jpg?resize=350%2C200","width":350,"height":200},"classes":[]}],"_links":{"self":[{"href":"https:\/\/www.altimara.eu\/blog\/wp-json\/wp\/v2\/posts\/2545","targetHints":{"allow":["GET"]}}],"collection":[{"href":"https:\/\/www.altimara.eu\/blog\/wp-json\/wp\/v2\/posts"}],"about":[{"href":"https:\/\/www.altimara.eu\/blog\/wp-json\/wp\/v2\/types\/post"}],"author":[{"embeddable":true,"href":"https:\/\/www.altimara.eu\/blog\/wp-json\/wp\/v2\/users\/3"}],"replies":[{"embeddable":true,"href":"https:\/\/www.altimara.eu\/blog\/wp-json\/wp\/v2\/comments?post=2545"}],"version-history":[{"count":0,"href":"https:\/\/www.altimara.eu\/blog\/wp-json\/wp\/v2\/posts\/2545\/revisions"}],"wp:attachment":[{"href":"https:\/\/www.altimara.eu\/blog\/wp-json\/wp\/v2\/media?parent=2545"}],"wp:term":[{"taxonomy":"category","embeddable":true,"href":"https:\/\/www.altimara.eu\/blog\/wp-json\/wp\/v2\/categories?post=2545"},{"taxonomy":"post_tag","embeddable":true,"href":"https:\/\/www.altimara.eu\/blog\/wp-json\/wp\/v2\/tags?post=2545"}],"curies":[{"name":"wp","href":"https:\/\/api.w.org\/{rel}","templated":true}]}}