{"id":2527,"date":"2017-11-28T10:28:59","date_gmt":"2017-11-28T09:28:59","guid":{"rendered":"https:\/\/www.altimara.eu\/blog\/?p=2527"},"modified":"2024-03-15T10:16:56","modified_gmt":"2024-03-15T09:16:56","slug":"le-charbonnier-et-la-radio","status":"publish","type":"post","link":"https:\/\/www.altimara.eu\/blog\/2017\/11\/28\/le-charbonnier-et-la-radio\/","title":{"rendered":"Le charbonnier et la radio"},"content":{"rendered":"\n<p>L&rsquo;H\u00e9raultais du jour.<\/p>\n\n\n\n<p>Invit\u00e9 par A. Blin, l&rsquo;animateur de la matinale sur France Bleu H\u00e9rault, j&rsquo;ai pu en cinq petites minutes parler de ma passion de charbonnier. Tr\u00e8s sympathique et chaleureux, Antoine Blin m\u2019a permis,&nbsp;dans ce court temps, de faire d\u00e9couvrir aux auditeurs mon exp\u00e9rience de maitre charbonnier.<\/p>\n\n\n\n<p>A \u00e9couter: <a href=\"https:\/\/www.francebleu.fr\/emissions\/l-heraultais-du-jour-a-blin\/herault\/charbonnier-l-un-des-plus-vieux-metiers-du-monde-existe-encore-dans-l-herault\" target=\"_blank\" rel=\"noopener\">https:\/\/www.francebleu.fr\/emissions\/l-heraultais-du-jour-a-blin\/herault\/charbonnier-l-un-des-plus-vieux-metiers-du-monde-existe-encore-dans-l-herault&nbsp;<\/a><\/p>\n\n\n<div class=\"wp-block-image\">\n<figure class=\"alignleft\"><img data-recalc-dims=\"1\" loading=\"lazy\" decoding=\"async\" width=\"120\" height=\"120\" data-attachment-id=\"2529\" data-permalink=\"https:\/\/www.altimara.eu\/blog\/2017\/11\/28\/le-charbonnier-et-la-radio\/logo_francebleu\/\" data-orig-file=\"https:\/\/i0.wp.com\/www.altimara.eu\/blog\/wp-content\/uploads\/2017\/11\/logo_francebleu.png?fit=120%2C120&amp;ssl=1\" data-orig-size=\"120,120\" data-comments-opened=\"1\" data-image-meta=\"{&quot;aperture&quot;:&quot;0&quot;,&quot;credit&quot;:&quot;&quot;,&quot;camera&quot;:&quot;&quot;,&quot;caption&quot;:&quot;&quot;,&quot;created_timestamp&quot;:&quot;0&quot;,&quot;copyright&quot;:&quot;&quot;,&quot;focal_length&quot;:&quot;0&quot;,&quot;iso&quot;:&quot;0&quot;,&quot;shutter_speed&quot;:&quot;0&quot;,&quot;title&quot;:&quot;&quot;,&quot;orientation&quot;:&quot;0&quot;}\" data-image-title=\"logo_francebleu\" data-image-description=\"\" data-image-caption=\"\" data-large-file=\"https:\/\/i0.wp.com\/www.altimara.eu\/blog\/wp-content\/uploads\/2017\/11\/logo_francebleu.png?fit=120%2C120&amp;ssl=1\" src=\"https:\/\/i0.wp.com\/www.altimara.eu\/blog\/wp-content\/uploads\/2017\/11\/logo_francebleu.png?resize=120%2C120&#038;ssl=1\" alt=\"\" class=\"wp-image-2529\"\/><\/figure>\n<\/div>\n\n<div class=\"wp-block-image\">\n<figure class=\"aligncenter\"><img data-recalc-dims=\"1\" loading=\"lazy\" decoding=\"async\" width=\"627\" height=\"410\" data-attachment-id=\"2528\" data-permalink=\"https:\/\/www.altimara.eu\/blog\/2017\/11\/28\/le-charbonnier-et-la-radio\/capture-decran-2017-11-28-a-10-12-08\/\" data-orig-file=\"https:\/\/i0.wp.com\/www.altimara.eu\/blog\/wp-content\/uploads\/2017\/11\/Capture-d%E2%80%99e%CC%81cran-2017-11-28-a%CC%80-10.12.08.png?fit=969%2C633&amp;ssl=1\" data-orig-size=\"969,633\" data-comments-opened=\"1\" data-image-meta=\"{&quot;aperture&quot;:&quot;0&quot;,&quot;credit&quot;:&quot;&quot;,&quot;camera&quot;:&quot;&quot;,&quot;caption&quot;:&quot;&quot;,&quot;created_timestamp&quot;:&quot;0&quot;,&quot;copyright&quot;:&quot;&quot;,&quot;focal_length&quot;:&quot;0&quot;,&quot;iso&quot;:&quot;0&quot;,&quot;shutter_speed&quot;:&quot;0&quot;,&quot;title&quot;:&quot;&quot;,&quot;orientation&quot;:&quot;0&quot;}\" data-image-title=\"Capture d\u2019e\u0301cran 2017-11-28 a\u0300 10.12.08\" data-image-description=\"\" data-image-caption=\"\" data-large-file=\"https:\/\/i0.wp.com\/www.altimara.eu\/blog\/wp-content\/uploads\/2017\/11\/Capture-d%E2%80%99e%CC%81cran-2017-11-28-a%CC%80-10.12.08.png?fit=627%2C410&amp;ssl=1\" src=\"https:\/\/i0.wp.com\/www.altimara.eu\/blog\/wp-content\/uploads\/2017\/11\/Capture-d%E2%80%99e%CC%81cran-2017-11-28-a%CC%80-10.12.08.png?resize=627%2C410&#038;ssl=1\" alt=\"\" class=\"wp-image-2528\" srcset=\"https:\/\/i0.wp.com\/www.altimara.eu\/blog\/wp-content\/uploads\/2017\/11\/Capture-d%E2%80%99e%CC%81cran-2017-11-28-a%CC%80-10.12.08.png?w=969&amp;ssl=1 969w, https:\/\/i0.wp.com\/www.altimara.eu\/blog\/wp-content\/uploads\/2017\/11\/Capture-d%E2%80%99e%CC%81cran-2017-11-28-a%CC%80-10.12.08.png?resize=300%2C196&amp;ssl=1 300w, https:\/\/i0.wp.com\/www.altimara.eu\/blog\/wp-content\/uploads\/2017\/11\/Capture-d%E2%80%99e%CC%81cran-2017-11-28-a%CC%80-10.12.08.png?resize=768%2C502&amp;ssl=1 768w\" sizes=\"auto, (max-width: 627px) 100vw, 627px\" \/><\/figure>\n<\/div>","protected":false},"excerpt":{"rendered":"<p>L&rsquo;H\u00e9raultais du jour. Invit\u00e9 par A. Blin, l&rsquo;animateur de la matinale sur France Bleu H\u00e9rault, j&rsquo;ai pu en cinq petites minutes parler de ma passion de charbonnier. Tr\u00e8s sympathique et chaleureux, Antoine Blin m\u2019a permis,&nbsp;dans ce court temps, de faire d\u00e9couvrir aux auditeurs mon exp\u00e9rience de maitre charbonnier. A \u00e9couter: https:\/\/www.francebleu.fr\/emissions\/l-heraultais-du-jour-a-blin\/herault\/charbonnier-l-un-des-plus-vieux-metiers-du-monde-existe-encore-dans-l-herault&nbsp;<\/p>\n","protected":false},"author":3,"featured_media":0,"comment_status":"open","ping_status":"open","sticky":false,"template":"","format":"standard","meta":{"ngg_post_thumbnail":0,"jetpack_post_was_ever_published":false,"_jetpack_newsletter_access":"","_jetpack_dont_email_post_to_subs":false,"_jetpack_newsletter_tier_id":0,"_jetpack_memberships_contains_paywalled_content":false,"_jetpack_memberships_contains_paid_content":false,"footnotes":"","jetpack_publicize_message":"","jetpack_publicize_feature_enabled":true,"jetpack_social_post_already_shared":true,"jetpack_social_options":{"image_generator_settings":{"template":"highway","default_image_id":0,"font":"","enabled":false},"version":2}},"categories":[6,103,37],"tags":[34,13],"class_list":["post-2527","post","type-post","status-publish","format-standard","hentry","category-charbon-de-bois-carbon-art","category-charbonnier-en-france","category-evenementiel","tag-charbon-de-bois-carbon-art","tag-charbonnier"],"jetpack_publicize_connections":[],"jetpack_featured_media_url":"","jetpack_shortlink":"https:\/\/wp.me\/p4r91c-EL","jetpack_sharing_enabled":true,"jetpack-related-posts":[{"id":3221,"url":"https:\/\/www.altimara.eu\/blog\/2019\/11\/28\/visite-espoir-herault\/","url_meta":{"origin":2527,"position":0},"title":"Visite avec Espoir H\u00e9rault","author":"Martiou","date":"28 novembre 2019","format":false,"excerpt":"Balade au sentier des charbonni\u00e8res avec un groupe \"Espoir H\u00e9rault\". Cette association soutien la cr\u00e9ation de r\u00e9sidences accueil pour les personnes en situation de handicap psychique stabilis\u00e9. Nous \u00e9tions une quinzaine d'accompagnants et r\u00e9sidents. Le d\u00e9part au terrain de boules du village de Sainte Croix de Quintillargues, s'est fait sous\u2026","rel":"","context":"Dans &quot;\u00e9v\u00e9nementiel&quot;","block_context":{"text":"\u00e9v\u00e9nementiel","link":"https:\/\/www.altimara.eu\/blog\/category\/evenementiel\/"},"img":{"alt_text":"","src":"https:\/\/i0.wp.com\/www.altimara.eu\/blog\/wp-content\/uploads\/2019\/11\/1.jpg?resize=350%2C200&ssl=1","width":350,"height":200,"srcset":"https:\/\/i0.wp.com\/www.altimara.eu\/blog\/wp-content\/uploads\/2019\/11\/1.jpg?resize=350%2C200&ssl=1 1x, https:\/\/i0.wp.com\/www.altimara.eu\/blog\/wp-content\/uploads\/2019\/11\/1.jpg?resize=525%2C300&ssl=1 1.5x, https:\/\/i0.wp.com\/www.altimara.eu\/blog\/wp-content\/uploads\/2019\/11\/1.jpg?resize=700%2C400&ssl=1 2x"},"classes":[]},{"id":1790,"url":"https:\/\/www.altimara.eu\/blog\/2016\/04\/18\/terrasses-gellone\/","url_meta":{"origin":2527,"position":1},"title":"Terrasses Gellone","author":"Martiou","date":"18 avril 2016","format":false,"excerpt":"Carbonisation en vall\u00e9e de l'H\u00e9rault, au lieu dit de Brunan, juste avant le village m\u00e9di\u00e9val de St-Guilhem-le-D\u00e9sert. L'emplacement de carbonisation \u00e9tait sur une des trois \"terrasses\", o\u00f9 se cultivait des oliviers et de la vigne. Seule l'olivette est rest\u00e9e. En contre bas, les puissants b\u00e2timents d\u00e9labr\u00e9s d'anciens moulins \u00e0 eau,\u2026","rel":"","context":"Dans &quot;Charbon de bois&quot;","block_context":{"text":"Charbon de bois","link":"https:\/\/www.altimara.eu\/blog\/category\/charbon-de-bois-carbon-art\/"},"img":{"alt_text":"_MAR9842","src":"https:\/\/i0.wp.com\/www.altimara.eu\/blog\/wp-content\/uploads\/2016\/04\/MAR9842.jpg?resize=350%2C200","width":350,"height":200,"srcset":"https:\/\/i0.wp.com\/www.altimara.eu\/blog\/wp-content\/uploads\/2016\/04\/MAR9842.jpg?resize=350%2C200 1x, https:\/\/i0.wp.com\/www.altimara.eu\/blog\/wp-content\/uploads\/2016\/04\/MAR9842.jpg?resize=525%2C300 1.5x, https:\/\/i0.wp.com\/www.altimara.eu\/blog\/wp-content\/uploads\/2016\/04\/MAR9842.jpg?resize=700%2C400 2x"},"classes":[]},{"id":3773,"url":"https:\/\/www.altimara.eu\/blog\/2021\/11\/21\/livre-le-charbonnier\/","url_meta":{"origin":2527,"position":2},"title":"Livre : Le charbonnier","author":"Martiou","date":"21 novembre 2021","format":false,"excerpt":"Charles Schlosser, charbonnier de longue date et animateur d'un groupe actif de charbonniers en Alsace, vient de sortir un magnifique livre en cette fin d'ann\u00e9e. \"Le charbonnier, une longue histoire\", I.D. l'\u00c9dition, un livre qui se veut \u00e0 la fois \u00e9vocation historique, technique et humaine (sic). Neuf chapitres qui nous\u2026","rel":"","context":"Dans &quot;Autre&quot;","block_context":{"text":"Autre","link":"https:\/\/www.altimara.eu\/blog\/category\/autre\/"},"img":{"alt_text":"","src":"https:\/\/i0.wp.com\/www.altimara.eu\/blog\/wp-content\/uploads\/2021\/11\/Capture-de%CC%81cran-2021-11-21-a%CC%80-15.07.34.jpg?resize=350%2C200&ssl=1","width":350,"height":200,"srcset":"https:\/\/i0.wp.com\/www.altimara.eu\/blog\/wp-content\/uploads\/2021\/11\/Capture-de%CC%81cran-2021-11-21-a%CC%80-15.07.34.jpg?resize=350%2C200&ssl=1 1x, https:\/\/i0.wp.com\/www.altimara.eu\/blog\/wp-content\/uploads\/2021\/11\/Capture-de%CC%81cran-2021-11-21-a%CC%80-15.07.34.jpg?resize=525%2C300&ssl=1 1.5x"},"classes":[]},{"id":2462,"url":"https:\/\/www.altimara.eu\/blog\/2017\/09\/21\/charbonnier-professionnel\/","url_meta":{"origin":2527,"position":3},"title":"Charbonnier professionnel","author":"Martiou","date":"21 septembre 2017","format":false,"excerpt":"A Bourg-St-And\u00e9ol, il y a une entreprise de fabrication de charbon de bois. La cuisson se pratique avec de grands fours en fer. Les cuves sont d'\u00e9normes cloches avec un gros couvercle sur le haut. 4 chemin\u00e9es \u00e9vacuent une \u00e9paisse fum\u00e9e dans un bonne odeur de carbonisation extr\u00eamement forte. Le\u2026","rel":"","context":"Dans &quot;Charbon de bois&quot;","block_context":{"text":"Charbon de bois","link":"https:\/\/www.altimara.eu\/blog\/category\/charbon-de-bois-carbon-art\/"},"img":{"alt_text":"","src":"https:\/\/i0.wp.com\/www.altimara.eu\/blog\/wp-content\/uploads\/2017\/09\/MAR2599.jpg?resize=350%2C200","width":350,"height":200,"srcset":"https:\/\/i0.wp.com\/www.altimara.eu\/blog\/wp-content\/uploads\/2017\/09\/MAR2599.jpg?resize=350%2C200 1x, https:\/\/i0.wp.com\/www.altimara.eu\/blog\/wp-content\/uploads\/2017\/09\/MAR2599.jpg?resize=525%2C300 1.5x"},"classes":[]},{"id":2318,"url":"https:\/\/www.altimara.eu\/blog\/2017\/05\/08\/chez-jean-2\/","url_meta":{"origin":2527,"position":4},"title":"Chez Jean","author":"Martiou","date":"8 mai 2017","format":false,"excerpt":"Le bois est cuit, du bon charbon de bois, comme seule les cuissons en meule peuvent en donner avec l'art du charbonnier. Mon ami Jean chaudi\u00e8re a bien r\u00e9ussi sa carbonisation et sa f\u00eate des charbonniers. Nous avons \u00e9t\u00e9 nombreux a participer \u00e0 ce rassemblement. Les forgerons et m\u00e9tallurgistes ont\u2026","rel":"","context":"Dans &quot;Charbon de bois&quot;","block_context":{"text":"Charbon de bois","link":"https:\/\/www.altimara.eu\/blog\/category\/charbon-de-bois-carbon-art\/"},"img":{"alt_text":"","src":"https:\/\/i0.wp.com\/www.altimara.eu\/blog\/wp-content\/uploads\/2017\/05\/MAR2527.jpg?resize=350%2C200","width":350,"height":200,"srcset":"https:\/\/i0.wp.com\/www.altimara.eu\/blog\/wp-content\/uploads\/2017\/05\/MAR2527.jpg?resize=350%2C200 1x, https:\/\/i0.wp.com\/www.altimara.eu\/blog\/wp-content\/uploads\/2017\/05\/MAR2527.jpg?resize=525%2C300 1.5x"},"classes":[]},{"id":4746,"url":"https:\/\/www.altimara.eu\/blog\/2026\/04\/05\/charbonnier-des-garrigues\/","url_meta":{"origin":2527,"position":5},"title":"Charbonnier des garrigues","author":"Martiou","date":"5 avril 2026","format":false,"excerpt":"J'ai eu le plaisir d'obtenir enfin une photo de charbonniers de nos garrigues. M. Philippe Tourrier, maire de Claret, m'a offert ce rare document o\u00f9 l'on voit des membres de sa famille, charbonniers des garrigues saintlouviennes. L'un des hommes est Fernand Gaubiac, grand p\u00e8re de M. Tourrier, n\u00e9 en 1899.\u2026","rel":"","context":"Dans &quot;Charbon de bois&quot;","block_context":{"text":"Charbon de bois","link":"https:\/\/www.altimara.eu\/blog\/category\/charbon-de-bois-carbon-art\/"},"img":{"alt_text":"","src":"https:\/\/i0.wp.com\/www.altimara.eu\/blog\/wp-content\/uploads\/2026\/04\/Tourrier.png?resize=350%2C200&ssl=1","width":350,"height":200,"srcset":"https:\/\/i0.wp.com\/www.altimara.eu\/blog\/wp-content\/uploads\/2026\/04\/Tourrier.png?resize=350%2C200&ssl=1 1x, https:\/\/i0.wp.com\/www.altimara.eu\/blog\/wp-content\/uploads\/2026\/04\/Tourrier.png?resize=525%2C300&ssl=1 1.5x, https:\/\/i0.wp.com\/www.altimara.eu\/blog\/wp-content\/uploads\/2026\/04\/Tourrier.png?resize=700%2C400&ssl=1 2x"},"classes":[]}],"_links":{"self":[{"href":"https:\/\/www.altimara.eu\/blog\/wp-json\/wp\/v2\/posts\/2527","targetHints":{"allow":["GET"]}}],"collection":[{"href":"https:\/\/www.altimara.eu\/blog\/wp-json\/wp\/v2\/posts"}],"about":[{"href":"https:\/\/www.altimara.eu\/blog\/wp-json\/wp\/v2\/types\/post"}],"author":[{"embeddable":true,"href":"https:\/\/www.altimara.eu\/blog\/wp-json\/wp\/v2\/users\/3"}],"replies":[{"embeddable":true,"href":"https:\/\/www.altimara.eu\/blog\/wp-json\/wp\/v2\/comments?post=2527"}],"version-history":[{"count":0,"href":"https:\/\/www.altimara.eu\/blog\/wp-json\/wp\/v2\/posts\/2527\/revisions"}],"wp:attachment":[{"href":"https:\/\/www.altimara.eu\/blog\/wp-json\/wp\/v2\/media?parent=2527"}],"wp:term":[{"taxonomy":"category","embeddable":true,"href":"https:\/\/www.altimara.eu\/blog\/wp-json\/wp\/v2\/categories?post=2527"},{"taxonomy":"post_tag","embeddable":true,"href":"https:\/\/www.altimara.eu\/blog\/wp-json\/wp\/v2\/tags?post=2527"}],"curies":[{"name":"wp","href":"https:\/\/api.w.org\/{rel}","templated":true}]}}