{"id":2521,"date":"2017-11-17T11:12:41","date_gmt":"2017-11-17T10:12:41","guid":{"rendered":"https:\/\/www.altimara.eu\/blog\/?p=2521"},"modified":"2017-11-17T11:15:11","modified_gmt":"2017-11-17T10:15:11","slug":"fusain-art","status":"publish","type":"post","link":"https:\/\/www.altimara.eu\/blog\/2017\/11\/17\/fusain-art\/","title":{"rendered":"Fusain art"},"content":{"rendered":"<p>Visite de la tr\u00e8s belle cit\u00e9 d&rsquo;Albi, dans le Tarn, avec sa merveilleuse cath\u00e9drale. Nous avons \u00ab\u00a0rencontr\u00e9\u00a0\u00bb le grand peintre de la ville, Toulouse-Lautrec, dans le mus\u00e9e qui lui est d\u00e9di\u00e9. Un certain nombre de ses \u0153uvres sont r\u00e9alis\u00e9es au fusain.<\/p>\n<p>Le fusain, charbon de bois utilis\u00e9 depuis la pr\u00e9histoire dans l&rsquo;art pari\u00e9tal, est le plus vieux instrument de communication que l&rsquo;homme a utilis\u00e9.<\/p>\n<p>Le fusain est devenu un nom g\u00e9n\u00e9rique pour d\u00e9signer tous les charbons de bois qui servent a dessiner. C&rsquo;est \u00e0 l&rsquo;origine le nom de l&rsquo;arbrisseau, Fusain d&rsquo;Europe \u00ab\u00a0<i>Euonymus europaeus\u00a0\u00bb<\/i> (<a href=\"https:\/\/fr.wikipedia.org\/wiki\/Fusain_d%27Europe\" target=\"_blank\" rel=\"noopener\">wiki<\/a>). Aujourd&rsquo;hui les \u00ab\u00a0fusains\u00a0\u00bb sont essentiellement issus de saules.<\/p>\n<p>Toulouse-Lautrec n&rsquo;est pas le seul a \u00eatre pr\u00e9sent\u00e9 avec des \u0153uvres au fusain dans ce mus\u00e9e (<a href=\"http:\/\/www.museetoulouselautrec.net\/\" target=\"_blank\" rel=\"noopener\">museetoulouselautrec<\/a>) situ\u00e9 dans le palais de la Berbie. Une visite a ne pas manquer.<\/p>\n<p>\u00ab\u00a0<em>Je boirai du lait le jour o\u00f9 les vaches mangerons des vignes !<\/em>\u00a0\u00bb Toulouse-Lautrec.<\/p>\n<p><img data-recalc-dims=\"1\" loading=\"lazy\" decoding=\"async\" data-attachment-id=\"2522\" data-permalink=\"https:\/\/www.altimara.eu\/blog\/2017\/11\/17\/fusain-art\/img_20171113_150435442\/\" data-orig-file=\"https:\/\/i0.wp.com\/www.altimara.eu\/blog\/wp-content\/uploads\/2017\/11\/IMG_20171113_150435442.jpg?fit=2340%2C4160&amp;ssl=1\" data-orig-size=\"2340,4160\" data-comments-opened=\"1\" data-image-meta=\"{&quot;aperture&quot;:&quot;2&quot;,&quot;credit&quot;:&quot;&quot;,&quot;camera&quot;:&quot;MotoG3&quot;,&quot;caption&quot;:&quot;&quot;,&quot;created_timestamp&quot;:&quot;1510585475&quot;,&quot;copyright&quot;:&quot;&quot;,&quot;focal_length&quot;:&quot;3.64&quot;,&quot;iso&quot;:&quot;800&quot;,&quot;shutter_speed&quot;:&quot;0.06001&quot;,&quot;title&quot;:&quot;&quot;,&quot;orientation&quot;:&quot;0&quot;}\" data-image-title=\"IMG_20171113_150435442\" data-image-description=\"\" data-image-caption=\"\" data-large-file=\"https:\/\/i0.wp.com\/www.altimara.eu\/blog\/wp-content\/uploads\/2017\/11\/IMG_20171113_150435442.jpg?fit=576%2C1024&amp;ssl=1\" class=\"alignright wp-image-2522 size-medium\" src=\"https:\/\/i0.wp.com\/www.altimara.eu\/blog\/wp-content\/uploads\/2017\/11\/IMG_20171113_150435442-169x300.jpg?resize=169%2C300\" alt=\"\" width=\"169\" height=\"300\" srcset=\"https:\/\/i0.wp.com\/www.altimara.eu\/blog\/wp-content\/uploads\/2017\/11\/IMG_20171113_150435442.jpg?resize=169%2C300&amp;ssl=1 169w, https:\/\/i0.wp.com\/www.altimara.eu\/blog\/wp-content\/uploads\/2017\/11\/IMG_20171113_150435442.jpg?resize=768%2C1365&amp;ssl=1 768w, https:\/\/i0.wp.com\/www.altimara.eu\/blog\/wp-content\/uploads\/2017\/11\/IMG_20171113_150435442.jpg?resize=576%2C1024&amp;ssl=1 576w, https:\/\/i0.wp.com\/www.altimara.eu\/blog\/wp-content\/uploads\/2017\/11\/IMG_20171113_150435442.jpg?w=1254&amp;ssl=1 1254w, https:\/\/i0.wp.com\/www.altimara.eu\/blog\/wp-content\/uploads\/2017\/11\/IMG_20171113_150435442.jpg?w=1881&amp;ssl=1 1881w\" sizes=\"auto, (max-width: 169px) 100vw, 169px\" \/><\/p>\n<p><img data-recalc-dims=\"1\" loading=\"lazy\" decoding=\"async\" data-attachment-id=\"2523\" data-permalink=\"https:\/\/www.altimara.eu\/blog\/2017\/11\/17\/fusain-art\/img_20171113_151525808-2\/\" data-orig-file=\"https:\/\/i0.wp.com\/www.altimara.eu\/blog\/wp-content\/uploads\/2017\/11\/IMG_20171113_151525808-2.jpg?fit=650%2C1000&amp;ssl=1\" data-orig-size=\"650,1000\" data-comments-opened=\"1\" data-image-meta=\"{&quot;aperture&quot;:&quot;2&quot;,&quot;credit&quot;:&quot;&quot;,&quot;camera&quot;:&quot;MotoG3&quot;,&quot;caption&quot;:&quot;&quot;,&quot;created_timestamp&quot;:&quot;1510586125&quot;,&quot;copyright&quot;:&quot;&quot;,&quot;focal_length&quot;:&quot;3.64&quot;,&quot;iso&quot;:&quot;800&quot;,&quot;shutter_speed&quot;:&quot;0.058823529411765&quot;,&quot;title&quot;:&quot;&quot;,&quot;orientation&quot;:&quot;0&quot;}\" data-image-title=\"IMG_20171113_151525808-2\" data-image-description=\"\" data-image-caption=\"\" data-large-file=\"https:\/\/i0.wp.com\/www.altimara.eu\/blog\/wp-content\/uploads\/2017\/11\/IMG_20171113_151525808-2.jpg?fit=627%2C965&amp;ssl=1\" class=\"alignleft wp-image-2523 size-medium\" src=\"https:\/\/i0.wp.com\/www.altimara.eu\/blog\/wp-content\/uploads\/2017\/11\/IMG_20171113_151525808-2-195x300.jpg?resize=195%2C300\" alt=\"\" width=\"195\" height=\"300\" srcset=\"https:\/\/i0.wp.com\/www.altimara.eu\/blog\/wp-content\/uploads\/2017\/11\/IMG_20171113_151525808-2.jpg?resize=195%2C300&amp;ssl=1 195w, https:\/\/i0.wp.com\/www.altimara.eu\/blog\/wp-content\/uploads\/2017\/11\/IMG_20171113_151525808-2.jpg?w=650&amp;ssl=1 650w\" sizes=\"auto, (max-width: 195px) 100vw, 195px\" \/><\/p>\n","protected":false},"excerpt":{"rendered":"<p>Visite de la tr\u00e8s belle cit\u00e9 d&rsquo;Albi, dans le Tarn, avec sa merveilleuse cath\u00e9drale. Nous avons \u00ab\u00a0rencontr\u00e9\u00a0\u00bb le grand peintre de la ville, Toulouse-Lautrec, dans le mus\u00e9e qui lui est d\u00e9di\u00e9. Un certain nombre de ses \u0153uvres sont r\u00e9alis\u00e9es au fusain. Le fusain, charbon de bois utilis\u00e9 depuis la pr\u00e9histoire dans l&rsquo;art pari\u00e9tal, est le [&hellip;]<\/p>\n","protected":false},"author":3,"featured_media":0,"comment_status":"open","ping_status":"open","sticky":false,"template":"","format":"standard","meta":{"ngg_post_thumbnail":0,"jetpack_post_was_ever_published":false,"_jetpack_newsletter_access":"","_jetpack_dont_email_post_to_subs":false,"_jetpack_newsletter_tier_id":0,"_jetpack_memberships_contains_paywalled_content":false,"_jetpack_memberships_contains_paid_content":false,"footnotes":"","jetpack_publicize_message":"","jetpack_publicize_feature_enabled":true,"jetpack_social_post_already_shared":true,"jetpack_social_options":{"image_generator_settings":{"template":"highway","default_image_id":0,"font":"","enabled":false},"version":2}},"categories":[5,6],"tags":[126],"class_list":["post-2521","post","type-post","status-publish","format-standard","hentry","category-autre","category-charbon-de-bois-carbon-art","tag-fusain"],"jetpack_publicize_connections":[],"jetpack_featured_media_url":"","jetpack_shortlink":"https:\/\/wp.me\/p4r91c-EF","jetpack_sharing_enabled":true,"jetpack-related-posts":[{"id":2747,"url":"https:\/\/www.altimara.eu\/blog\/2018\/04\/16\/fusain-au-musee\/","url_meta":{"origin":2521,"position":0},"title":"Fusain au mus\u00e9e","author":"Martiou","date":"16 avril 2018","format":false,"excerpt":"Marseille et son extraordinaire mus\u00e9e du MUCEM. Une \u0153uvre qui abrite des \u0153uvres diverses au gr\u00e9 des expositions qui y passent. L'exposition \"Voyages imaginaires : Picasso et les ballets russes\" est visible dans le fort St Jean attenant au MUCEM. Cette \u00e9pop\u00e9e th\u00e9\u00e2trale de Picasso est associ\u00e9e \u00e0 d'autres artistes\u2026","rel":"","context":"Dans &quot;Carbon-art&quot;","block_context":{"text":"Carbon-art","link":"https:\/\/www.altimara.eu\/blog\/category\/carbon-art\/"},"img":{"alt_text":"","src":"https:\/\/i0.wp.com\/www.altimara.eu\/blog\/wp-content\/uploads\/2018\/04\/IMG_20180411_153132190-300x287.jpg?resize=350%2C200","width":350,"height":200},"classes":[]},{"id":3800,"url":"https:\/\/www.altimara.eu\/blog\/2022\/01\/13\/noir-soulages\/","url_meta":{"origin":2521,"position":1},"title":"Noir Soulages","author":"Martiou","date":"13 janvier 2022","format":false,"excerpt":"L'artiste Pierre Soulages est connu pour ses \u0153uvres \u00e0 dominance noire. Il rejoint en \u00e7a les charbonniers, diables noirs, alchimistes de l'absence de couleurs. Rodez accueille son enfant peintre dans un magnifique mus\u00e9e aux fa\u00e7ades rouill\u00e9es. \u00c9videmment le fusain est \u00e0 l'honneur, nul vrai artiste ne peut pas l'employer. Trois\u2026","rel":"","context":"Dans &quot;Autre&quot;","block_context":{"text":"Autre","link":"https:\/\/www.altimara.eu\/blog\/category\/autre\/"},"img":{"alt_text":"","src":"https:\/\/i0.wp.com\/www.altimara.eu\/blog\/wp-content\/uploads\/2022\/01\/IMG_20211111_160847.jpg?resize=350%2C200&ssl=1","width":350,"height":200,"srcset":"https:\/\/i0.wp.com\/www.altimara.eu\/blog\/wp-content\/uploads\/2022\/01\/IMG_20211111_160847.jpg?resize=350%2C200&ssl=1 1x, https:\/\/i0.wp.com\/www.altimara.eu\/blog\/wp-content\/uploads\/2022\/01\/IMG_20211111_160847.jpg?resize=525%2C300&ssl=1 1.5x, https:\/\/i0.wp.com\/www.altimara.eu\/blog\/wp-content\/uploads\/2022\/01\/IMG_20211111_160847.jpg?resize=700%2C400&ssl=1 2x, https:\/\/i0.wp.com\/www.altimara.eu\/blog\/wp-content\/uploads\/2022\/01\/IMG_20211111_160847.jpg?resize=1050%2C600&ssl=1 3x"},"classes":[]},{"id":3248,"url":"https:\/\/www.altimara.eu\/blog\/2019\/12\/20\/leonard-de-carbonari\/","url_meta":{"origin":2521,"position":2},"title":"L\u00e9onard de Carbonari","author":"Martiou","date":"20 d\u00e9cembre 2019","format":false,"excerpt":"Visite \u00e0 l'exceptionnelle exposition des \u0153uvres de L\u00e9onard de Vinci au Louvre. L'immense L\u00e9onard a dessin\u00e9 ses fameux croquis de machines dans un style patte de mouche et m\u00eame que ses \u00e9crit sont \u00e0 l'envers en miroir. Entre le magnifique tableau parfaitement restaur\u00e9 La Vierge, l'Enfant J\u00e9sus et sainte Anne,\u2026","rel":"","context":"Dans &quot;Non class\u00e9&quot;","block_context":{"text":"Non class\u00e9","link":"https:\/\/www.altimara.eu\/blog\/category\/non-classe\/"},"img":{"alt_text":"","src":"https:\/\/i0.wp.com\/www.altimara.eu\/blog\/wp-content\/uploads\/2019\/12\/IMG_20191119_162943548.jpg?resize=350%2C200&ssl=1","width":350,"height":200,"srcset":"https:\/\/i0.wp.com\/www.altimara.eu\/blog\/wp-content\/uploads\/2019\/12\/IMG_20191119_162943548.jpg?resize=350%2C200&ssl=1 1x, https:\/\/i0.wp.com\/www.altimara.eu\/blog\/wp-content\/uploads\/2019\/12\/IMG_20191119_162943548.jpg?resize=525%2C300&ssl=1 1.5x"},"classes":[]},{"id":3652,"url":"https:\/\/www.altimara.eu\/blog\/2021\/05\/31\/kjarval-et-les-fusains\/","url_meta":{"origin":2521,"position":3},"title":"Kjarval et les fusains","author":"Martiou","date":"31 mai 2021","format":false,"excerpt":"Dans la grande agence de la banque Landsbankin du centre historique, il y a une exposition des \u0153uvres de Kjarval. J\u00f3hannes Sveinsson Kjarval est certainement le premier peintre islandais ayant connu une reconnaissance internationale. https:\/\/www.wikiart.org\/fr\/johannes-sveinsson-kjarval Parmi toutes ses \u0153uvres expos\u00e9es, j'en ai bien sur rep\u00e9r\u00e9 deux qui sont ex\u00e9cut\u00e9es au\u2026","rel":"","context":"Dans &quot;Carbon-art&quot;","block_context":{"text":"Carbon-art","link":"https:\/\/www.altimara.eu\/blog\/category\/carbon-art\/"},"img":{"alt_text":"","src":"https:\/\/i0.wp.com\/www.altimara.eu\/blog\/wp-content\/uploads\/2021\/05\/kjarval-2.png?resize=350%2C200&ssl=1","width":350,"height":200,"srcset":"https:\/\/i0.wp.com\/www.altimara.eu\/blog\/wp-content\/uploads\/2021\/05\/kjarval-2.png?resize=350%2C200&ssl=1 1x, https:\/\/i0.wp.com\/www.altimara.eu\/blog\/wp-content\/uploads\/2021\/05\/kjarval-2.png?resize=525%2C300&ssl=1 1.5x, https:\/\/i0.wp.com\/www.altimara.eu\/blog\/wp-content\/uploads\/2021\/05\/kjarval-2.png?resize=700%2C400&ssl=1 2x"},"classes":[]},{"id":1540,"url":"https:\/\/www.altimara.eu\/blog\/2015\/12\/01\/la-grotte-au-fusain-chauvet\/","url_meta":{"origin":2521,"position":4},"title":"La grotte au fusain: Chauvet","author":"Martiou","date":"1 d\u00e9cembre 2015","format":false,"excerpt":"Les gorges de l'Ard\u00e8che sont farouches, tortueuses et profondes. La rivi\u00e8re a creus\u00e9 un magnifique canyon dans les masses calcaires. L'eau a dissout dans des parties plus intimes de nombreuses grottes.\u00a0 Si ces gorges sont tr\u00e8s connues et sur fr\u00e9quent\u00e9es avec comme point d'orgue l'arche du Pont d'Arc, un \u00e9l\u00e9ment\u2026","rel":"","context":"Dans &quot;Carbon-art&quot;","block_context":{"text":"Carbon-art","link":"https:\/\/www.altimara.eu\/blog\/category\/carbon-art\/"},"img":{"alt_text":"_MAR8820","src":"https:\/\/i0.wp.com\/www.altimara.eu\/blog\/wp-content\/uploads\/2015\/12\/MAR8820-300x200.jpg?resize=350%2C200","width":350,"height":200},"classes":[]},{"id":2613,"url":"https:\/\/www.altimara.eu\/blog\/2018\/01\/26\/homo-sapiens-homo-carbonarius\/","url_meta":{"origin":2521,"position":5},"title":"Homo Sapiens, Homo Carbonarius","author":"Martiou","date":"26 janvier 2018","format":false,"excerpt":"Grottes orn\u00e9es, art pari\u00e9tal ou des cavernes, j'avais eu l'occasion d'en parler lors de la visite de la reconstitution de la grotte Chauvet. Cette grotte qui contient l'un des plus ancien vestige de peintures pr\u00e9historique, env. 36 000 ans, a la particularit\u00e9 que ses dessins sont en grande partie fait\u2026","rel":"","context":"Dans &quot;Non class\u00e9&quot;","block_context":{"text":"Non class\u00e9","link":"https:\/\/www.altimara.eu\/blog\/category\/non-classe\/"},"img":{"alt_text":"","src":"https:\/\/i0.wp.com\/www.altimara.eu\/blog\/wp-content\/uploads\/2018\/01\/chevaux-1024x607.jpg?resize=350%2C200","width":350,"height":200,"srcset":"https:\/\/i0.wp.com\/www.altimara.eu\/blog\/wp-content\/uploads\/2018\/01\/chevaux-1024x607.jpg?resize=350%2C200 1x, https:\/\/i0.wp.com\/www.altimara.eu\/blog\/wp-content\/uploads\/2018\/01\/chevaux-1024x607.jpg?resize=525%2C300 1.5x"},"classes":[]}],"_links":{"self":[{"href":"https:\/\/www.altimara.eu\/blog\/wp-json\/wp\/v2\/posts\/2521","targetHints":{"allow":["GET"]}}],"collection":[{"href":"https:\/\/www.altimara.eu\/blog\/wp-json\/wp\/v2\/posts"}],"about":[{"href":"https:\/\/www.altimara.eu\/blog\/wp-json\/wp\/v2\/types\/post"}],"author":[{"embeddable":true,"href":"https:\/\/www.altimara.eu\/blog\/wp-json\/wp\/v2\/users\/3"}],"replies":[{"embeddable":true,"href":"https:\/\/www.altimara.eu\/blog\/wp-json\/wp\/v2\/comments?post=2521"}],"version-history":[{"count":0,"href":"https:\/\/www.altimara.eu\/blog\/wp-json\/wp\/v2\/posts\/2521\/revisions"}],"wp:attachment":[{"href":"https:\/\/www.altimara.eu\/blog\/wp-json\/wp\/v2\/media?parent=2521"}],"wp:term":[{"taxonomy":"category","embeddable":true,"href":"https:\/\/www.altimara.eu\/blog\/wp-json\/wp\/v2\/categories?post=2521"},{"taxonomy":"post_tag","embeddable":true,"href":"https:\/\/www.altimara.eu\/blog\/wp-json\/wp\/v2\/tags?post=2521"}],"curies":[{"name":"wp","href":"https:\/\/api.w.org\/{rel}","templated":true}]}}