{"id":2459,"date":"2017-09-10T21:02:53","date_gmt":"2017-09-10T20:02:53","guid":{"rendered":"https:\/\/www.altimara.eu\/blog\/?p=2459"},"modified":"2017-09-10T21:02:53","modified_gmt":"2017-09-10T20:02:53","slug":"charbon-anti-pets","status":"publish","type":"post","link":"https:\/\/www.altimara.eu\/blog\/2017\/09\/10\/charbon-anti-pets\/","title":{"rendered":"Charbon anti pets&#8230;"},"content":{"rendered":"<p>Le charbon de bois est vraiment une mati\u00e8re \u00e9tonnante. Voil\u00e0 que ses qualit\u00e9s d&rsquo;absorption des gaz, que l&rsquo;on connait plut\u00f4t pour les masques \u00e0 gaz ou le filtre de la hotte de cuisine, a \u00e9t\u00e9 repris par un designer anglais pour le confort de toutes et tous.<\/p>\n<p>La culotte au charbon de bois lib\u00e8re du danger d\u2019empester un lieu par un pet mal venu. Ami des flatulences, voici l&rsquo;arme pour \u00eatre \u00e0 l&rsquo;aise en soci\u00e9t\u00e8, les sous v\u00eatements \u00ab\u00a0Shreddies\u00a0\u00bb. \u00ab\u00a0<em><strong>Paul O\u2019Leary, un designer britannique<\/strong>, a eu l\u2019id\u00e9e de cr\u00e9er <strong>des sous-v\u00eatements qui absorberaient les odeurs de pet.<\/strong><\/em>\u00a0\u00bb La suite: \u00ab\u00a0<em>Ceux-ci sont faits en <strong>Zorflex, un tissu \u00e0 base de carbone, qui est normalement utilis\u00e9 pour les uniformes de guerre chimique.<\/strong> Le Zorflex, en plus d\u2019avoir un nom de m\u00e9chant, est cens\u00e9 absorber des odeurs 200 fois plus fortes qu\u2019un prout de base.<\/em>\u00a0\u00bb<\/p>\n<p>Pour tous ceux (et celles) qui sont un peu coinc\u00e9s en collectivit\u00e9, mettez des slips Shreddies&#8230;.<\/p>\n<p>L&rsquo;article complet dans madmoiZelle: <a href=\"http:\/\/www.madmoizelle.com\/shreddies-lingerie-anti-prout-211274\" target=\"_blank\" rel=\"noopener\">http:\/\/www.madmoizelle.com\/shreddies-lingerie-anti-prout-211274<\/a><\/p>\n<p><img data-recalc-dims=\"1\" loading=\"lazy\" decoding=\"async\" data-attachment-id=\"2460\" data-permalink=\"https:\/\/www.altimara.eu\/blog\/2017\/09\/10\/charbon-anti-pets\/shreddies3\/\" data-orig-file=\"https:\/\/i0.wp.com\/www.altimara.eu\/blog\/wp-content\/uploads\/2017\/09\/Shreddies3.jpg?fit=620%2C378&amp;ssl=1\" data-orig-size=\"620,378\" data-comments-opened=\"1\" data-image-meta=\"{&quot;aperture&quot;:&quot;0&quot;,&quot;credit&quot;:&quot;&quot;,&quot;camera&quot;:&quot;&quot;,&quot;caption&quot;:&quot;&quot;,&quot;created_timestamp&quot;:&quot;0&quot;,&quot;copyright&quot;:&quot;&quot;,&quot;focal_length&quot;:&quot;0&quot;,&quot;iso&quot;:&quot;0&quot;,&quot;shutter_speed&quot;:&quot;0&quot;,&quot;title&quot;:&quot;&quot;,&quot;orientation&quot;:&quot;0&quot;}\" data-image-title=\"Shreddies3\" data-image-description=\"\" data-image-caption=\"\" data-large-file=\"https:\/\/i0.wp.com\/www.altimara.eu\/blog\/wp-content\/uploads\/2017\/09\/Shreddies3.jpg?fit=620%2C378&amp;ssl=1\" class=\"aligncenter size-full wp-image-2460\" src=\"https:\/\/i0.wp.com\/www.altimara.eu\/blog\/wp-content\/uploads\/2017\/09\/Shreddies3.jpg?resize=620%2C378\" alt=\"\" width=\"620\" height=\"378\" srcset=\"https:\/\/i0.wp.com\/www.altimara.eu\/blog\/wp-content\/uploads\/2017\/09\/Shreddies3.jpg?w=620&amp;ssl=1 620w, https:\/\/i0.wp.com\/www.altimara.eu\/blog\/wp-content\/uploads\/2017\/09\/Shreddies3.jpg?resize=300%2C183&amp;ssl=1 300w\" sizes=\"auto, (max-width: 620px) 100vw, 620px\" \/><\/p>\n","protected":false},"excerpt":{"rendered":"<p>Le charbon de bois est vraiment une mati\u00e8re \u00e9tonnante. Voil\u00e0 que ses qualit\u00e9s d&rsquo;absorption des gaz, que l&rsquo;on connait plut\u00f4t pour les masques \u00e0 gaz ou le filtre de la hotte de cuisine, a \u00e9t\u00e9 repris par un designer anglais pour le confort de toutes et tous. La culotte au charbon de bois lib\u00e8re du [&hellip;]<\/p>\n","protected":false},"author":3,"featured_media":0,"comment_status":"open","ping_status":"open","sticky":false,"template":"","format":"standard","meta":{"ngg_post_thumbnail":0,"jetpack_post_was_ever_published":false,"_jetpack_newsletter_access":"","_jetpack_dont_email_post_to_subs":false,"_jetpack_newsletter_tier_id":0,"_jetpack_memberships_contains_paywalled_content":false,"_jetpack_memberships_contains_paid_content":false,"footnotes":"","jetpack_publicize_message":"","jetpack_publicize_feature_enabled":true,"jetpack_social_post_already_shared":true,"jetpack_social_options":{"image_generator_settings":{"template":"highway","default_image_id":0,"font":"","enabled":false},"version":2}},"categories":[5],"tags":[34],"class_list":["post-2459","post","type-post","status-publish","format-standard","hentry","category-autre","tag-charbon-de-bois-carbon-art"],"jetpack_publicize_connections":[],"jetpack_featured_media_url":"","jetpack_shortlink":"https:\/\/wp.me\/p4r91c-DF","jetpack_sharing_enabled":true,"jetpack-related-posts":[{"id":2906,"url":"https:\/\/www.altimara.eu\/blog\/2018\/12\/21\/charbon-et-cosmetique\/","url_meta":{"origin":2459,"position":0},"title":"Charbon et cosm\u00e9tiques","author":"Martiou","date":"21 d\u00e9cembre 2018","format":false,"excerpt":"Une certaine mode envahit le monde parfum\u00e9 des cosm\u00e9tiques. Du charbon dans tous les produits, g\u00e9lules, cr\u00e8mes et autres onguents. J'ai achet\u00e9 un dentifrice qui sent bon la menthe et qui est noir. Il est \u00e9crit sur la boite que ce produit noir me rendra les dents plus blanches. Le\u2026","rel":"","context":"Dans &quot;Charbon v\u00e9g\u00e9tal&quot;","block_context":{"text":"Charbon v\u00e9g\u00e9tal","link":"https:\/\/www.altimara.eu\/blog\/category\/charbon-vegetal\/"},"img":{"alt_text":"","src":"https:\/\/i0.wp.com\/www.altimara.eu\/blog\/wp-content\/uploads\/2018\/12\/IMG_20181116_154746693.jpg?resize=350%2C200&ssl=1","width":350,"height":200,"srcset":"https:\/\/i0.wp.com\/www.altimara.eu\/blog\/wp-content\/uploads\/2018\/12\/IMG_20181116_154746693.jpg?resize=350%2C200&ssl=1 1x, https:\/\/i0.wp.com\/www.altimara.eu\/blog\/wp-content\/uploads\/2018\/12\/IMG_20181116_154746693.jpg?resize=525%2C300&ssl=1 1.5x, https:\/\/i0.wp.com\/www.altimara.eu\/blog\/wp-content\/uploads\/2018\/12\/IMG_20181116_154746693.jpg?resize=700%2C400&ssl=1 2x, https:\/\/i0.wp.com\/www.altimara.eu\/blog\/wp-content\/uploads\/2018\/12\/IMG_20181116_154746693.jpg?resize=1050%2C600&ssl=1 3x"},"classes":[]},{"id":3509,"url":"https:\/\/www.altimara.eu\/blog\/2020\/10\/31\/charbon-ecologique\/","url_meta":{"origin":2459,"position":1},"title":"Charbon \u00e9cologique","author":"Martiou","date":"31 octobre 2020","format":false,"excerpt":"Le charbon a mauvaise presse et c'est tout \u00e0 fait justifi\u00e9. L'utilisation des ressources fossiles provoque l'acc\u00e9l\u00e9ration du changement climatique et participe \u00e0 son d\u00e9r\u00e8glement. Le charbon est multiple. Il peut \u00eatre issu de terre, de bois, d'os, d'hydrocarbure, etc. Celui qui nous int\u00e9resse est d'origine v\u00e9g\u00e9tale et \u00e0 contrario\u2026","rel":"","context":"Dans &quot;Charbon v\u00e9g\u00e9tal&quot;","block_context":{"text":"Charbon v\u00e9g\u00e9tal","link":"https:\/\/www.altimara.eu\/blog\/category\/charbon-vegetal\/"},"img":{"alt_text":"","src":"https:\/\/i0.wp.com\/www.altimara.eu\/blog\/wp-content\/uploads\/2020\/10\/nuit1.jpg?resize=350%2C200&ssl=1","width":350,"height":200,"srcset":"https:\/\/i0.wp.com\/www.altimara.eu\/blog\/wp-content\/uploads\/2020\/10\/nuit1.jpg?resize=350%2C200&ssl=1 1x, https:\/\/i0.wp.com\/www.altimara.eu\/blog\/wp-content\/uploads\/2020\/10\/nuit1.jpg?resize=525%2C300&ssl=1 1.5x, https:\/\/i0.wp.com\/www.altimara.eu\/blog\/wp-content\/uploads\/2020\/10\/nuit1.jpg?resize=700%2C400&ssl=1 2x"},"classes":[]},{"id":1904,"url":"https:\/\/www.altimara.eu\/blog\/2016\/06\/21\/charbon-vegetal\/","url_meta":{"origin":2459,"position":2},"title":"Charbon v\u00e9g\u00e9tal","author":"Martiou","date":"21 juin 2016","format":false,"excerpt":"Suite \u00e0 sa mission avec la Croix Rouge \u00e0 Macenta, en Guin\u00e9e Conakry, pour la terrible \u00e9pid\u00e9mie d'Ebola, mon fils Antonin a gard\u00e9 des contacts positifs avec des acteurs de terrain guin\u00e9ens. Regroup\u00e9s dans l'association (ou ONG) COOPEDA, ils d\u00e9veloppent des programmes d\u2019autonomie \u00e9nerg\u00e9tique, dans le solaire principalement. Le charbon\u2026","rel":"","context":"Dans &quot;Charbon de bois&quot;","block_context":{"text":"Charbon de bois","link":"https:\/\/www.altimara.eu\/blog\/category\/charbon-de-bois-carbon-art\/"},"img":{"alt_text":"12039617_473223816213736_6462458700753161519_n","src":"https:\/\/i0.wp.com\/www.altimara.eu\/blog\/wp-content\/uploads\/2016\/06\/12039617_473223816213736_6462458700753161519_n.png?resize=350%2C200","width":350,"height":200},"classes":[]},{"id":2985,"url":"https:\/\/www.altimara.eu\/blog\/2019\/03\/13\/charbon-et-cosmetiques-une-reponse\/","url_meta":{"origin":2459,"position":3},"title":"Charbon et cosm\u00e9tiques&#8230;une r\u00e9ponse","author":"Martiou","date":"13 mars 2019","format":false,"excerpt":"Dans l'article du 21 d\u00e9cembre 2018 j'indiquais que j'avais pos\u00e9 une question* \u00e0 un fabricant de produits cosm\u00e9tiques... et j'ai eu une r\u00e9ponse. Je m\u2019interrogeais sur le fait que la charbon actif est par d\u00e9finition tr\u00e8s absorbant, il est utilis\u00e9 dans de nombreux filtres, alors comment se fait il qu'il\u2026","rel":"","context":"Dans &quot;Non class\u00e9&quot;","block_context":{"text":"Non class\u00e9","link":"https:\/\/www.altimara.eu\/blog\/category\/non-classe\/"},"img":{"alt_text":"","src":"https:\/\/i0.wp.com\/www.altimara.eu\/blog\/wp-content\/uploads\/2018\/12\/IMG_20181116_154746693-300x169.jpg?resize=350%2C200","width":350,"height":200},"classes":[]},{"id":3594,"url":"https:\/\/www.altimara.eu\/blog\/2021\/03\/19\/fin-dhiver\/","url_meta":{"origin":2459,"position":4},"title":"Fin d&rsquo;hiver","author":"Martiou","date":"19 mars 2021","format":false,"excerpt":"De nombreux travaux au Jardin et \u00e0 l'atelier. La taille des olivier donne un bon volume de v\u00e9g\u00e9tal a carboniser. C'est une piste int\u00e9ressante pour tous les exploitants d'olivettes (oliveraies) pour valoriser leurs d\u00e9chets. Cuissons au Jardin de Fontan\u00e8s avec le four n\u00b01, le plus ancien, retap\u00e9 pour l'occasion. L'autre\u2026","rel":"","context":"Dans &quot;biochar&quot;","block_context":{"text":"biochar","link":"https:\/\/www.altimara.eu\/blog\/category\/charbon-vegetal\/biochar\/"},"img":{"alt_text":"","src":"https:\/\/i0.wp.com\/www.altimara.eu\/blog\/wp-content\/uploads\/2021\/03\/IMG_20210316_154021-scaled.jpg?resize=350%2C200&ssl=1","width":350,"height":200,"srcset":"https:\/\/i0.wp.com\/www.altimara.eu\/blog\/wp-content\/uploads\/2021\/03\/IMG_20210316_154021-scaled.jpg?resize=350%2C200&ssl=1 1x, https:\/\/i0.wp.com\/www.altimara.eu\/blog\/wp-content\/uploads\/2021\/03\/IMG_20210316_154021-scaled.jpg?resize=525%2C300&ssl=1 1.5x, https:\/\/i0.wp.com\/www.altimara.eu\/blog\/wp-content\/uploads\/2021\/03\/IMG_20210316_154021-scaled.jpg?resize=700%2C400&ssl=1 2x, https:\/\/i0.wp.com\/www.altimara.eu\/blog\/wp-content\/uploads\/2021\/03\/IMG_20210316_154021-scaled.jpg?resize=1050%2C600&ssl=1 3x, https:\/\/i0.wp.com\/www.altimara.eu\/blog\/wp-content\/uploads\/2021\/03\/IMG_20210316_154021-scaled.jpg?resize=1400%2C800&ssl=1 4x"},"classes":[]},{"id":2582,"url":"https:\/\/www.altimara.eu\/blog\/2017\/12\/27\/makala-le-film-noir\/","url_meta":{"origin":2459,"position":5},"title":"MAKALA, le film noir","author":"Martiou","date":"27 d\u00e9cembre 2017","format":false,"excerpt":"J'ai vu le film MAKALA (charbon de bois en swahili), qui est actuellement en salle. Il d\u00e9crit l'histoire d'un jeune Congolais qui fabrique son charbon de bois et va le vendre en ville. Un charbonnier en \"vedette\", film remarqu\u00e9 \u00e0 Cannes, \u00e0 priori cela a sa place dans mon blog.\u2026","rel":"","context":"Dans &quot;Charbon de bois&quot;","block_context":{"text":"Charbon de bois","link":"https:\/\/www.altimara.eu\/blog\/category\/charbon-de-bois-carbon-art\/"},"img":{"alt_text":"","src":"https:\/\/i0.wp.com\/www.altimara.eu\/blog\/wp-content\/uploads\/2017\/12\/Capture-d%E2%80%99e%CC%81cran-2017-12-27-a%CC%80-12.10.56-225x300.png?resize=350%2C200","width":350,"height":200},"classes":[]}],"_links":{"self":[{"href":"https:\/\/www.altimara.eu\/blog\/wp-json\/wp\/v2\/posts\/2459","targetHints":{"allow":["GET"]}}],"collection":[{"href":"https:\/\/www.altimara.eu\/blog\/wp-json\/wp\/v2\/posts"}],"about":[{"href":"https:\/\/www.altimara.eu\/blog\/wp-json\/wp\/v2\/types\/post"}],"author":[{"embeddable":true,"href":"https:\/\/www.altimara.eu\/blog\/wp-json\/wp\/v2\/users\/3"}],"replies":[{"embeddable":true,"href":"https:\/\/www.altimara.eu\/blog\/wp-json\/wp\/v2\/comments?post=2459"}],"version-history":[{"count":0,"href":"https:\/\/www.altimara.eu\/blog\/wp-json\/wp\/v2\/posts\/2459\/revisions"}],"wp:attachment":[{"href":"https:\/\/www.altimara.eu\/blog\/wp-json\/wp\/v2\/media?parent=2459"}],"wp:term":[{"taxonomy":"category","embeddable":true,"href":"https:\/\/www.altimara.eu\/blog\/wp-json\/wp\/v2\/categories?post=2459"},{"taxonomy":"post_tag","embeddable":true,"href":"https:\/\/www.altimara.eu\/blog\/wp-json\/wp\/v2\/tags?post=2459"}],"curies":[{"name":"wp","href":"https:\/\/api.w.org\/{rel}","templated":true}]}}