{"id":2345,"date":"2017-06-14T22:44:07","date_gmt":"2017-06-14T21:44:07","guid":{"rendered":"https:\/\/www.altimara.eu\/blog\/?p=2345"},"modified":"2017-06-14T22:46:21","modified_gmt":"2017-06-14T21:46:21","slug":"ecochar-3","status":"publish","type":"post","link":"https:\/\/www.altimara.eu\/blog\/2017\/06\/14\/ecochar-3\/","title":{"rendered":"\u00c9COCHAR"},"content":{"rendered":"<p>Le projet de fabrication de briquettes de charbon v\u00e9g\u00e9tal en Guin\u00e9e est sur les rails. Une \u00e9quipe se charge de la production \u00e0 Macenta (rappel, c&rsquo;est l\u00e0 que l&rsquo;\u00e9pid\u00e9mie \u00e9bola avait commenc\u00e9&#8230;) Un deuxi\u00e8me four est en construction.<\/p>\n<p>Dans cette premi\u00e8re phase, la recherche de qualit\u00e9 des briquettes est l&rsquo;objectif. Il faut qu&rsquo;elles soient nettement plus performante que le charbon de bois local pour \u00e9veiller de l&rsquo;int\u00e9r\u00eat des utilisateurs, les cuisini\u00e8res en g\u00e9n\u00e9ral.<\/p>\n<p>Les tests donnent de bons r\u00e9sultats. \u00c9bullition en 30&prime; de l&rsquo;eau. Satisfaisant mais a am\u00e9liorer.<\/p>\n<p>Avis: <em>les dons et aides financi\u00e8res sont bienvenus pour ce projet.<\/em><\/p>\n<p><img data-recalc-dims=\"1\" loading=\"lazy\" decoding=\"async\" data-attachment-id=\"2346\" data-permalink=\"https:\/\/www.altimara.eu\/blog\/2017\/06\/14\/ecochar-3\/received_1054974144634085\/\" data-orig-file=\"https:\/\/i0.wp.com\/www.altimara.eu\/blog\/wp-content\/uploads\/2017\/06\/received_1054974144634085.jpeg?fit=2048%2C1536&amp;ssl=1\" data-orig-size=\"2048,1536\" data-comments-opened=\"1\" data-image-meta=\"{&quot;aperture&quot;:&quot;0&quot;,&quot;credit&quot;:&quot;&quot;,&quot;camera&quot;:&quot;&quot;,&quot;caption&quot;:&quot;&quot;,&quot;created_timestamp&quot;:&quot;0&quot;,&quot;copyright&quot;:&quot;&quot;,&quot;focal_length&quot;:&quot;0&quot;,&quot;iso&quot;:&quot;0&quot;,&quot;shutter_speed&quot;:&quot;0&quot;,&quot;title&quot;:&quot;&quot;,&quot;orientation&quot;:&quot;0&quot;}\" data-image-title=\"received_1054974144634085\" data-image-description=\"\" data-image-caption=\"\" data-large-file=\"https:\/\/i0.wp.com\/www.altimara.eu\/blog\/wp-content\/uploads\/2017\/06\/received_1054974144634085.jpeg?fit=627%2C470&amp;ssl=1\" class=\"aligncenter size-large wp-image-2346\" src=\"https:\/\/i0.wp.com\/www.altimara.eu\/blog\/wp-content\/uploads\/2017\/06\/received_1054974144634085-1024x768.jpeg?resize=627%2C470\" alt=\"\" width=\"627\" height=\"470\" srcset=\"https:\/\/i0.wp.com\/www.altimara.eu\/blog\/wp-content\/uploads\/2017\/06\/received_1054974144634085.jpeg?resize=1024%2C768&amp;ssl=1 1024w, https:\/\/i0.wp.com\/www.altimara.eu\/blog\/wp-content\/uploads\/2017\/06\/received_1054974144634085.jpeg?resize=300%2C225&amp;ssl=1 300w, https:\/\/i0.wp.com\/www.altimara.eu\/blog\/wp-content\/uploads\/2017\/06\/received_1054974144634085.jpeg?resize=768%2C576&amp;ssl=1 768w, https:\/\/i0.wp.com\/www.altimara.eu\/blog\/wp-content\/uploads\/2017\/06\/received_1054974144634085.jpeg?w=2048&amp;ssl=1 2048w, https:\/\/i0.wp.com\/www.altimara.eu\/blog\/wp-content\/uploads\/2017\/06\/received_1054974144634085.jpeg?w=1254&amp;ssl=1 1254w, https:\/\/i0.wp.com\/www.altimara.eu\/blog\/wp-content\/uploads\/2017\/06\/received_1054974144634085.jpeg?w=1881&amp;ssl=1 1881w\" sizes=\"auto, (max-width: 627px) 100vw, 627px\" \/><\/p>\n<p>&nbsp;<\/p>\n<p><img data-recalc-dims=\"1\" loading=\"lazy\" decoding=\"async\" data-attachment-id=\"2347\" data-permalink=\"https:\/\/www.altimara.eu\/blog\/2017\/06\/14\/ecochar-3\/received_1054971764634323\/\" data-orig-file=\"https:\/\/i0.wp.com\/www.altimara.eu\/blog\/wp-content\/uploads\/2017\/06\/received_1054971764634323.jpeg?fit=2048%2C1536&amp;ssl=1\" data-orig-size=\"2048,1536\" data-comments-opened=\"1\" data-image-meta=\"{&quot;aperture&quot;:&quot;0&quot;,&quot;credit&quot;:&quot;&quot;,&quot;camera&quot;:&quot;&quot;,&quot;caption&quot;:&quot;&quot;,&quot;created_timestamp&quot;:&quot;0&quot;,&quot;copyright&quot;:&quot;&quot;,&quot;focal_length&quot;:&quot;0&quot;,&quot;iso&quot;:&quot;0&quot;,&quot;shutter_speed&quot;:&quot;0&quot;,&quot;title&quot;:&quot;&quot;,&quot;orientation&quot;:&quot;0&quot;}\" data-image-title=\"received_1054971764634323\" data-image-description=\"\" data-image-caption=\"\" data-large-file=\"https:\/\/i0.wp.com\/www.altimara.eu\/blog\/wp-content\/uploads\/2017\/06\/received_1054971764634323.jpeg?fit=627%2C470&amp;ssl=1\" class=\"aligncenter size-large wp-image-2347\" src=\"https:\/\/i0.wp.com\/www.altimara.eu\/blog\/wp-content\/uploads\/2017\/06\/received_1054971764634323-1024x768.jpeg?resize=627%2C470\" alt=\"\" width=\"627\" height=\"470\" srcset=\"https:\/\/i0.wp.com\/www.altimara.eu\/blog\/wp-content\/uploads\/2017\/06\/received_1054971764634323.jpeg?resize=1024%2C768&amp;ssl=1 1024w, https:\/\/i0.wp.com\/www.altimara.eu\/blog\/wp-content\/uploads\/2017\/06\/received_1054971764634323.jpeg?resize=300%2C225&amp;ssl=1 300w, https:\/\/i0.wp.com\/www.altimara.eu\/blog\/wp-content\/uploads\/2017\/06\/received_1054971764634323.jpeg?resize=768%2C576&amp;ssl=1 768w, https:\/\/i0.wp.com\/www.altimara.eu\/blog\/wp-content\/uploads\/2017\/06\/received_1054971764634323.jpeg?w=2048&amp;ssl=1 2048w, https:\/\/i0.wp.com\/www.altimara.eu\/blog\/wp-content\/uploads\/2017\/06\/received_1054971764634323.jpeg?w=1254&amp;ssl=1 1254w, https:\/\/i0.wp.com\/www.altimara.eu\/blog\/wp-content\/uploads\/2017\/06\/received_1054971764634323.jpeg?w=1881&amp;ssl=1 1881w\" sizes=\"auto, (max-width: 627px) 100vw, 627px\" \/><\/p>\n","protected":false},"excerpt":{"rendered":"<p>Le projet de fabrication de briquettes de charbon v\u00e9g\u00e9tal en Guin\u00e9e est sur les rails. Une \u00e9quipe se charge de la production \u00e0 Macenta (rappel, c&rsquo;est l\u00e0 que l&rsquo;\u00e9pid\u00e9mie \u00e9bola avait commenc\u00e9&#8230;) Un deuxi\u00e8me four est en construction. Dans cette premi\u00e8re phase, la recherche de qualit\u00e9 des briquettes est l&rsquo;objectif. Il faut qu&rsquo;elles soient nettement [&hellip;]<\/p>\n","protected":false},"author":3,"featured_media":0,"comment_status":"open","ping_status":"open","sticky":false,"template":"","format":"standard","meta":{"ngg_post_thumbnail":0,"jetpack_post_was_ever_published":false,"_jetpack_newsletter_access":"","_jetpack_dont_email_post_to_subs":false,"_jetpack_newsletter_tier_id":0,"_jetpack_memberships_contains_paywalled_content":false,"_jetpack_memberships_contains_paid_content":false,"footnotes":"","jetpack_publicize_message":"","jetpack_publicize_feature_enabled":true,"jetpack_social_post_already_shared":true,"jetpack_social_options":{"image_generator_settings":{"template":"highway","default_image_id":0,"font":"","enabled":false},"version":2}},"categories":[86,72,110],"tags":[93,121],"class_list":["post-2345","post","type-post","status-publish","format-standard","hentry","category-charbon-vegetal","category-charbonnier-du-monde","category-ecochar","tag-biochar","tag-briquette"],"jetpack_publicize_connections":[],"jetpack_featured_media_url":"","jetpack_shortlink":"https:\/\/wp.me\/p4r91c-BP","jetpack_sharing_enabled":true,"jetpack-related-posts":[{"id":3280,"url":"https:\/\/www.altimara.eu\/blog\/2020\/02\/08\/ecochar-4\/","url_meta":{"origin":2345,"position":0},"title":"\u00c9cochar","author":"Martiou","date":"8 f\u00e9vrier 2020","format":false,"excerpt":"La production de briquettes de charbon, dites \u00e9cochar, \u00e0 partir de sous produits v\u00e9g\u00e9taux doit \u00eatre consid\u00e9r\u00e9e comme une alternative \u00e9cologique. Un charbon \u00e9colo Notre action premi\u00e8re a \u00e9t\u00e9 de nous int\u00e9resser aux probl\u00e9matiques de l'acc\u00e8s \u00e0 une \u00e9nergie domestique pour les populations vuln\u00e9rables qui utilisent quotidiennement du charbon de\u2026","rel":"","context":"Dans &quot;Charbon v\u00e9g\u00e9tal&quot;","block_context":{"text":"Charbon v\u00e9g\u00e9tal","link":"https:\/\/www.altimara.eu\/blog\/category\/charbon-vegetal\/"},"img":{"alt_text":"","src":"https:\/\/i0.wp.com\/www.altimara.eu\/blog\/wp-content\/uploads\/2020\/02\/DSCF1768-2.jpg?resize=350%2C200&ssl=1","width":350,"height":200,"srcset":"https:\/\/i0.wp.com\/www.altimara.eu\/blog\/wp-content\/uploads\/2020\/02\/DSCF1768-2.jpg?resize=350%2C200&ssl=1 1x, https:\/\/i0.wp.com\/www.altimara.eu\/blog\/wp-content\/uploads\/2020\/02\/DSCF1768-2.jpg?resize=525%2C300&ssl=1 1.5x, https:\/\/i0.wp.com\/www.altimara.eu\/blog\/wp-content\/uploads\/2020\/02\/DSCF1768-2.jpg?resize=700%2C400&ssl=1 2x"},"classes":[]},{"id":3300,"url":"https:\/\/www.altimara.eu\/blog\/2020\/03\/11\/dechets-vegetaux\/","url_meta":{"origin":2345,"position":1},"title":"D\u00e9chets v\u00e9g\u00e9taux","author":"Martiou","date":"11 mars 2020","format":false,"excerpt":"A la sortie de l'hiver, la taille des haies et le nettoyage des jardins vont produire un grand volume de d\u00e9chets v\u00e9g\u00e9taux. Le brulage de ces v\u00e9g\u00e9taux est aujourd'hui tr\u00e8s r\u00e9glement\u00e9 et interdit dans la plupart des cas. Les p\u00e9riodes autoris\u00e9es sont tr\u00e8s courtes et totalement prohib\u00e9es en \u00e9t\u00e9. La\u2026","rel":"","context":"Dans &quot;Charbon v\u00e9g\u00e9tal&quot;","block_context":{"text":"Charbon v\u00e9g\u00e9tal","link":"https:\/\/www.altimara.eu\/blog\/category\/charbon-vegetal\/"},"img":{"alt_text":"","src":"https:\/\/i0.wp.com\/www.altimara.eu\/blog\/wp-content\/uploads\/2020\/03\/Charbonnier-Martial-Acquarone-2.jpg?resize=350%2C200&ssl=1","width":350,"height":200,"srcset":"https:\/\/i0.wp.com\/www.altimara.eu\/blog\/wp-content\/uploads\/2020\/03\/Charbonnier-Martial-Acquarone-2.jpg?resize=350%2C200&ssl=1 1x, https:\/\/i0.wp.com\/www.altimara.eu\/blog\/wp-content\/uploads\/2020\/03\/Charbonnier-Martial-Acquarone-2.jpg?resize=525%2C300&ssl=1 1.5x, https:\/\/i0.wp.com\/www.altimara.eu\/blog\/wp-content\/uploads\/2020\/03\/Charbonnier-Martial-Acquarone-2.jpg?resize=700%2C400&ssl=1 2x"},"classes":[]},{"id":2153,"url":"https:\/\/www.altimara.eu\/blog\/2016\/12\/19\/ecochar\/","url_meta":{"origin":2345,"position":2},"title":"\u00c9cochar","author":"Martiou","date":"19 d\u00e9cembre 2016","format":false,"excerpt":"Les galettes de charbon v\u00e9g\u00e9tal reconstitu\u00e9es ont un nom de code: \u00e9cochar. Ce proc\u00e9d\u00e9 qui consiste a agglom\u00e9rer de la poudre de restes de v\u00e9g\u00e9taux carbonis\u00e9 (feuilles, brindilles et autres laiss\u00e9s de coupes) donne des galettes ou briquettes de charbon. \u00a0 Avec l'ONG COOPDEA, je travaille comme conseiller technique pour\u2026","rel":"","context":"Dans &quot;Charbon v\u00e9g\u00e9tal&quot;","block_context":{"text":"Charbon v\u00e9g\u00e9tal","link":"https:\/\/www.altimara.eu\/blog\/category\/charbon-vegetal\/"},"img":{"alt_text":"","src":"https:\/\/i0.wp.com\/www.altimara.eu\/blog\/wp-content\/uploads\/2016\/12\/MAR1464.jpg?resize=350%2C200","width":350,"height":200,"srcset":"https:\/\/i0.wp.com\/www.altimara.eu\/blog\/wp-content\/uploads\/2016\/12\/MAR1464.jpg?resize=350%2C200 1x, https:\/\/i0.wp.com\/www.altimara.eu\/blog\/wp-content\/uploads\/2016\/12\/MAR1464.jpg?resize=525%2C300 1.5x, https:\/\/i0.wp.com\/www.altimara.eu\/blog\/wp-content\/uploads\/2016\/12\/MAR1464.jpg?resize=700%2C400 2x"},"classes":[]},{"id":2394,"url":"https:\/\/www.altimara.eu\/blog\/2017\/08\/04\/ecochar-guinee-cest-parti\/","url_meta":{"origin":2345,"position":3},"title":"\u00c9cochar Guin\u00e9e c&rsquo;est parti","author":"Martiou","date":"4 ao\u00fbt 2017","format":false,"excerpt":"Beau travail \u00e0 Macenta, dans l'est de la Guin\u00e9e Conakry, o\u00f9 mon fils Antonin a rejoint le groupe de travail \u00e9cochar. Le syst\u00e8me du four \u00e0 r\u00e9cup\u00e9ration des gaz a \u00e9t\u00e9 rapidement remani\u00e9 avec plusieurs am\u00e9liorations. Doublage du grand tonneau, avec une t\u00f4le \u00e0 l'int\u00e9rieur o\u00f9 le vide laiss\u00e9 et\u2026","rel":"","context":"Dans &quot;Charbon v\u00e9g\u00e9tal&quot;","block_context":{"text":"Charbon v\u00e9g\u00e9tal","link":"https:\/\/www.altimara.eu\/blog\/category\/charbon-vegetal\/"},"img":{"alt_text":"","src":"https:\/\/i0.wp.com\/www.altimara.eu\/blog\/wp-content\/uploads\/2017\/08\/received_535668743431542-1024x768.jpeg?resize=350%2C200","width":350,"height":200,"srcset":"https:\/\/i0.wp.com\/www.altimara.eu\/blog\/wp-content\/uploads\/2017\/08\/received_535668743431542-1024x768.jpeg?resize=350%2C200 1x, https:\/\/i0.wp.com\/www.altimara.eu\/blog\/wp-content\/uploads\/2017\/08\/received_535668743431542-1024x768.jpeg?resize=525%2C300 1.5x"},"classes":[]},{"id":2441,"url":"https:\/\/www.altimara.eu\/blog\/2017\/08\/27\/ecochar-congo\/","url_meta":{"origin":2345,"position":4},"title":"\u00c9cochar Congo","author":"Martiou","date":"27 ao\u00fbt 2017","format":false,"excerpt":"Un nouveau lieu de fabrication de briquettes de charbon, l'\u00e9cochar, \u00e0 Kinshasa au Congo. Une \u00e9quipe est en train de se former et une cuisson exp\u00e9rimentale a d\u00e9j\u00e0 eu lieu. Le charbon v\u00e9g\u00e9tal c'est comme le bon alcool, il faut le faire dans un tonneau. Sauf que celui l\u00e0 est\u2026","rel":"","context":"Dans &quot;Charbon v\u00e9g\u00e9tal&quot;","block_context":{"text":"Charbon v\u00e9g\u00e9tal","link":"https:\/\/www.altimara.eu\/blog\/category\/charbon-vegetal\/"},"img":{"alt_text":"","src":"https:\/\/i0.wp.com\/www.altimara.eu\/blog\/wp-content\/uploads\/2017\/08\/received_547693098895773-225x300.jpg?resize=350%2C200","width":350,"height":200},"classes":[]},{"id":2355,"url":"https:\/\/www.altimara.eu\/blog\/2017\/07\/04\/lupin-ecochar\/","url_meta":{"origin":2345,"position":5},"title":"Lupin \u00e9cochar","author":"Martiou","date":"4 juillet 2017","format":false,"excerpt":"L\u00fap\u00edna l\u00fdst \u00fatl\u00e6g \u00far vistkerfi Austfjar\u00f0a me\u00f0 hj\u00e1lp \u00edb\u00faa La lutte contre l'envahissement des lupins se d\u00e9veloppe. Un article du journal \"Frettabla\u00f0i\u00f0\" parle de l'action d'un environnementaliste islandaise, Anna Berg, qui demande \u00e0 la population de passer \u00e0 l'action contre les lupins. Les lupins, plantes invasives, d\u00e9truisent l'\u00e9cosyst\u00e8me original. Les\u2026","rel":"","context":"Dans &quot;3 Charbon de bois Islande&quot;","block_context":{"text":"3 Charbon de bois Islande","link":"https:\/\/www.altimara.eu\/blog\/category\/charbon-de-bois-islande\/"},"img":{"alt_text":"","src":"https:\/\/i0.wp.com\/www.altimara.eu\/blog\/wp-content\/uploads\/2017\/07\/article-lupin-1024x976.jpg?resize=350%2C200","width":350,"height":200,"srcset":"https:\/\/i0.wp.com\/www.altimara.eu\/blog\/wp-content\/uploads\/2017\/07\/article-lupin-1024x976.jpg?resize=350%2C200 1x, https:\/\/i0.wp.com\/www.altimara.eu\/blog\/wp-content\/uploads\/2017\/07\/article-lupin-1024x976.jpg?resize=525%2C300 1.5x"},"classes":[]}],"_links":{"self":[{"href":"https:\/\/www.altimara.eu\/blog\/wp-json\/wp\/v2\/posts\/2345","targetHints":{"allow":["GET"]}}],"collection":[{"href":"https:\/\/www.altimara.eu\/blog\/wp-json\/wp\/v2\/posts"}],"about":[{"href":"https:\/\/www.altimara.eu\/blog\/wp-json\/wp\/v2\/types\/post"}],"author":[{"embeddable":true,"href":"https:\/\/www.altimara.eu\/blog\/wp-json\/wp\/v2\/users\/3"}],"replies":[{"embeddable":true,"href":"https:\/\/www.altimara.eu\/blog\/wp-json\/wp\/v2\/comments?post=2345"}],"version-history":[{"count":0,"href":"https:\/\/www.altimara.eu\/blog\/wp-json\/wp\/v2\/posts\/2345\/revisions"}],"wp:attachment":[{"href":"https:\/\/www.altimara.eu\/blog\/wp-json\/wp\/v2\/media?parent=2345"}],"wp:term":[{"taxonomy":"category","embeddable":true,"href":"https:\/\/www.altimara.eu\/blog\/wp-json\/wp\/v2\/categories?post=2345"},{"taxonomy":"post_tag","embeddable":true,"href":"https:\/\/www.altimara.eu\/blog\/wp-json\/wp\/v2\/tags?post=2345"}],"curies":[{"name":"wp","href":"https:\/\/api.w.org\/{rel}","templated":true}]}}