{"id":2310,"date":"2017-04-23T21:21:25","date_gmt":"2017-04-23T20:21:25","guid":{"rendered":"https:\/\/www.altimara.eu\/blog\/?p=2310"},"modified":"2017-04-23T21:23:26","modified_gmt":"2017-04-23T20:23:26","slug":"fonderie-au-charbon-de-bois","status":"publish","type":"post","link":"https:\/\/www.altimara.eu\/blog\/2017\/04\/23\/fonderie-au-charbon-de-bois\/","title":{"rendered":"Fonderie au charbon de bois"},"content":{"rendered":"<p>Pour la construction d&rsquo;un moteur Sterling, moteur \u00e0 air chaud ou \u00e0 \u00e9nergie ext\u00e9rieure, nous avons besoin de pi\u00e8ces \u00e0 r\u00e9aliser avec une fonderie maison. Le m\u00e9tal utilis\u00e9 est de l&rsquo;aluminium, qui a un point de fusion assez bas \u00e0 partir de 700\u00b0.<\/p>\n<p>Nous avons tout simplement fabriqu\u00e9 un foyer en pl\u00e2tre dans lequel le charbon de bois est allum\u00e9. Une soufflerie externe entretien la cuisson. Un creuset en fer est plac\u00e9 au centre et dans lequel des morceaux d&rsquo;alu sont d\u00e9pos\u00e9s. La haute temp\u00e9rature provoque rapidement la fusion du m\u00e9tal. \u00ab\u00a0Reste\u00a0\u00bb, op\u00e9ration un peu d\u00e9licate, a verser le m\u00e9tal fondu dans le moule.<\/p>\n<p>le charbon de bois convient tr\u00e8s bien. Issu d&rsquo;une de mes charbonni\u00e8res, son haut taux de carbone donne la temp\u00e9rature voulue ainsi qu&rsquo;une bonne tenue dans le temps.<\/p>\n<p><img data-recalc-dims=\"1\" loading=\"lazy\" decoding=\"async\" data-attachment-id=\"2311\" data-permalink=\"https:\/\/www.altimara.eu\/blog\/2017\/04\/23\/fonderie-au-charbon-de-bois\/img_20170421_181512965_hdr\/\" data-orig-file=\"https:\/\/i0.wp.com\/www.altimara.eu\/blog\/wp-content\/uploads\/2017\/04\/IMG_20170421_181512965_HDR.jpg?fit=2340%2C4160&amp;ssl=1\" data-orig-size=\"2340,4160\" data-comments-opened=\"1\" data-image-meta=\"{&quot;aperture&quot;:&quot;2&quot;,&quot;credit&quot;:&quot;&quot;,&quot;camera&quot;:&quot;MotoG3&quot;,&quot;caption&quot;:&quot;&quot;,&quot;created_timestamp&quot;:&quot;1492798513&quot;,&quot;copyright&quot;:&quot;&quot;,&quot;focal_length&quot;:&quot;3.64&quot;,&quot;iso&quot;:&quot;64&quot;,&quot;shutter_speed&quot;:&quot;0.030009999896908&quot;,&quot;title&quot;:&quot;&quot;,&quot;orientation&quot;:&quot;1&quot;}\" data-image-title=\"IMG_20170421_181512965_HDR\" data-image-description=\"\" data-image-caption=\"\" data-large-file=\"https:\/\/i0.wp.com\/www.altimara.eu\/blog\/wp-content\/uploads\/2017\/04\/IMG_20170421_181512965_HDR.jpg?fit=576%2C1024&amp;ssl=1\" class=\"aligncenter size-large wp-image-2311\" src=\"https:\/\/i0.wp.com\/www.altimara.eu\/blog\/wp-content\/uploads\/2017\/04\/IMG_20170421_181512965_HDR-576x1024.jpg?resize=576%2C1024\" alt=\"\" height=\"1024\" width=\"576\" srcset=\"https:\/\/i0.wp.com\/www.altimara.eu\/blog\/wp-content\/uploads\/2017\/04\/IMG_20170421_181512965_HDR.jpg?resize=576%2C1024&amp;ssl=1 576w, https:\/\/i0.wp.com\/www.altimara.eu\/blog\/wp-content\/uploads\/2017\/04\/IMG_20170421_181512965_HDR.jpg?resize=169%2C300&amp;ssl=1 169w, https:\/\/i0.wp.com\/www.altimara.eu\/blog\/wp-content\/uploads\/2017\/04\/IMG_20170421_181512965_HDR.jpg?resize=768%2C1365&amp;ssl=1 768w, https:\/\/i0.wp.com\/www.altimara.eu\/blog\/wp-content\/uploads\/2017\/04\/IMG_20170421_181512965_HDR.jpg?w=1254&amp;ssl=1 1254w, https:\/\/i0.wp.com\/www.altimara.eu\/blog\/wp-content\/uploads\/2017\/04\/IMG_20170421_181512965_HDR.jpg?w=1881&amp;ssl=1 1881w\" sizes=\"auto, (max-width: 576px) 100vw, 576px\" \/><\/p>\n","protected":false},"excerpt":{"rendered":"<p>Pour la construction d&rsquo;un moteur Sterling, moteur \u00e0 air chaud ou \u00e0 \u00e9nergie ext\u00e9rieure, nous avons besoin de pi\u00e8ces \u00e0 r\u00e9aliser avec une fonderie maison. Le m\u00e9tal utilis\u00e9 est de l&rsquo;aluminium, qui a un point de fusion assez bas \u00e0 partir de 700\u00b0. Nous avons tout simplement fabriqu\u00e9 un foyer en pl\u00e2tre dans lequel le [&hellip;]<\/p>\n","protected":false},"author":3,"featured_media":0,"comment_status":"open","ping_status":"open","sticky":false,"template":"","format":"standard","meta":{"ngg_post_thumbnail":0,"jetpack_post_was_ever_published":false,"_jetpack_newsletter_access":"","_jetpack_dont_email_post_to_subs":false,"_jetpack_newsletter_tier_id":0,"_jetpack_memberships_contains_paywalled_content":false,"_jetpack_memberships_contains_paid_content":false,"footnotes":"","jetpack_publicize_message":"","jetpack_publicize_feature_enabled":true,"jetpack_social_post_already_shared":true,"jetpack_social_options":{"image_generator_settings":{"template":"highway","default_image_id":0,"font":"","enabled":false},"version":2}},"categories":[5,6],"tags":[34],"class_list":["post-2310","post","type-post","status-publish","format-standard","hentry","category-autre","category-charbon-de-bois-carbon-art","tag-charbon-de-bois-carbon-art"],"jetpack_publicize_connections":[],"jetpack_featured_media_url":"","jetpack_shortlink":"https:\/\/wp.me\/p4r91c-Bg","jetpack_sharing_enabled":true,"jetpack-related-posts":[{"id":3909,"url":"https:\/\/www.altimara.eu\/blog\/2022\/07\/17\/charbonnieres-chez-jean-2\/","url_meta":{"origin":2310,"position":0},"title":"Charbonni\u00e8res chez Jean -2","author":"Martiou","date":"17 juillet 2022","format":false,"excerpt":"LES M\u00c9TALLURGISTES. Tout ce beau et bon charbon de bois est utilis\u00e9 par les m\u00e9tallurgistes. Ceux-ci, au gr\u00e8s des envies, pratiquent la r\u00e9duction, le coulage et autres dans des bas fourneaux ou des foyers puissamment aliment\u00e9s en charbon et ventilation. Coulage du bronze. La m\u00e9tallurgie est la base avant la\u2026","rel":"","context":"Dans &quot;Charbon de bois&quot;","block_context":{"text":"Charbon de bois","link":"https:\/\/www.altimara.eu\/blog\/category\/charbon-de-bois-carbon-art\/"},"img":{"alt_text":"","src":"https:\/\/i0.wp.com\/www.altimara.eu\/blog\/wp-content\/uploads\/2022\/06\/MAR9190.jpg?resize=350%2C200&ssl=1","width":350,"height":200,"srcset":"https:\/\/i0.wp.com\/www.altimara.eu\/blog\/wp-content\/uploads\/2022\/06\/MAR9190.jpg?resize=350%2C200&ssl=1 1x, https:\/\/i0.wp.com\/www.altimara.eu\/blog\/wp-content\/uploads\/2022\/06\/MAR9190.jpg?resize=525%2C300&ssl=1 1.5x, https:\/\/i0.wp.com\/www.altimara.eu\/blog\/wp-content\/uploads\/2022\/06\/MAR9190.jpg?resize=700%2C400&ssl=1 2x, https:\/\/i0.wp.com\/www.altimara.eu\/blog\/wp-content\/uploads\/2022\/06\/MAR9190.jpg?resize=1050%2C600&ssl=1 3x, https:\/\/i0.wp.com\/www.altimara.eu\/blog\/wp-content\/uploads\/2022\/06\/MAR9190.jpg?resize=1400%2C800&ssl=1 4x"},"classes":[]},{"id":3716,"url":"https:\/\/www.altimara.eu\/blog\/2021\/10\/02\/charbonniere-hollandaise\/","url_meta":{"origin":2310,"position":1},"title":"Charbonni\u00e8re Hollandaise","author":"Martiou","date":"2 octobre 2021","format":false,"excerpt":"Adrien, un m\u00e9tallurgiste rencontr\u00e9 chez Jean en Ard\u00e8che, m'a invit\u00e9 \u00e0 une rencontre de charbonniers-\u00e8res en....Hollande. Dans la petite ville de Ulft, qui a un pass\u00e9 de fonderie, un symposium sur la m\u00e9tallurgie aura lieu fin Octobre. Les charbonniers nous seront en amont \u00e0 partir du 15 octobre. Au programme,\u2026","rel":"","context":"Dans &quot;Charbon de bois&quot;","block_context":{"text":"Charbon de bois","link":"https:\/\/www.altimara.eu\/blog\/category\/charbon-de-bois-carbon-art\/"},"img":{"alt_text":"","src":"https:\/\/i0.wp.com\/www.altimara.eu\/blog\/wp-content\/uploads\/2021\/10\/Capture-de%CC%81cran-2021-10-02-a%CC%80-14.16.18.jpg?resize=350%2C200&ssl=1","width":350,"height":200,"srcset":"https:\/\/i0.wp.com\/www.altimara.eu\/blog\/wp-content\/uploads\/2021\/10\/Capture-de%CC%81cran-2021-10-02-a%CC%80-14.16.18.jpg?resize=350%2C200&ssl=1 1x, https:\/\/i0.wp.com\/www.altimara.eu\/blog\/wp-content\/uploads\/2021\/10\/Capture-de%CC%81cran-2021-10-02-a%CC%80-14.16.18.jpg?resize=525%2C300&ssl=1 1.5x, https:\/\/i0.wp.com\/www.altimara.eu\/blog\/wp-content\/uploads\/2021\/10\/Capture-de%CC%81cran-2021-10-02-a%CC%80-14.16.18.jpg?resize=700%2C400&ssl=1 2x"},"classes":[]},{"id":2756,"url":"https:\/\/www.altimara.eu\/blog\/2018\/04\/22\/chez-jean-lardechois-2\/","url_meta":{"origin":2310,"position":2},"title":"Chez Jean l&rsquo;Ard\u00e9chois","author":"Martiou","date":"22 avril 2018","format":false,"excerpt":"CHARBONNI\u00c8RE EN F\u00caTE. 28 avril au 8 mai Nous nous retrouverons au beau maset de Jean, dans les garrigues rhodaniennes, pour une nouvelle rencontre autour du charbon de bois. Je vais tenter une cuisson en fosse, c'est \u00e0 dire dans un trou creus\u00e9 sous forme rectangulaire \u00e0 la m\u00e9thode romaine.\u2026","rel":"","context":"Dans &quot;Charbon de bois&quot;","block_context":{"text":"Charbon de bois","link":"https:\/\/www.altimara.eu\/blog\/category\/charbon-de-bois-carbon-art\/"},"img":{"alt_text":"","src":"https:\/\/i0.wp.com\/www.altimara.eu\/blog\/wp-content\/uploads\/2018\/04\/affiche-A4-charbonniere-20183-721x1024.jpg?resize=350%2C200","width":350,"height":200,"srcset":"https:\/\/i0.wp.com\/www.altimara.eu\/blog\/wp-content\/uploads\/2018\/04\/affiche-A4-charbonniere-20183-721x1024.jpg?resize=350%2C200 1x, https:\/\/i0.wp.com\/www.altimara.eu\/blog\/wp-content\/uploads\/2018\/04\/affiche-A4-charbonniere-20183-721x1024.jpg?resize=525%2C300 1.5x"},"classes":[]},{"id":4046,"url":"https:\/\/www.altimara.eu\/blog\/2023\/08\/10\/ur-myri-i-malm\/","url_meta":{"origin":2310,"position":3},"title":"\u00dar m\u00fdri \u00ed m\u00e1lm","author":"Martiou","date":"10 ao\u00fbt 2023","format":false,"excerpt":"Au mus\u00e9e national de Reykjav\u00edk, il y a une exposition sur la m\u00e9tallurgie au moyen-\u00e2ge en Islande. La production de fer \u00e9tait possible gr\u00e2ce \u00e0 des nodules de fer issus de la d\u00e9gradation des basaltes. Pour la r\u00e9duction du m\u00e9tal, l'emploi de bas-fourneaux a \u00e9t\u00e9 possible en utilisant les mat\u00e9riaux\u2026","rel":"","context":"Dans &quot;Charbonni\u00e8re en fosse&quot;","block_context":{"text":"Charbonni\u00e8re en fosse","link":"https:\/\/www.altimara.eu\/blog\/category\/charbonniere-en-fosse\/"},"img":{"alt_text":"","src":"https:\/\/i0.wp.com\/www.altimara.eu\/blog\/wp-content\/uploads\/2023\/08\/IMG_20230621_105151.jpg?resize=350%2C200&ssl=1","width":350,"height":200,"srcset":"https:\/\/i0.wp.com\/www.altimara.eu\/blog\/wp-content\/uploads\/2023\/08\/IMG_20230621_105151.jpg?resize=350%2C200&ssl=1 1x, https:\/\/i0.wp.com\/www.altimara.eu\/blog\/wp-content\/uploads\/2023\/08\/IMG_20230621_105151.jpg?resize=525%2C300&ssl=1 1.5x, https:\/\/i0.wp.com\/www.altimara.eu\/blog\/wp-content\/uploads\/2023\/08\/IMG_20230621_105151.jpg?resize=700%2C400&ssl=1 2x, https:\/\/i0.wp.com\/www.altimara.eu\/blog\/wp-content\/uploads\/2023\/08\/IMG_20230621_105151.jpg?resize=1050%2C600&ssl=1 3x, https:\/\/i0.wp.com\/www.altimara.eu\/blog\/wp-content\/uploads\/2023\/08\/IMG_20230621_105151.jpg?resize=1400%2C800&ssl=1 4x"},"classes":[]},{"id":718,"url":"https:\/\/www.altimara.eu\/blog\/2014\/03\/03\/charbonnieres-sans-frontieres\/","url_meta":{"origin":2310,"position":4},"title":"Charbonni\u00e8res sans fronti\u00e8res","author":"Martiou","date":"3 mars 2014","format":false,"excerpt":"60% de la population mondiale utilise du charbon de bois pour cuire sa nourriture. D'apr\u00e8s les \u00e9tudes, cela va aller en augmentant devant les prix en hausse et la rar\u00e9faction des autres \u00e9nergies. Depuis plus de 5000 ans, l'Humanit\u00e9 utilise du charbon de bois, \u00e0 l'origine de l'expression humaine la\u2026","rel":"","context":"Dans &quot;Autre&quot;","block_context":{"text":"Autre","link":"https:\/\/www.altimara.eu\/blog\/category\/autre\/"},"img":{"alt_text":"Ollon06 copie","src":"https:\/\/i0.wp.com\/www.altimara.eu\/blog\/wp-content\/uploads\/2014\/03\/ollon06-copie1.jpg?resize=350%2C200","width":350,"height":200,"srcset":"https:\/\/i0.wp.com\/www.altimara.eu\/blog\/wp-content\/uploads\/2014\/03\/ollon06-copie1.jpg?resize=350%2C200 1x, https:\/\/i0.wp.com\/www.altimara.eu\/blog\/wp-content\/uploads\/2014\/03\/ollon06-copie1.jpg?resize=525%2C300 1.5x"},"classes":[]},{"id":3142,"url":"https:\/\/www.altimara.eu\/blog\/2019\/08\/14\/manga-charbonnier\/","url_meta":{"origin":2310,"position":5},"title":"Manga charbonnier","author":"Martiou","date":"14 ao\u00fbt 2019","format":false,"excerpt":"Un joli cadeau de la part de ma fille, un manga qui raconte la vie d'un charbonnier au Japon. Il pratique la cuisson tr\u00e8s sp\u00e9ciale des charbonniers japonais, celle qui produit du Binchotan, un charbon de bois cuit \u00e0 tr\u00e8s haute temp\u00e9rature. L'auteur raconte la vie d'un jeune charbonnier qui\u2026","rel":"","context":"Dans &quot;Charbon de bois&quot;","block_context":{"text":"Charbon de bois","link":"https:\/\/www.altimara.eu\/blog\/category\/charbon-de-bois-carbon-art\/"},"img":{"alt_text":"","src":"https:\/\/i0.wp.com\/www.altimara.eu\/blog\/wp-content\/uploads\/2019\/08\/IMG_20190602_085131173-2.jpg?resize=350%2C200&ssl=1","width":350,"height":200,"srcset":"https:\/\/i0.wp.com\/www.altimara.eu\/blog\/wp-content\/uploads\/2019\/08\/IMG_20190602_085131173-2.jpg?resize=350%2C200&ssl=1 1x, https:\/\/i0.wp.com\/www.altimara.eu\/blog\/wp-content\/uploads\/2019\/08\/IMG_20190602_085131173-2.jpg?resize=525%2C300&ssl=1 1.5x, https:\/\/i0.wp.com\/www.altimara.eu\/blog\/wp-content\/uploads\/2019\/08\/IMG_20190602_085131173-2.jpg?resize=700%2C400&ssl=1 2x"},"classes":[]}],"_links":{"self":[{"href":"https:\/\/www.altimara.eu\/blog\/wp-json\/wp\/v2\/posts\/2310","targetHints":{"allow":["GET"]}}],"collection":[{"href":"https:\/\/www.altimara.eu\/blog\/wp-json\/wp\/v2\/posts"}],"about":[{"href":"https:\/\/www.altimara.eu\/blog\/wp-json\/wp\/v2\/types\/post"}],"author":[{"embeddable":true,"href":"https:\/\/www.altimara.eu\/blog\/wp-json\/wp\/v2\/users\/3"}],"replies":[{"embeddable":true,"href":"https:\/\/www.altimara.eu\/blog\/wp-json\/wp\/v2\/comments?post=2310"}],"version-history":[{"count":0,"href":"https:\/\/www.altimara.eu\/blog\/wp-json\/wp\/v2\/posts\/2310\/revisions"}],"wp:attachment":[{"href":"https:\/\/www.altimara.eu\/blog\/wp-json\/wp\/v2\/media?parent=2310"}],"wp:term":[{"taxonomy":"category","embeddable":true,"href":"https:\/\/www.altimara.eu\/blog\/wp-json\/wp\/v2\/categories?post=2310"},{"taxonomy":"post_tag","embeddable":true,"href":"https:\/\/www.altimara.eu\/blog\/wp-json\/wp\/v2\/tags?post=2310"}],"curies":[{"name":"wp","href":"https:\/\/api.w.org\/{rel}","templated":true}]}}