{"id":2189,"date":"2017-01-16T09:46:40","date_gmt":"2017-01-16T08:46:40","guid":{"rendered":"https:\/\/www.altimara.eu\/blog\/?p=2189"},"modified":"2017-01-16T09:46:40","modified_gmt":"2017-01-16T08:46:40","slug":"charbon-dart","status":"publish","type":"post","link":"https:\/\/www.altimara.eu\/blog\/2017\/01\/16\/charbon-dart\/","title":{"rendered":"Charbon d&rsquo;art"},"content":{"rendered":"<p>Du li\u00e8ge de la Cote d&rsquo;Azur, carbonis\u00e9&#8230;<img data-recalc-dims=\"1\" loading=\"lazy\" decoding=\"async\" data-attachment-id=\"2190\" data-permalink=\"https:\/\/www.altimara.eu\/blog\/2017\/01\/16\/charbon-dart\/_mar1780\/\" data-orig-file=\"https:\/\/i0.wp.com\/www.altimara.eu\/blog\/wp-content\/uploads\/2017\/01\/MAR1780.jpg?fit=1000%2C667&amp;ssl=1\" data-orig-size=\"1000,667\" data-comments-opened=\"1\" data-image-meta=\"{&quot;aperture&quot;:&quot;5&quot;,&quot;credit&quot;:&quot;ACQUARONE Martial&quot;,&quot;camera&quot;:&quot;NIKON D800&quot;,&quot;caption&quot;:&quot;&quot;,&quot;created_timestamp&quot;:&quot;1484493201&quot;,&quot;copyright&quot;:&quot;ACQUARONE Martial&quot;,&quot;focal_length&quot;:&quot;105&quot;,&quot;iso&quot;:&quot;1000&quot;,&quot;shutter_speed&quot;:&quot;0.008&quot;,&quot;title&quot;:&quot;&quot;,&quot;orientation&quot;:&quot;0&quot;}\" data-image-title=\"_MAR1780\" data-image-description=\"\" data-image-caption=\"\" data-large-file=\"https:\/\/i0.wp.com\/www.altimara.eu\/blog\/wp-content\/uploads\/2017\/01\/MAR1780.jpg?fit=627%2C418&amp;ssl=1\" class=\"aligncenter size-full wp-image-2190\" src=\"https:\/\/i0.wp.com\/www.altimara.eu\/blog\/wp-content\/uploads\/2017\/01\/MAR1780.jpg?resize=627%2C418\" alt=\"\" width=\"627\" height=\"418\" srcset=\"https:\/\/i0.wp.com\/www.altimara.eu\/blog\/wp-content\/uploads\/2017\/01\/MAR1780.jpg?w=1000&amp;ssl=1 1000w, https:\/\/i0.wp.com\/www.altimara.eu\/blog\/wp-content\/uploads\/2017\/01\/MAR1780.jpg?resize=300%2C200&amp;ssl=1 300w, https:\/\/i0.wp.com\/www.altimara.eu\/blog\/wp-content\/uploads\/2017\/01\/MAR1780.jpg?resize=768%2C512&amp;ssl=1 768w\" sizes=\"auto, (max-width: 627px) 100vw, 627px\" \/><\/p>\n","protected":false},"excerpt":{"rendered":"<p>Du li\u00e8ge de la Cote d&rsquo;Azur, carbonis\u00e9&#8230;<\/p>\n","protected":false},"author":3,"featured_media":0,"comment_status":"open","ping_status":"open","sticky":false,"template":"","format":"standard","meta":{"ngg_post_thumbnail":0,"jetpack_post_was_ever_published":false,"_jetpack_newsletter_access":"","_jetpack_dont_email_post_to_subs":false,"_jetpack_newsletter_tier_id":0,"_jetpack_memberships_contains_paywalled_content":false,"_jetpack_memberships_contains_paid_content":false,"footnotes":"","jetpack_publicize_message":"","jetpack_publicize_feature_enabled":true,"jetpack_social_post_already_shared":true,"jetpack_social_options":{"image_generator_settings":{"template":"highway","default_image_id":0,"font":"","enabled":false},"version":2}},"categories":[30],"tags":[91,112],"class_list":["post-2189","post","type-post","status-publish","format-standard","hentry","category-carbon-art","tag-charbon-vegetal","tag-land-art"],"jetpack_publicize_connections":[],"jetpack_featured_media_url":"","jetpack_shortlink":"https:\/\/wp.me\/p4r91c-zj","jetpack_sharing_enabled":true,"jetpack-related-posts":[{"id":2226,"url":"https:\/\/www.altimara.eu\/blog\/2017\/03\/02\/elephant-noir\/","url_meta":{"origin":2189,"position":0},"title":"\u00c9l\u00e9phant noir","author":"Martiou","date":"2 mars 2017","format":false,"excerpt":"A base de charbon v\u00e9g\u00e9tal","rel":"","context":"Dans &quot;Carbon-art&quot;","block_context":{"text":"Carbon-art","link":"https:\/\/www.altimara.eu\/blog\/category\/carbon-art\/"},"img":{"alt_text":"","src":"https:\/\/i0.wp.com\/www.altimara.eu\/blog\/wp-content\/uploads\/2017\/03\/IMG_20170223_134549553-2.jpg?resize=350%2C200","width":350,"height":200,"srcset":"https:\/\/i0.wp.com\/www.altimara.eu\/blog\/wp-content\/uploads\/2017\/03\/IMG_20170223_134549553-2.jpg?resize=350%2C200 1x, https:\/\/i0.wp.com\/www.altimara.eu\/blog\/wp-content\/uploads\/2017\/03\/IMG_20170223_134549553-2.jpg?resize=525%2C300 1.5x, https:\/\/i0.wp.com\/www.altimara.eu\/blog\/wp-content\/uploads\/2017\/03\/IMG_20170223_134549553-2.jpg?resize=700%2C400 2x"},"classes":[]},{"id":1540,"url":"https:\/\/www.altimara.eu\/blog\/2015\/12\/01\/la-grotte-au-fusain-chauvet\/","url_meta":{"origin":2189,"position":1},"title":"La grotte au fusain: Chauvet","author":"Martiou","date":"1 d\u00e9cembre 2015","format":false,"excerpt":"Les gorges de l'Ard\u00e8che sont farouches, tortueuses et profondes. La rivi\u00e8re a creus\u00e9 un magnifique canyon dans les masses calcaires. L'eau a dissout dans des parties plus intimes de nombreuses grottes.\u00a0 Si ces gorges sont tr\u00e8s connues et sur fr\u00e9quent\u00e9es avec comme point d'orgue l'arche du Pont d'Arc, un \u00e9l\u00e9ment\u2026","rel":"","context":"Dans &quot;Carbon-art&quot;","block_context":{"text":"Carbon-art","link":"https:\/\/www.altimara.eu\/blog\/category\/carbon-art\/"},"img":{"alt_text":"_MAR8820","src":"https:\/\/i0.wp.com\/www.altimara.eu\/blog\/wp-content\/uploads\/2015\/12\/MAR8820-300x200.jpg?resize=350%2C200","width":350,"height":200},"classes":[]},{"id":3509,"url":"https:\/\/www.altimara.eu\/blog\/2020\/10\/31\/charbon-ecologique\/","url_meta":{"origin":2189,"position":2},"title":"Charbon \u00e9cologique","author":"Martiou","date":"31 octobre 2020","format":false,"excerpt":"Le charbon a mauvaise presse et c'est tout \u00e0 fait justifi\u00e9. L'utilisation des ressources fossiles provoque l'acc\u00e9l\u00e9ration du changement climatique et participe \u00e0 son d\u00e9r\u00e8glement. Le charbon est multiple. Il peut \u00eatre issu de terre, de bois, d'os, d'hydrocarbure, etc. Celui qui nous int\u00e9resse est d'origine v\u00e9g\u00e9tale et \u00e0 contrario\u2026","rel":"","context":"Dans &quot;Charbon v\u00e9g\u00e9tal&quot;","block_context":{"text":"Charbon v\u00e9g\u00e9tal","link":"https:\/\/www.altimara.eu\/blog\/category\/charbon-vegetal\/"},"img":{"alt_text":"","src":"https:\/\/i0.wp.com\/www.altimara.eu\/blog\/wp-content\/uploads\/2020\/10\/nuit1.jpg?resize=350%2C200&ssl=1","width":350,"height":200,"srcset":"https:\/\/i0.wp.com\/www.altimara.eu\/blog\/wp-content\/uploads\/2020\/10\/nuit1.jpg?resize=350%2C200&ssl=1 1x, https:\/\/i0.wp.com\/www.altimara.eu\/blog\/wp-content\/uploads\/2020\/10\/nuit1.jpg?resize=525%2C300&ssl=1 1.5x, https:\/\/i0.wp.com\/www.altimara.eu\/blog\/wp-content\/uploads\/2020\/10\/nuit1.jpg?resize=700%2C400&ssl=1 2x"},"classes":[]},{"id":42,"url":"https:\/\/www.altimara.eu\/blog\/2013\/12\/18\/carbonisations-boreales\/","url_meta":{"origin":2189,"position":3},"title":"Carbonisations bor\u00e9ales","author":"Martiou","date":"18 d\u00e9cembre 2013","format":false,"excerpt":"Carboniser dans un pays sans arbres (ou presque), dans la neige et sous les aurores bor\u00e9ales, me voil\u00e0 parti dans un r\u00eave lointain. Demain j'arrive tout au bout de la presqu'\u00eele de Reykjanes pour participer avec 50 artistes au festival \"Fresh-winds in Gar\u00f0ur\". Je vais r\u00e9aliser plusieurs cuissons de charbonni\u00e8res\u2026","rel":"","context":"Dans &quot;Charbon de bois&quot;","block_context":{"text":"Charbon de bois","link":"https:\/\/www.altimara.eu\/blog\/category\/charbon-de-bois-carbon-art\/"},"img":{"alt_text":"_MAC1433","src":"https:\/\/i0.wp.com\/www.altimara.eu\/blog\/wp-content\/uploads\/2013\/12\/mac1433.jpg?resize=350%2C200","width":350,"height":200,"srcset":"https:\/\/i0.wp.com\/www.altimara.eu\/blog\/wp-content\/uploads\/2013\/12\/mac1433.jpg?resize=350%2C200 1x, https:\/\/i0.wp.com\/www.altimara.eu\/blog\/wp-content\/uploads\/2013\/12\/mac1433.jpg?resize=525%2C300 1.5x, https:\/\/i0.wp.com\/www.altimara.eu\/blog\/wp-content\/uploads\/2013\/12\/mac1433.jpg?resize=700%2C400 2x"},"classes":[]},{"id":1913,"url":"https:\/\/www.altimara.eu\/blog\/2016\/07\/03\/charbon-vegetal-2\/","url_meta":{"origin":2189,"position":4},"title":"Charbon v\u00e9g\u00e9tal","author":"Martiou","date":"3 juillet 2016","format":false,"excerpt":"Il existe tout un tas de techniques pour fabriquer des \"briquettes\" ou \"galets\" de charbon de bois \u00e0 partir de poudre de charbon. Il faut avoir un stock de charbon v\u00e9g\u00e9tal assez cons\u00e9quent pour produire, \u00e0 l'\u00e9chelle artisanale, une quantit\u00e9 suffisante qui soit rentable. La mati\u00e8re premi\u00e8re, celle qu'il faut\u2026","rel":"","context":"Dans &quot;Charbon de bois&quot;","block_context":{"text":"Charbon de bois","link":"https:\/\/www.altimara.eu\/blog\/category\/charbon-de-bois-carbon-art\/"},"img":{"alt_text":"12039617_473223816213736_6462458700753161519_n","src":"https:\/\/i0.wp.com\/www.altimara.eu\/blog\/wp-content\/uploads\/2016\/06\/12039617_473223816213736_6462458700753161519_n-150x150.png?resize=350%2C200","width":350,"height":200},"classes":[]},{"id":2906,"url":"https:\/\/www.altimara.eu\/blog\/2018\/12\/21\/charbon-et-cosmetique\/","url_meta":{"origin":2189,"position":5},"title":"Charbon et cosm\u00e9tiques","author":"Martiou","date":"21 d\u00e9cembre 2018","format":false,"excerpt":"Une certaine mode envahit le monde parfum\u00e9 des cosm\u00e9tiques. Du charbon dans tous les produits, g\u00e9lules, cr\u00e8mes et autres onguents. J'ai achet\u00e9 un dentifrice qui sent bon la menthe et qui est noir. Il est \u00e9crit sur la boite que ce produit noir me rendra les dents plus blanches. Le\u2026","rel":"","context":"Dans &quot;Charbon v\u00e9g\u00e9tal&quot;","block_context":{"text":"Charbon v\u00e9g\u00e9tal","link":"https:\/\/www.altimara.eu\/blog\/category\/charbon-vegetal\/"},"img":{"alt_text":"","src":"https:\/\/i0.wp.com\/www.altimara.eu\/blog\/wp-content\/uploads\/2018\/12\/IMG_20181116_154746693.jpg?resize=350%2C200&ssl=1","width":350,"height":200,"srcset":"https:\/\/i0.wp.com\/www.altimara.eu\/blog\/wp-content\/uploads\/2018\/12\/IMG_20181116_154746693.jpg?resize=350%2C200&ssl=1 1x, https:\/\/i0.wp.com\/www.altimara.eu\/blog\/wp-content\/uploads\/2018\/12\/IMG_20181116_154746693.jpg?resize=525%2C300&ssl=1 1.5x, https:\/\/i0.wp.com\/www.altimara.eu\/blog\/wp-content\/uploads\/2018\/12\/IMG_20181116_154746693.jpg?resize=700%2C400&ssl=1 2x, https:\/\/i0.wp.com\/www.altimara.eu\/blog\/wp-content\/uploads\/2018\/12\/IMG_20181116_154746693.jpg?resize=1050%2C600&ssl=1 3x"},"classes":[]}],"_links":{"self":[{"href":"https:\/\/www.altimara.eu\/blog\/wp-json\/wp\/v2\/posts\/2189","targetHints":{"allow":["GET"]}}],"collection":[{"href":"https:\/\/www.altimara.eu\/blog\/wp-json\/wp\/v2\/posts"}],"about":[{"href":"https:\/\/www.altimara.eu\/blog\/wp-json\/wp\/v2\/types\/post"}],"author":[{"embeddable":true,"href":"https:\/\/www.altimara.eu\/blog\/wp-json\/wp\/v2\/users\/3"}],"replies":[{"embeddable":true,"href":"https:\/\/www.altimara.eu\/blog\/wp-json\/wp\/v2\/comments?post=2189"}],"version-history":[{"count":0,"href":"https:\/\/www.altimara.eu\/blog\/wp-json\/wp\/v2\/posts\/2189\/revisions"}],"wp:attachment":[{"href":"https:\/\/www.altimara.eu\/blog\/wp-json\/wp\/v2\/media?parent=2189"}],"wp:term":[{"taxonomy":"category","embeddable":true,"href":"https:\/\/www.altimara.eu\/blog\/wp-json\/wp\/v2\/categories?post=2189"},{"taxonomy":"post_tag","embeddable":true,"href":"https:\/\/www.altimara.eu\/blog\/wp-json\/wp\/v2\/tags?post=2189"}],"curies":[{"name":"wp","href":"https:\/\/api.w.org\/{rel}","templated":true}]}}