{"id":2134,"date":"2016-12-12T22:21:18","date_gmt":"2016-12-12T21:21:18","guid":{"rendered":"https:\/\/www.altimara.eu\/blog\/?p=2134"},"modified":"2016-12-12T22:27:24","modified_gmt":"2016-12-12T21:27:24","slug":"four-a-chaux-2","status":"publish","type":"post","link":"https:\/\/www.altimara.eu\/blog\/2016\/12\/12\/four-a-chaux-2\/","title":{"rendered":"Four \u00e0 chaux"},"content":{"rendered":"<p><img data-recalc-dims=\"1\" loading=\"lazy\" decoding=\"async\" data-attachment-id=\"687\" data-permalink=\"https:\/\/www.altimara.eu\/blog\/2014\/02\/20\/festival-des-charbonnieres-5\/titre-noir\/\" data-orig-file=\"https:\/\/i0.wp.com\/www.altimara.eu\/blog\/wp-content\/uploads\/2014\/02\/titre-noir2.jpg?fit=100%2C116&amp;ssl=1\" data-orig-size=\"100,116\" data-comments-opened=\"0\" data-image-meta=\"{&quot;aperture&quot;:&quot;0&quot;,&quot;credit&quot;:&quot;&quot;,&quot;camera&quot;:&quot;&quot;,&quot;caption&quot;:&quot;&quot;,&quot;created_timestamp&quot;:&quot;0&quot;,&quot;copyright&quot;:&quot;&quot;,&quot;focal_length&quot;:&quot;0&quot;,&quot;iso&quot;:&quot;0&quot;,&quot;shutter_speed&quot;:&quot;0&quot;,&quot;title&quot;:&quot;&quot;}\" data-image-title=\"titre-noir\" data-image-description=\"\" data-image-caption=\"\" data-large-file=\"https:\/\/i0.wp.com\/www.altimara.eu\/blog\/wp-content\/uploads\/2014\/02\/titre-noir2.jpg?fit=100%2C116&amp;ssl=1\" class=\"alignleft size-full wp-image-687\" src=\"https:\/\/i0.wp.com\/www.altimara.eu\/blog\/wp-content\/uploads\/2014\/02\/titre-noir2.jpg?resize=100%2C116\" alt=\"titre-noir\" height=\"116\" width=\"100\">Animation avec le groupe de la section patrimoine du foyer rural Les Quintillades.<\/p>\n<p>Dans la continuit\u00e9 de notre exp\u00e9rience de vouloir faire une cuisson de calcaire dans un four \u00e0 chaux ramier, nous avons organis\u00e9 une journ\u00e9e de rencontre avec d&rsquo;autres passionn\u00e9s, des membres du Collectif des Garrigues.<\/p>\n<p>Apr\u00e8s la visite de l&rsquo;\u00e9cosite des charbonni\u00e8res de Sainte-Croix-de-Quintillargues, dans lequel il y a plusieurs fours, nous avons construit en grande partie le four exp\u00e9rimental.<\/p>\n<p>Nos amis des associations de pierres s\u00e8ches de Nages et du Menhir, associ\u00e9s \u00e0 d&rsquo;autres personnes et nous m\u00eame, ont rapidement mont\u00e9 la voute en encorbellement. Cette voute servira de foyer \u00e0 feu pour la calcination. Des pierres \u00ab\u00a0roulantes\u00a0\u00bb, c&rsquo;est \u00e0 dire issu de pierrier, ont \u00e9t\u00e9 d\u00e9pos\u00e9 dessus et tout autour, pour faire la charge \u00e0 transformer en chaux vive. <img data-recalc-dims=\"1\" loading=\"lazy\" decoding=\"async\" data-attachment-id=\"2135\" data-permalink=\"https:\/\/www.altimara.eu\/blog\/2016\/12\/12\/four-a-chaux-2\/img_20161210_152418970_hdr\/\" data-orig-file=\"https:\/\/i0.wp.com\/www.altimara.eu\/blog\/wp-content\/uploads\/2016\/12\/IMG_20161210_152418970_HDR.jpg?fit=1000%2C563&amp;ssl=1\" data-orig-size=\"1000,563\" data-comments-opened=\"1\" data-image-meta=\"{&quot;aperture&quot;:&quot;2&quot;,&quot;credit&quot;:&quot;M. Martial Acquarone&quot;,&quot;camera&quot;:&quot;MotoG3&quot;,&quot;caption&quot;:&quot;&quot;,&quot;created_timestamp&quot;:&quot;1481383459&quot;,&quot;copyright&quot;:&quot;&quot;,&quot;focal_length&quot;:&quot;3.64&quot;,&quot;iso&quot;:&quot;80&quot;,&quot;shutter_speed&quot;:&quot;0.02&quot;,&quot;title&quot;:&quot;&quot;,&quot;orientation&quot;:&quot;0&quot;}\" data-image-title=\"img_20161210_152418970_hdr\" data-image-description=\"\" data-image-caption=\"\" data-large-file=\"https:\/\/i0.wp.com\/www.altimara.eu\/blog\/wp-content\/uploads\/2016\/12\/IMG_20161210_152418970_HDR.jpg?fit=627%2C353&amp;ssl=1\" class=\"aligncenter size-full wp-image-2135\" src=\"https:\/\/i0.wp.com\/www.altimara.eu\/blog\/wp-content\/uploads\/2016\/12\/IMG_20161210_152418970_HDR.jpg?resize=627%2C353\" alt=\"img_20161210_152418970_hdr\" height=\"353\" width=\"627\" srcset=\"https:\/\/i0.wp.com\/www.altimara.eu\/blog\/wp-content\/uploads\/2016\/12\/IMG_20161210_152418970_HDR.jpg?w=1000&amp;ssl=1 1000w, https:\/\/i0.wp.com\/www.altimara.eu\/blog\/wp-content\/uploads\/2016\/12\/IMG_20161210_152418970_HDR.jpg?resize=300%2C169&amp;ssl=1 300w, https:\/\/i0.wp.com\/www.altimara.eu\/blog\/wp-content\/uploads\/2016\/12\/IMG_20161210_152418970_HDR.jpg?resize=768%2C432&amp;ssl=1 768w\" sizes=\"auto, (max-width: 627px) 100vw, 627px\" \/><\/p>\n<p>Prochaine \u00e9tape, remonter un peu plus le mur de confinement et finir de monter la charge de pierres.<\/p>\n<p>Un projet collaboratif \u00e0 partager au maximum.<\/p>\n<p><img data-recalc-dims=\"1\" loading=\"lazy\" decoding=\"async\" data-attachment-id=\"2136\" data-permalink=\"https:\/\/www.altimara.eu\/blog\/2016\/12\/12\/four-a-chaux-2\/img_20161210_163012862_hdr\/\" data-orig-file=\"https:\/\/i0.wp.com\/www.altimara.eu\/blog\/wp-content\/uploads\/2016\/12\/IMG_20161210_163012862_HDR.jpg?fit=1000%2C563&amp;ssl=1\" data-orig-size=\"1000,563\" data-comments-opened=\"1\" data-image-meta=\"{&quot;aperture&quot;:&quot;2&quot;,&quot;credit&quot;:&quot;M. Martial Acquarone&quot;,&quot;camera&quot;:&quot;MotoG3&quot;,&quot;caption&quot;:&quot;&quot;,&quot;created_timestamp&quot;:&quot;1481387413&quot;,&quot;copyright&quot;:&quot;&quot;,&quot;focal_length&quot;:&quot;3.64&quot;,&quot;iso&quot;:&quot;200&quot;,&quot;shutter_speed&quot;:&quot;0.028571428571429&quot;,&quot;title&quot;:&quot;&quot;,&quot;orientation&quot;:&quot;0&quot;}\" data-image-title=\"img_20161210_163012862_hdr\" data-image-description=\"\" data-image-caption=\"\" data-large-file=\"https:\/\/i0.wp.com\/www.altimara.eu\/blog\/wp-content\/uploads\/2016\/12\/IMG_20161210_163012862_HDR.jpg?fit=627%2C353&amp;ssl=1\" class=\"aligncenter size-full wp-image-2136\" src=\"https:\/\/i0.wp.com\/www.altimara.eu\/blog\/wp-content\/uploads\/2016\/12\/IMG_20161210_163012862_HDR.jpg?resize=627%2C353\" alt=\"img_20161210_163012862_hdr\" height=\"353\" width=\"627\" srcset=\"https:\/\/i0.wp.com\/www.altimara.eu\/blog\/wp-content\/uploads\/2016\/12\/IMG_20161210_163012862_HDR.jpg?w=1000&amp;ssl=1 1000w, https:\/\/i0.wp.com\/www.altimara.eu\/blog\/wp-content\/uploads\/2016\/12\/IMG_20161210_163012862_HDR.jpg?resize=300%2C169&amp;ssl=1 300w, https:\/\/i0.wp.com\/www.altimara.eu\/blog\/wp-content\/uploads\/2016\/12\/IMG_20161210_163012862_HDR.jpg?resize=768%2C432&amp;ssl=1 768w\" sizes=\"auto, (max-width: 627px) 100vw, 627px\" \/><\/p>\nngg_shortcode_0_placeholder\n","protected":false},"excerpt":{"rendered":"<p>Animation avec le groupe de la section patrimoine du foyer rural Les Quintillades. Dans la continuit\u00e9 de notre exp\u00e9rience de vouloir faire une cuisson de calcaire dans un four \u00e0 chaux ramier, nous avons organis\u00e9 une journ\u00e9e de rencontre avec d&rsquo;autres passionn\u00e9s, des membres du Collectif des Garrigues. Apr\u00e8s la visite de l&rsquo;\u00e9cosite des charbonni\u00e8res [&hellip;]<\/p>\n","protected":false},"author":3,"featured_media":0,"comment_status":"open","ping_status":"open","sticky":false,"template":"","format":"standard","meta":{"ngg_post_thumbnail":0,"jetpack_post_was_ever_published":false,"_jetpack_newsletter_access":"","_jetpack_dont_email_post_to_subs":true,"_jetpack_newsletter_tier_id":0,"_jetpack_memberships_contains_paywalled_content":false,"_jetpack_memberships_contains_paid_content":false,"footnotes":"","jetpack_publicize_message":"","jetpack_publicize_feature_enabled":true,"jetpack_social_post_already_shared":true,"jetpack_social_options":{"image_generator_settings":{"template":"highway","default_image_id":0,"font":"","enabled":false},"version":2}},"categories":[5],"tags":[102,109],"class_list":["post-2134","post","type-post","status-publish","format-standard","hentry","category-autre","tag-four-a-chaux","tag-ramier"],"jetpack_publicize_connections":[],"jetpack_featured_media_url":"","jetpack_shortlink":"https:\/\/wp.me\/p4r91c-yq","jetpack_sharing_enabled":true,"jetpack-related-posts":[{"id":2545,"url":"https:\/\/www.altimara.eu\/blog\/2017\/12\/04\/un-four-a-chaux\/","url_meta":{"origin":2134,"position":0},"title":"Un four \u00e0 chaux","author":"Martiou","date":"4 d\u00e9cembre 2017","format":false,"excerpt":"Parmi les activit\u00e9s dont il reste beaucoup vestiges en garrigue il y a celle des chaufourniers. La production de chaux pour la construction mais aussi l'agriculture a n\u00e9cessit\u00e9 le montage de fours en pierres s\u00e8ches pendant plus d'un mill\u00e9naire. Ces fours partiellement d\u00e9truits sont reconnaissables par leurs formes en \"fer\u2026","rel":"","context":"Dans &quot;Four \u00e0 chaux&quot;","block_context":{"text":"Four \u00e0 chaux","link":"https:\/\/www.altimara.eu\/blog\/category\/four-a-chaux\/"},"img":{"alt_text":"","src":"https:\/\/i0.wp.com\/www.altimara.eu\/blog\/wp-content\/uploads\/2017\/12\/MAR4176.jpg?resize=350%2C200&ssl=1","width":350,"height":200,"srcset":"https:\/\/i0.wp.com\/www.altimara.eu\/blog\/wp-content\/uploads\/2017\/12\/MAR4176.jpg?resize=350%2C200&ssl=1 1x, https:\/\/i0.wp.com\/www.altimara.eu\/blog\/wp-content\/uploads\/2017\/12\/MAR4176.jpg?resize=525%2C300&ssl=1 1.5x, https:\/\/i0.wp.com\/www.altimara.eu\/blog\/wp-content\/uploads\/2017\/12\/MAR4176.jpg?resize=700%2C400&ssl=1 2x"},"classes":[]},{"id":1707,"url":"https:\/\/www.altimara.eu\/blog\/2016\/03\/02\/four-a-chaux\/","url_meta":{"origin":2134,"position":1},"title":"Four \u00e0 chaux","author":"Martiou","date":"2 mars 2016","format":false,"excerpt":"En garrigues, nous trouvons aussi d'autres utilisations du bois pour chauffer. Les fours sont nombreux et diff\u00e9rents en fonction des usages. Fours \u00e0 poix, \u00e0 cades, \u00e0 tuiles et dans nos pays calcaires de nombreux fours \u00e0 chaux. La roche calcaire est compos\u00e9e de carbonate de calcium et d'acide carbonique.\u2026","rel":"","context":"Dans &quot;Autre&quot;","block_context":{"text":"Autre","link":"https:\/\/www.altimara.eu\/blog\/category\/autre\/"},"img":{"alt_text":"titre-noir","src":"https:\/\/i0.wp.com\/www.altimara.eu\/blog\/wp-content\/uploads\/2014\/02\/titre-noir2.jpg?resize=350%2C200","width":350,"height":200},"classes":[]},{"id":2065,"url":"https:\/\/www.altimara.eu\/blog\/2016\/10\/22\/patrimoine\/","url_meta":{"origin":2134,"position":2},"title":"Patrimoine vernaculaire","author":"Martiou","date":"22 octobre 2016","format":false,"excerpt":"La section patrimoine du foyer rural Les Quintillades a repris ses activit\u00e9s. Cette ann\u00e9e nous continuons notre recherche et valorisation des fours \u00e0 chaux des garrigues. Ces fours \u00e0 chaux sont tout au long du parcours du Sentier des Charbonni\u00e8res de l'\u00e9cosite de Sainte-Croix-De-Qintillargues. Il y a deux fours anciens\u2026","rel":"","context":"Dans &quot;Autre&quot;","block_context":{"text":"Autre","link":"https:\/\/www.altimara.eu\/blog\/category\/autre\/"},"img":{"alt_text":"sigle noir","src":"https:\/\/i0.wp.com\/www.altimara.eu\/blog\/wp-content\/uploads\/2013\/12\/sigle-noir-150x150.jpg?resize=350%2C200","width":350,"height":200},"classes":[]},{"id":1562,"url":"https:\/\/www.altimara.eu\/blog\/2015\/12\/19\/fin-dannee-dans-les-etoiles\/","url_meta":{"origin":2134,"position":3},"title":"Fin d&rsquo;ann\u00e9e dans les \u00e9toiles","author":"Martiou","date":"19 d\u00e9cembre 2015","format":false,"excerpt":"Le carbone est devenu notre probl\u00e8me, habitants de la Terre. Trouverons nous la Force d'unir nos moyens pour le r\u00e9duire? L'ann\u00e9e 2015 s'en va lentement, ann\u00e9e complexe mais int\u00e9ressante, ann\u00e9e de carbonisation, avec des hommes et des femmes en noir aux menaces r\u00e9elles ou fictives. Plein de projets fumants mais\u2026","rel":"","context":"Dans &quot;Autre&quot;","block_context":{"text":"Autre","link":"https:\/\/www.altimara.eu\/blog\/category\/autre\/"},"img":{"alt_text":"charBStarW","src":"https:\/\/i0.wp.com\/www.altimara.eu\/blog\/wp-content\/uploads\/2015\/12\/charBStarW-1024x779.jpg?resize=350%2C200","width":350,"height":200,"srcset":"https:\/\/i0.wp.com\/www.altimara.eu\/blog\/wp-content\/uploads\/2015\/12\/charBStarW-1024x779.jpg?resize=350%2C200 1x, https:\/\/i0.wp.com\/www.altimara.eu\/blog\/wp-content\/uploads\/2015\/12\/charBStarW-1024x779.jpg?resize=525%2C300 1.5x"},"classes":[]},{"id":4343,"url":"https:\/\/www.altimara.eu\/blog\/2024\/04\/02\/four-a-chaux-a-lagrasse\/","url_meta":{"origin":2134,"position":4},"title":"Four \u00e0 chaux \u00e0 Lagrasse","author":"Martiou","date":"2 avril 2024","format":false,"excerpt":"Le village de Lagrasse dans l'Aude est connu pour son abbaye et ses moines int\u00e9gristes. La vie est douce au milieu de cette garrigue et le village ne manque pas de charme avec ses ruelles pav\u00e9es et son avenue bord\u00e9e de platane. Si le cot\u00e9 spirituel du lieu me laisse\u2026","rel":"","context":"Dans &quot;Four \u00e0 chaux&quot;","block_context":{"text":"Four \u00e0 chaux","link":"https:\/\/www.altimara.eu\/blog\/category\/four-a-chaux\/"},"img":{"alt_text":"","src":"https:\/\/i0.wp.com\/www.altimara.eu\/blog\/wp-content\/uploads\/2024\/04\/20240330_170912-2.jpg?resize=350%2C200&ssl=1","width":350,"height":200,"srcset":"https:\/\/i0.wp.com\/www.altimara.eu\/blog\/wp-content\/uploads\/2024\/04\/20240330_170912-2.jpg?resize=350%2C200&ssl=1 1x, https:\/\/i0.wp.com\/www.altimara.eu\/blog\/wp-content\/uploads\/2024\/04\/20240330_170912-2.jpg?resize=525%2C300&ssl=1 1.5x, https:\/\/i0.wp.com\/www.altimara.eu\/blog\/wp-content\/uploads\/2024\/04\/20240330_170912-2.jpg?resize=700%2C400&ssl=1 2x, https:\/\/i0.wp.com\/www.altimara.eu\/blog\/wp-content\/uploads\/2024\/04\/20240330_170912-2.jpg?resize=1050%2C600&ssl=1 3x"},"classes":[]},{"id":2605,"url":"https:\/\/www.altimara.eu\/blog\/2018\/01\/14\/voyons-voir-chez-les-grecs\/","url_meta":{"origin":2134,"position":5},"title":"Voyons voir chez les Grecs","author":"Martiou","date":"14 janvier 2018","format":false,"excerpt":"Nous sommes all\u00e9s voir l'exposition \"Rituel grecs\" au mus\u00e9e St Raymond de Toulouse. Bien sur le charbon de bois est pr\u00e9sent. Un Thymiaterion Apulien du IVe Si\u00e8cle avant notre \u00e8re, c'est \u00e0 dire un br\u00fble-encens. Dans divers rituels cet objet \u00e9tait utilis\u00e9 pour br\u00fbler des r\u00e9sines. Dans la coupelle du\u2026","rel":"","context":"Dans &quot;\u00e9v\u00e9nementiel&quot;","block_context":{"text":"\u00e9v\u00e9nementiel","link":"https:\/\/www.altimara.eu\/blog\/category\/evenementiel\/"},"img":{"alt_text":"","src":"https:\/\/i0.wp.com\/www.altimara.eu\/blog\/wp-content\/uploads\/2018\/01\/Capture-d%E2%80%99e%CC%81cran-2018-01-14-a%CC%80-21.03.44-300x152.jpg?resize=350%2C200","width":350,"height":200},"classes":[]}],"_links":{"self":[{"href":"https:\/\/www.altimara.eu\/blog\/wp-json\/wp\/v2\/posts\/2134","targetHints":{"allow":["GET"]}}],"collection":[{"href":"https:\/\/www.altimara.eu\/blog\/wp-json\/wp\/v2\/posts"}],"about":[{"href":"https:\/\/www.altimara.eu\/blog\/wp-json\/wp\/v2\/types\/post"}],"author":[{"embeddable":true,"href":"https:\/\/www.altimara.eu\/blog\/wp-json\/wp\/v2\/users\/3"}],"replies":[{"embeddable":true,"href":"https:\/\/www.altimara.eu\/blog\/wp-json\/wp\/v2\/comments?post=2134"}],"version-history":[{"count":0,"href":"https:\/\/www.altimara.eu\/blog\/wp-json\/wp\/v2\/posts\/2134\/revisions"}],"wp:attachment":[{"href":"https:\/\/www.altimara.eu\/blog\/wp-json\/wp\/v2\/media?parent=2134"}],"wp:term":[{"taxonomy":"category","embeddable":true,"href":"https:\/\/www.altimara.eu\/blog\/wp-json\/wp\/v2\/categories?post=2134"},{"taxonomy":"post_tag","embeddable":true,"href":"https:\/\/www.altimara.eu\/blog\/wp-json\/wp\/v2\/tags?post=2134"}],"curies":[{"name":"wp","href":"https:\/\/api.w.org\/{rel}","templated":true}]}}