{"id":2121,"date":"2016-11-28T22:51:14","date_gmt":"2016-11-28T21:51:14","guid":{"rendered":"https:\/\/www.altimara.eu\/blog\/?p=2121"},"modified":"2016-12-06T12:08:37","modified_gmt":"2016-12-06T11:08:37","slug":"claude-nicolas-ledoux-architecte-charbonnier","status":"publish","type":"post","link":"https:\/\/www.altimara.eu\/blog\/2016\/11\/28\/claude-nicolas-ledoux-architecte-charbonnier\/","title":{"rendered":"Claude-Nicolas Ledoux architecte charbonnier!!!"},"content":{"rendered":"<p>\u00c9tonnant architecte que celui des derniers rois de l&rsquo;ancien r\u00e9gime, Claude-Nicolas Ledoux, innovateur et utopiste dans ces projets de construction. La Saline Royale de Chaux (S<span id=\"La_saline_royale_d.27Arc-et-Senans_.281774-1779.29\" class=\"mw-headline\">aline royale d&rsquo;Arc-et-Senans, 1774-1779), est un formidable complexe de traitement de l&rsquo;eau sal\u00e9e naturelle pour en recueillir le sel si pr\u00e9cieux dans les temps anciens. C&rsquo;est bien sur dans la for\u00eat de Chaux (cf. article pr\u00e9c\u00e9dent) que ce trouve cette saline. Le bois de cette grande for\u00eat a servi \u00e0 alimenter les foyers pour cuire les immenses chaudrons dans lesquels la saumure s&rsquo;\u00e9vaporait. Cet homme, qui a imagin\u00e9 et construit d&rsquo;innombrables b\u00e2timents, n&rsquo;a finalement laiss\u00e9 que peu de traces car beaucoup de ces r\u00e9alisations ont \u00e9t\u00e9 d\u00e9mont\u00e9es ou d\u00e9truites.<br \/>\n<\/span><\/p>\n<p>Par contre, apr\u00e8s la chute de l&rsquo;ancien r\u00e9gime, il a r\u00e9dig\u00e9 un formidable ouvrage avec plein de plans de b\u00e2timents. Et parmi ceux ci deux ont attir\u00e9 particuli\u00e8rement mon attention&#8230;<\/p>\n<p>Tout d&rsquo;abord \u00ab\u00a0l&rsquo;atelier des charbonniers\u00a0\u00bb, une sorte de pyramide ou de chemin\u00e9e immense. La forme du b\u00e2timent rappelle celle de la meule de bois a carboniser. Une belle all\u00e9gorie.<\/p>\n<p><img data-recalc-dims=\"1\" loading=\"lazy\" decoding=\"async\" data-attachment-id=\"2123\" data-permalink=\"https:\/\/www.altimara.eu\/blog\/2016\/11\/28\/claude-nicolas-ledoux-architecte-charbonnier\/_mar1643\/\" data-orig-file=\"https:\/\/i0.wp.com\/www.altimara.eu\/blog\/wp-content\/uploads\/2016\/11\/MAR1643.jpg?fit=1000%2C487&amp;ssl=1\" data-orig-size=\"1000,487\" data-comments-opened=\"1\" data-image-meta=\"{&quot;aperture&quot;:&quot;7.1&quot;,&quot;credit&quot;:&quot;ACQUARONE Martial&quot;,&quot;camera&quot;:&quot;NIKON D800&quot;,&quot;caption&quot;:&quot;&quot;,&quot;created_timestamp&quot;:&quot;1478077207&quot;,&quot;copyright&quot;:&quot;ACQUARONE Martial&quot;,&quot;focal_length&quot;:&quot;62&quot;,&quot;iso&quot;:&quot;800&quot;,&quot;shutter_speed&quot;:&quot;0.004&quot;,&quot;title&quot;:&quot;&quot;,&quot;orientation&quot;:&quot;0&quot;}\" data-image-title=\"_mar1643\" data-image-description=\"\" data-image-caption=\"\" data-large-file=\"https:\/\/i0.wp.com\/www.altimara.eu\/blog\/wp-content\/uploads\/2016\/11\/MAR1643.jpg?fit=627%2C305&amp;ssl=1\" class=\"aligncenter size-full wp-image-2123\" src=\"https:\/\/i0.wp.com\/www.altimara.eu\/blog\/wp-content\/uploads\/2016\/11\/MAR1643.jpg?resize=627%2C305\" alt=\"_mar1643\" height=\"305\" width=\"627\" srcset=\"https:\/\/i0.wp.com\/www.altimara.eu\/blog\/wp-content\/uploads\/2016\/11\/MAR1643.jpg?w=1000&amp;ssl=1 1000w, https:\/\/i0.wp.com\/www.altimara.eu\/blog\/wp-content\/uploads\/2016\/11\/MAR1643.jpg?resize=300%2C146&amp;ssl=1 300w, https:\/\/i0.wp.com\/www.altimara.eu\/blog\/wp-content\/uploads\/2016\/11\/MAR1643.jpg?resize=768%2C374&amp;ssl=1 768w\" sizes=\"auto, (max-width: 627px) 100vw, 627px\" \/><\/p>\n<p><img data-recalc-dims=\"1\" loading=\"lazy\" decoding=\"async\" data-attachment-id=\"2124\" data-permalink=\"https:\/\/www.altimara.eu\/blog\/2016\/11\/28\/claude-nicolas-ledoux-architecte-charbonnier\/img_20161031_163811594_hdr-2\/\" data-orig-file=\"https:\/\/i0.wp.com\/www.altimara.eu\/blog\/wp-content\/uploads\/2016\/11\/IMG_20161031_163811594_HDR-2.jpg?fit=642%2C1000&amp;ssl=1\" data-orig-size=\"642,1000\" data-comments-opened=\"1\" data-image-meta=\"{&quot;aperture&quot;:&quot;2&quot;,&quot;credit&quot;:&quot;&quot;,&quot;camera&quot;:&quot;MotoG3&quot;,&quot;caption&quot;:&quot;&quot;,&quot;created_timestamp&quot;:&quot;1477931891&quot;,&quot;copyright&quot;:&quot;&quot;,&quot;focal_length&quot;:&quot;3.64&quot;,&quot;iso&quot;:&quot;1000&quot;,&quot;shutter_speed&quot;:&quot;0.058823529411765&quot;,&quot;title&quot;:&quot;&quot;,&quot;orientation&quot;:&quot;0&quot;}\" data-image-title=\"img_20161031_163811594_hdr-2\" data-image-description=\"\" data-image-caption=\"\" data-large-file=\"https:\/\/i0.wp.com\/www.altimara.eu\/blog\/wp-content\/uploads\/2016\/11\/IMG_20161031_163811594_HDR-2.jpg?fit=627%2C977&amp;ssl=1\" class=\"aligncenter wp-image-2124\" src=\"https:\/\/i0.wp.com\/www.altimara.eu\/blog\/wp-content\/uploads\/2016\/11\/IMG_20161031_163811594_HDR-2.jpg?resize=550%2C857\" alt=\"img_20161031_163811594_hdr-2\" height=\"857\" width=\"550\" srcset=\"https:\/\/i0.wp.com\/www.altimara.eu\/blog\/wp-content\/uploads\/2016\/11\/IMG_20161031_163811594_HDR-2.jpg?w=642&amp;ssl=1 642w, https:\/\/i0.wp.com\/www.altimara.eu\/blog\/wp-content\/uploads\/2016\/11\/IMG_20161031_163811594_HDR-2.jpg?resize=193%2C300&amp;ssl=1 193w\" sizes=\"auto, (max-width: 550px) 100vw, 550px\" \/><\/p>\n<p>Un b\u00e2timent tout \u00e0 fait extraordinaire, la cabane des charbonniers, qui s&rsquo;est transform\u00e9e avec un grand luxe. D&rsquo;ailleurs il l&rsquo;appelle&nbsp; \u00ab\u00a0logement des charbonniers\u00a0\u00bb. J&rsquo;en r\u00eave!!! passer les colonnes comme un tribun romain&#8230;tout noir de charbon.<\/p>\n<p><img data-recalc-dims=\"1\" loading=\"lazy\" decoding=\"async\" data-attachment-id=\"2125\" data-permalink=\"https:\/\/www.altimara.eu\/blog\/2016\/11\/28\/claude-nicolas-ledoux-architecte-charbonnier\/img_20161031_164124251_hdr-2\/\" data-orig-file=\"https:\/\/i0.wp.com\/www.altimara.eu\/blog\/wp-content\/uploads\/2016\/11\/IMG_20161031_164124251_HDR-2.jpg?fit=1000%2C813&amp;ssl=1\" data-orig-size=\"1000,813\" data-comments-opened=\"1\" data-image-meta=\"{&quot;aperture&quot;:&quot;2&quot;,&quot;credit&quot;:&quot;&quot;,&quot;camera&quot;:&quot;MotoG3&quot;,&quot;caption&quot;:&quot;&quot;,&quot;created_timestamp&quot;:&quot;1477932084&quot;,&quot;copyright&quot;:&quot;&quot;,&quot;focal_length&quot;:&quot;3.64&quot;,&quot;iso&quot;:&quot;500&quot;,&quot;shutter_speed&quot;:&quot;0.028571428571429&quot;,&quot;title&quot;:&quot;&quot;,&quot;orientation&quot;:&quot;0&quot;}\" data-image-title=\"img_20161031_164124251_hdr-2\" data-image-description=\"\" data-image-caption=\"\" data-large-file=\"https:\/\/i0.wp.com\/www.altimara.eu\/blog\/wp-content\/uploads\/2016\/11\/IMG_20161031_164124251_HDR-2.jpg?fit=627%2C510&amp;ssl=1\" class=\"aligncenter size-full wp-image-2125\" src=\"https:\/\/i0.wp.com\/www.altimara.eu\/blog\/wp-content\/uploads\/2016\/11\/IMG_20161031_164124251_HDR-2.jpg?resize=627%2C510\" alt=\"img_20161031_164124251_hdr-2\" height=\"510\" width=\"627\" srcset=\"https:\/\/i0.wp.com\/www.altimara.eu\/blog\/wp-content\/uploads\/2016\/11\/IMG_20161031_164124251_HDR-2.jpg?w=1000&amp;ssl=1 1000w, https:\/\/i0.wp.com\/www.altimara.eu\/blog\/wp-content\/uploads\/2016\/11\/IMG_20161031_164124251_HDR-2.jpg?resize=300%2C244&amp;ssl=1 300w, https:\/\/i0.wp.com\/www.altimara.eu\/blog\/wp-content\/uploads\/2016\/11\/IMG_20161031_164124251_HDR-2.jpg?resize=768%2C624&amp;ssl=1 768w\" sizes=\"auto, (max-width: 627px) 100vw, 627px\" \/><\/p>\n<p><img data-recalc-dims=\"1\" loading=\"lazy\" decoding=\"async\" data-attachment-id=\"2126\" data-permalink=\"https:\/\/www.altimara.eu\/blog\/2016\/11\/28\/claude-nicolas-ledoux-architecte-charbonnier\/img_20161031_164901060_hdr-2\/\" data-orig-file=\"https:\/\/i0.wp.com\/www.altimara.eu\/blog\/wp-content\/uploads\/2016\/11\/IMG_20161031_164901060_HDR-2.jpg?fit=423%2C1000&amp;ssl=1\" data-orig-size=\"423,1000\" data-comments-opened=\"1\" data-image-meta=\"{&quot;aperture&quot;:&quot;2&quot;,&quot;credit&quot;:&quot;&quot;,&quot;camera&quot;:&quot;MotoG3&quot;,&quot;caption&quot;:&quot;&quot;,&quot;created_timestamp&quot;:&quot;1477932541&quot;,&quot;copyright&quot;:&quot;&quot;,&quot;focal_length&quot;:&quot;3.64&quot;,&quot;iso&quot;:&quot;200&quot;,&quot;shutter_speed&quot;:&quot;0.028571428571429&quot;,&quot;title&quot;:&quot;&quot;,&quot;orientation&quot;:&quot;0&quot;}\" data-image-title=\"img_20161031_164901060_hdr-2\" data-image-description=\"\" data-image-caption=\"\" data-large-file=\"https:\/\/i0.wp.com\/www.altimara.eu\/blog\/wp-content\/uploads\/2016\/11\/IMG_20161031_164901060_HDR-2.jpg?fit=423%2C1000&amp;ssl=1\" class=\"aligncenter size-full wp-image-2126\" src=\"https:\/\/i0.wp.com\/www.altimara.eu\/blog\/wp-content\/uploads\/2016\/11\/IMG_20161031_164901060_HDR-2.jpg?resize=423%2C1000\" alt=\"img_20161031_164901060_hdr-2\" height=\"1000\" width=\"423\" srcset=\"https:\/\/i0.wp.com\/www.altimara.eu\/blog\/wp-content\/uploads\/2016\/11\/IMG_20161031_164901060_HDR-2.jpg?w=423&amp;ssl=1 423w, https:\/\/i0.wp.com\/www.altimara.eu\/blog\/wp-content\/uploads\/2016\/11\/IMG_20161031_164901060_HDR-2.jpg?resize=127%2C300&amp;ssl=1 127w\" sizes=\"auto, (max-width: 423px) 100vw, 423px\" \/><\/p>\n<p>&nbsp;<\/p>\n<p>Claude-Nicolas LEDOUX, <a href=\"https:\/\/fr.wikipedia.org\/wiki\/Claude-Nicolas_Ledoux\" target=\"_blank\">l&rsquo;architecte<\/a><\/p>\n<p>Photos des maquettes pr\u00e9sent\u00e9es au mus\u00e9e de la Saline d&rsquo;Arc-et-Senans, \u00e0 voir c&rsquo;est \u00e9tonnant.<\/p>\n<p>&nbsp;<\/p>\n<p>&nbsp;<\/p>\n","protected":false},"excerpt":{"rendered":"<p>\u00c9tonnant architecte que celui des derniers rois de l&rsquo;ancien r\u00e9gime, Claude-Nicolas Ledoux, innovateur et utopiste dans ces projets de construction. La Saline Royale de Chaux (Saline royale d&rsquo;Arc-et-Senans, 1774-1779), est un formidable complexe de traitement de l&rsquo;eau sal\u00e9e naturelle pour en recueillir le sel si pr\u00e9cieux dans les temps anciens. C&rsquo;est bien sur dans la [&hellip;]<\/p>\n","protected":false},"author":3,"featured_media":0,"comment_status":"open","ping_status":"open","sticky":false,"template":"","format":"standard","meta":{"ngg_post_thumbnail":0,"jetpack_post_was_ever_published":false,"_jetpack_newsletter_access":"","_jetpack_dont_email_post_to_subs":true,"_jetpack_newsletter_tier_id":0,"_jetpack_memberships_contains_paywalled_content":false,"_jetpack_memberships_contains_paid_content":false,"footnotes":"","jetpack_publicize_message":"","jetpack_publicize_feature_enabled":true,"jetpack_social_post_already_shared":true,"jetpack_social_options":{"image_generator_settings":{"template":"highway","default_image_id":0,"font":"","enabled":false},"version":2}},"categories":[5,1],"tags":[108,107],"class_list":["post-2121","post","type-post","status-publish","format-standard","hentry","category-autre","category-non-classe","tag-claude-nicolas-ledoux","tag-ledoux"],"jetpack_publicize_connections":[],"jetpack_featured_media_url":"","jetpack_shortlink":"https:\/\/wp.me\/p4r91c-yd","jetpack_sharing_enabled":true,"jetpack-related-posts":[{"id":2081,"url":"https:\/\/www.altimara.eu\/blog\/2016\/11\/14\/les-bons-cousins-2\/","url_meta":{"origin":2121,"position":0},"title":"Les Bons Cousins","author":"Martiou","date":"14 novembre 2016","format":false,"excerpt":"Pourquoi les titres de ces articles sont : \"Les bons cousins\"? La grande for\u00eat de Chaux, dans la partie sud ouest plate du Jura, r\u00e9sonne de cette id\u00e9e que le bois abrite des personnes cach\u00e9es. La for\u00eat a toujours inqui\u00e9t\u00e9 la bonne soci\u00e9t\u00e9. Elle est le lieu o\u00f9 l'on se\u2026","rel":"","context":"Dans &quot;Charbon de bois&quot;","block_context":{"text":"Charbon de bois","link":"https:\/\/www.altimara.eu\/blog\/category\/charbon-de-bois-carbon-art\/"},"img":{"alt_text":"_mar1605","src":"https:\/\/i0.wp.com\/www.altimara.eu\/blog\/wp-content\/uploads\/2016\/11\/MAR1605-300x200.jpg?resize=350%2C200","width":350,"height":200},"classes":[]},{"id":4343,"url":"https:\/\/www.altimara.eu\/blog\/2024\/04\/02\/four-a-chaux-a-lagrasse\/","url_meta":{"origin":2121,"position":1},"title":"Four \u00e0 chaux \u00e0 Lagrasse","author":"Martiou","date":"2 avril 2024","format":false,"excerpt":"Le village de Lagrasse dans l'Aude est connu pour son abbaye et ses moines int\u00e9gristes. La vie est douce au milieu de cette garrigue et le village ne manque pas de charme avec ses ruelles pav\u00e9es et son avenue bord\u00e9e de platane. Si le cot\u00e9 spirituel du lieu me laisse\u2026","rel":"","context":"Dans &quot;Four \u00e0 chaux&quot;","block_context":{"text":"Four \u00e0 chaux","link":"https:\/\/www.altimara.eu\/blog\/category\/four-a-chaux\/"},"img":{"alt_text":"","src":"https:\/\/i0.wp.com\/www.altimara.eu\/blog\/wp-content\/uploads\/2024\/04\/20240330_170912-2.jpg?resize=350%2C200&ssl=1","width":350,"height":200,"srcset":"https:\/\/i0.wp.com\/www.altimara.eu\/blog\/wp-content\/uploads\/2024\/04\/20240330_170912-2.jpg?resize=350%2C200&ssl=1 1x, https:\/\/i0.wp.com\/www.altimara.eu\/blog\/wp-content\/uploads\/2024\/04\/20240330_170912-2.jpg?resize=525%2C300&ssl=1 1.5x, https:\/\/i0.wp.com\/www.altimara.eu\/blog\/wp-content\/uploads\/2024\/04\/20240330_170912-2.jpg?resize=700%2C400&ssl=1 2x, https:\/\/i0.wp.com\/www.altimara.eu\/blog\/wp-content\/uploads\/2024\/04\/20240330_170912-2.jpg?resize=1050%2C600&ssl=1 3x"},"classes":[]},{"id":2065,"url":"https:\/\/www.altimara.eu\/blog\/2016\/10\/22\/patrimoine\/","url_meta":{"origin":2121,"position":2},"title":"Patrimoine vernaculaire","author":"Martiou","date":"22 octobre 2016","format":false,"excerpt":"La section patrimoine du foyer rural Les Quintillades a repris ses activit\u00e9s. Cette ann\u00e9e nous continuons notre recherche et valorisation des fours \u00e0 chaux des garrigues. Ces fours \u00e0 chaux sont tout au long du parcours du Sentier des Charbonni\u00e8res de l'\u00e9cosite de Sainte-Croix-De-Qintillargues. Il y a deux fours anciens\u2026","rel":"","context":"Dans &quot;Autre&quot;","block_context":{"text":"Autre","link":"https:\/\/www.altimara.eu\/blog\/category\/autre\/"},"img":{"alt_text":"sigle noir","src":"https:\/\/i0.wp.com\/www.altimara.eu\/blog\/wp-content\/uploads\/2013\/12\/sigle-noir-150x150.jpg?resize=350%2C200","width":350,"height":200},"classes":[]},{"id":1409,"url":"https:\/\/www.altimara.eu\/blog\/2015\/07\/14\/bois-dislande-13\/","url_meta":{"origin":2121,"position":3},"title":"Charbon de bois d&rsquo;Islande","author":"Martiou","date":"14 juillet 2015","format":false,"excerpt":"Depuis longtemps je cherche du sel noir d\u2019Hawa\u00ef. Ce sel est extrait de l'eau du Pacifique dans l'\u00eele de Moloka\u00ef. Il est ensuite m\u00e9lang\u00e9 \u00e0 du charbon actif qui lui donne sa couleur noire. Recherch\u00e9 pour sa qualit\u00e9 gustative moins agressive que le sel standard des salins on ne le\u2026","rel":"","context":"Dans &quot;3 Charbon de bois Islande&quot;","block_context":{"text":"3 Charbon de bois Islande","link":"https:\/\/www.altimara.eu\/blog\/category\/charbon-de-bois-islande\/"},"img":{"alt_text":"black-lava.jpg-for-web","src":"https:\/\/i0.wp.com\/www.altimara.eu\/blog\/wp-content\/uploads\/2015\/07\/black-lava.jpg-for-web-162x300.jpg?resize=350%2C200","width":350,"height":200},"classes":[]},{"id":1712,"url":"https:\/\/www.altimara.eu\/blog\/2016\/03\/15\/charbonnier-eolien\/","url_meta":{"origin":2121,"position":4},"title":"Charbonnier Eolien","author":"Martiou","date":"15 mars 2016","format":false,"excerpt":"Le village de Leni. En balade dans les \u00eeles \u00c9oliennes, dont la plus connue est Stromboli, une sorte d'immense charbonni\u00e8re de 900 m de haut ( un volcan). L'archipel compte 7 \u00eeles volcaniques. Nous sommes en escale dans la grande et belle \u00eele de Salina. Premi\u00e8re rencontre avec la femme\u2026","rel":"","context":"Dans &quot;Charbon de bois&quot;","block_context":{"text":"Charbon de bois","link":"https:\/\/www.altimara.eu\/blog\/category\/charbon-de-bois-carbon-art\/"},"img":{"alt_text":"IMG_20160315_154826913_HDR","src":"https:\/\/i0.wp.com\/www.altimara.eu\/blog\/wp-content\/uploads\/2016\/03\/IMG_20160315_154826913_HDR-1024x576.jpg?resize=350%2C200","width":350,"height":200,"srcset":"https:\/\/i0.wp.com\/www.altimara.eu\/blog\/wp-content\/uploads\/2016\/03\/IMG_20160315_154826913_HDR-1024x576.jpg?resize=350%2C200 1x, https:\/\/i0.wp.com\/www.altimara.eu\/blog\/wp-content\/uploads\/2016\/03\/IMG_20160315_154826913_HDR-1024x576.jpg?resize=525%2C300 1.5x"},"classes":[]},{"id":1455,"url":"https:\/\/www.altimara.eu\/blog\/2015\/09\/07\/vieux-metiers\/","url_meta":{"origin":2121,"position":5},"title":"Vieux m\u00e9tiers","author":"Martiou","date":"7 septembre 2015","format":false,"excerpt":"Retour en terres occitanes avec ce samedi 12 septembre une journ\u00e9e d'animation pour les 100 ans de la mairie de Lav\u00e9rune, H\u00e9rault. Nous seront toute une \u00e9quipe \u00e0 pr\u00e9senter nos savoir faire avec retour aux ann\u00e9es 1915. Nathalie se parera des couleurs tinctoriales de nos garrigues, Martine osera l'osier, Ren\u00e9\u2026","rel":"","context":"Dans &quot;Charbon de bois&quot;","block_context":{"text":"Charbon de bois","link":"https:\/\/www.altimara.eu\/blog\/category\/charbon-de-bois-carbon-art\/"},"img":{"alt_text":"Mise en page 1","src":"https:\/\/i0.wp.com\/www.altimara.eu\/blog\/wp-content\/uploads\/2015\/09\/centenaire_programmesite.jpg?resize=350%2C200","width":350,"height":200,"srcset":"https:\/\/i0.wp.com\/www.altimara.eu\/blog\/wp-content\/uploads\/2015\/09\/centenaire_programmesite.jpg?resize=350%2C200 1x, https:\/\/i0.wp.com\/www.altimara.eu\/blog\/wp-content\/uploads\/2015\/09\/centenaire_programmesite.jpg?resize=525%2C300 1.5x"},"classes":[]}],"_links":{"self":[{"href":"https:\/\/www.altimara.eu\/blog\/wp-json\/wp\/v2\/posts\/2121","targetHints":{"allow":["GET"]}}],"collection":[{"href":"https:\/\/www.altimara.eu\/blog\/wp-json\/wp\/v2\/posts"}],"about":[{"href":"https:\/\/www.altimara.eu\/blog\/wp-json\/wp\/v2\/types\/post"}],"author":[{"embeddable":true,"href":"https:\/\/www.altimara.eu\/blog\/wp-json\/wp\/v2\/users\/3"}],"replies":[{"embeddable":true,"href":"https:\/\/www.altimara.eu\/blog\/wp-json\/wp\/v2\/comments?post=2121"}],"version-history":[{"count":0,"href":"https:\/\/www.altimara.eu\/blog\/wp-json\/wp\/v2\/posts\/2121\/revisions"}],"wp:attachment":[{"href":"https:\/\/www.altimara.eu\/blog\/wp-json\/wp\/v2\/media?parent=2121"}],"wp:term":[{"taxonomy":"category","embeddable":true,"href":"https:\/\/www.altimara.eu\/blog\/wp-json\/wp\/v2\/categories?post=2121"},{"taxonomy":"post_tag","embeddable":true,"href":"https:\/\/www.altimara.eu\/blog\/wp-json\/wp\/v2\/tags?post=2121"}],"curies":[{"name":"wp","href":"https:\/\/api.w.org\/{rel}","templated":true}]}}