{"id":2065,"date":"2016-10-22T21:48:58","date_gmt":"2016-10-22T20:48:58","guid":{"rendered":"https:\/\/www.altimara.eu\/blog\/?p=2065"},"modified":"2016-10-23T10:33:54","modified_gmt":"2016-10-23T09:33:54","slug":"patrimoine","status":"publish","type":"post","link":"https:\/\/www.altimara.eu\/blog\/2016\/10\/22\/patrimoine\/","title":{"rendered":"Patrimoine vernaculaire"},"content":{"rendered":"<p><img data-recalc-dims=\"1\" loading=\"lazy\" decoding=\"async\" data-attachment-id=\"134\" data-permalink=\"https:\/\/www.altimara.eu\/blog\/2013\/12\/18\/martial-le-charbonnier\/sigle-noir\/\" data-orig-file=\"https:\/\/i0.wp.com\/www.altimara.eu\/blog\/wp-content\/uploads\/2013\/12\/sigle-noir.jpg?fit=312%2C307&amp;ssl=1\" data-orig-size=\"312,307\" data-comments-opened=\"0\" data-image-meta=\"{&quot;aperture&quot;:&quot;0&quot;,&quot;credit&quot;:&quot;&quot;,&quot;camera&quot;:&quot;&quot;,&quot;caption&quot;:&quot;&quot;,&quot;created_timestamp&quot;:&quot;0&quot;,&quot;copyright&quot;:&quot;&quot;,&quot;focal_length&quot;:&quot;0&quot;,&quot;iso&quot;:&quot;0&quot;,&quot;shutter_speed&quot;:&quot;0&quot;,&quot;title&quot;:&quot;&quot;}\" data-image-title=\"sigle noir\" data-image-description=\"\" data-image-caption=\"\" data-large-file=\"https:\/\/i0.wp.com\/www.altimara.eu\/blog\/wp-content\/uploads\/2013\/12\/sigle-noir.jpg?fit=312%2C307&amp;ssl=1\" class=\"alignleft wp-image-134\" src=\"https:\/\/i0.wp.com\/www.altimara.eu\/blog\/wp-content\/uploads\/2013\/12\/sigle-noir-150x150.jpg?resize=100%2C98\" alt=\"sigle noir\" width=\"100\" height=\"98\" srcset=\"https:\/\/i0.wp.com\/www.altimara.eu\/blog\/wp-content\/uploads\/2013\/12\/sigle-noir.jpg?resize=300%2C295&amp;ssl=1 300w, https:\/\/i0.wp.com\/www.altimara.eu\/blog\/wp-content\/uploads\/2013\/12\/sigle-noir.jpg?w=312&amp;ssl=1 312w\" sizes=\"auto, (max-width: 100px) 100vw, 100px\" \/>La section patrimoine du foyer rural Les Quintillades a repris ses activit\u00e9s. Cette ann\u00e9e nous continuons notre recherche et valorisation des fours \u00e0 chaux des garrigues. Ces fours \u00e0 chaux sont tout au long du parcours du Sentier des Charbonni\u00e8res de l&rsquo;\u00e9cosite de Sainte-Croix-De-Qintillargues. Il y a deux fours anciens qui sont pr\u00e9sent\u00e9s, un four un peu \u00e0 l&rsquo;ext\u00e9rieur du chemin et un four que nous construisons. L&rsquo;objet de cette construction est de pratiquer une cuisson exp\u00e9rimentale pour retrouver les gestes des anciens. Ce sont des fours ramiers, c&rsquo;est \u00e0 dire que l&rsquo;on utilisait de la ramille (fagot de branches) pour avoir les 900\u00b0 degr\u00e9s n\u00e9cessaires. La calcination du calcaire ne se produit qu&rsquo;\u00e0 partir de cette temp\u00e9rature qu&rsquo;il faut garder jour et nuit, sans arr\u00eat. Un dur labeur avec une approche difficile de la gueule du foyer, \u00e0 cause de la t\u00b0, et la quantit\u00e9 astronomique de fagots qu&rsquo;il faut pour aller jusqu&rsquo;au bout. Ce type de four n&rsquo;a plus \u00e9t\u00e9 utilis\u00e9 depuis la moiti\u00e9 du 19\u00e8me si\u00e8cle car ils ont \u00e9t\u00e9 remplac\u00e9 par des four b\u00e2tis beaucoup plus productifs. Nos anciens avaient des gestes qui se sont perdus malgr\u00e9 les nombreuses publications qui parlent technique de la pierre mais pas des hommes, les chaufourniers.<\/p>\n<p><img data-recalc-dims=\"1\" loading=\"lazy\" decoding=\"async\" data-attachment-id=\"2072\" data-permalink=\"https:\/\/www.altimara.eu\/blog\/2016\/10\/22\/patrimoine\/img_20161022_162927654_hdr-2\/\" data-orig-file=\"https:\/\/i0.wp.com\/www.altimara.eu\/blog\/wp-content\/uploads\/2016\/10\/IMG_20161022_162927654_HDR-2.jpg?fit=1000%2C563&amp;ssl=1\" data-orig-size=\"1000,563\" data-comments-opened=\"1\" data-image-meta=\"{&quot;aperture&quot;:&quot;2&quot;,&quot;credit&quot;:&quot;&quot;,&quot;camera&quot;:&quot;MotoG3&quot;,&quot;caption&quot;:&quot;&quot;,&quot;created_timestamp&quot;:&quot;1477153768&quot;,&quot;copyright&quot;:&quot;&quot;,&quot;focal_length&quot;:&quot;3.64&quot;,&quot;iso&quot;:&quot;80&quot;,&quot;shutter_speed&quot;:&quot;0.02&quot;,&quot;title&quot;:&quot;&quot;,&quot;orientation&quot;:&quot;0&quot;}\" data-image-title=\"img_20161022_162927654_hdr-2\" data-image-description=\"\" data-image-caption=\"\" data-large-file=\"https:\/\/i0.wp.com\/www.altimara.eu\/blog\/wp-content\/uploads\/2016\/10\/IMG_20161022_162927654_HDR-2.jpg?fit=627%2C353&amp;ssl=1\" class=\"aligncenter size-medium wp-image-2072\" src=\"https:\/\/i0.wp.com\/www.altimara.eu\/blog\/wp-content\/uploads\/2016\/10\/IMG_20161022_162927654_HDR-2-300x169.jpg?resize=300%2C169\" alt=\"img_20161022_162927654_hdr-2\" width=\"300\" height=\"169\" srcset=\"https:\/\/i0.wp.com\/www.altimara.eu\/blog\/wp-content\/uploads\/2016\/10\/IMG_20161022_162927654_HDR-2.jpg?resize=300%2C169&amp;ssl=1 300w, https:\/\/i0.wp.com\/www.altimara.eu\/blog\/wp-content\/uploads\/2016\/10\/IMG_20161022_162927654_HDR-2.jpg?resize=768%2C432&amp;ssl=1 768w, https:\/\/i0.wp.com\/www.altimara.eu\/blog\/wp-content\/uploads\/2016\/10\/IMG_20161022_162927654_HDR-2.jpg?w=1000&amp;ssl=1 1000w\" sizes=\"auto, (max-width: 300px) 100vw, 300px\" \/><\/p>\n<p>Nous avons donc \u0153uvr\u00e9 \u00e0 la remise en \u00e9tat du chemin des charbonniers. Celui ci parcourt la colline o\u00f9 se situ l&rsquo;\u00e9cosite et en fait quasiment le tour avec de multiples branches. Souvent appareill\u00e9 avec de beaux murs de sout\u00e8nements, ils sont les vestiges les moins per\u00e7us comme tel car on les suit sans se rendre compte du travail accompli \u00e0 l&rsquo;\u00e9poque.<\/p>\n<p>Aujourd&rsquo;hui certains de ces chemins servent de parcours pour la randonn\u00e9e du sentier des charbonni\u00e8re. Depuis que nous les avons re-ouvert, l&rsquo;\u00e9rosion a fait son travail de sape, souvent bien aid\u00e9 par les sangliers.<\/p>\n<p>Ces chemins ont vu pass\u00e9 des mulets, des charrettes et des gros 4&#215;4 genre Dodge recycl\u00e9s de l&rsquo;arm\u00e9e, pour le transport des sacs de charbon. Les Dodges eux ont servi \u00e0 la fin de l&rsquo;activit\u00e9 pour descendre le bois coup\u00e9 par les bouscatiers, au village o\u00f9 les charbonni\u00e8res \u00e9taient cuites.<\/p>\n<p><img data-recalc-dims=\"1\" loading=\"lazy\" decoding=\"async\" data-attachment-id=\"2066\" data-permalink=\"https:\/\/www.altimara.eu\/blog\/2016\/10\/22\/patrimoine\/img_20161022_160814753_hdr-2\/\" data-orig-file=\"https:\/\/i0.wp.com\/www.altimara.eu\/blog\/wp-content\/uploads\/2016\/10\/IMG_20161022_160814753_HDR-2.jpg?fit=563%2C1000&amp;ssl=1\" data-orig-size=\"563,1000\" data-comments-opened=\"1\" data-image-meta=\"{&quot;aperture&quot;:&quot;2&quot;,&quot;credit&quot;:&quot;&quot;,&quot;camera&quot;:&quot;MotoG3&quot;,&quot;caption&quot;:&quot;&quot;,&quot;created_timestamp&quot;:&quot;1477152495&quot;,&quot;copyright&quot;:&quot;&quot;,&quot;focal_length&quot;:&quot;3.64&quot;,&quot;iso&quot;:&quot;64&quot;,&quot;shutter_speed&quot;:&quot;0.01&quot;,&quot;title&quot;:&quot;&quot;,&quot;orientation&quot;:&quot;0&quot;}\" data-image-title=\"img_20161022_160814753_hdr-2\" data-image-description=\"\" data-image-caption=\"\" data-large-file=\"https:\/\/i0.wp.com\/www.altimara.eu\/blog\/wp-content\/uploads\/2016\/10\/IMG_20161022_160814753_HDR-2.jpg?fit=563%2C1000&amp;ssl=1\" class=\"aligncenter size-full wp-image-2066\" src=\"https:\/\/i0.wp.com\/www.altimara.eu\/blog\/wp-content\/uploads\/2016\/10\/IMG_20161022_160814753_HDR-2.jpg?resize=563%2C1000\" alt=\"img_20161022_160814753_hdr-2\" width=\"563\" height=\"1000\" srcset=\"https:\/\/i0.wp.com\/www.altimara.eu\/blog\/wp-content\/uploads\/2016\/10\/IMG_20161022_160814753_HDR-2.jpg?w=563&amp;ssl=1 563w, https:\/\/i0.wp.com\/www.altimara.eu\/blog\/wp-content\/uploads\/2016\/10\/IMG_20161022_160814753_HDR-2.jpg?resize=169%2C300&amp;ssl=1 169w\" sizes=\"auto, (max-width: 563px) 100vw, 563px\" \/><\/p>\n<p>Photos extraites de l&rsquo;excellent livre de Danielle Musset: \u00ab\u00a0<em>De m\u00e9moire de charbonniers<\/em>\u00ab\u00a0, Alpes de Lumi\u00e8re.<\/p>\n<p><img data-recalc-dims=\"1\" loading=\"lazy\" decoding=\"async\" data-attachment-id=\"2067\" data-permalink=\"https:\/\/www.altimara.eu\/blog\/2016\/10\/22\/patrimoine\/p1\/\" data-orig-file=\"https:\/\/i0.wp.com\/www.altimara.eu\/blog\/wp-content\/uploads\/2016\/10\/p1.jpg?fit=1000%2C361&amp;ssl=1\" data-orig-size=\"1000,361\" data-comments-opened=\"1\" data-image-meta=\"{&quot;aperture&quot;:&quot;0&quot;,&quot;credit&quot;:&quot;&quot;,&quot;camera&quot;:&quot;&quot;,&quot;caption&quot;:&quot;&quot;,&quot;created_timestamp&quot;:&quot;0&quot;,&quot;copyright&quot;:&quot;&quot;,&quot;focal_length&quot;:&quot;0&quot;,&quot;iso&quot;:&quot;0&quot;,&quot;shutter_speed&quot;:&quot;0&quot;,&quot;title&quot;:&quot;&quot;,&quot;orientation&quot;:&quot;0&quot;}\" data-image-title=\"p1\" data-image-description=\"\" data-image-caption=\"\" data-large-file=\"https:\/\/i0.wp.com\/www.altimara.eu\/blog\/wp-content\/uploads\/2016\/10\/p1.jpg?fit=627%2C226&amp;ssl=1\" class=\"aligncenter size-full wp-image-2067\" src=\"https:\/\/i0.wp.com\/www.altimara.eu\/blog\/wp-content\/uploads\/2016\/10\/p1.jpg?resize=627%2C226\" alt=\"p1\" width=\"627\" height=\"226\" srcset=\"https:\/\/i0.wp.com\/www.altimara.eu\/blog\/wp-content\/uploads\/2016\/10\/p1.jpg?w=1000&amp;ssl=1 1000w, https:\/\/i0.wp.com\/www.altimara.eu\/blog\/wp-content\/uploads\/2016\/10\/p1.jpg?resize=300%2C108&amp;ssl=1 300w, https:\/\/i0.wp.com\/www.altimara.eu\/blog\/wp-content\/uploads\/2016\/10\/p1.jpg?resize=768%2C277&amp;ssl=1 768w\" sizes=\"auto, (max-width: 627px) 100vw, 627px\" \/><\/p>\n","protected":false},"excerpt":{"rendered":"<p>La section patrimoine du foyer rural Les Quintillades a repris ses activit\u00e9s. Cette ann\u00e9e nous continuons notre recherche et valorisation des fours \u00e0 chaux des garrigues. Ces fours \u00e0 chaux sont tout au long du parcours du Sentier des Charbonni\u00e8res de l&rsquo;\u00e9cosite de Sainte-Croix-De-Qintillargues. Il y a deux fours anciens qui sont pr\u00e9sent\u00e9s, un four [&hellip;]<\/p>\n","protected":false},"author":3,"featured_media":0,"comment_status":"open","ping_status":"open","sticky":false,"template":"","format":"standard","meta":{"ngg_post_thumbnail":0,"jetpack_post_was_ever_published":false,"_jetpack_newsletter_access":"","_jetpack_dont_email_post_to_subs":true,"_jetpack_newsletter_tier_id":0,"_jetpack_memberships_contains_paywalled_content":false,"_jetpack_memberships_contains_paid_content":false,"footnotes":"","jetpack_publicize_message":"","jetpack_publicize_feature_enabled":true,"jetpack_social_post_already_shared":true,"jetpack_social_options":{"image_generator_settings":{"template":"highway","default_image_id":0,"font":"","enabled":false},"version":2}},"categories":[5],"tags":[102],"class_list":["post-2065","post","type-post","status-publish","format-standard","hentry","category-autre","tag-four-a-chaux"],"jetpack_publicize_connections":[],"jetpack_featured_media_url":"","jetpack_shortlink":"https:\/\/wp.me\/p4r91c-xj","jetpack_sharing_enabled":true,"jetpack-related-posts":[{"id":1707,"url":"https:\/\/www.altimara.eu\/blog\/2016\/03\/02\/four-a-chaux\/","url_meta":{"origin":2065,"position":0},"title":"Four \u00e0 chaux","author":"Martiou","date":"2 mars 2016","format":false,"excerpt":"En garrigues, nous trouvons aussi d'autres utilisations du bois pour chauffer. Les fours sont nombreux et diff\u00e9rents en fonction des usages. Fours \u00e0 poix, \u00e0 cades, \u00e0 tuiles et dans nos pays calcaires de nombreux fours \u00e0 chaux. La roche calcaire est compos\u00e9e de carbonate de calcium et d'acide carbonique.\u2026","rel":"","context":"Dans &quot;Autre&quot;","block_context":{"text":"Autre","link":"https:\/\/www.altimara.eu\/blog\/category\/autre\/"},"img":{"alt_text":"titre-noir","src":"https:\/\/i0.wp.com\/www.altimara.eu\/blog\/wp-content\/uploads\/2014\/02\/titre-noir2.jpg?resize=350%2C200","width":350,"height":200},"classes":[]},{"id":2134,"url":"https:\/\/www.altimara.eu\/blog\/2016\/12\/12\/four-a-chaux-2\/","url_meta":{"origin":2065,"position":1},"title":"Four \u00e0 chaux","author":"Martiou","date":"12 d\u00e9cembre 2016","format":false,"excerpt":"Animation avec le groupe de la section patrimoine du foyer rural Les Quintillades. Dans la continuit\u00e9 de notre exp\u00e9rience de vouloir faire une cuisson de calcaire dans un four \u00e0 chaux ramier, nous avons organis\u00e9 une journ\u00e9e de rencontre avec d'autres passionn\u00e9s, des membres du Collectif des Garrigues. Apr\u00e8s la\u2026","rel":"","context":"Dans &quot;Autre&quot;","block_context":{"text":"Autre","link":"https:\/\/www.altimara.eu\/blog\/category\/autre\/"},"img":{"alt_text":"titre-noir","src":"https:\/\/i0.wp.com\/www.altimara.eu\/blog\/wp-content\/uploads\/2014\/02\/titre-noir2.jpg?resize=350%2C200","width":350,"height":200},"classes":[]},{"id":2545,"url":"https:\/\/www.altimara.eu\/blog\/2017\/12\/04\/un-four-a-chaux\/","url_meta":{"origin":2065,"position":2},"title":"Un four \u00e0 chaux","author":"Martiou","date":"4 d\u00e9cembre 2017","format":false,"excerpt":"Parmi les activit\u00e9s dont il reste beaucoup vestiges en garrigue il y a celle des chaufourniers. La production de chaux pour la construction mais aussi l'agriculture a n\u00e9cessit\u00e9 le montage de fours en pierres s\u00e8ches pendant plus d'un mill\u00e9naire. Ces fours partiellement d\u00e9truits sont reconnaissables par leurs formes en \"fer\u2026","rel":"","context":"Dans &quot;Four \u00e0 chaux&quot;","block_context":{"text":"Four \u00e0 chaux","link":"https:\/\/www.altimara.eu\/blog\/category\/four-a-chaux\/"},"img":{"alt_text":"","src":"https:\/\/i0.wp.com\/www.altimara.eu\/blog\/wp-content\/uploads\/2017\/12\/MAR4176.jpg?resize=350%2C200&ssl=1","width":350,"height":200,"srcset":"https:\/\/i0.wp.com\/www.altimara.eu\/blog\/wp-content\/uploads\/2017\/12\/MAR4176.jpg?resize=350%2C200&ssl=1 1x, https:\/\/i0.wp.com\/www.altimara.eu\/blog\/wp-content\/uploads\/2017\/12\/MAR4176.jpg?resize=525%2C300&ssl=1 1.5x, https:\/\/i0.wp.com\/www.altimara.eu\/blog\/wp-content\/uploads\/2017\/12\/MAR4176.jpg?resize=700%2C400&ssl=1 2x"},"classes":[]},{"id":4343,"url":"https:\/\/www.altimara.eu\/blog\/2024\/04\/02\/four-a-chaux-a-lagrasse\/","url_meta":{"origin":2065,"position":3},"title":"Four \u00e0 chaux \u00e0 Lagrasse","author":"Martiou","date":"2 avril 2024","format":false,"excerpt":"Le village de Lagrasse dans l'Aude est connu pour son abbaye et ses moines int\u00e9gristes. La vie est douce au milieu de cette garrigue et le village ne manque pas de charme avec ses ruelles pav\u00e9es et son avenue bord\u00e9e de platane. Si le cot\u00e9 spirituel du lieu me laisse\u2026","rel":"","context":"Dans &quot;Four \u00e0 chaux&quot;","block_context":{"text":"Four \u00e0 chaux","link":"https:\/\/www.altimara.eu\/blog\/category\/four-a-chaux\/"},"img":{"alt_text":"","src":"https:\/\/i0.wp.com\/www.altimara.eu\/blog\/wp-content\/uploads\/2024\/04\/20240330_170912-2.jpg?resize=350%2C200&ssl=1","width":350,"height":200,"srcset":"https:\/\/i0.wp.com\/www.altimara.eu\/blog\/wp-content\/uploads\/2024\/04\/20240330_170912-2.jpg?resize=350%2C200&ssl=1 1x, https:\/\/i0.wp.com\/www.altimara.eu\/blog\/wp-content\/uploads\/2024\/04\/20240330_170912-2.jpg?resize=525%2C300&ssl=1 1.5x, https:\/\/i0.wp.com\/www.altimara.eu\/blog\/wp-content\/uploads\/2024\/04\/20240330_170912-2.jpg?resize=700%2C400&ssl=1 2x, https:\/\/i0.wp.com\/www.altimara.eu\/blog\/wp-content\/uploads\/2024\/04\/20240330_170912-2.jpg?resize=1050%2C600&ssl=1 3x"},"classes":[]},{"id":2605,"url":"https:\/\/www.altimara.eu\/blog\/2018\/01\/14\/voyons-voir-chez-les-grecs\/","url_meta":{"origin":2065,"position":4},"title":"Voyons voir chez les Grecs","author":"Martiou","date":"14 janvier 2018","format":false,"excerpt":"Nous sommes all\u00e9s voir l'exposition \"Rituel grecs\" au mus\u00e9e St Raymond de Toulouse. Bien sur le charbon de bois est pr\u00e9sent. Un Thymiaterion Apulien du IVe Si\u00e8cle avant notre \u00e8re, c'est \u00e0 dire un br\u00fble-encens. Dans divers rituels cet objet \u00e9tait utilis\u00e9 pour br\u00fbler des r\u00e9sines. Dans la coupelle du\u2026","rel":"","context":"Dans &quot;\u00e9v\u00e9nementiel&quot;","block_context":{"text":"\u00e9v\u00e9nementiel","link":"https:\/\/www.altimara.eu\/blog\/category\/evenementiel\/"},"img":{"alt_text":"","src":"https:\/\/i0.wp.com\/www.altimara.eu\/blog\/wp-content\/uploads\/2018\/01\/Capture-d%E2%80%99e%CC%81cran-2018-01-14-a%CC%80-21.03.44-300x152.jpg?resize=350%2C200","width":350,"height":200},"classes":[]},{"id":2637,"url":"https:\/\/www.altimara.eu\/blog\/2018\/02\/14\/guide-pierres-seches\/","url_meta":{"origin":2065,"position":5},"title":"Guide pierres s\u00e8ches","author":"Martiou","date":"14 f\u00e9vrier 2018","format":false,"excerpt":"Heureux donateurs voil\u00e0 l'occasion de se procurer un tr\u00e8s beau guide pr\u00e9sentant un des patrimoines importants de nos garrigues. A Montpellier nous parlons de clapas, \u00e0 N\u00eemes sont connues les capitelles, un peu partout il y a les cabanes de berger, des restanques, des fa\u00efsses ou bancels. Tous ces termes\u2026","rel":"","context":"Dans &quot;\u00e9v\u00e9nementiel&quot;","block_context":{"text":"\u00e9v\u00e9nementiel","link":"https:\/\/www.altimara.eu\/blog\/category\/evenementiel\/"},"img":{"alt_text":"","src":"https:\/\/i0.wp.com\/www.altimara.eu\/blog\/wp-content\/uploads\/2018\/02\/Capture-d%E2%80%99e%CC%81cran-2018-02-14-a%CC%80-11.47.31.jpg?resize=350%2C200","width":350,"height":200,"srcset":"https:\/\/i0.wp.com\/www.altimara.eu\/blog\/wp-content\/uploads\/2018\/02\/Capture-d%E2%80%99e%CC%81cran-2018-02-14-a%CC%80-11.47.31.jpg?resize=350%2C200 1x, https:\/\/i0.wp.com\/www.altimara.eu\/blog\/wp-content\/uploads\/2018\/02\/Capture-d%E2%80%99e%CC%81cran-2018-02-14-a%CC%80-11.47.31.jpg?resize=525%2C300 1.5x"},"classes":[]}],"_links":{"self":[{"href":"https:\/\/www.altimara.eu\/blog\/wp-json\/wp\/v2\/posts\/2065","targetHints":{"allow":["GET"]}}],"collection":[{"href":"https:\/\/www.altimara.eu\/blog\/wp-json\/wp\/v2\/posts"}],"about":[{"href":"https:\/\/www.altimara.eu\/blog\/wp-json\/wp\/v2\/types\/post"}],"author":[{"embeddable":true,"href":"https:\/\/www.altimara.eu\/blog\/wp-json\/wp\/v2\/users\/3"}],"replies":[{"embeddable":true,"href":"https:\/\/www.altimara.eu\/blog\/wp-json\/wp\/v2\/comments?post=2065"}],"version-history":[{"count":0,"href":"https:\/\/www.altimara.eu\/blog\/wp-json\/wp\/v2\/posts\/2065\/revisions"}],"wp:attachment":[{"href":"https:\/\/www.altimara.eu\/blog\/wp-json\/wp\/v2\/media?parent=2065"}],"wp:term":[{"taxonomy":"category","embeddable":true,"href":"https:\/\/www.altimara.eu\/blog\/wp-json\/wp\/v2\/categories?post=2065"},{"taxonomy":"post_tag","embeddable":true,"href":"https:\/\/www.altimara.eu\/blog\/wp-json\/wp\/v2\/tags?post=2065"}],"curies":[{"name":"wp","href":"https:\/\/api.w.org\/{rel}","templated":true}]}}